{"id":163736,"date":"2018-06-13T13:51:28","date_gmt":"2018-06-13T16:51:28","guid":{"rendered":"http:\/\/franciscanos.org.br\/?p=163736"},"modified":"2019-08-19T11:31:17","modified_gmt":"2019-08-19T14:31:17","slug":"o-dia-de-santo-antonio-no-santuario-sao-francisco","status":"publish","type":"post","link":"https:\/\/franciscanos.org.br\/noticias\/o-dia-de-santo-antonio-no-santuario-sao-francisco.html","title":{"rendered":"O dia de Santo Ant\u00f4nio no Santu\u00e1rio S\u00e3o Francisco"},"content":{"rendered":"<p><img loading=\"lazy\" src=\"http:\/\/franciscanos.org.br\/wp-content\/uploads\/2018\/06\/trezena_sp_130618.jpg\" alt=\"trezena_sp_130618\" width=\"830\" height=\"500\" \/><\/p>\n<p><strong>Frei Augusto Luiz Gabriel<\/strong><\/p>\n<p><strong>S\u00e3o Paulo (SP) \u2013<\/strong> Hoje, 13 de junho, \u00e9 o dia de Santo Ant\u00f4nio de P\u00e1dua, de Lisboa e do mundo inteiro. Muitas Igrejas est\u00e3o em festa, celebrando o Santo mais popular do mundo. Missas, fogueiras, b\u00ean\u00e7\u00e3os, mastros, quadrilhas, comidas t\u00edpicas, tudo \u00e9 motivo para festejar o\u00a0 santo que ocupa um lugar mais que especial na f\u00e9 do povo de Deus. No Convento e Santu\u00e1rio S\u00e3o Francisco, no centro de S\u00e3o Paulo (SP), n\u00e3o foi diferente. Ainda n\u00e3o era dia e devotos e fi\u00e9is do santo franciscano j\u00e1 batiam \u00e0 porta da Igreja, que \u00e9 hist\u00f3rica e centen\u00e1ria. As missas come\u00e7aram bem cedo, \u00e0s 6h30.<\/p>\n<p>Embalados pela conhecida e tradicional ladainha de Santo Ant\u00f4nio, nos arredores do Convento e Santu\u00e1rio, uma s\u00f3 voz ressoou: \u201cSanto Ant\u00f4nio, rogai por n\u00f3s, intercedei a Deus por n\u00f3s\u201d. Frei Gustavo Medella, Definidor Provincial, presidiu a Celebra\u00e7\u00e3o Eucar\u00edstica das 9 horas, marcando tamb\u00e9m o 13\u00ba dia e o encerramento da Trezena, contando com uma igreja lotada.<\/p>\n<p>No ato penitencial, o frade recorreu ao Deus da vida e da miseric\u00f3rdia, rogando que abra o cora\u00e7\u00e3o das pessoas e que estejam sempre dispon\u00edveis a crescer nas virtudes t\u00e3o admir\u00e1veis de Santo Ant\u00f4nio.<\/p>\n<p><img loading=\"lazy\" src=\"http:\/\/franciscanos.org.br\/wp-content\/uploads\/2018\/06\/trezena_sp_130618_1.jpg\" alt=\"trezena_sp_130618_1\" width=\"830\" height=\"500\" \/><\/p>\n<p>Frei Gustavo iniciou sua homilia fazendo uma recorda\u00e7\u00e3o da vida de Santo Ant\u00f4nio. Santo Ant\u00f4nio nasceu em Lisboa e recebeu de seus pais o nome de Fernando. Sua primeira experi\u00eancia como religioso foi com os C\u00f4negos agostinianos, por isso ele se chamava Dom Fernando, e ainda muito jovem se transferiu para o mosteiro em Coimbra, Portugal. L\u00e1 ele conheceu alguns franciscanos que partiam em Miss\u00e3o para Marrocos na \u00c1frica, a fim de pregar o Evangelho de Jesus Cristo. Depois ele teve contato e soube que aqueles franciscanos tinham sido martirizados, por conta de seus testemunhos. Ao se deparar com aquela experi\u00eancia, Ant\u00f4nio sentiu em seu cora\u00e7\u00e3o um grande desejo de servir com maior radicalidade ao Senhor e ao seu Evangelho, e assim decidiu e resolveu tornar-se franciscano, recebendo o nome de Frei Ant\u00f4nio.<\/p>\n<p>Segundo Frei Medella, como um bom franciscano, Ant\u00f4nio aprendeu desde cedo a seguir Jesus Cristo ao modo de Francisco e abra\u00e7ou a virtude da humildade (humildade vem de<em> h\u00famus<\/em>, e quer dizer terra f\u00e9rtil, onde o fruto tem chance de nascer). \u201cHumildade tem aquele que n\u00e3o perde as suas ra\u00edzes e n\u00e3o esquece suas origens e sabe que pela gra\u00e7a de Deus \u00e9 cheio de virtudes, as quais precisam sempre ser confrontadas com os v\u00edcios e as insufici\u00eancias que todos n\u00f3s trazemos dentro do cora\u00e7\u00e3o\u201d, frisou.<\/p>\n<p>Fazendo refer\u00eancia ao serm\u00e3o de Santo Ant\u00f4nio, sobre o epis\u00f3dio das tenta\u00e7\u00f5es de Cristo, Frei Gustavo citou Ant\u00f4nio dizendo: \u201cJesus Cristo foi tentado \u00e0 gula no deserto, foi tentado a vangloriar-se no templo e foi tentado \u00e0 avareza no alto do monte\u201d.<\/p>\n<p><img loading=\"lazy\" src=\"http:\/\/franciscanos.org.br\/wp-content\/uploads\/2018\/06\/trezena_sp_130618_3.jpg\" alt=\"trezena_sp_130618_3\" width=\"830\" height=\"500\" \/><\/p>\n<p>Segundo ele, estas s\u00e3o as tr\u00eas provoca\u00e7\u00f5es que o diabo faz a Cristo. \u201cAssim como tentou Jesus, na gula, na vangl\u00f3ria e na avareza, tamb\u00e9m continua a nos tentar. Nos tenta a gula quando queremos praticar o jejum. E jejum, meus irm\u00e3os e minhas irm\u00e3s, n\u00e3o diz respeito apenas \u00e0 abstin\u00eancia de alimentos, ou alimentar-se da medida certa, mas sim a outras necessidades e escolhas que fazemos ao organizar nossa vida. Hoje em dia, em tempos de tecnologia, internet e celular, e de muitas distra\u00e7\u00f5es, um jejum fundamental sobre o qual precisamos estar atentos \u00e9 em rela\u00e7\u00e3o ao nosso tempo. Como temos administrado o nosso precioso tempo?\u201d, refletiu o frade dizendo que com facilidade, com muita frequ\u00eancia, pode-se cair em distra\u00e7\u00f5es f\u00fateis.<\/p>\n<p>Sobre a tenta\u00e7\u00e3o a vangl\u00f3ria, o frade destacou, com base nos ensinamentos de Santo Ant\u00f4nio, que muitas pessoas por se sentirem pr\u00f3ximas de Deus, cumpridoras e observantes das leis, acabam \u2018se achando\u2019 superiores aos outros, portando-se como autossuficientes na f\u00e9.<\/p>\n<p>\u201cE, diz ainda que o diabo tentou Jesus a avareza no alto do monte. Diz Santo Ant\u00f4nio: \u2018ele nos tenta no alto de nossos cargos e fun\u00e7\u00f5es\u2019. Seja na igreja, na fam\u00edlia ou no ambiente profissional, como crist\u00e3os, cada cargo ou fun\u00e7\u00e3o deve ser uma oportunidade de colocar-se a servi\u00e7o dos outros, dos irm\u00e3os\u201d, ressaltou Frei Gustavo<\/p>\n<p>Que pena que os homens p\u00fablicos n\u00e3o se d\u00e3o conta desta verdade, e com muita frequ\u00eancia se entregam \u00e0 tenta\u00e7\u00e3o da avareza. \u201cMas n\u00e3o olhemos apenas para eles, olhemos tamb\u00e9m para n\u00f3s, que na simplicidade do dia a dia podemos sucumbir \u00e0 avareza. Tamb\u00e9m na Igreja cada cargo e minist\u00e9rio deve ser um servi\u00e7o. Gra\u00e7as a Deus, aquele que ocupa o cargo m\u00e1ximo da Igreja nos mostra isso com muita clareza. Quanto mais subiu, mais se colocou a servi\u00e7o, como servo e disc\u00edpulo de Jesus. Esse \u00e9 o nosso Papa Francisco. O maior privil\u00e9gio que um crist\u00e3o pode ter \u00e9 o de se colocar a servi\u00e7o. Isso \u00e9 o que Ant\u00f4nio, Francisco e Jesus nos ensina\u201d, finalizou.<\/p>\n<p><img loading=\"lazy\" src=\"http:\/\/franciscanos.org.br\/wp-content\/uploads\/2018\/06\/trezena_sp_130618_2.jpg\" alt=\"trezena_sp_130618_2\" width=\"830\" height=\"500\" \/><\/p>\n<p>M\u00f4nica Dutra Milani \u00e9 devota de Santo Ant\u00f4nio a longa data e partilhou seu testemunho: \u201cEu estava rezando a Trezena e pedindo discernimento da minha voca\u00e7\u00e3o, isso em 2006. Fui a uma capela de Santo Ant\u00f4nio, no dia 13 de junho, para falar sobre a vida dele. Falei que ele era pregador, ajudava os pobres e que a fama de casamenteiro havia surgido por causa do milagre do dote para uma devota. Na sa\u00edda, um rapaz se apresentou e me parabenizou por ser uma jovem cat\u00f3lica praticante, falando na Igreja. Pouco tempo depois, come\u00e7amos a namorar. Somos casados h\u00e1 10 anos e temos 3 filhos. Todos somos devotos de Santo Ant\u00f4nio. Paz e Bem\u201d, disse ela.<\/p>\n<p>As atividades deste dia 13 de junho continuam com b\u00ean\u00e7\u00e3os dos freis durante todo o dia, comidas t\u00edpicas, bolo e p\u00e3o de Santo Ant\u00f4nio,\u00a0<em>Stand\u00a0<\/em>vocacional, artesanatos e muito mais. \u00c0s 15 horas, Dom Eduardo Vieira dos Santos, Bispo Auxiliar e Vig\u00e1rio Episcopal da Regi\u00e3o S\u00e9 de S\u00e3o Paulo, presidir\u00e1 a solene Celebra\u00e7\u00e3o Eucar\u00edstica. Al\u00e9m da celebra\u00e7\u00e3o das 15 horas, tamb\u00e9m ter\u00e1 missa \u00e0s 13h30, 16h30 e 18h.<\/p>\n","protected":false},"excerpt":{"rendered":"<p>Convento S\u00e3o Francisco<\/p>\n","protected":false},"author":5,"featured_media":199981,"comment_status":"open","ping_status":"open","sticky":false,"template":"","format":"standard","meta":[],"categories":[1],"tags":[312,585,389],"acf":[],"yoast_head":"<!-- This site is optimized with the Yoast SEO plugin v19.2 - https:\/\/yoast.com\/wordpress\/plugins\/seo\/ -->\n<title>O dia de Santo Ant\u00f4nio no Santu\u00e1rio S\u00e3o Francisco - Not\u00edcias - Franciscanos<\/title>\n<meta name=\"robots\" content=\"index, follow, max-snippet:-1, max-image-preview:large, max-video-preview:-1\" \/>\n<link rel=\"canonical\" href=\"https:\/\/franciscanos.org.br\/noticias\/o-dia-de-santo-antonio-no-santuario-sao-francisco.html\" \/>\n<meta property=\"og:locale\" content=\"pt_BR\" \/>\n<meta property=\"og:type\" content=\"article\" \/>\n<meta property=\"og:title\" content=\"O dia de Santo Ant\u00f4nio no Santu\u00e1rio S\u00e3o Francisco - Not\u00edcias - Franciscanos\" \/>\n<meta property=\"og:description\" content=\"Convento S\u00e3o Francisco\" \/>\n<meta property=\"og:url\" content=\"https:\/\/franciscanos.org.br\/noticias\/o-dia-de-santo-antonio-no-santuario-sao-francisco.html\" \/>\n<meta property=\"og:site_name\" content=\"Not\u00edcias - Franciscanos\" \/>\n<meta property=\"article:published_time\" content=\"2018-06-13T16:51:28+00:00\" \/>\n<meta property=\"article:modified_time\" content=\"2019-08-19T14:31:17+00:00\" \/>\n<meta property=\"og:image\" content=\"https:\/\/franciscanos.org.br\/noticias\/wp-content\/uploads\/2018\/06\/trezena_sp_130618_min.jpg\" \/>\n\t<meta property=\"og:image:width\" content=\"273\" \/>\n\t<meta property=\"og:image:height\" content=\"181\" \/>\n\t<meta property=\"og:image:type\" content=\"image\/jpeg\" \/>\n<meta name=\"author\" content=\"freiaugusto\" \/>\n<meta name=\"twitter:card\" content=\"summary_large_image\" \/>\n<meta name=\"twitter:label1\" content=\"Escrito por\" \/>\n\t<meta name=\"twitter:data1\" content=\"freiaugusto\" \/>\n\t<meta name=\"twitter:label2\" content=\"Est. tempo de leitura\" \/>\n\t<meta name=\"twitter:data2\" content=\"5 minutos\" \/>\n<script type=\"application\/ld+json\" class=\"yoast-schema-graph\">{\"@context\":\"https:\/\/schema.org\",\"@graph\":[{\"@type\":\"WebSite\",\"@id\":\"https:\/\/franciscanos.org.br\/noticias\/#website\",\"url\":\"https:\/\/franciscanos.org.br\/noticias\/\",\"name\":\"Not\u00edcias - Franciscanos\",\"description\":\"Prov\u00edncia Franciscana da Imaculada Concei\u00e7\u00e3o do Brasil - Ordem dos Frades Menores - OFM\",\"potentialAction\":[{\"@type\":\"SearchAction\",\"target\":{\"@type\":\"EntryPoint\",\"urlTemplate\":\"https:\/\/franciscanos.org.br\/noticias\/?s={search_term_string}\"},\"query-input\":\"required name=search_term_string\"}],\"inLanguage\":\"pt-BR\"},{\"@type\":\"ImageObject\",\"inLanguage\":\"pt-BR\",\"@id\":\"https:\/\/franciscanos.org.br\/noticias\/o-dia-de-santo-antonio-no-santuario-sao-francisco.html#primaryimage\",\"url\":\"https:\/\/franciscanos.org.br\/noticias\/wp-content\/uploads\/2018\/06\/trezena_sp_130618_min.jpg\",\"contentUrl\":\"https:\/\/franciscanos.org.br\/noticias\/wp-content\/uploads\/2018\/06\/trezena_sp_130618_min.jpg\",\"width\":273,\"height\":181},{\"@type\":\"WebPage\",\"@id\":\"https:\/\/franciscanos.org.br\/noticias\/o-dia-de-santo-antonio-no-santuario-sao-francisco.html#webpage\",\"url\":\"https:\/\/franciscanos.org.br\/noticias\/o-dia-de-santo-antonio-no-santuario-sao-francisco.html\",\"name\":\"O dia de Santo Ant\u00f4nio no Santu\u00e1rio S\u00e3o Francisco - Not\u00edcias - Franciscanos\",\"isPartOf\":{\"@id\":\"https:\/\/franciscanos.org.br\/noticias\/#website\"},\"primaryImageOfPage\":{\"@id\":\"https:\/\/franciscanos.org.br\/noticias\/o-dia-de-santo-antonio-no-santuario-sao-francisco.html#primaryimage\"},\"datePublished\":\"2018-06-13T16:51:28+00:00\",\"dateModified\":\"2019-08-19T14:31:17+00:00\",\"author\":{\"@id\":\"https:\/\/franciscanos.org.br\/noticias\/#\/schema\/person\/37f88f0d111cd5358b12a6556a99eb91\"},\"breadcrumb\":{\"@id\":\"https:\/\/franciscanos.org.br\/noticias\/o-dia-de-santo-antonio-no-santuario-sao-francisco.html#breadcrumb\"},\"inLanguage\":\"pt-BR\",\"potentialAction\":[{\"@type\":\"ReadAction\",\"target\":[\"https:\/\/franciscanos.org.br\/noticias\/o-dia-de-santo-antonio-no-santuario-sao-francisco.html\"]}]},{\"@type\":\"BreadcrumbList\",\"@id\":\"https:\/\/franciscanos.org.br\/noticias\/o-dia-de-santo-antonio-no-santuario-sao-francisco.html#breadcrumb\",\"itemListElement\":[{\"@type\":\"ListItem\",\"position\":1,\"name\":\"Home\",\"item\":\"https:\/\/franciscanos.org.br\/noticias\"},{\"@type\":\"ListItem\",\"position\":2,\"name\":\"O dia de Santo Ant\u00f4nio no Santu\u00e1rio S\u00e3o Francisco\"}]},{\"@type\":\"Person\",\"@id\":\"https:\/\/franciscanos.org.br\/noticias\/#\/schema\/person\/37f88f0d111cd5358b12a6556a99eb91\",\"name\":\"freiaugusto\",\"image\":{\"@type\":\"ImageObject\",\"inLanguage\":\"pt-BR\",\"@id\":\"https:\/\/franciscanos.org.br\/noticias\/#\/schema\/person\/image\/\",\"url\":\"https:\/\/secure.gravatar.com\/avatar\/9840b940e621801b24f3e6b059efb4b7?s=96&d=mm&r=g\",\"contentUrl\":\"https:\/\/secure.gravatar.com\/avatar\/9840b940e621801b24f3e6b059efb4b7?s=96&d=mm&r=g\",\"caption\":\"freiaugusto\"},\"url\":\"https:\/\/franciscanos.org.br\/noticias\/author\/freiaugusto\"}]}<\/script>\n<!-- \/ Yoast SEO plugin. -->","yoast_head_json":{"title":"O dia de Santo Ant\u00f4nio no Santu\u00e1rio S\u00e3o Francisco - Not\u00edcias - Franciscanos","robots":{"index":"index","follow":"follow","max-snippet":"max-snippet:-1","max-image-preview":"max-image-preview:large","max-video-preview":"max-video-preview:-1"},"canonical":"https:\/\/franciscanos.org.br\/noticias\/o-dia-de-santo-antonio-no-santuario-sao-francisco.html","og_locale":"pt_BR","og_type":"article","og_title":"O dia de Santo Ant\u00f4nio no Santu\u00e1rio S\u00e3o Francisco - Not\u00edcias - Franciscanos","og_description":"Convento S\u00e3o Francisco","og_url":"https:\/\/franciscanos.org.br\/noticias\/o-dia-de-santo-antonio-no-santuario-sao-francisco.html","og_site_name":"Not\u00edcias - Franciscanos","article_published_time":"2018-06-13T16:51:28+00:00","article_modified_time":"2019-08-19T14:31:17+00:00","og_image":[{"width":273,"height":181,"url":"https:\/\/franciscanos.org.br\/noticias\/wp-content\/uploads\/2018\/06\/trezena_sp_130618_min.jpg","type":"image\/jpeg"}],"author":"freiaugusto","twitter_card":"summary_large_image","twitter_misc":{"Escrito por":"freiaugusto","Est. tempo de leitura":"5 minutos"},"schema":{"@context":"https:\/\/schema.org","@graph":[{"@type":"WebSite","@id":"https:\/\/franciscanos.org.br\/noticias\/#website","url":"https:\/\/franciscanos.org.br\/noticias\/","name":"Not\u00edcias - Franciscanos","description":"Prov\u00edncia Franciscana da Imaculada Concei\u00e7\u00e3o do Brasil - Ordem dos Frades Menores - OFM","potentialAction":[{"@type":"SearchAction","target":{"@type":"EntryPoint","urlTemplate":"https:\/\/franciscanos.org.br\/noticias\/?s={search_term_string}"},"query-input":"required name=search_term_string"}],"inLanguage":"pt-BR"},{"@type":"ImageObject","inLanguage":"pt-BR","@id":"https:\/\/franciscanos.org.br\/noticias\/o-dia-de-santo-antonio-no-santuario-sao-francisco.html#primaryimage","url":"https:\/\/franciscanos.org.br\/noticias\/wp-content\/uploads\/2018\/06\/trezena_sp_130618_min.jpg","contentUrl":"https:\/\/franciscanos.org.br\/noticias\/wp-content\/uploads\/2018\/06\/trezena_sp_130618_min.jpg","width":273,"height":181},{"@type":"WebPage","@id":"https:\/\/franciscanos.org.br\/noticias\/o-dia-de-santo-antonio-no-santuario-sao-francisco.html#webpage","url":"https:\/\/franciscanos.org.br\/noticias\/o-dia-de-santo-antonio-no-santuario-sao-francisco.html","name":"O dia de Santo Ant\u00f4nio no Santu\u00e1rio S\u00e3o Francisco - Not\u00edcias - Franciscanos","isPartOf":{"@id":"https:\/\/franciscanos.org.br\/noticias\/#website"},"primaryImageOfPage":{"@id":"https:\/\/franciscanos.org.br\/noticias\/o-dia-de-santo-antonio-no-santuario-sao-francisco.html#primaryimage"},"datePublished":"2018-06-13T16:51:28+00:00","dateModified":"2019-08-19T14:31:17+00:00","author":{"@id":"https:\/\/franciscanos.org.br\/noticias\/#\/schema\/person\/37f88f0d111cd5358b12a6556a99eb91"},"breadcrumb":{"@id":"https:\/\/franciscanos.org.br\/noticias\/o-dia-de-santo-antonio-no-santuario-sao-francisco.html#breadcrumb"},"inLanguage":"pt-BR","potentialAction":[{"@type":"ReadAction","target":["https:\/\/franciscanos.org.br\/noticias\/o-dia-de-santo-antonio-no-santuario-sao-francisco.html"]}]},{"@type":"BreadcrumbList","@id":"https:\/\/franciscanos.org.br\/noticias\/o-dia-de-santo-antonio-no-santuario-sao-francisco.html#breadcrumb","itemListElement":[{"@type":"ListItem","position":1,"name":"Home","item":"https:\/\/franciscanos.org.br\/noticias"},{"@type":"ListItem","position":2,"name":"O dia de Santo Ant\u00f4nio no Santu\u00e1rio S\u00e3o Francisco"}]},{"@type":"Person","@id":"https:\/\/franciscanos.org.br\/noticias\/#\/schema\/person\/37f88f0d111cd5358b12a6556a99eb91","name":"freiaugusto","image":{"@type":"ImageObject","inLanguage":"pt-BR","@id":"https:\/\/franciscanos.org.br\/noticias\/#\/schema\/person\/image\/","url":"https:\/\/secure.gravatar.com\/avatar\/9840b940e621801b24f3e6b059efb4b7?s=96&d=mm&r=g","contentUrl":"https:\/\/secure.gravatar.com\/avatar\/9840b940e621801b24f3e6b059efb4b7?s=96&d=mm&r=g","caption":"freiaugusto"},"url":"https:\/\/franciscanos.org.br\/noticias\/author\/freiaugusto"}]}},"_links":{"self":[{"href":"https:\/\/franciscanos.org.br\/noticias\/wp-json\/wp\/v2\/posts\/163736"}],"collection":[{"href":"https:\/\/franciscanos.org.br\/noticias\/wp-json\/wp\/v2\/posts"}],"about":[{"href":"https:\/\/franciscanos.org.br\/noticias\/wp-json\/wp\/v2\/types\/post"}],"author":[{"embeddable":true,"href":"https:\/\/franciscanos.org.br\/noticias\/wp-json\/wp\/v2\/users\/5"}],"replies":[{"embeddable":true,"href":"https:\/\/franciscanos.org.br\/noticias\/wp-json\/wp\/v2\/comments?post=163736"}],"version-history":[{"count":0,"href":"https:\/\/franciscanos.org.br\/noticias\/wp-json\/wp\/v2\/posts\/163736\/revisions"}],"wp:featuredmedia":[{"embeddable":true,"href":"https:\/\/franciscanos.org.br\/noticias\/wp-json\/wp\/v2\/media\/199981"}],"wp:attachment":[{"href":"https:\/\/franciscanos.org.br\/noticias\/wp-json\/wp\/v2\/media?parent=163736"}],"wp:term":[{"taxonomy":"category","embeddable":true,"href":"https:\/\/franciscanos.org.br\/noticias\/wp-json\/wp\/v2\/categories?post=163736"},{"taxonomy":"post_tag","embeddable":true,"href":"https:\/\/franciscanos.org.br\/noticias\/wp-json\/wp\/v2\/tags?post=163736"}],"curies":[{"name":"wp","href":"https:\/\/api.w.org\/{rel}","templated":true}]}}