{"id":163598,"date":"2018-06-12T20:32:00","date_gmt":"2018-06-12T23:32:00","guid":{"rendered":"http:\/\/franciscanos.org.br\/?p=163598"},"modified":"2019-08-19T11:14:01","modified_gmt":"2019-08-19T14:14:01","slug":"dar-sabor-a-vocacao-que-fomos-chamados-pede-frei-diego","status":"publish","type":"post","link":"https:\/\/franciscanos.org.br\/noticias\/dar-sabor-a-vocacao-que-fomos-chamados-pede-frei-diego.html","title":{"rendered":"Dar sabor \u00e0 voca\u00e7\u00e3o a que fomos chamados, pede Frei Diego"},"content":{"rendered":"<p><strong> <img loading=\"lazy\" src=\"http:\/\/franciscanos.org.br\/wp-content\/uploads\/2018\/06\/trezena_sp_200618_2.jpg\" alt=\"trezena_sp_200618_2\" width=\"830\" height=\"500\" \/><\/strong><\/p>\n<p><strong>Frei Augusto Luiz Gabriel<\/strong><\/p>\n<p><strong>S\u00e3o Paulo (SP) \u2013<\/strong> Desde o dia 1\u00ba de junho, fi\u00e9is, devotos e frequentadores do hist\u00f3rico e centen\u00e1rio Convento e Santu\u00e1rio S\u00e3o Francisco, situado no Largo S\u00e3o Francisco em S\u00e3o Paulo (SP), celebram a Trezena de Santo Ant\u00f4nio. E, nesta ter\u00e7a-feira, 12 de junho, a Celebra\u00e7\u00e3o Eucar\u00edstica das 15 horas marcou o 12\u00ba dia da Trezena de Santo Ant\u00f4nio e teve como tema: \u201cSanto Ant\u00f4nio e o P\u00e3o da Voca\u00e7\u00e3o\u201d. O Animador Vocacional da Prov\u00edncia Franciscana da Imaculada Concei\u00e7\u00e3o, Frei Diego Melo, foi o celebrante e tamb\u00e9m o pregador. Segundo ele, o primeiro grande chamado que todas as pessoas recebem \u00e9 o chamado \u00e0 exist\u00eancia.<\/p>\n<p><img loading=\"lazy\" class=\" wp-image-199964 alignleft\" src=\"https:\/\/franciscanos.org.br\/noticias\/wp-content\/uploads\/2018\/06\/trezena_sp_200618_1-364x450.jpg\" alt=\"\" width=\"302\" height=\"373\" \/>O pregador iniciou a homilia perguntando quem dos presentes tinha voca\u00e7\u00e3o. Algumas pessoas levantaram a m\u00e3o, outras n\u00e3o, por isso o frade explicou que todas as pessoas possuem uma voca\u00e7\u00e3o. \u201c\u00c0s vezes ouvimos esta palavra e automaticamente associamos aos padres, religiosos a religiosas, como se somente eles tivessem uma voca\u00e7\u00e3o. N\u00f3s possu\u00edmos uma voca\u00e7\u00e3o, sim, por\u00e9m todos somos vocacionados\u201d, diferenciou.<\/p>\n<p>Segundo Frei Diego, que trabalha diretamente no acolhimento de jovens que querem experimentar a vida franciscana, a palavra voca\u00e7\u00e3o significa chamado, vem de <em>vocare<\/em>, e significa uma voz que chama. O primeiro grande chamado que todos recebem \u00e9 o chamado \u00e0 vida, de modo que ningu\u00e9m pode pensar estar aqui por acaso.<\/p>\n<p>\u201cTodos n\u00f3s, ainda que tenhamos sido frutos de um relacionamento de nossos pais que n\u00e3o deu certo, fomos concebidos porque Deus nos escolheu e nos chamou para esta primeira grande voca\u00e7\u00e3o: a voca\u00e7\u00e3o \u00e0 vida\u201d, ressaltou.<\/p>\n<p>Para Frei Diego \u00e9 a partir do chamado \u00e0 exist\u00eancia que o ser humano vai se construindo e se lapidando aos moldes de Deus. \u201cVamos construindo a nossa hist\u00f3ria e a nossa exist\u00eancia tentando responder a outros tantos chamados, porque o chamado de Deus \u00e9 cont\u00ednuo, acontece hoje amanh\u00e3 e depois\u201d, disse ele.<\/p>\n<p>O jovem frade tamb\u00e9m falou sobre as voca\u00e7\u00f5es matrimoniais, religiosas, sacerdotais e laicais. \u201cExistem tamb\u00e9m os leigos e leigas que d\u00e3o testemunho de uma voca\u00e7\u00e3o bonita e necess\u00e1ria na Igreja. Todos possuem uma voca\u00e7\u00e3o e um chamado de Deus\u201d, enfatizou o celebrante.<\/p>\n<p>Referindo-se ao Evangelho do dia, o pregador revelou que \u00e9 necess\u00e1rio dar uma resposta \u00e0 voca\u00e7\u00e3o que Deus chama. \u201cQue seja de fato uma resposta cheia de sentido! Quando Jesus pede, n\u00e3o somente para alguns, mas para todos n\u00f3s, que sejamos sal da terra e luz do mundo, Ele quer dizer que independentemente de qual for a voca\u00e7\u00e3o, \u00e9 importante dar sentido \u00e0 exist\u00eancia. Voc\u00ea como pai ou como m\u00e3e, viva essa voca\u00e7\u00e3o espec\u00edfica, com paix\u00e3o, vigor, sentido. Ser sal da terra e luz do mundo significa n\u00e3o \u2018empurrar com a barriga\u2019\u201d, real\u00e7ou.<\/p>\n<p>Frei Diego ainda lembrou que neste dia 12 de junho celebra-se o Dia dos Namorados. Segundo ele, n\u00e3o \u00e9 dif\u00edcil ver em alguns relacionamentos que existem pessoas que n\u00e3o sabem se est\u00e3o ou n\u00e3o felizes, \u2018empurram com a barriga\u2019, repetiu. \u201cN\u00e3o est\u00e3o dando o verdadeiro sabor que Jesus pede \u00e0quele relacionamento, \u00e0quela voca\u00e7\u00e3o\u201d, completou.<\/p>\n<p><img loading=\"lazy\" src=\"http:\/\/franciscanos.org.br\/wp-content\/uploads\/2018\/06\/trezena_sp_2006181.jpg\" alt=\"trezena_sp_200618\" width=\"830\" height=\"400\" \/><\/p>\n<p>\u201cO sal ele n\u00e3o existe para si mesmo, existe para o outro e para dar gosto \u00e0s coisas. Ou seja, Jesus pede para sermos sal da terra. Ele est\u00e1 dizendo para vivermos para os outros, dando sabor \u00e0 vida do outro. S\u00f3 assim descobriremos o valor e o sabor da pr\u00f3pria vida. Por isso, em um relacionamento \u00e9 muito importante termos bem claro isso, n\u00e3o nos fechando ao outro, mas, sim, nos preocupando e nos doando\u201d, destacou.<\/p>\n<p>Frei Diego afirmou que o convite de Jesus se estende. Ele tamb\u00e9m convida a ser luz do mundo. Uma luz que n\u00e3o exista apenas para iluminar a si mesma, mas sim as coisas que est\u00e3o a sua volta. \u201cQuem \u00e9 luz \u00e9 capaz de brilhar e de fazer aparecer a beleza das cores, das formas, das coisas que est\u00e3o ao seu redor. Voc\u00ea, com certeza, conhece pessoas que s\u00e3o sal da terra e luz do mundo. Gente que d\u00e1 gosto de estarmos perto. Gente que pela simples presen\u00e7a transmite uma for\u00e7a e alegria por aquilo que faz\u201d, mencionou.<\/p>\n<p><img loading=\"lazy\" class=\"size-medium wp-image-199965 alignright\" src=\"https:\/\/franciscanos.org.br\/noticias\/wp-content\/uploads\/2018\/06\/trezena_sp_200618_4-277x450.jpg\" alt=\"\" width=\"277\" height=\"450\" srcset=\"https:\/\/franciscanos.org.br\/noticias\/wp-content\/uploads\/2018\/06\/trezena_sp_200618_4-277x450.jpg 277w, https:\/\/franciscanos.org.br\/noticias\/wp-content\/uploads\/2018\/06\/trezena_sp_200618_4.jpg 631w, https:\/\/franciscanos.org.br\/noticias\/wp-content\/uploads\/2018\/06\/trezena_sp_200618_4-150x243.jpg 150w\" sizes=\"(max-width: 277px) 100vw, 277px\" \/>Frei Diego se lembrou do fato da mudan\u00e7a de congrega\u00e7\u00e3o de Santo Ant\u00f4nio, dos C\u00f4negos Regulares para os franciscanos. Para ele, Santo Ant\u00f4nio \u00e9 colocado como um exemplo e um referencial vocacional, porque ele foi algu\u00e9m que buscou viver com paix\u00e3o a sua vida. Vida esta que foi t\u00e3o intensa que at\u00e9 nos dias atuais ilumina outras vidas. \u201cQuem descobre a sua voca\u00e7\u00e3o e abra\u00e7a com paix\u00e3o e de fato acredita que Deus esta chamando para aquilo, ilumina a vida dos irm\u00e3os. D\u00e1 sabor e agrega!\u201d, sublinhou.<\/p>\n<p><strong>O POUCO COM DEUS \u00c9 MUITO<\/strong><\/p>\n<p>Fazendo refer\u00eancia\u00a0\u00e0 primeira leitura, Frei Diego mencionou a pobre vi\u00fava que possu\u00eda apenas um punhado de farinha e um pouco de \u00f3leo numa vasilha. Segundo ele, ao atender o pedido de Elias, ela soube partilhar do pouco que tinha.<\/p>\n<p>\u201cO que ela tinha Deus multiplicou e nunca mais lhe faltou. Quando partilhamos daquilo que temos, seja do pouco da nossa hist\u00f3ria, vida, conhecimento, dos nossos dons, da nossa voca\u00e7\u00e3o, sempre multiplicaremos e o \u2018pote nunca se esvaziar\u00e1\u2019. Quem de fato est\u00e1 sempre preocupado em ser sal e luz na vida dos outros, sempre tem pra dar, sempre tem uma palavra, uma dire\u00e7\u00e3o porque Deus faz multiplicar. Saibamos exercer a partilha sendo sal da terra e luz do mundo\u201d, finalizou o pregador.<\/p>\n<p><strong>13 DE JUNHO \u2013 FESTA DE SANTO ANT\u00d4NIO<\/strong><\/p>\n<p>Missas \u00e0s: 6h30, 7h30, 9h, 10h30, 12h, 13h30, 15h, 16h30 e 18h.<\/p>\n<p>B\u00ean\u00e7\u00e3o durante todo o dia, comidas t\u00edpicas, bolo e p\u00e3o de Santo Ant\u00f4nio, <em>Stand <\/em>vocacional, artesanatos e muito mais. Prestigie.<\/p>\n","protected":false},"excerpt":{"rendered":"<p>Convento S\u00e3o Francisco<\/p>\n","protected":false},"author":5,"featured_media":199969,"comment_status":"open","ping_status":"open","sticky":false,"template":"","format":"standard","meta":[],"categories":[1],"tags":[312,389],"acf":[],"yoast_head":"<!-- This site is optimized with the Yoast SEO plugin v19.2 - https:\/\/yoast.com\/wordpress\/plugins\/seo\/ -->\n<title>Dar sabor \u00e0 voca\u00e7\u00e3o a que fomos chamados, pede Frei Diego - Not\u00edcias - Franciscanos<\/title>\n<meta name=\"robots\" content=\"index, follow, max-snippet:-1, max-image-preview:large, max-video-preview:-1\" \/>\n<link rel=\"canonical\" href=\"https:\/\/franciscanos.org.br\/noticias\/dar-sabor-a-vocacao-que-fomos-chamados-pede-frei-diego.html\" \/>\n<meta property=\"og:locale\" content=\"pt_BR\" \/>\n<meta property=\"og:type\" content=\"article\" \/>\n<meta property=\"og:title\" content=\"Dar sabor \u00e0 voca\u00e7\u00e3o a que fomos chamados, pede Frei Diego - Not\u00edcias - Franciscanos\" \/>\n<meta property=\"og:description\" content=\"Convento S\u00e3o Francisco\" \/>\n<meta property=\"og:url\" content=\"https:\/\/franciscanos.org.br\/noticias\/dar-sabor-a-vocacao-que-fomos-chamados-pede-frei-diego.html\" \/>\n<meta property=\"og:site_name\" content=\"Not\u00edcias - Franciscanos\" \/>\n<meta property=\"article:published_time\" content=\"2018-06-12T23:32:00+00:00\" \/>\n<meta property=\"article:modified_time\" content=\"2019-08-19T14:14:01+00:00\" \/>\n<meta property=\"og:image\" content=\"https:\/\/franciscanos.org.br\/noticias\/wp-content\/uploads\/2018\/06\/trezena_sp_200618_min.jpg\" \/>\n\t<meta property=\"og:image:width\" content=\"273\" \/>\n\t<meta property=\"og:image:height\" content=\"181\" \/>\n\t<meta property=\"og:image:type\" content=\"image\/jpeg\" \/>\n<meta name=\"author\" content=\"freiaugusto\" \/>\n<meta name=\"twitter:card\" content=\"summary_large_image\" \/>\n<meta name=\"twitter:label1\" content=\"Escrito por\" \/>\n\t<meta name=\"twitter:data1\" content=\"freiaugusto\" \/>\n\t<meta name=\"twitter:label2\" content=\"Est. tempo de leitura\" \/>\n\t<meta name=\"twitter:data2\" content=\"5 minutos\" \/>\n<script type=\"application\/ld+json\" class=\"yoast-schema-graph\">{\"@context\":\"https:\/\/schema.org\",\"@graph\":[{\"@type\":\"WebSite\",\"@id\":\"https:\/\/franciscanos.org.br\/noticias\/#website\",\"url\":\"https:\/\/franciscanos.org.br\/noticias\/\",\"name\":\"Not\u00edcias - Franciscanos\",\"description\":\"Prov\u00edncia Franciscana da Imaculada Concei\u00e7\u00e3o do Brasil - Ordem dos Frades Menores - OFM\",\"potentialAction\":[{\"@type\":\"SearchAction\",\"target\":{\"@type\":\"EntryPoint\",\"urlTemplate\":\"https:\/\/franciscanos.org.br\/noticias\/?s={search_term_string}\"},\"query-input\":\"required name=search_term_string\"}],\"inLanguage\":\"pt-BR\"},{\"@type\":\"ImageObject\",\"inLanguage\":\"pt-BR\",\"@id\":\"https:\/\/franciscanos.org.br\/noticias\/dar-sabor-a-vocacao-que-fomos-chamados-pede-frei-diego.html#primaryimage\",\"url\":\"https:\/\/franciscanos.org.br\/noticias\/wp-content\/uploads\/2018\/06\/trezena_sp_200618_min.jpg\",\"contentUrl\":\"https:\/\/franciscanos.org.br\/noticias\/wp-content\/uploads\/2018\/06\/trezena_sp_200618_min.jpg\",\"width\":273,\"height\":181},{\"@type\":\"WebPage\",\"@id\":\"https:\/\/franciscanos.org.br\/noticias\/dar-sabor-a-vocacao-que-fomos-chamados-pede-frei-diego.html#webpage\",\"url\":\"https:\/\/franciscanos.org.br\/noticias\/dar-sabor-a-vocacao-que-fomos-chamados-pede-frei-diego.html\",\"name\":\"Dar sabor \u00e0 voca\u00e7\u00e3o a que fomos chamados, pede Frei Diego - Not\u00edcias - Franciscanos\",\"isPartOf\":{\"@id\":\"https:\/\/franciscanos.org.br\/noticias\/#website\"},\"primaryImageOfPage\":{\"@id\":\"https:\/\/franciscanos.org.br\/noticias\/dar-sabor-a-vocacao-que-fomos-chamados-pede-frei-diego.html#primaryimage\"},\"datePublished\":\"2018-06-12T23:32:00+00:00\",\"dateModified\":\"2019-08-19T14:14:01+00:00\",\"author\":{\"@id\":\"https:\/\/franciscanos.org.br\/noticias\/#\/schema\/person\/37f88f0d111cd5358b12a6556a99eb91\"},\"breadcrumb\":{\"@id\":\"https:\/\/franciscanos.org.br\/noticias\/dar-sabor-a-vocacao-que-fomos-chamados-pede-frei-diego.html#breadcrumb\"},\"inLanguage\":\"pt-BR\",\"potentialAction\":[{\"@type\":\"ReadAction\",\"target\":[\"https:\/\/franciscanos.org.br\/noticias\/dar-sabor-a-vocacao-que-fomos-chamados-pede-frei-diego.html\"]}]},{\"@type\":\"BreadcrumbList\",\"@id\":\"https:\/\/franciscanos.org.br\/noticias\/dar-sabor-a-vocacao-que-fomos-chamados-pede-frei-diego.html#breadcrumb\",\"itemListElement\":[{\"@type\":\"ListItem\",\"position\":1,\"name\":\"Home\",\"item\":\"https:\/\/franciscanos.org.br\/noticias\"},{\"@type\":\"ListItem\",\"position\":2,\"name\":\"Dar sabor \u00e0 voca\u00e7\u00e3o a que fomos chamados, pede Frei Diego\"}]},{\"@type\":\"Person\",\"@id\":\"https:\/\/franciscanos.org.br\/noticias\/#\/schema\/person\/37f88f0d111cd5358b12a6556a99eb91\",\"name\":\"freiaugusto\",\"image\":{\"@type\":\"ImageObject\",\"inLanguage\":\"pt-BR\",\"@id\":\"https:\/\/franciscanos.org.br\/noticias\/#\/schema\/person\/image\/\",\"url\":\"https:\/\/secure.gravatar.com\/avatar\/9840b940e621801b24f3e6b059efb4b7?s=96&d=mm&r=g\",\"contentUrl\":\"https:\/\/secure.gravatar.com\/avatar\/9840b940e621801b24f3e6b059efb4b7?s=96&d=mm&r=g\",\"caption\":\"freiaugusto\"},\"url\":\"https:\/\/franciscanos.org.br\/noticias\/author\/freiaugusto\"}]}<\/script>\n<!-- \/ Yoast SEO plugin. -->","yoast_head_json":{"title":"Dar sabor \u00e0 voca\u00e7\u00e3o a que fomos chamados, pede Frei Diego - Not\u00edcias - Franciscanos","robots":{"index":"index","follow":"follow","max-snippet":"max-snippet:-1","max-image-preview":"max-image-preview:large","max-video-preview":"max-video-preview:-1"},"canonical":"https:\/\/franciscanos.org.br\/noticias\/dar-sabor-a-vocacao-que-fomos-chamados-pede-frei-diego.html","og_locale":"pt_BR","og_type":"article","og_title":"Dar sabor \u00e0 voca\u00e7\u00e3o a que fomos chamados, pede Frei Diego - Not\u00edcias - Franciscanos","og_description":"Convento S\u00e3o Francisco","og_url":"https:\/\/franciscanos.org.br\/noticias\/dar-sabor-a-vocacao-que-fomos-chamados-pede-frei-diego.html","og_site_name":"Not\u00edcias - Franciscanos","article_published_time":"2018-06-12T23:32:00+00:00","article_modified_time":"2019-08-19T14:14:01+00:00","og_image":[{"width":273,"height":181,"url":"https:\/\/franciscanos.org.br\/noticias\/wp-content\/uploads\/2018\/06\/trezena_sp_200618_min.jpg","type":"image\/jpeg"}],"author":"freiaugusto","twitter_card":"summary_large_image","twitter_misc":{"Escrito por":"freiaugusto","Est. tempo de leitura":"5 minutos"},"schema":{"@context":"https:\/\/schema.org","@graph":[{"@type":"WebSite","@id":"https:\/\/franciscanos.org.br\/noticias\/#website","url":"https:\/\/franciscanos.org.br\/noticias\/","name":"Not\u00edcias - Franciscanos","description":"Prov\u00edncia Franciscana da Imaculada Concei\u00e7\u00e3o do Brasil - Ordem dos Frades Menores - OFM","potentialAction":[{"@type":"SearchAction","target":{"@type":"EntryPoint","urlTemplate":"https:\/\/franciscanos.org.br\/noticias\/?s={search_term_string}"},"query-input":"required name=search_term_string"}],"inLanguage":"pt-BR"},{"@type":"ImageObject","inLanguage":"pt-BR","@id":"https:\/\/franciscanos.org.br\/noticias\/dar-sabor-a-vocacao-que-fomos-chamados-pede-frei-diego.html#primaryimage","url":"https:\/\/franciscanos.org.br\/noticias\/wp-content\/uploads\/2018\/06\/trezena_sp_200618_min.jpg","contentUrl":"https:\/\/franciscanos.org.br\/noticias\/wp-content\/uploads\/2018\/06\/trezena_sp_200618_min.jpg","width":273,"height":181},{"@type":"WebPage","@id":"https:\/\/franciscanos.org.br\/noticias\/dar-sabor-a-vocacao-que-fomos-chamados-pede-frei-diego.html#webpage","url":"https:\/\/franciscanos.org.br\/noticias\/dar-sabor-a-vocacao-que-fomos-chamados-pede-frei-diego.html","name":"Dar sabor \u00e0 voca\u00e7\u00e3o a que fomos chamados, pede Frei Diego - Not\u00edcias - Franciscanos","isPartOf":{"@id":"https:\/\/franciscanos.org.br\/noticias\/#website"},"primaryImageOfPage":{"@id":"https:\/\/franciscanos.org.br\/noticias\/dar-sabor-a-vocacao-que-fomos-chamados-pede-frei-diego.html#primaryimage"},"datePublished":"2018-06-12T23:32:00+00:00","dateModified":"2019-08-19T14:14:01+00:00","author":{"@id":"https:\/\/franciscanos.org.br\/noticias\/#\/schema\/person\/37f88f0d111cd5358b12a6556a99eb91"},"breadcrumb":{"@id":"https:\/\/franciscanos.org.br\/noticias\/dar-sabor-a-vocacao-que-fomos-chamados-pede-frei-diego.html#breadcrumb"},"inLanguage":"pt-BR","potentialAction":[{"@type":"ReadAction","target":["https:\/\/franciscanos.org.br\/noticias\/dar-sabor-a-vocacao-que-fomos-chamados-pede-frei-diego.html"]}]},{"@type":"BreadcrumbList","@id":"https:\/\/franciscanos.org.br\/noticias\/dar-sabor-a-vocacao-que-fomos-chamados-pede-frei-diego.html#breadcrumb","itemListElement":[{"@type":"ListItem","position":1,"name":"Home","item":"https:\/\/franciscanos.org.br\/noticias"},{"@type":"ListItem","position":2,"name":"Dar sabor \u00e0 voca\u00e7\u00e3o a que fomos chamados, pede Frei Diego"}]},{"@type":"Person","@id":"https:\/\/franciscanos.org.br\/noticias\/#\/schema\/person\/37f88f0d111cd5358b12a6556a99eb91","name":"freiaugusto","image":{"@type":"ImageObject","inLanguage":"pt-BR","@id":"https:\/\/franciscanos.org.br\/noticias\/#\/schema\/person\/image\/","url":"https:\/\/secure.gravatar.com\/avatar\/9840b940e621801b24f3e6b059efb4b7?s=96&d=mm&r=g","contentUrl":"https:\/\/secure.gravatar.com\/avatar\/9840b940e621801b24f3e6b059efb4b7?s=96&d=mm&r=g","caption":"freiaugusto"},"url":"https:\/\/franciscanos.org.br\/noticias\/author\/freiaugusto"}]}},"_links":{"self":[{"href":"https:\/\/franciscanos.org.br\/noticias\/wp-json\/wp\/v2\/posts\/163598"}],"collection":[{"href":"https:\/\/franciscanos.org.br\/noticias\/wp-json\/wp\/v2\/posts"}],"about":[{"href":"https:\/\/franciscanos.org.br\/noticias\/wp-json\/wp\/v2\/types\/post"}],"author":[{"embeddable":true,"href":"https:\/\/franciscanos.org.br\/noticias\/wp-json\/wp\/v2\/users\/5"}],"replies":[{"embeddable":true,"href":"https:\/\/franciscanos.org.br\/noticias\/wp-json\/wp\/v2\/comments?post=163598"}],"version-history":[{"count":0,"href":"https:\/\/franciscanos.org.br\/noticias\/wp-json\/wp\/v2\/posts\/163598\/revisions"}],"wp:featuredmedia":[{"embeddable":true,"href":"https:\/\/franciscanos.org.br\/noticias\/wp-json\/wp\/v2\/media\/199969"}],"wp:attachment":[{"href":"https:\/\/franciscanos.org.br\/noticias\/wp-json\/wp\/v2\/media?parent=163598"}],"wp:term":[{"taxonomy":"category","embeddable":true,"href":"https:\/\/franciscanos.org.br\/noticias\/wp-json\/wp\/v2\/categories?post=163598"},{"taxonomy":"post_tag","embeddable":true,"href":"https:\/\/franciscanos.org.br\/noticias\/wp-json\/wp\/v2\/tags?post=163598"}],"curies":[{"name":"wp","href":"https:\/\/api.w.org\/{rel}","templated":true}]}}