{"id":163244,"date":"2018-06-11T17:34:54","date_gmt":"2018-06-11T20:34:54","guid":{"rendered":"http:\/\/franciscanos.org.br\/?p=163244"},"modified":"2019-06-10T21:14:33","modified_gmt":"2019-06-11T00:14:33","slug":"frei-almir-reforca-apelo-para-a-igreja-em-saida","status":"publish","type":"post","link":"https:\/\/franciscanos.org.br\/noticias\/frei-almir-reforca-apelo-para-a-igreja-em-saida.html","title":{"rendered":"Frei Almir refor\u00e7a apelo por uma Igreja em sa\u00edda"},"content":{"rendered":"<p><img loading=\"lazy\" src=\"http:\/\/franciscanos.org.br\/wp-content\/uploads\/2018\/06\/trezena_110618_2.jpg\" alt=\"trezena_110618_2\" width=\"830\" height=\"471\" \/><\/p>\n<p><strong>Moacir Beggo<\/strong><\/p>\n<p><strong>\u00a0<\/strong><strong>Rio de Janero (RJ<\/strong>) &#8211; Ao falar do tema &#8220;Santo Ant\u00f4nio e a Igreja como sacramento de salva\u00e7\u00e3o&#8221;, neste 11\u00ba dia (11\/6) da Trezena de Santo Ant\u00f4nio no Convento do Largo da Carioca (RJ), Frei Almir Guimar\u00e3es fez uma declara\u00e7\u00e3o de gratid\u00e3o e amor ao Papa Francisco e ao seu apelo por uma Igreja em sa\u00edda. &#8220;Eu tenho muita alegria de viver minha vida com quase 80 anos na Igreja de hoje, com esse argentino que veio pra ficar e pra valer!&#8221;, celebrou Frei Almir.<\/p>\n<p>O frade, que reside na Fraternidade do Sagrado em Petr\u00f3polis (RJ), fez a prega\u00e7\u00e3o na Celebra\u00e7\u00e3o Eucar\u00edstica do meio-dia. O guardi\u00e3o Frei Jos\u00e9 Pereira, o concelebrante, lembrou que Frei Almir estudou catequese e pastoral no Institut Catholique de Paris, \u00e9 o assistente das Clarissas e tem um carinho especial pela OFS, para quem foi assistente nacional durante muitos anos.<\/p>\n<p>Bem ao seu estilo, Frei Almir deixou de lado os pap\u00e9is da prega\u00e7\u00e3o que preparou e passou a falar de improviso. Contou que desde pequeno, com quatro anos, a imagem do Cora\u00e7\u00e3o de Jesus na casa de seus pais o marcou profundamente. Depois passou a frequentar a capelinha de Nossa Senhora das Vit\u00f3rias, que existe at\u00e9 hoje em Petr\u00f3polis. &#8220;A d\u00aa Clara, mulher do seu Alfredo, lavava toalhas do altar. Impec\u00e1veis. Era muito quieta, muito silenciosa. Costurava para homens: cal\u00e7a curta, cal\u00e7a comprida&#8230;. Vivia na igreja. Aos poucos, fui compreendendo que Igreja n\u00e3o era apenas um pr\u00e9dio. Fui compreendendo com as falas de Frei Atico Eyng, que me deu a Primeira Comunh\u00e3o, que existia uma coisa maravilhosa: uma comunh\u00e3o de pessoas querendo seguir a Cristo&#8221;, revelou.<\/p>\n<p><img loading=\"lazy\" src=\"http:\/\/franciscanos.org.br\/wp-content\/uploads\/2018\/06\/trezena_110618_5.jpg\" alt=\"trezena_110618_5\" width=\"830\" height=\"441\" \/><\/p>\n<p>Segundo Frei Almir, \u00e9 muito comum se pensar que Igreja \u00e9 s\u00f3 dos Papa, bispos, padres e religiosos. &#8220;N\u00e3o \u00e9 n\u00e3o! A Igreja \u00e9 D\u00aa Clara, \u00e9 o sr. Alfredo, \u00e9 a m\u00e3e que comungava todo domingo&#8230;&#8221;, disse enfaticamente. &#8220;De repente, a gente cresce e diz: &#8216;Eu sou da Igreja!&#8217; E na Igreja est\u00e1 Cristo, este Cristo Jesus ressuscitado, onde dois ou tr\u00eas se re\u00fanem em nome dele. Como gostaria, desde crian\u00e7a, de dizer para as pessoas: &#8216;Entrem numa Par\u00f3quia, vivam numa par\u00f3quia!&#8217; \u00c9 t\u00e3o bom a gente sentir a f\u00e9 dos outros nesse Cristo que est\u00e1 na Igreja como um sacramento da salva\u00e7\u00e3o, como um sinal de um mundo novo&#8221;, partilhou.<\/p>\n<p>Frei Almir contou que no bairro Bingen, em Petr\u00f3polis, costuma celebrar na capela Nossa Senhora Auxiliadora, uma comunidade no alto do morro. &#8220;A gente celebra a Missa sem microfone. N\u00e3o tem ningu\u00e9m fazendo barulho. Quando acaba a Missa, a gente come pastel de queijo ou de carne. E a gente n\u00e3o vai embora, porque a gente est\u00e1 na Comunidade. Eu fico at\u00e9 emocionado, porque, com meus quase 80 anos e 50 anos de padre, sonho ainda viver num lugar assim, onde a Igreja n\u00e3o seja s\u00f3 para ir \u00e0 Missa e \u00a0ir embora, mas seja um lugar que a gente se queira bem&#8221;, disse, lamentando que hoje vai-se \u00e0 igreja &#8216;como pode, onde pode&#8217;, onde tem suas prefer\u00eancias e suas &#8220;panelas&#8221;.<\/p>\n<p>&#8220;Eu tenho um orgulho muito grande de dizer: eu sou da Igreja, a Igreja Corpo M\u00edstico onde est\u00e1 presente Cristo Jesus&#8221;, enfatizou. &#8220;Ent\u00e3o, a Igreja \u00e9 a reuni\u00e3o de irm\u00e3os que se amam, que se perdoam, que buscam uns aos outros. \u00c9 um sinal, um sacramento de um mundo novo. N\u00e3o o mundo da corrup\u00e7\u00e3o, n\u00e3o o mundo da viol\u00eancia, n\u00e3o o mundo da morte, esse mundo que anda no Rio de Janeiro e em todo o Brasil. N\u00f3s, aqui, precisamos ser um sinal, sacramento de gente que se estima, que se perdoa, de gente que se ama de verdade.\u00a0 Ent\u00e3o, a Igreja \u00e9 um sacramento da salva\u00e7\u00e3o. Eu me salvo nessa Igreja. Santo Ant\u00f4nio viveu numa Igreja que foi sacramento da salva\u00e7\u00e3o&#8221;, refor\u00e7ou.<\/p>\n<p><img loading=\"lazy\" src=\"http:\/\/franciscanos.org.br\/wp-content\/uploads\/2018\/06\/trezena_110618_3.jpg\" alt=\"trezena_110618_3\" width=\"830\" height=\"493\" \/><\/p>\n<p><strong>DE PIO XII A FRANCISCO<\/strong><\/p>\n<p>&#8220;Tenho orgulho de dizer que vivi numa Igreja de muitos papas. O Papa n\u00e3o \u00e9 o principal da Igreja, mas ele \u00e9 a figura que faz unidade. Me lembro de Pio XII, que declarou o dogma da Assun\u00e7\u00e3o em 1950. Depois veio Jo\u00e3o XXIII, de Veneza, e abriu as janelas da Igreja. Com ele veio o Conc\u00edlio. Quando ele desapareceu, veio Paulo VI, o Cardeal Montini. Eu tenho muita admira\u00e7\u00e3o por ele. O maior documento de evangeliza\u00e7\u00e3o \u00e9 dele: &#8220;Evangelii Nuntiandi&#8221;. Se voc\u00eas puderem, leiam. \u00c9 melhor do que muitos \u2018documentinhos\u2019 por a\u00ed&#8230; Depois, veio a era do Jo\u00e3o Paulo II, que andou pelo mundo afora, mas puxou as coisas para botar no eixo. Era meio conservador. N\u00e3o tenho nada contra. Que ele interceda por n\u00f3s na gl\u00f3ria!&#8221;, ponderou.<\/p>\n<p><img loading=\"lazy\" class=\"alignleft size-full wp-image-163248\" src=\"http:\/\/franciscanos.org.br\/wp-content\/uploads\/2018\/06\/trezena_110618_4.jpg\" alt=\"trezena_110618_4\" width=\"400\" height=\"435\" \/>\u00a0&#8220;E, finalmente, o Papa atual, que veio de Buenos Aires, o hermano que veio do fim do mundo. E esse homem quer que nossa Igreja seja, de fato, um sinal de um mundo novo. Com ele, vimos uma por\u00e7\u00e3o de palavras: &#8216;n\u00e3o quero saber de carreirismos dentro da Igreja&#8217;, &#8216;n\u00e3o quero saber de prosopopeia&#8217;, &#8216;de pensar que a nossa Igreja \u00e9 a \u00fanica santa, a melhor&#8217;. Eu quero que voc\u00eas conversem com os irm\u00e3os mu\u00e7ulmanos, quero uma Igreja em di\u00e1logo. Nada intransigente, onde tudo \u00e9 pecado! Quero uma Igreja de gente santa, isso eu quero!<\/p>\n<p>&nbsp;<\/p>\n","protected":false},"excerpt":{"rendered":"<p>Convento Santo Ant\u00f4nio do Largo da Carioca<\/p>\n","protected":false},"author":1,"featured_media":205820,"comment_status":"open","ping_status":"open","sticky":false,"template":"","format":"standard","meta":[],"categories":[1],"tags":[1172,389],"acf":[],"yoast_head":"<!-- This site is optimized with the Yoast SEO plugin v19.2 - https:\/\/yoast.com\/wordpress\/plugins\/seo\/ -->\n<title>Frei Almir refor\u00e7a apelo por uma Igreja em sa\u00edda - Not\u00edcias - Franciscanos<\/title>\n<meta name=\"robots\" content=\"index, follow, max-snippet:-1, max-image-preview:large, max-video-preview:-1\" \/>\n<link rel=\"canonical\" href=\"https:\/\/franciscanos.org.br\/noticias\/frei-almir-reforca-apelo-para-a-igreja-em-saida.html\" \/>\n<meta property=\"og:locale\" content=\"pt_BR\" \/>\n<meta property=\"og:type\" content=\"article\" \/>\n<meta property=\"og:title\" content=\"Frei Almir refor\u00e7a apelo por uma Igreja em sa\u00edda - Not\u00edcias - Franciscanos\" \/>\n<meta property=\"og:description\" content=\"Convento Santo Ant\u00f4nio do Largo da Carioca\" \/>\n<meta property=\"og:url\" content=\"https:\/\/franciscanos.org.br\/noticias\/frei-almir-reforca-apelo-para-a-igreja-em-saida.html\" \/>\n<meta property=\"og:site_name\" content=\"Not\u00edcias - Franciscanos\" \/>\n<meta property=\"article:published_time\" content=\"2018-06-11T20:34:54+00:00\" \/>\n<meta property=\"article:modified_time\" content=\"2019-06-11T00:14:33+00:00\" \/>\n<meta property=\"og:image\" content=\"https:\/\/franciscanos.org.br\/noticias\/wp-content\/uploads\/2018\/06\/almir.jpg\" \/>\n\t<meta property=\"og:image:width\" content=\"273\" \/>\n\t<meta property=\"og:image:height\" content=\"181\" \/>\n\t<meta property=\"og:image:type\" content=\"image\/jpeg\" \/>\n<meta name=\"author\" content=\"admin\" \/>\n<meta name=\"twitter:card\" content=\"summary_large_image\" \/>\n<meta name=\"twitter:label1\" content=\"Escrito por\" \/>\n\t<meta name=\"twitter:data1\" content=\"admin\" \/>\n\t<meta name=\"twitter:label2\" content=\"Est. tempo de leitura\" \/>\n\t<meta name=\"twitter:data2\" content=\"5 minutos\" \/>\n<script type=\"application\/ld+json\" class=\"yoast-schema-graph\">{\"@context\":\"https:\/\/schema.org\",\"@graph\":[{\"@type\":\"WebSite\",\"@id\":\"https:\/\/franciscanos.org.br\/noticias\/#website\",\"url\":\"https:\/\/franciscanos.org.br\/noticias\/\",\"name\":\"Not\u00edcias - Franciscanos\",\"description\":\"Prov\u00edncia Franciscana da Imaculada Concei\u00e7\u00e3o do Brasil - Ordem dos Frades Menores - OFM\",\"potentialAction\":[{\"@type\":\"SearchAction\",\"target\":{\"@type\":\"EntryPoint\",\"urlTemplate\":\"https:\/\/franciscanos.org.br\/noticias\/?s={search_term_string}\"},\"query-input\":\"required name=search_term_string\"}],\"inLanguage\":\"pt-BR\"},{\"@type\":\"ImageObject\",\"inLanguage\":\"pt-BR\",\"@id\":\"https:\/\/franciscanos.org.br\/noticias\/frei-almir-reforca-apelo-para-a-igreja-em-saida.html#primaryimage\",\"url\":\"https:\/\/franciscanos.org.br\/noticias\/wp-content\/uploads\/2018\/06\/almir.jpg\",\"contentUrl\":\"https:\/\/franciscanos.org.br\/noticias\/wp-content\/uploads\/2018\/06\/almir.jpg\",\"width\":273,\"height\":181},{\"@type\":\"WebPage\",\"@id\":\"https:\/\/franciscanos.org.br\/noticias\/frei-almir-reforca-apelo-para-a-igreja-em-saida.html#webpage\",\"url\":\"https:\/\/franciscanos.org.br\/noticias\/frei-almir-reforca-apelo-para-a-igreja-em-saida.html\",\"name\":\"Frei Almir refor\u00e7a apelo por uma Igreja em sa\u00edda - Not\u00edcias - Franciscanos\",\"isPartOf\":{\"@id\":\"https:\/\/franciscanos.org.br\/noticias\/#website\"},\"primaryImageOfPage\":{\"@id\":\"https:\/\/franciscanos.org.br\/noticias\/frei-almir-reforca-apelo-para-a-igreja-em-saida.html#primaryimage\"},\"datePublished\":\"2018-06-11T20:34:54+00:00\",\"dateModified\":\"2019-06-11T00:14:33+00:00\",\"author\":{\"@id\":\"https:\/\/franciscanos.org.br\/noticias\/#\/schema\/person\/b38fbf43118f02820bd932f2e4b14ad3\"},\"breadcrumb\":{\"@id\":\"https:\/\/franciscanos.org.br\/noticias\/frei-almir-reforca-apelo-para-a-igreja-em-saida.html#breadcrumb\"},\"inLanguage\":\"pt-BR\",\"potentialAction\":[{\"@type\":\"ReadAction\",\"target\":[\"https:\/\/franciscanos.org.br\/noticias\/frei-almir-reforca-apelo-para-a-igreja-em-saida.html\"]}]},{\"@type\":\"BreadcrumbList\",\"@id\":\"https:\/\/franciscanos.org.br\/noticias\/frei-almir-reforca-apelo-para-a-igreja-em-saida.html#breadcrumb\",\"itemListElement\":[{\"@type\":\"ListItem\",\"position\":1,\"name\":\"Home\",\"item\":\"https:\/\/franciscanos.org.br\/noticias\"},{\"@type\":\"ListItem\",\"position\":2,\"name\":\"Frei Almir refor\u00e7a apelo por uma Igreja em sa\u00edda\"}]},{\"@type\":\"Person\",\"@id\":\"https:\/\/franciscanos.org.br\/noticias\/#\/schema\/person\/b38fbf43118f02820bd932f2e4b14ad3\",\"name\":\"admin\",\"image\":{\"@type\":\"ImageObject\",\"inLanguage\":\"pt-BR\",\"@id\":\"https:\/\/franciscanos.org.br\/noticias\/#\/schema\/person\/image\/\",\"url\":\"https:\/\/secure.gravatar.com\/avatar\/e8495742d34d0ba6448ea1c628263b3e?s=96&d=mm&r=g\",\"contentUrl\":\"https:\/\/secure.gravatar.com\/avatar\/e8495742d34d0ba6448ea1c628263b3e?s=96&d=mm&r=g\",\"caption\":\"admin\"},\"url\":\"https:\/\/franciscanos.org.br\/noticias\/author\/admin\"}]}<\/script>\n<!-- \/ Yoast SEO plugin. -->","yoast_head_json":{"title":"Frei Almir refor\u00e7a apelo por uma Igreja em sa\u00edda - Not\u00edcias - Franciscanos","robots":{"index":"index","follow":"follow","max-snippet":"max-snippet:-1","max-image-preview":"max-image-preview:large","max-video-preview":"max-video-preview:-1"},"canonical":"https:\/\/franciscanos.org.br\/noticias\/frei-almir-reforca-apelo-para-a-igreja-em-saida.html","og_locale":"pt_BR","og_type":"article","og_title":"Frei Almir refor\u00e7a apelo por uma Igreja em sa\u00edda - Not\u00edcias - Franciscanos","og_description":"Convento Santo Ant\u00f4nio do Largo da Carioca","og_url":"https:\/\/franciscanos.org.br\/noticias\/frei-almir-reforca-apelo-para-a-igreja-em-saida.html","og_site_name":"Not\u00edcias - Franciscanos","article_published_time":"2018-06-11T20:34:54+00:00","article_modified_time":"2019-06-11T00:14:33+00:00","og_image":[{"width":273,"height":181,"url":"https:\/\/franciscanos.org.br\/noticias\/wp-content\/uploads\/2018\/06\/almir.jpg","type":"image\/jpeg"}],"author":"admin","twitter_card":"summary_large_image","twitter_misc":{"Escrito por":"admin","Est. tempo de leitura":"5 minutos"},"schema":{"@context":"https:\/\/schema.org","@graph":[{"@type":"WebSite","@id":"https:\/\/franciscanos.org.br\/noticias\/#website","url":"https:\/\/franciscanos.org.br\/noticias\/","name":"Not\u00edcias - Franciscanos","description":"Prov\u00edncia Franciscana da Imaculada Concei\u00e7\u00e3o do Brasil - Ordem dos Frades Menores - OFM","potentialAction":[{"@type":"SearchAction","target":{"@type":"EntryPoint","urlTemplate":"https:\/\/franciscanos.org.br\/noticias\/?s={search_term_string}"},"query-input":"required name=search_term_string"}],"inLanguage":"pt-BR"},{"@type":"ImageObject","inLanguage":"pt-BR","@id":"https:\/\/franciscanos.org.br\/noticias\/frei-almir-reforca-apelo-para-a-igreja-em-saida.html#primaryimage","url":"https:\/\/franciscanos.org.br\/noticias\/wp-content\/uploads\/2018\/06\/almir.jpg","contentUrl":"https:\/\/franciscanos.org.br\/noticias\/wp-content\/uploads\/2018\/06\/almir.jpg","width":273,"height":181},{"@type":"WebPage","@id":"https:\/\/franciscanos.org.br\/noticias\/frei-almir-reforca-apelo-para-a-igreja-em-saida.html#webpage","url":"https:\/\/franciscanos.org.br\/noticias\/frei-almir-reforca-apelo-para-a-igreja-em-saida.html","name":"Frei Almir refor\u00e7a apelo por uma Igreja em sa\u00edda - Not\u00edcias - Franciscanos","isPartOf":{"@id":"https:\/\/franciscanos.org.br\/noticias\/#website"},"primaryImageOfPage":{"@id":"https:\/\/franciscanos.org.br\/noticias\/frei-almir-reforca-apelo-para-a-igreja-em-saida.html#primaryimage"},"datePublished":"2018-06-11T20:34:54+00:00","dateModified":"2019-06-11T00:14:33+00:00","author":{"@id":"https:\/\/franciscanos.org.br\/noticias\/#\/schema\/person\/b38fbf43118f02820bd932f2e4b14ad3"},"breadcrumb":{"@id":"https:\/\/franciscanos.org.br\/noticias\/frei-almir-reforca-apelo-para-a-igreja-em-saida.html#breadcrumb"},"inLanguage":"pt-BR","potentialAction":[{"@type":"ReadAction","target":["https:\/\/franciscanos.org.br\/noticias\/frei-almir-reforca-apelo-para-a-igreja-em-saida.html"]}]},{"@type":"BreadcrumbList","@id":"https:\/\/franciscanos.org.br\/noticias\/frei-almir-reforca-apelo-para-a-igreja-em-saida.html#breadcrumb","itemListElement":[{"@type":"ListItem","position":1,"name":"Home","item":"https:\/\/franciscanos.org.br\/noticias"},{"@type":"ListItem","position":2,"name":"Frei Almir refor\u00e7a apelo por uma Igreja em sa\u00edda"}]},{"@type":"Person","@id":"https:\/\/franciscanos.org.br\/noticias\/#\/schema\/person\/b38fbf43118f02820bd932f2e4b14ad3","name":"admin","image":{"@type":"ImageObject","inLanguage":"pt-BR","@id":"https:\/\/franciscanos.org.br\/noticias\/#\/schema\/person\/image\/","url":"https:\/\/secure.gravatar.com\/avatar\/e8495742d34d0ba6448ea1c628263b3e?s=96&d=mm&r=g","contentUrl":"https:\/\/secure.gravatar.com\/avatar\/e8495742d34d0ba6448ea1c628263b3e?s=96&d=mm&r=g","caption":"admin"},"url":"https:\/\/franciscanos.org.br\/noticias\/author\/admin"}]}},"_links":{"self":[{"href":"https:\/\/franciscanos.org.br\/noticias\/wp-json\/wp\/v2\/posts\/163244"}],"collection":[{"href":"https:\/\/franciscanos.org.br\/noticias\/wp-json\/wp\/v2\/posts"}],"about":[{"href":"https:\/\/franciscanos.org.br\/noticias\/wp-json\/wp\/v2\/types\/post"}],"author":[{"embeddable":true,"href":"https:\/\/franciscanos.org.br\/noticias\/wp-json\/wp\/v2\/users\/1"}],"replies":[{"embeddable":true,"href":"https:\/\/franciscanos.org.br\/noticias\/wp-json\/wp\/v2\/comments?post=163244"}],"version-history":[{"count":0,"href":"https:\/\/franciscanos.org.br\/noticias\/wp-json\/wp\/v2\/posts\/163244\/revisions"}],"wp:featuredmedia":[{"embeddable":true,"href":"https:\/\/franciscanos.org.br\/noticias\/wp-json\/wp\/v2\/media\/205820"}],"wp:attachment":[{"href":"https:\/\/franciscanos.org.br\/noticias\/wp-json\/wp\/v2\/media?parent=163244"}],"wp:term":[{"taxonomy":"category","embeddable":true,"href":"https:\/\/franciscanos.org.br\/noticias\/wp-json\/wp\/v2\/categories?post=163244"},{"taxonomy":"post_tag","embeddable":true,"href":"https:\/\/franciscanos.org.br\/noticias\/wp-json\/wp\/v2\/tags?post=163244"}],"curies":[{"name":"wp","href":"https:\/\/api.w.org\/{rel}","templated":true}]}}