{"id":163233,"date":"2018-06-09T09:52:48","date_gmt":"2018-06-09T12:52:48","guid":{"rendered":"http:\/\/franciscanos.org.br\/?p=163233"},"modified":"2019-02-26T13:54:15","modified_gmt":"2019-02-26T16:54:15","slug":"documento-preparatorio-do-sinodo-para-a-amazonia-e-lancado-em-brasilia","status":"publish","type":"post","link":"https:\/\/franciscanos.org.br\/noticias\/documento-preparatorio-do-sinodo-para-a-amazonia-e-lancado-em-brasilia.html","title":{"rendered":"CNBB lan\u00e7a documento preparat\u00f3rio do S\u00ednodo para a Amaz\u00f4nia"},"content":{"rendered":"<p><img loading=\"lazy\" src=\"http:\/\/franciscanos.org.br\/wp-content\/uploads\/2018\/06\/repam_110618G.jpg\" alt=\"repam_110618G\" width=\"830\" height=\"400\" \/><br \/>\n<strong>Bras\u00edlia &#8211;<\/strong> O Documento Preparat\u00f3rio do S\u00ednodo para a Amaz\u00f4nia foi apresentado pela Rede Eclesial Pan-Amaz\u00f4nica (REPAM), juntamente com a Comiss\u00e3o Episcopal para a Amaz\u00f4nia, institui\u00e7\u00f5es parceiras e pastorais.<\/p>\n<p>Dom Leonardo Steiner, secret\u00e1rio-geral da Confer\u00eancia Nacional dos Bispos do Brasil (CNBB), presidiu a celebra\u00e7\u00e3o de abertura do evento na sexta-feira, 8 de junho, no Audit\u00f3rio da CNBB, em Bras\u00edlia e em seguida falou da import\u00e2ncia da realiza\u00e7\u00e3o do S\u00ednodo para a Amaz\u00f4nia. Para ele, \u00e9 vital que seja realizada essa Assembleia Sinodal, j\u00e1 que a realidade da Amaz\u00f4nia \u00e9 de sofrimento. \u201cRealidade sofrida significa os povos est\u00e3o sofrendo, e n\u00e3o apenas os ind\u00edgenas, mas os ribeirinhos, os povos que vivem do extrativismo, grupos isolados que n\u00e3o t\u00eam contato com os brancos\u201d, lembrou Dom Leonardo. \u201c\u00c9 muito importante a Igreja refletir essa realidade, e, por isso, o Papa est\u00e1 chamando para Roma\u201d, destacou o secret\u00e1rio-geral da CNBB.<\/p>\n<p><strong>\u201cAmaz\u00f4nia: novos caminhos para a igreja e para uma ecologia integral\u201d<\/strong> \u00e9 o tema do S\u00ednodo que ser\u00e1 realizado em outubro do ano que vem, mas que, de acordo com Papa Francisco, em janeiro desse ano, na visita ao Peru, em Porto Maldonado, j\u00e1 iniciou. Irm\u00e3 Maria Irene Lopes, assessora da Comiss\u00e3o Episcopal para a Amaz\u00f4nia, secret\u00e1ria executiva da REPAM-Brasil, Delegada da Confedera\u00e7\u00e3o Latino-Americana e Caribenha de Religiosos e Religiosas (CLAR) na Comiss\u00e3o Preparat\u00f3ria do S\u00ednodo e \u00fanica mulher da equipe, apresentou o Documento e os passos que ser\u00e3o realizados a partir de agora. \u201cO material tem tr\u00eas fases, o ver, o discernir e o agir, e nos prop\u00f5e a fazer isso a partir da Amaz\u00f4nia, das pessoas que est\u00e3o l\u00e1\u201d, frisou irm\u00e3 Irene.<\/p>\n<p>O objetivo do material \u00e9 preparar as comunidades para o S\u00ednodo e ouvi-las, para que essa grande assembleia repercuta, de fato, os clamores que saem das bases, o que \u00e9 um desejo expresso do Papa Francisco. De acordo com a religiosa, o material precisa chegar a todas as pessoas do territ\u00f3rio amaz\u00f4nico para contribu\u00edrem no processo. \u201cO Documento ser\u00e1 utilizado nas assembleias territoriais, realizaremos cerca de 40 ao longo dos pr\u00f3ximos meses, e esse momento ser\u00e1 de escuta das bases: os ind\u00edgenas, os quilombolas, os ribeirinhos, as pessoas das cidades, os jovens\u2026 esse documento vai para as m\u00e3os das pessoas que est\u00e3o na Amaz\u00f4nia\u201d, refor\u00e7ou irm\u00e3 Irene.<\/p>\n<p>Ap\u00f3s esse per\u00edodo de escuta, os question\u00e1rios ser\u00e3o retomados pela equipe de assessores, sintetizados e transformados no Documento de Trabalho, que dever\u00e1 ser encaminhado aos participantes do S\u00ednodo.<\/p>\n<p><strong>Documento preparat\u00f3rio<\/strong><br \/>\nO material foi constru\u00eddo por uma equipe de assessores e foi aprovado pelo Vaticano, em abril desse ano, quando houve a primeira reuni\u00e3o do Conselho Pr\u00e9-Sinodal. O Documento Preparat\u00f3rio \u00e9 composto por um texto-base, que oferece uma an\u00e1lise da conjuntura atual da Amaz\u00f4nia e aponta percursos e novos caminhos para a Igreja a servi\u00e7o da vida nesse bioma.<\/p>\n<p>Dos 13 expertos que auxiliaram na escrita do Documento Preparat\u00f3rio, 3 s\u00e3o brasileiros e membros da REPAM-Brasil. O texto est\u00e1 dividido em tr\u00eas partes, segundo o m\u00e9todo ver, discernir e agir. Ao final do material est\u00e3o algumas quest\u00f5es que permitem um di\u00e1logo e uma progressiva aproxima\u00e7\u00e3o da realidade para que as popula\u00e7\u00f5es da Amaz\u00f4nia sejam ouvidas.<\/p>\n<p>A primeira parte \u00e9 o VER, um convite a olhar a identidade e os clamores da Pan-Amaz\u00f4nia. Territ\u00f3rio, diversidade sociocultural, identidade dos povos ind\u00edgenas, mem\u00f3ria hist\u00f3rica eclesial, justi\u00e7a e direitos dos povos, espiritualidade e sabedoria, s\u00e3o os pontos apresentados nessa parte do texto. Segundo o documento preparat\u00f3rio, \u201cem sua hist\u00f3ria mission\u00e1ria, a Amaz\u00f4nia tem sido lugar de testemunho concreto de estar na cruz, inclusive, muitas vezes, lugar de mart\u00edrio. A Igreja tamb\u00e9m aprendeu que neste territ\u00f3rio, habitado por mais de 10 mil anos por uma grande diversidade de povos, suas culturas se constru\u00edram em harmonia com o meio ambiente\u201d.<\/p>\n<p>O DISCERNIR \u00e9 a segunda parte do documento que ilumina as reflex\u00f5es para uma convers\u00e3o pastoral e ecol\u00f3gica. O an\u00fancio do Evangelho de Jesus na Amaz\u00f4nia \u00e9 apresentado a partir das dimens\u00f5es b\u00edblico-teol\u00f3gica, social, ecol\u00f3gica, sacramental e eclesial-mission\u00e1ria. \u201cHoje o grito da Amaz\u00f4nia ao Criador \u00e9 semelhante ao grito do povo de Deus no Egito (cf. Ex 3,7). \u00c9 um grito de escravid\u00e3o e abandono, que clama pela liberdade e o cuidado de Deus. \u00c9 um grito que anseia pela presen\u00e7a de Deus, especialmente quando os povos amaz\u00f4nicos, por defender suas terras, s\u00e3o criminalizados por parte das autoridades; ou quando s\u00e3o testemunhas da destrui\u00e7\u00e3o do bosque tropical, que constitui seu habitat milenar; ou, ainda, quando as \u00e1guas de seus rios se enchem de esp\u00e9cies mortas no lugar de estarem plenas de vida\u201d, afirma o texto de prepara\u00e7\u00e3o.<\/p>\n<p>Por fim, o documento, na \u00faltima parte, provoca a a\u00e7\u00e3o, a AGIR: novos caminhos para uma Igreja com rosto amaz\u00f4nico. O texto reflete o que seria esse rosto, a dimens\u00e3o prof\u00e9tica, os minist\u00e9rios e os novos caminhos. \u201cNo processo de pensar uma Igreja com rosto amaz\u00f4nico, sonhamos com os p\u00e9s fincados na terra de nossos ancestrais e com os olhos abertos pensamos como ser\u00e1 essa Igreja a partir da viv\u00eancia da diversidade cultural dos povos. Os novos caminhos ter\u00e3o uma incid\u00eancia nos minist\u00e9rios, na liturgia e na teologia (teologia ind\u00edgena)\u201d, destaca o texto.<\/p>\n<p>Ap\u00f3s as reflex\u00f5es realizadas pelo documento, uma s\u00e9rie de quest\u00f5es s\u00e3o apresentadas para contribuir com a escuta das realidades da Pan-Amaz\u00f4nia. O question\u00e1rio est\u00e1 dividido, metodologicamente, de acordo com as partes do documento para facilitar os trabalhos que ser\u00e3o realizados pelas comunidades e grupos que responder\u00e3o as perguntas.<\/p>\n<p>O documento preparat\u00f3rio termina com as palavras de Francisco em Porto Maldonado, no momento em que abre, oficialmente, o S\u00ednodo especial para a Amaz\u00f4nia: \u201cAjudai os vossos bispos, ajudai os vossos mission\u00e1rios e as vossas mission\u00e1rias a fazerem-se um s\u00f3 convosco e assim, dialogando com todos, podeis plasmar uma Igreja com rosto amaz\u00f4nico e uma Igreja com rosto ind\u00edgena. Com esse esp\u00edrito, convoquei um S\u00ednodo para a Amaz\u00f4nia no ano de 2019\u201d.<\/p>\n<p><strong>S\u00ednodo para a Amaz\u00f4nia<\/strong><br \/>\nO S\u00ednodo para Amaz\u00f4nia foi uma resposta do Papa Francisco \u00e0 realidade da Pan-Amaz\u00f4nia. De acordo com Francisco, \u201c o objetivo principal desta convoca\u00e7\u00e3o \u00e9 identificar novos caminhos para a evangeliza\u00e7\u00e3o daquela por\u00e7\u00e3o do Povo de Deus, especialmente dos ind\u00edgenas, frequentemente esquecidos e sem perspectivas de um futuro sereno, tamb\u00e9m por causa da crise da Floresta Amaz\u00f4nica, pulm\u00e3o de capital import\u00e2ncia para nosso planeta. Que os novos Santos intercedam por este evento eclesial para que, no respeito da beleza da Cria\u00e7\u00e3o, todos os povos da terra louvem a Deus, Senhor do universo, e por Ele iluminados, percorram caminhos de justi\u00e7a e de paz\u201d.<\/p>\n<p><strong><img loading=\"lazy\" class=\"alignleft size-full wp-image-163234\" src=\"http:\/\/franciscanos.org.br\/wp-content\/uploads\/2018\/06\/sinodo_110618.jpg\" alt=\"sinodo_110618\" width=\"338\" height=\"393\" \/>Divulgado o logotipo do S\u00ednodo<\/strong><br \/>\nTamb\u00e9m na sexta-feira, 8, foi divulgado o logotipo, criado pelo artista baiano\u00a0<b>Aur\u00e9lio Fred<\/b>, do Ateli\u00ea 15.\u00a0A proposta busca traduzir o esp\u00edrito do S\u00ednodo e o que se espera dele.<\/p>\n<p>\u201cA base para a logo \u00e9 uma folha, que nos aponta para toda a biodiversidade presente na Amaz\u00f4nia. O movimento dela tamb\u00e9m nos lembra o fogo, uma chama, que \u00e9 a\u00e7\u00e3o do Esp\u00edrito agindo neste momento da hist\u00f3ria na Igreja e na Amaz\u00f4nia. A folha, por sua vez, n\u00e3o tem um tra\u00e7ado simples que aponta para uma \u00fanica dire\u00e7\u00e3o, mas traz a trama de uma cesta ind\u00edgena, recordando a cultura das popula\u00e7\u00f5es tradicionais, a for\u00e7a, o trabalho e o sentido de unidade. Unidade, aqui, de toda a Pan-Amaz\u00f4nia, lembrada nas cores das bandeiras dos pa\u00edses que a comp\u00f5em, n\u00e3o tendo uma cor ou bandeira que prevale\u00e7a sobre a outra. No centro, um rio que une toda a regi\u00e3o, com seus afluentes e bacias, s\u00edmbolo tamb\u00e9m do caminho, motiva\u00e7\u00e3o do tema do S\u00ednodo, e que passa pela cruz, nossa identidade de Igreja e de crist\u00e3os\u201d.<\/p>\n<p>O logotipo do S\u00ednodo para a Amaz\u00f4nia obteve a aprova\u00e7\u00e3o da Secretaria Geral do S\u00ednodo dos Bispos, em Roma, e ser\u00e1 utilizado para a difus\u00e3o do material de divulga\u00e7\u00e3o do evento e do Documento Preparat\u00f3rio no territ\u00f3rio amaz\u00f4nico.<\/p>\n","protected":false},"excerpt":{"rendered":"<p>CNBB<\/p>\n","protected":false},"author":1,"featured_media":200598,"comment_status":"open","ping_status":"open","sticky":false,"template":"","format":"standard","meta":[],"categories":[1],"tags":[833,834],"acf":[],"yoast_head":"<!-- This site is optimized with the Yoast SEO plugin v19.2 - https:\/\/yoast.com\/wordpress\/plugins\/seo\/ -->\n<title>CNBB lan\u00e7a documento preparat\u00f3rio do S\u00ednodo para a Amaz\u00f4nia - Not\u00edcias - Franciscanos<\/title>\n<meta name=\"robots\" content=\"index, follow, max-snippet:-1, max-image-preview:large, max-video-preview:-1\" \/>\n<link rel=\"canonical\" href=\"https:\/\/franciscanos.org.br\/noticias\/documento-preparatorio-do-sinodo-para-a-amazonia-e-lancado-em-brasilia.html\" \/>\n<meta property=\"og:locale\" content=\"pt_BR\" \/>\n<meta property=\"og:type\" content=\"article\" \/>\n<meta property=\"og:title\" content=\"CNBB lan\u00e7a documento preparat\u00f3rio do S\u00ednodo para a Amaz\u00f4nia - Not\u00edcias - Franciscanos\" \/>\n<meta property=\"og:description\" content=\"CNBB\" \/>\n<meta property=\"og:url\" content=\"https:\/\/franciscanos.org.br\/noticias\/documento-preparatorio-do-sinodo-para-a-amazonia-e-lancado-em-brasilia.html\" \/>\n<meta property=\"og:site_name\" content=\"Not\u00edcias - Franciscanos\" \/>\n<meta property=\"article:published_time\" content=\"2018-06-09T12:52:48+00:00\" \/>\n<meta property=\"article:modified_time\" content=\"2019-02-26T16:54:15+00:00\" \/>\n<meta property=\"og:image\" content=\"https:\/\/franciscanos.org.br\/noticias\/wp-content\/uploads\/2018\/06\/repam_110618G.jpg\" \/>\n\t<meta property=\"og:image:width\" content=\"273\" \/>\n\t<meta property=\"og:image:height\" content=\"181\" \/>\n\t<meta property=\"og:image:type\" content=\"image\/jpeg\" \/>\n<meta name=\"author\" content=\"admin\" \/>\n<meta name=\"twitter:card\" content=\"summary_large_image\" \/>\n<meta name=\"twitter:label1\" content=\"Escrito por\" \/>\n\t<meta name=\"twitter:data1\" content=\"admin\" \/>\n\t<meta name=\"twitter:label2\" content=\"Est. tempo de leitura\" \/>\n\t<meta name=\"twitter:data2\" content=\"7 minutos\" \/>\n<script type=\"application\/ld+json\" class=\"yoast-schema-graph\">{\"@context\":\"https:\/\/schema.org\",\"@graph\":[{\"@type\":\"WebSite\",\"@id\":\"https:\/\/franciscanos.org.br\/noticias\/#website\",\"url\":\"https:\/\/franciscanos.org.br\/noticias\/\",\"name\":\"Not\u00edcias - Franciscanos\",\"description\":\"Prov\u00edncia Franciscana da Imaculada Concei\u00e7\u00e3o do Brasil - Ordem dos Frades Menores - OFM\",\"potentialAction\":[{\"@type\":\"SearchAction\",\"target\":{\"@type\":\"EntryPoint\",\"urlTemplate\":\"https:\/\/franciscanos.org.br\/noticias\/?s={search_term_string}\"},\"query-input\":\"required name=search_term_string\"}],\"inLanguage\":\"pt-BR\"},{\"@type\":\"ImageObject\",\"inLanguage\":\"pt-BR\",\"@id\":\"https:\/\/franciscanos.org.br\/noticias\/documento-preparatorio-do-sinodo-para-a-amazonia-e-lancado-em-brasilia.html#primaryimage\",\"url\":\"https:\/\/franciscanos.org.br\/noticias\/wp-content\/uploads\/2018\/06\/repam_110618G.jpg\",\"contentUrl\":\"https:\/\/franciscanos.org.br\/noticias\/wp-content\/uploads\/2018\/06\/repam_110618G.jpg\",\"width\":273,\"height\":181},{\"@type\":\"WebPage\",\"@id\":\"https:\/\/franciscanos.org.br\/noticias\/documento-preparatorio-do-sinodo-para-a-amazonia-e-lancado-em-brasilia.html#webpage\",\"url\":\"https:\/\/franciscanos.org.br\/noticias\/documento-preparatorio-do-sinodo-para-a-amazonia-e-lancado-em-brasilia.html\",\"name\":\"CNBB lan\u00e7a documento preparat\u00f3rio do S\u00ednodo para a Amaz\u00f4nia - Not\u00edcias - Franciscanos\",\"isPartOf\":{\"@id\":\"https:\/\/franciscanos.org.br\/noticias\/#website\"},\"primaryImageOfPage\":{\"@id\":\"https:\/\/franciscanos.org.br\/noticias\/documento-preparatorio-do-sinodo-para-a-amazonia-e-lancado-em-brasilia.html#primaryimage\"},\"datePublished\":\"2018-06-09T12:52:48+00:00\",\"dateModified\":\"2019-02-26T16:54:15+00:00\",\"author\":{\"@id\":\"https:\/\/franciscanos.org.br\/noticias\/#\/schema\/person\/b38fbf43118f02820bd932f2e4b14ad3\"},\"breadcrumb\":{\"@id\":\"https:\/\/franciscanos.org.br\/noticias\/documento-preparatorio-do-sinodo-para-a-amazonia-e-lancado-em-brasilia.html#breadcrumb\"},\"inLanguage\":\"pt-BR\",\"potentialAction\":[{\"@type\":\"ReadAction\",\"target\":[\"https:\/\/franciscanos.org.br\/noticias\/documento-preparatorio-do-sinodo-para-a-amazonia-e-lancado-em-brasilia.html\"]}]},{\"@type\":\"BreadcrumbList\",\"@id\":\"https:\/\/franciscanos.org.br\/noticias\/documento-preparatorio-do-sinodo-para-a-amazonia-e-lancado-em-brasilia.html#breadcrumb\",\"itemListElement\":[{\"@type\":\"ListItem\",\"position\":1,\"name\":\"Home\",\"item\":\"https:\/\/franciscanos.org.br\/noticias\"},{\"@type\":\"ListItem\",\"position\":2,\"name\":\"CNBB lan\u00e7a documento preparat\u00f3rio do S\u00ednodo para a Amaz\u00f4nia\"}]},{\"@type\":\"Person\",\"@id\":\"https:\/\/franciscanos.org.br\/noticias\/#\/schema\/person\/b38fbf43118f02820bd932f2e4b14ad3\",\"name\":\"admin\",\"image\":{\"@type\":\"ImageObject\",\"inLanguage\":\"pt-BR\",\"@id\":\"https:\/\/franciscanos.org.br\/noticias\/#\/schema\/person\/image\/\",\"url\":\"https:\/\/secure.gravatar.com\/avatar\/e8495742d34d0ba6448ea1c628263b3e?s=96&d=mm&r=g\",\"contentUrl\":\"https:\/\/secure.gravatar.com\/avatar\/e8495742d34d0ba6448ea1c628263b3e?s=96&d=mm&r=g\",\"caption\":\"admin\"},\"url\":\"https:\/\/franciscanos.org.br\/noticias\/author\/admin\"}]}<\/script>\n<!-- \/ Yoast SEO plugin. -->","yoast_head_json":{"title":"CNBB lan\u00e7a documento preparat\u00f3rio do S\u00ednodo para a Amaz\u00f4nia - Not\u00edcias - Franciscanos","robots":{"index":"index","follow":"follow","max-snippet":"max-snippet:-1","max-image-preview":"max-image-preview:large","max-video-preview":"max-video-preview:-1"},"canonical":"https:\/\/franciscanos.org.br\/noticias\/documento-preparatorio-do-sinodo-para-a-amazonia-e-lancado-em-brasilia.html","og_locale":"pt_BR","og_type":"article","og_title":"CNBB lan\u00e7a documento preparat\u00f3rio do S\u00ednodo para a Amaz\u00f4nia - Not\u00edcias - Franciscanos","og_description":"CNBB","og_url":"https:\/\/franciscanos.org.br\/noticias\/documento-preparatorio-do-sinodo-para-a-amazonia-e-lancado-em-brasilia.html","og_site_name":"Not\u00edcias - Franciscanos","article_published_time":"2018-06-09T12:52:48+00:00","article_modified_time":"2019-02-26T16:54:15+00:00","og_image":[{"width":273,"height":181,"url":"https:\/\/franciscanos.org.br\/noticias\/wp-content\/uploads\/2018\/06\/repam_110618G.jpg","type":"image\/jpeg"}],"author":"admin","twitter_card":"summary_large_image","twitter_misc":{"Escrito por":"admin","Est. tempo de leitura":"7 minutos"},"schema":{"@context":"https:\/\/schema.org","@graph":[{"@type":"WebSite","@id":"https:\/\/franciscanos.org.br\/noticias\/#website","url":"https:\/\/franciscanos.org.br\/noticias\/","name":"Not\u00edcias - Franciscanos","description":"Prov\u00edncia Franciscana da Imaculada Concei\u00e7\u00e3o do Brasil - Ordem dos Frades Menores - OFM","potentialAction":[{"@type":"SearchAction","target":{"@type":"EntryPoint","urlTemplate":"https:\/\/franciscanos.org.br\/noticias\/?s={search_term_string}"},"query-input":"required name=search_term_string"}],"inLanguage":"pt-BR"},{"@type":"ImageObject","inLanguage":"pt-BR","@id":"https:\/\/franciscanos.org.br\/noticias\/documento-preparatorio-do-sinodo-para-a-amazonia-e-lancado-em-brasilia.html#primaryimage","url":"https:\/\/franciscanos.org.br\/noticias\/wp-content\/uploads\/2018\/06\/repam_110618G.jpg","contentUrl":"https:\/\/franciscanos.org.br\/noticias\/wp-content\/uploads\/2018\/06\/repam_110618G.jpg","width":273,"height":181},{"@type":"WebPage","@id":"https:\/\/franciscanos.org.br\/noticias\/documento-preparatorio-do-sinodo-para-a-amazonia-e-lancado-em-brasilia.html#webpage","url":"https:\/\/franciscanos.org.br\/noticias\/documento-preparatorio-do-sinodo-para-a-amazonia-e-lancado-em-brasilia.html","name":"CNBB lan\u00e7a documento preparat\u00f3rio do S\u00ednodo para a Amaz\u00f4nia - Not\u00edcias - Franciscanos","isPartOf":{"@id":"https:\/\/franciscanos.org.br\/noticias\/#website"},"primaryImageOfPage":{"@id":"https:\/\/franciscanos.org.br\/noticias\/documento-preparatorio-do-sinodo-para-a-amazonia-e-lancado-em-brasilia.html#primaryimage"},"datePublished":"2018-06-09T12:52:48+00:00","dateModified":"2019-02-26T16:54:15+00:00","author":{"@id":"https:\/\/franciscanos.org.br\/noticias\/#\/schema\/person\/b38fbf43118f02820bd932f2e4b14ad3"},"breadcrumb":{"@id":"https:\/\/franciscanos.org.br\/noticias\/documento-preparatorio-do-sinodo-para-a-amazonia-e-lancado-em-brasilia.html#breadcrumb"},"inLanguage":"pt-BR","potentialAction":[{"@type":"ReadAction","target":["https:\/\/franciscanos.org.br\/noticias\/documento-preparatorio-do-sinodo-para-a-amazonia-e-lancado-em-brasilia.html"]}]},{"@type":"BreadcrumbList","@id":"https:\/\/franciscanos.org.br\/noticias\/documento-preparatorio-do-sinodo-para-a-amazonia-e-lancado-em-brasilia.html#breadcrumb","itemListElement":[{"@type":"ListItem","position":1,"name":"Home","item":"https:\/\/franciscanos.org.br\/noticias"},{"@type":"ListItem","position":2,"name":"CNBB lan\u00e7a documento preparat\u00f3rio do S\u00ednodo para a Amaz\u00f4nia"}]},{"@type":"Person","@id":"https:\/\/franciscanos.org.br\/noticias\/#\/schema\/person\/b38fbf43118f02820bd932f2e4b14ad3","name":"admin","image":{"@type":"ImageObject","inLanguage":"pt-BR","@id":"https:\/\/franciscanos.org.br\/noticias\/#\/schema\/person\/image\/","url":"https:\/\/secure.gravatar.com\/avatar\/e8495742d34d0ba6448ea1c628263b3e?s=96&d=mm&r=g","contentUrl":"https:\/\/secure.gravatar.com\/avatar\/e8495742d34d0ba6448ea1c628263b3e?s=96&d=mm&r=g","caption":"admin"},"url":"https:\/\/franciscanos.org.br\/noticias\/author\/admin"}]}},"_links":{"self":[{"href":"https:\/\/franciscanos.org.br\/noticias\/wp-json\/wp\/v2\/posts\/163233"}],"collection":[{"href":"https:\/\/franciscanos.org.br\/noticias\/wp-json\/wp\/v2\/posts"}],"about":[{"href":"https:\/\/franciscanos.org.br\/noticias\/wp-json\/wp\/v2\/types\/post"}],"author":[{"embeddable":true,"href":"https:\/\/franciscanos.org.br\/noticias\/wp-json\/wp\/v2\/users\/1"}],"replies":[{"embeddable":true,"href":"https:\/\/franciscanos.org.br\/noticias\/wp-json\/wp\/v2\/comments?post=163233"}],"version-history":[{"count":0,"href":"https:\/\/franciscanos.org.br\/noticias\/wp-json\/wp\/v2\/posts\/163233\/revisions"}],"wp:featuredmedia":[{"embeddable":true,"href":"https:\/\/franciscanos.org.br\/noticias\/wp-json\/wp\/v2\/media\/200598"}],"wp:attachment":[{"href":"https:\/\/franciscanos.org.br\/noticias\/wp-json\/wp\/v2\/media?parent=163233"}],"wp:term":[{"taxonomy":"category","embeddable":true,"href":"https:\/\/franciscanos.org.br\/noticias\/wp-json\/wp\/v2\/categories?post=163233"},{"taxonomy":"post_tag","embeddable":true,"href":"https:\/\/franciscanos.org.br\/noticias\/wp-json\/wp\/v2\/tags?post=163233"}],"curies":[{"name":"wp","href":"https:\/\/api.w.org\/{rel}","templated":true}]}}