{"id":163095,"date":"2018-06-11T10:55:52","date_gmt":"2018-06-11T13:55:52","guid":{"rendered":"http:\/\/franciscanos.org.br\/?p=163095"},"modified":"2019-10-30T13:29:47","modified_gmt":"2019-10-30T16:29:47","slug":"santo-antonio-o-santo-dos-pobres","status":"publish","type":"post","link":"https:\/\/franciscanos.org.br\/noticias\/santo-antonio-o-santo-dos-pobres.html","title":{"rendered":"Ser pobre \u00e9 reconhecer a nossa verdadeira natureza"},"content":{"rendered":"<p><strong>S\u00e3o Paulo (SP) &#8211;<\/strong> No 11\u00ba dia da Trezena de Santo Ant\u00f4nio, na Par\u00f3quia do Pari, em S\u00e3o Paulo (SP), o pregador Frei Clauzemir Makximovitz falou sobre o tema \u201cSanto Ant\u00f4nio o Santo dos Pobres. Segundo ele, Santo Ant\u00f4nio \u00e9 lembrado como o santo dos pobres pela sua caridade e bondade de cora\u00e7\u00e3o, que o levavam a partilhar at\u00e9 mesmo o que lhe faria falta com os mais necessitados.<\/p>\n<p>A espiritualidade da vida religiosa \u00e9 centrada nos chamados \u201cconselhos evang\u00e9licos\u201d, popularmente chamados de votos, que todo religioso assume: s\u00e3o eles, pobreza, castidade e obedi\u00eancia. Na espiritualidade franciscana, assumida na radicalidade por Santo Ant\u00f4nio, trata-se de viver sem nada de pr\u00f3prio, cultivando a pureza de cora\u00e7\u00e3o, e obediente ao mandato do Senhor.<\/p>\n<p>Frei Clauzemir destacou que no 11\u00ba dia da Trezena, iria refletir apenas sobre um aspecto da pobreza, que se desvencilha da mis\u00e9ria, imposta e t\u00e3o pecaminosa. A pobreza, como assumida por Cristo, plenifica nossa experi\u00eancia de Deus, e \u00e9 virtude a ser buscada. No entanto, nada tem a ver com a desigualdade social imposta pelos poderosos e ego\u00edstas, nem com os frutos pecaminosos do ac\u00famulo por parte de alguns.<\/p>\n<p><img loading=\"lazy\" class=\"alignleft wp-image-163097\" src=\"http:\/\/franciscanos.org.br\/wp-content\/uploads\/2018\/06\/trezena_pari_100618_1.jpg\" alt=\"trezena_pari_100618_1\" width=\"277\" height=\"366\" \/>\u201cSer pobre \u00e9 reconhecer nossa verdadeira natureza, de dependentes de Deus. Reconhecer que tudo o que h\u00e1 pertence a Deus, e nos \u00e9 dado para o cuidado somente. Reconhecer que por n\u00f3s mesmos nada possu\u00edmos, nada conquistamos sozinhos, sem o auxilia de Deus, \u00e9 a verdadeira pobreza de cora\u00e7\u00e3o, tida como virtude que os santos tanto almejam\u201d, ensinou o jovem frade.<\/p>\n<p>Outro crit\u00e9rio da devo\u00e7\u00e3o a Santo Ant\u00f4nio, entretanto, tem a ver com a mis\u00e9ria imposta \u00e0 grande parcela do povo, que se v\u00ea desamparado e sozinho, e que encontra na f\u00e9 a for\u00e7a e o sustento para enfrentar a realidade. \u201cA esses, a devo\u00e7\u00e3o a Santo Ant\u00f4nio n\u00e3o pode ser apenas um consolo que ajuda a aplacar a indigna\u00e7\u00e3o e aceitar o peso da realidade, pelo contr\u00e1rio, a f\u00e9 em nosso santo intercessor deve nos motivar a lutar por melhores condi\u00e7\u00f5es de vida, pelo cumprimento dos direitos b\u00e1sicos de cada cidad\u00e3o e por oportunidades de crescimento e melhoria de vida\u201d, acentuou.<\/p>\n<p>\u201cHoje, ao invocarmos sua intercess\u00e3o em favor dos pobres, nos comprometemos a lutar para que a vida do pobre seja mais digna, para que n\u00e3o lhe faltem seus direitos b\u00e1sicos, e para que oportunidades de melhoria de vida lhe sejam presentes. Nosso papel de constru\u00e7\u00e3o do Reino de Deus j\u00e1 passa pela justi\u00e7a social e pela melhor divis\u00e3o dos dons que Deus nos concede a todos\u201d, finalizou.<\/p>\n<p>Neste dia 11 de junho, o tema do 12\u00ba dia da Trezena ser\u00e1 \u201cSanto Ant\u00f4nio o Santo do amor\u201d, a Celebra\u00e7\u00e3o Eucar\u00edstica acontecer\u00e1 \u00e0s 19 horas.<\/p>\n","protected":false},"excerpt":{"rendered":"<p>Par\u00f3quia Santo Ant\u00f4nio do Pari<\/p>\n","protected":false},"author":1,"featured_media":193658,"comment_status":"open","ping_status":"open","sticky":false,"template":"","format":"standard","meta":[],"categories":[1],"tags":[287,389],"acf":[],"yoast_head":"<!-- This site is optimized with the Yoast SEO plugin v19.2 - https:\/\/yoast.com\/wordpress\/plugins\/seo\/ -->\n<title>Ser pobre \u00e9 reconhecer a nossa verdadeira natureza - Not\u00edcias - Franciscanos<\/title>\n<meta name=\"robots\" content=\"index, follow, max-snippet:-1, max-image-preview:large, max-video-preview:-1\" \/>\n<link rel=\"canonical\" href=\"https:\/\/franciscanos.org.br\/noticias\/santo-antonio-o-santo-dos-pobres.html\" \/>\n<meta property=\"og:locale\" content=\"pt_BR\" \/>\n<meta property=\"og:type\" content=\"article\" \/>\n<meta property=\"og:title\" content=\"Ser pobre \u00e9 reconhecer a nossa verdadeira natureza - Not\u00edcias - Franciscanos\" \/>\n<meta property=\"og:description\" content=\"Par\u00f3quia Santo Ant\u00f4nio do Pari\" \/>\n<meta property=\"og:url\" content=\"https:\/\/franciscanos.org.br\/noticias\/santo-antonio-o-santo-dos-pobres.html\" \/>\n<meta property=\"og:site_name\" content=\"Not\u00edcias - Franciscanos\" \/>\n<meta property=\"article:published_time\" content=\"2018-06-11T13:55:52+00:00\" \/>\n<meta property=\"article:modified_time\" content=\"2019-10-30T16:29:47+00:00\" \/>\n<meta property=\"og:image\" content=\"https:\/\/franciscanos.org.br\/noticias\/wp-content\/uploads\/2018\/06\/trezena_pari_100618_1.jpg\" \/>\n\t<meta property=\"og:image:width\" content=\"273\" \/>\n\t<meta property=\"og:image:height\" content=\"181\" \/>\n\t<meta property=\"og:image:type\" content=\"image\/jpeg\" \/>\n<meta name=\"author\" content=\"admin\" \/>\n<meta name=\"twitter:card\" content=\"summary_large_image\" \/>\n<meta name=\"twitter:label1\" content=\"Escrito por\" \/>\n\t<meta name=\"twitter:data1\" content=\"admin\" \/>\n\t<meta name=\"twitter:label2\" content=\"Est. tempo de leitura\" \/>\n\t<meta name=\"twitter:data2\" content=\"2 minutos\" \/>\n<script type=\"application\/ld+json\" class=\"yoast-schema-graph\">{\"@context\":\"https:\/\/schema.org\",\"@graph\":[{\"@type\":\"WebSite\",\"@id\":\"https:\/\/franciscanos.org.br\/noticias\/#website\",\"url\":\"https:\/\/franciscanos.org.br\/noticias\/\",\"name\":\"Not\u00edcias - Franciscanos\",\"description\":\"Prov\u00edncia Franciscana da Imaculada Concei\u00e7\u00e3o do Brasil - Ordem dos Frades Menores - OFM\",\"potentialAction\":[{\"@type\":\"SearchAction\",\"target\":{\"@type\":\"EntryPoint\",\"urlTemplate\":\"https:\/\/franciscanos.org.br\/noticias\/?s={search_term_string}\"},\"query-input\":\"required name=search_term_string\"}],\"inLanguage\":\"pt-BR\"},{\"@type\":\"ImageObject\",\"inLanguage\":\"pt-BR\",\"@id\":\"https:\/\/franciscanos.org.br\/noticias\/santo-antonio-o-santo-dos-pobres.html#primaryimage\",\"url\":\"https:\/\/franciscanos.org.br\/noticias\/wp-content\/uploads\/2018\/06\/trezena_pari_100618_1.jpg\",\"contentUrl\":\"https:\/\/franciscanos.org.br\/noticias\/wp-content\/uploads\/2018\/06\/trezena_pari_100618_1.jpg\",\"width\":273,\"height\":181},{\"@type\":\"WebPage\",\"@id\":\"https:\/\/franciscanos.org.br\/noticias\/santo-antonio-o-santo-dos-pobres.html#webpage\",\"url\":\"https:\/\/franciscanos.org.br\/noticias\/santo-antonio-o-santo-dos-pobres.html\",\"name\":\"Ser pobre \u00e9 reconhecer a nossa verdadeira natureza - Not\u00edcias - Franciscanos\",\"isPartOf\":{\"@id\":\"https:\/\/franciscanos.org.br\/noticias\/#website\"},\"primaryImageOfPage\":{\"@id\":\"https:\/\/franciscanos.org.br\/noticias\/santo-antonio-o-santo-dos-pobres.html#primaryimage\"},\"datePublished\":\"2018-06-11T13:55:52+00:00\",\"dateModified\":\"2019-10-30T16:29:47+00:00\",\"author\":{\"@id\":\"https:\/\/franciscanos.org.br\/noticias\/#\/schema\/person\/b38fbf43118f02820bd932f2e4b14ad3\"},\"breadcrumb\":{\"@id\":\"https:\/\/franciscanos.org.br\/noticias\/santo-antonio-o-santo-dos-pobres.html#breadcrumb\"},\"inLanguage\":\"pt-BR\",\"potentialAction\":[{\"@type\":\"ReadAction\",\"target\":[\"https:\/\/franciscanos.org.br\/noticias\/santo-antonio-o-santo-dos-pobres.html\"]}]},{\"@type\":\"BreadcrumbList\",\"@id\":\"https:\/\/franciscanos.org.br\/noticias\/santo-antonio-o-santo-dos-pobres.html#breadcrumb\",\"itemListElement\":[{\"@type\":\"ListItem\",\"position\":1,\"name\":\"Home\",\"item\":\"https:\/\/franciscanos.org.br\/noticias\"},{\"@type\":\"ListItem\",\"position\":2,\"name\":\"Ser pobre \u00e9 reconhecer a nossa verdadeira natureza\"}]},{\"@type\":\"Person\",\"@id\":\"https:\/\/franciscanos.org.br\/noticias\/#\/schema\/person\/b38fbf43118f02820bd932f2e4b14ad3\",\"name\":\"admin\",\"image\":{\"@type\":\"ImageObject\",\"inLanguage\":\"pt-BR\",\"@id\":\"https:\/\/franciscanos.org.br\/noticias\/#\/schema\/person\/image\/\",\"url\":\"https:\/\/secure.gravatar.com\/avatar\/e8495742d34d0ba6448ea1c628263b3e?s=96&d=mm&r=g\",\"contentUrl\":\"https:\/\/secure.gravatar.com\/avatar\/e8495742d34d0ba6448ea1c628263b3e?s=96&d=mm&r=g\",\"caption\":\"admin\"},\"url\":\"https:\/\/franciscanos.org.br\/noticias\/author\/admin\"}]}<\/script>\n<!-- \/ Yoast SEO plugin. -->","yoast_head_json":{"title":"Ser pobre \u00e9 reconhecer a nossa verdadeira natureza - Not\u00edcias - Franciscanos","robots":{"index":"index","follow":"follow","max-snippet":"max-snippet:-1","max-image-preview":"max-image-preview:large","max-video-preview":"max-video-preview:-1"},"canonical":"https:\/\/franciscanos.org.br\/noticias\/santo-antonio-o-santo-dos-pobres.html","og_locale":"pt_BR","og_type":"article","og_title":"Ser pobre \u00e9 reconhecer a nossa verdadeira natureza - Not\u00edcias - Franciscanos","og_description":"Par\u00f3quia Santo Ant\u00f4nio do Pari","og_url":"https:\/\/franciscanos.org.br\/noticias\/santo-antonio-o-santo-dos-pobres.html","og_site_name":"Not\u00edcias - Franciscanos","article_published_time":"2018-06-11T13:55:52+00:00","article_modified_time":"2019-10-30T16:29:47+00:00","og_image":[{"width":273,"height":181,"url":"https:\/\/franciscanos.org.br\/noticias\/wp-content\/uploads\/2018\/06\/trezena_pari_100618_1.jpg","type":"image\/jpeg"}],"author":"admin","twitter_card":"summary_large_image","twitter_misc":{"Escrito por":"admin","Est. tempo de leitura":"2 minutos"},"schema":{"@context":"https:\/\/schema.org","@graph":[{"@type":"WebSite","@id":"https:\/\/franciscanos.org.br\/noticias\/#website","url":"https:\/\/franciscanos.org.br\/noticias\/","name":"Not\u00edcias - Franciscanos","description":"Prov\u00edncia Franciscana da Imaculada Concei\u00e7\u00e3o do Brasil - Ordem dos Frades Menores - OFM","potentialAction":[{"@type":"SearchAction","target":{"@type":"EntryPoint","urlTemplate":"https:\/\/franciscanos.org.br\/noticias\/?s={search_term_string}"},"query-input":"required name=search_term_string"}],"inLanguage":"pt-BR"},{"@type":"ImageObject","inLanguage":"pt-BR","@id":"https:\/\/franciscanos.org.br\/noticias\/santo-antonio-o-santo-dos-pobres.html#primaryimage","url":"https:\/\/franciscanos.org.br\/noticias\/wp-content\/uploads\/2018\/06\/trezena_pari_100618_1.jpg","contentUrl":"https:\/\/franciscanos.org.br\/noticias\/wp-content\/uploads\/2018\/06\/trezena_pari_100618_1.jpg","width":273,"height":181},{"@type":"WebPage","@id":"https:\/\/franciscanos.org.br\/noticias\/santo-antonio-o-santo-dos-pobres.html#webpage","url":"https:\/\/franciscanos.org.br\/noticias\/santo-antonio-o-santo-dos-pobres.html","name":"Ser pobre \u00e9 reconhecer a nossa verdadeira natureza - Not\u00edcias - Franciscanos","isPartOf":{"@id":"https:\/\/franciscanos.org.br\/noticias\/#website"},"primaryImageOfPage":{"@id":"https:\/\/franciscanos.org.br\/noticias\/santo-antonio-o-santo-dos-pobres.html#primaryimage"},"datePublished":"2018-06-11T13:55:52+00:00","dateModified":"2019-10-30T16:29:47+00:00","author":{"@id":"https:\/\/franciscanos.org.br\/noticias\/#\/schema\/person\/b38fbf43118f02820bd932f2e4b14ad3"},"breadcrumb":{"@id":"https:\/\/franciscanos.org.br\/noticias\/santo-antonio-o-santo-dos-pobres.html#breadcrumb"},"inLanguage":"pt-BR","potentialAction":[{"@type":"ReadAction","target":["https:\/\/franciscanos.org.br\/noticias\/santo-antonio-o-santo-dos-pobres.html"]}]},{"@type":"BreadcrumbList","@id":"https:\/\/franciscanos.org.br\/noticias\/santo-antonio-o-santo-dos-pobres.html#breadcrumb","itemListElement":[{"@type":"ListItem","position":1,"name":"Home","item":"https:\/\/franciscanos.org.br\/noticias"},{"@type":"ListItem","position":2,"name":"Ser pobre \u00e9 reconhecer a nossa verdadeira natureza"}]},{"@type":"Person","@id":"https:\/\/franciscanos.org.br\/noticias\/#\/schema\/person\/b38fbf43118f02820bd932f2e4b14ad3","name":"admin","image":{"@type":"ImageObject","inLanguage":"pt-BR","@id":"https:\/\/franciscanos.org.br\/noticias\/#\/schema\/person\/image\/","url":"https:\/\/secure.gravatar.com\/avatar\/e8495742d34d0ba6448ea1c628263b3e?s=96&d=mm&r=g","contentUrl":"https:\/\/secure.gravatar.com\/avatar\/e8495742d34d0ba6448ea1c628263b3e?s=96&d=mm&r=g","caption":"admin"},"url":"https:\/\/franciscanos.org.br\/noticias\/author\/admin"}]}},"_links":{"self":[{"href":"https:\/\/franciscanos.org.br\/noticias\/wp-json\/wp\/v2\/posts\/163095"}],"collection":[{"href":"https:\/\/franciscanos.org.br\/noticias\/wp-json\/wp\/v2\/posts"}],"about":[{"href":"https:\/\/franciscanos.org.br\/noticias\/wp-json\/wp\/v2\/types\/post"}],"author":[{"embeddable":true,"href":"https:\/\/franciscanos.org.br\/noticias\/wp-json\/wp\/v2\/users\/1"}],"replies":[{"embeddable":true,"href":"https:\/\/franciscanos.org.br\/noticias\/wp-json\/wp\/v2\/comments?post=163095"}],"version-history":[{"count":0,"href":"https:\/\/franciscanos.org.br\/noticias\/wp-json\/wp\/v2\/posts\/163095\/revisions"}],"wp:featuredmedia":[{"embeddable":true,"href":"https:\/\/franciscanos.org.br\/noticias\/wp-json\/wp\/v2\/media\/193658"}],"wp:attachment":[{"href":"https:\/\/franciscanos.org.br\/noticias\/wp-json\/wp\/v2\/media?parent=163095"}],"wp:term":[{"taxonomy":"category","embeddable":true,"href":"https:\/\/franciscanos.org.br\/noticias\/wp-json\/wp\/v2\/categories?post=163095"},{"taxonomy":"post_tag","embeddable":true,"href":"https:\/\/franciscanos.org.br\/noticias\/wp-json\/wp\/v2\/tags?post=163095"}],"curies":[{"name":"wp","href":"https:\/\/api.w.org\/{rel}","templated":true}]}}