{"id":163062,"date":"2018-06-11T08:00:07","date_gmt":"2018-06-11T11:00:07","guid":{"rendered":"http:\/\/franciscanos.org.br\/?p=163062"},"modified":"2020-06-07T14:46:53","modified_gmt":"2020-06-07T17:46:53","slug":"que-os-evangelizadores-nao-sejam-carreiristas","status":"publish","type":"post","link":"https:\/\/franciscanos.org.br\/noticias\/que-os-evangelizadores-nao-sejam-carreiristas.html","title":{"rendered":"Que os evangelizadores n\u00e3o sejam carreiristas"},"content":{"rendered":"<p><img loading=\"lazy\" src=\"http:\/\/franciscanos.org.br\/wp-content\/uploads\/2018\/06\/marta_110618.jpg\" alt=\"marta_110618\" width=\"820\" height=\"461\" \/><\/p>\n<p><strong>Cidade do Vaticano<\/strong> &#8211; A evangeliza\u00e7\u00e3o tem tr\u00eas dimens\u00f5es fundamentais: <strong>o an\u00fancio, o servi\u00e7o e a gratuidade<\/strong>. Foi o que sublinhou o Papa Francisco na homilia da Missa celebrada na manh\u00e3 desta segunda-feira, 11, na capela da Casa Santa Marta. Inspirando-se nas leituras do dia, o Pont\u00edfice esclarece que o Esp\u00edrito Santo \u00e9 o \u201cprotagonista\u201d do an\u00fancio, que n\u00e3o apresenta uma simples \u201cprega\u00e7\u00e3o\u201d ou a \u201ctransmiss\u00e3o\u201d de algumas ideias, mas \u00e9 um movimento din\u00e2mico capaz de \u201ctransformar os cora\u00e7\u00f5es\u201d, gra\u00e7as \u00e0 a\u00e7\u00e3o do Esp\u00edrito.<\/p>\n<p><strong>Ou\u00e7a e compartilhe!<\/strong><\/p>\n<p>\u201cVimos planos pastorais bem feitos, perfeitos \u2013 precisa Francisco \u2013 mas que n\u00e3o eram instrumento de evangeliza\u00e7\u00e3o\u201d, simplesmente porque eram finalizados em si mesmos, \u201cincapazes de transformar os cora\u00e7\u00f5es\u201d: &#8220;N\u00e3o \u00e9 uma atitude empresarial que Jesus nos manda ter,\u00a0 n\u00e3o. \u00c9 com o Esp\u00edrito Santo. Isso \u00e9 coragem. A verdadeira coragem da evangeliza\u00e7\u00e3o n\u00e3o \u00e9 uma teimosia humana, assim&#8230; N\u00e3o. \u00c9 o Esp\u00edrito Santo que nos d\u00e1 coragem e leva voc\u00ea em frente&#8221;.<\/p>\n<p><strong>Na Igreja \u00e9 preciso servir<\/strong><\/p>\n<p>A segunda dimens\u00e3o da evangeliza\u00e7\u00e3o destacada pelo Papa, \u00e9 a do servi\u00e7o, oferecido tamb\u00e9m \u201cnas pequenas coisas\u201d.\u00a0 Equivocada, de fato, \u00e9 a presun\u00e7\u00e3o de querer ser servido depois de ter feito carreira, na Igreja ou na sociedade: \u201co subir na Igreja \u2013 acrescenta \u2013 \u00e9 um sinal que n\u00e3o se sabe o que \u00e9 a evangeliza\u00e7\u00e3o\u201d: \u201cAquele que manda, deve ser como aquele que serve\u201d: \u201cN\u00f3s podemos anunciar coisas boas, mas sem servi\u00e7o n\u00e3o \u00e9 an\u00fancio, parece, mas n\u00e3o \u00e9. Porque o Esp\u00edrito n\u00e3o somente leva voc\u00ea em frente para proclamar as verdades do Senhor e a vida do Senhor, mas leva voc\u00ea tamb\u00e9m aos irm\u00e3os, irm\u00e3s, para servi-los. Tamb\u00e9m nas coisas pequenas. \u00c9 feio quando nos deparamos com evangelizadores que se fazem servir e vivem para serem servidos. \u00c9 feio. S\u00e3o como pr\u00edncipes da evangeliza\u00e7\u00e3o\u201d.<\/p>\n<p><strong>Gratuidade da evangeliza\u00e7\u00e3o<\/strong><\/p>\n<p>Por fim, a gratuidade, porque ningu\u00e9m pode redimir-se pelos pr\u00f3prios m\u00e9ritos. \u201cGratuitamente recebestes \u2013 nos recorda o Senhor &#8211; gratuitamente deveis dar\u201d: \u201cTodos n\u00f3s fomos salvos gratuitamente por Jesus Cristo e portanto devemos dar gratuitamente. Os agentes pastorais da evangeliza\u00e7\u00e3o devem aprender isto, a vida deles deve ser gratuita, a servi\u00e7o, ao an\u00fancio, conduzidos pelo Esp\u00edrito. A pr\u00f3pria pobreza os impele a abrirem-se ao Esp\u00edrito\u201d.<\/p>\n<hr \/>\n<p><em>Fonte: Vatican News<\/em><\/p>\n","protected":false},"excerpt":{"rendered":"<p>Missa em Santa Marta<\/p>\n","protected":false},"author":1,"featured_media":194627,"comment_status":"open","ping_status":"open","sticky":false,"template":"","format":"standard","meta":[],"categories":[1428],"tags":[1586],"acf":[],"yoast_head":"<!-- This site is optimized with the Yoast SEO plugin v19.2 - https:\/\/yoast.com\/wordpress\/plugins\/seo\/ -->\n<title>Que os evangelizadores n\u00e3o sejam carreiristas - Not\u00edcias - Franciscanos<\/title>\n<meta name=\"robots\" content=\"index, follow, max-snippet:-1, max-image-preview:large, max-video-preview:-1\" \/>\n<link rel=\"canonical\" href=\"https:\/\/franciscanos.org.br\/noticias\/que-os-evangelizadores-nao-sejam-carreiristas.html\" \/>\n<meta property=\"og:locale\" content=\"pt_BR\" \/>\n<meta property=\"og:type\" content=\"article\" \/>\n<meta property=\"og:title\" content=\"Que os evangelizadores n\u00e3o sejam carreiristas - Not\u00edcias - Franciscanos\" \/>\n<meta property=\"og:description\" content=\"Missa em Santa Marta\" \/>\n<meta property=\"og:url\" content=\"https:\/\/franciscanos.org.br\/noticias\/que-os-evangelizadores-nao-sejam-carreiristas.html\" \/>\n<meta property=\"og:site_name\" content=\"Not\u00edcias - Franciscanos\" \/>\n<meta property=\"article:published_time\" content=\"2018-06-11T11:00:07+00:00\" \/>\n<meta property=\"article:modified_time\" content=\"2020-06-07T17:46:53+00:00\" \/>\n<meta property=\"og:image\" content=\"https:\/\/franciscanos.org.br\/noticias\/wp-content\/uploads\/2018\/06\/marta_110618.jpg\" \/>\n\t<meta property=\"og:image:width\" content=\"273\" \/>\n\t<meta property=\"og:image:height\" content=\"181\" \/>\n\t<meta property=\"og:image:type\" content=\"image\/jpeg\" \/>\n<meta name=\"author\" content=\"admin\" \/>\n<meta name=\"twitter:card\" content=\"summary_large_image\" \/>\n<meta name=\"twitter:label1\" content=\"Escrito por\" \/>\n\t<meta name=\"twitter:data1\" content=\"admin\" \/>\n\t<meta name=\"twitter:label2\" content=\"Est. tempo de leitura\" \/>\n\t<meta name=\"twitter:data2\" content=\"2 minutos\" \/>\n<script type=\"application\/ld+json\" class=\"yoast-schema-graph\">{\"@context\":\"https:\/\/schema.org\",\"@graph\":[{\"@type\":\"WebSite\",\"@id\":\"https:\/\/franciscanos.org.br\/noticias\/#website\",\"url\":\"https:\/\/franciscanos.org.br\/noticias\/\",\"name\":\"Not\u00edcias - Franciscanos\",\"description\":\"Prov\u00edncia Franciscana da Imaculada Concei\u00e7\u00e3o do Brasil - Ordem dos Frades Menores - OFM\",\"potentialAction\":[{\"@type\":\"SearchAction\",\"target\":{\"@type\":\"EntryPoint\",\"urlTemplate\":\"https:\/\/franciscanos.org.br\/noticias\/?s={search_term_string}\"},\"query-input\":\"required name=search_term_string\"}],\"inLanguage\":\"pt-BR\"},{\"@type\":\"ImageObject\",\"inLanguage\":\"pt-BR\",\"@id\":\"https:\/\/franciscanos.org.br\/noticias\/que-os-evangelizadores-nao-sejam-carreiristas.html#primaryimage\",\"url\":\"https:\/\/franciscanos.org.br\/noticias\/wp-content\/uploads\/2018\/06\/marta_110618.jpg\",\"contentUrl\":\"https:\/\/franciscanos.org.br\/noticias\/wp-content\/uploads\/2018\/06\/marta_110618.jpg\",\"width\":273,\"height\":181},{\"@type\":\"WebPage\",\"@id\":\"https:\/\/franciscanos.org.br\/noticias\/que-os-evangelizadores-nao-sejam-carreiristas.html#webpage\",\"url\":\"https:\/\/franciscanos.org.br\/noticias\/que-os-evangelizadores-nao-sejam-carreiristas.html\",\"name\":\"Que os evangelizadores n\u00e3o sejam carreiristas - Not\u00edcias - Franciscanos\",\"isPartOf\":{\"@id\":\"https:\/\/franciscanos.org.br\/noticias\/#website\"},\"primaryImageOfPage\":{\"@id\":\"https:\/\/franciscanos.org.br\/noticias\/que-os-evangelizadores-nao-sejam-carreiristas.html#primaryimage\"},\"datePublished\":\"2018-06-11T11:00:07+00:00\",\"dateModified\":\"2020-06-07T17:46:53+00:00\",\"author\":{\"@id\":\"https:\/\/franciscanos.org.br\/noticias\/#\/schema\/person\/b38fbf43118f02820bd932f2e4b14ad3\"},\"breadcrumb\":{\"@id\":\"https:\/\/franciscanos.org.br\/noticias\/que-os-evangelizadores-nao-sejam-carreiristas.html#breadcrumb\"},\"inLanguage\":\"pt-BR\",\"potentialAction\":[{\"@type\":\"ReadAction\",\"target\":[\"https:\/\/franciscanos.org.br\/noticias\/que-os-evangelizadores-nao-sejam-carreiristas.html\"]}]},{\"@type\":\"BreadcrumbList\",\"@id\":\"https:\/\/franciscanos.org.br\/noticias\/que-os-evangelizadores-nao-sejam-carreiristas.html#breadcrumb\",\"itemListElement\":[{\"@type\":\"ListItem\",\"position\":1,\"name\":\"Home\",\"item\":\"https:\/\/franciscanos.org.br\/noticias\"},{\"@type\":\"ListItem\",\"position\":2,\"name\":\"Que os evangelizadores n\u00e3o sejam carreiristas\"}]},{\"@type\":\"Person\",\"@id\":\"https:\/\/franciscanos.org.br\/noticias\/#\/schema\/person\/b38fbf43118f02820bd932f2e4b14ad3\",\"name\":\"admin\",\"image\":{\"@type\":\"ImageObject\",\"inLanguage\":\"pt-BR\",\"@id\":\"https:\/\/franciscanos.org.br\/noticias\/#\/schema\/person\/image\/\",\"url\":\"https:\/\/secure.gravatar.com\/avatar\/e8495742d34d0ba6448ea1c628263b3e?s=96&d=mm&r=g\",\"contentUrl\":\"https:\/\/secure.gravatar.com\/avatar\/e8495742d34d0ba6448ea1c628263b3e?s=96&d=mm&r=g\",\"caption\":\"admin\"},\"url\":\"https:\/\/franciscanos.org.br\/noticias\/author\/admin\"}]}<\/script>\n<!-- \/ Yoast SEO plugin. -->","yoast_head_json":{"title":"Que os evangelizadores n\u00e3o sejam carreiristas - Not\u00edcias - Franciscanos","robots":{"index":"index","follow":"follow","max-snippet":"max-snippet:-1","max-image-preview":"max-image-preview:large","max-video-preview":"max-video-preview:-1"},"canonical":"https:\/\/franciscanos.org.br\/noticias\/que-os-evangelizadores-nao-sejam-carreiristas.html","og_locale":"pt_BR","og_type":"article","og_title":"Que os evangelizadores n\u00e3o sejam carreiristas - Not\u00edcias - Franciscanos","og_description":"Missa em Santa Marta","og_url":"https:\/\/franciscanos.org.br\/noticias\/que-os-evangelizadores-nao-sejam-carreiristas.html","og_site_name":"Not\u00edcias - Franciscanos","article_published_time":"2018-06-11T11:00:07+00:00","article_modified_time":"2020-06-07T17:46:53+00:00","og_image":[{"width":273,"height":181,"url":"https:\/\/franciscanos.org.br\/noticias\/wp-content\/uploads\/2018\/06\/marta_110618.jpg","type":"image\/jpeg"}],"author":"admin","twitter_card":"summary_large_image","twitter_misc":{"Escrito por":"admin","Est. tempo de leitura":"2 minutos"},"schema":{"@context":"https:\/\/schema.org","@graph":[{"@type":"WebSite","@id":"https:\/\/franciscanos.org.br\/noticias\/#website","url":"https:\/\/franciscanos.org.br\/noticias\/","name":"Not\u00edcias - Franciscanos","description":"Prov\u00edncia Franciscana da Imaculada Concei\u00e7\u00e3o do Brasil - Ordem dos Frades Menores - OFM","potentialAction":[{"@type":"SearchAction","target":{"@type":"EntryPoint","urlTemplate":"https:\/\/franciscanos.org.br\/noticias\/?s={search_term_string}"},"query-input":"required name=search_term_string"}],"inLanguage":"pt-BR"},{"@type":"ImageObject","inLanguage":"pt-BR","@id":"https:\/\/franciscanos.org.br\/noticias\/que-os-evangelizadores-nao-sejam-carreiristas.html#primaryimage","url":"https:\/\/franciscanos.org.br\/noticias\/wp-content\/uploads\/2018\/06\/marta_110618.jpg","contentUrl":"https:\/\/franciscanos.org.br\/noticias\/wp-content\/uploads\/2018\/06\/marta_110618.jpg","width":273,"height":181},{"@type":"WebPage","@id":"https:\/\/franciscanos.org.br\/noticias\/que-os-evangelizadores-nao-sejam-carreiristas.html#webpage","url":"https:\/\/franciscanos.org.br\/noticias\/que-os-evangelizadores-nao-sejam-carreiristas.html","name":"Que os evangelizadores n\u00e3o sejam carreiristas - Not\u00edcias - Franciscanos","isPartOf":{"@id":"https:\/\/franciscanos.org.br\/noticias\/#website"},"primaryImageOfPage":{"@id":"https:\/\/franciscanos.org.br\/noticias\/que-os-evangelizadores-nao-sejam-carreiristas.html#primaryimage"},"datePublished":"2018-06-11T11:00:07+00:00","dateModified":"2020-06-07T17:46:53+00:00","author":{"@id":"https:\/\/franciscanos.org.br\/noticias\/#\/schema\/person\/b38fbf43118f02820bd932f2e4b14ad3"},"breadcrumb":{"@id":"https:\/\/franciscanos.org.br\/noticias\/que-os-evangelizadores-nao-sejam-carreiristas.html#breadcrumb"},"inLanguage":"pt-BR","potentialAction":[{"@type":"ReadAction","target":["https:\/\/franciscanos.org.br\/noticias\/que-os-evangelizadores-nao-sejam-carreiristas.html"]}]},{"@type":"BreadcrumbList","@id":"https:\/\/franciscanos.org.br\/noticias\/que-os-evangelizadores-nao-sejam-carreiristas.html#breadcrumb","itemListElement":[{"@type":"ListItem","position":1,"name":"Home","item":"https:\/\/franciscanos.org.br\/noticias"},{"@type":"ListItem","position":2,"name":"Que os evangelizadores n\u00e3o sejam carreiristas"}]},{"@type":"Person","@id":"https:\/\/franciscanos.org.br\/noticias\/#\/schema\/person\/b38fbf43118f02820bd932f2e4b14ad3","name":"admin","image":{"@type":"ImageObject","inLanguage":"pt-BR","@id":"https:\/\/franciscanos.org.br\/noticias\/#\/schema\/person\/image\/","url":"https:\/\/secure.gravatar.com\/avatar\/e8495742d34d0ba6448ea1c628263b3e?s=96&d=mm&r=g","contentUrl":"https:\/\/secure.gravatar.com\/avatar\/e8495742d34d0ba6448ea1c628263b3e?s=96&d=mm&r=g","caption":"admin"},"url":"https:\/\/franciscanos.org.br\/noticias\/author\/admin"}]}},"_links":{"self":[{"href":"https:\/\/franciscanos.org.br\/noticias\/wp-json\/wp\/v2\/posts\/163062"}],"collection":[{"href":"https:\/\/franciscanos.org.br\/noticias\/wp-json\/wp\/v2\/posts"}],"about":[{"href":"https:\/\/franciscanos.org.br\/noticias\/wp-json\/wp\/v2\/types\/post"}],"author":[{"embeddable":true,"href":"https:\/\/franciscanos.org.br\/noticias\/wp-json\/wp\/v2\/users\/1"}],"replies":[{"embeddable":true,"href":"https:\/\/franciscanos.org.br\/noticias\/wp-json\/wp\/v2\/comments?post=163062"}],"version-history":[{"count":1,"href":"https:\/\/franciscanos.org.br\/noticias\/wp-json\/wp\/v2\/posts\/163062\/revisions"}],"predecessor-version":[{"id":224947,"href":"https:\/\/franciscanos.org.br\/noticias\/wp-json\/wp\/v2\/posts\/163062\/revisions\/224947"}],"wp:featuredmedia":[{"embeddable":true,"href":"https:\/\/franciscanos.org.br\/noticias\/wp-json\/wp\/v2\/media\/194627"}],"wp:attachment":[{"href":"https:\/\/franciscanos.org.br\/noticias\/wp-json\/wp\/v2\/media?parent=163062"}],"wp:term":[{"taxonomy":"category","embeddable":true,"href":"https:\/\/franciscanos.org.br\/noticias\/wp-json\/wp\/v2\/categories?post=163062"},{"taxonomy":"post_tag","embeddable":true,"href":"https:\/\/franciscanos.org.br\/noticias\/wp-json\/wp\/v2\/tags?post=163062"}],"curies":[{"name":"wp","href":"https:\/\/api.w.org\/{rel}","templated":true}]}}