{"id":162954,"date":"2018-06-10T18:15:32","date_gmt":"2018-06-10T21:15:32","guid":{"rendered":"http:\/\/franciscanos.org.br\/?p=162954"},"modified":"2019-08-19T11:31:49","modified_gmt":"2019-08-19T14:31:49","slug":"permanecamos-insistentes-na-esperanca","status":"publish","type":"post","link":"https:\/\/franciscanos.org.br\/noticias\/permanecamos-insistentes-na-esperanca.html","title":{"rendered":"\u201cPermane\u00e7amos insistentes na esperan\u00e7a&#8221;"},"content":{"rendered":"<p><img loading=\"lazy\" src=\"http:\/\/franciscanos.org.br\/wp-content\/uploads\/2018\/06\/trezena_sp_100618.jpg\" alt=\"trezena_sp_100618\" width=\"830\" height=\"500\" \/><\/p>\n<p><strong>Frei Augusto Luiz Gabriel<\/strong><\/p>\n<p><strong>S\u00e3o Paulo (SP) \u2013 \u201c<\/strong>Santo Ant\u00f4nio nunca esteve t\u00e3o vivo como nos dias de hoje\u201d, disse o Pe. Sext\u00edlio Bortolo Focchesatto, da Igreja Santo Ant\u00f4nio da Pra\u00e7a do Patriarca em S\u00e3o Paulo (SP), local de onde teve in\u00edcio a prociss\u00e3o de Santo Ant\u00f4nio, \u00e0s 10 horas deste domingo, 10 de junho, 10\u00ba Dia da Trezena de Santo Ant\u00f4nio. Paroquianos e devotos do santo franciscano levaram a imagem carregada no andor at\u00e9 o Convento e Santu\u00e1rio S\u00e3o Francisco, no Largo S\u00e3o Francisco. Ornamentado n\u00e3o s\u00f3 pelas flores que o circundavam, o andor tamb\u00e9m teve companhia das crian\u00e7as trajadas com vestes de anjos, que deram um tom celestial \u00e0 Celebra\u00e7\u00e3o Eucar\u00edstica, das 10h30, presidida por Frei Gustavo Medella, e concelebrada por Frei Diego Melo e Frei Jos\u00e9 Lorenz F\u00fchr.<\/p>\n<table border=\"0\" width=\"450\" cellspacing=\"3\" cellpadding=\"3\" align=\"right\">\n<tbody>\n<tr>\n<td bgcolor=\"#CCCCCC\">\n<h4>ESPERAN\u00c7A<\/h4>\n<p>\u201cL\u00e1 bem no alto do d\u00e9cimo segundo andar do Ano<br \/>\nVive uma louca chamada Esperan\u00e7a<br \/>\nE ela pensa que quando todas as sirenas<br \/>\nTodas as buzinas<br \/>\nTodos os reco-recos tocarem<br \/>\nAtira-se<br \/>\nE \u2014 \u00f3 delicioso voo!<br \/>\nEla ser\u00e1 encontrada miraculosamente inc\u00f3lume na cal\u00e7ada,<br \/>\nOutra vez crian\u00e7a&#8230;<br \/>\nE em torno dela indagar\u00e1 o povo:<br \/>\n\u2014 Como \u00e9 teu nome, meninazinha de olhos verdes?<br \/>\nE ela lhes dir\u00e1<br \/>\n(\u00c9 preciso dizer-lhes tudo de novo!)<br \/>\nEla lhes dir\u00e1 bem devagarinho, para que n\u00e3o esque\u00e7am:<br \/>\n\u2014 O meu nome \u00e9 ES-PE-RAN-\u00c7A&#8230;\u201d<\/td>\n<\/tr>\n<\/tbody>\n<\/table>\n<p>Partindo da liturgia do 10\u00ba Domingo do Tempo Comum, Frei Gustavo iniciou sua homilia lendo um poema do poeta M\u00e1rio Quintana intitulado &#8220;Esperan\u00e7a&#8221; <em>(leia ao lado).<\/em><\/p>\n<p>Segundo o frade, o Evangelho apresenta uma cena onde os parentes de Jesus pensam que Ele estava ficando louco. Querem at\u00e9 agarr\u00e1-lo porque pensam que Ele estava fora de si. E o poema fala de uma louca que se chama esperan\u00e7a, referindo-se ao tema do dia do 10\u00ba dia da Trezena: \u201cP\u00e3o da Esperan\u00e7a\u201d.<\/p>\n<p>Para o pregador, o modo de Jesus se apresentar mostra que de fato Ele estava impregnado nessa loucura chamada esperan\u00e7a. \u201cN\u00e3o pode estar muito bem da cabe\u00e7a quem manda que amemos os nossos inimigos, rezemos por aqueles que nos perseguem e fa\u00e7amos o bem a quem nos faz o mal\u201d, sublinhou.<\/p>\n<p>Pensando friamente, a partir do crivo da raz\u00e3o apenas, esse modo de agir entra no ju\u00edzo e instinto de sobreviv\u00eancia ou de vingan\u00e7a das pessoas, parecendo mesmo que \u00e9 loucura! Segundo o celebrante, para termos esperan\u00e7a precisamos tamb\u00e9m dessa dose homeop\u00e1tica e necess\u00e1ria de loucura.<\/p>\n<p><img loading=\"lazy\" src=\"http:\/\/franciscanos.org.br\/wp-content\/uploads\/2018\/06\/trezena_sp_100618_1.jpg\" alt=\"trezena_sp_100618_1\" width=\"830\" height=\"500\" \/><\/p>\n<p>\u201cSer esperan\u00e7oso \u00e9 ser teimosamente otimista, insistentemente otimista. \u00c9 \u2018fincar o p\u00e9\u2019 numa teimosia para o bem, mesmo quando a situa\u00e7\u00e3o parece estar dif\u00edcil, mesmo quando tudo parece n\u00e3o dar certo, manter aceso em si a coragem de continuar acreditando, de seguir apostando, de olhar diante de si um horizonte bonito que nos chama \u00e0 supera\u00e7\u00e3o, que nos chama a dar a volta por cima e que nos chama a ser teimosos naquilo que aprendemos de Nosso Senhor Jesus Cristo\u201d, ensinou o frade.<\/p>\n<p>Para ele, a desonestidade, corrup\u00e7\u00e3o e ego\u00edsmo parecem estar tomando conta da sociedade. Por isso, pediu que as pessoas sejam mais honestas, solid\u00e1rias e generosas. \u201cS\u00f3 pra contrariar! S\u00f3 porque quero abra\u00e7ar esta loucura chamada esperan\u00e7a, vivida pelo louco Jesus e pelos loucos santos que souberam trazer para suas vidas este sentimento e esta postura\u201d, acrescentou.<\/p>\n<p>\u201cOs corintianos n\u00e3o dizem que s\u00e3o um \u2018bando de loucos\u2019? N\u00f3s, crist\u00e3os, tamb\u00e9m podemos dizer que queremos ser um \u2018bando de loucos\u2019. Desta loucura de quem abre o cora\u00e7\u00e3o e se coloca \u00e0 disposi\u00e7\u00e3o de quem precisa. Mesmo sem saber o que vai dar no final\u201d, enfatizou.<\/p>\n<p>Referindo-se \u00e0 fala do Papa Francisco que disse preferir uma Igreja em sa\u00edda, que vai ao encontro dos irm\u00e3os e daqueles que precisam, Frei Gustavo convida a todos a permanecerem insistentes na esperan\u00e7a.<\/p>\n<p><img loading=\"lazy\" src=\"http:\/\/franciscanos.org.br\/wp-content\/uploads\/2018\/06\/trezena_sp_100618_2.jpg\" alt=\"trezena_sp_100618_2\" width=\"830\" height=\"400\" \/><\/p>\n<p>\u201cVamos teimar na esperan\u00e7a, n\u00e3o vamos entregar os pontos f\u00e1cil, n\u00e3o! Vamos buscar fazer a diferen\u00e7a a partir daquilo que est\u00e1 ao nosso alcance. Santo Ant\u00f4nio tamb\u00e9m teve muitos motivos para perder a esperan\u00e7a. Passou dificuldades, teve uma grave enfermidade, sofreu muito com dores, morreu jovem, mas Ele segurou e reteve em si a esperan\u00e7a que vem de Deus. Na sua fragilidade, ele soube colocar-se a servi\u00e7o do Reino com tanto carinho. Por isso, ele n\u00e3o morreu mas continua vivo dando-nos este caminho e injetando em nossos cora\u00e7\u00f5es esta dose de esperan\u00e7a, que se faz necess\u00e1rio para seguirmos em frente. N\u00e3o tenhamos medo de partilhar o p\u00e3o da esperan\u00e7a, para assim fortes seguirmos a nossa caminhada na dire\u00e7\u00e3o da constru\u00e7\u00e3o do aqui e agora de nossa vida, do reino e do mundo sonhado por Deus\u201d, pediu o pregador.<\/p>\n<p>Ap\u00f3s a comunh\u00e3o, Frei Odorico Decker, que possuiu um repert\u00f3rio vasto, brindou a todos tocando m\u00fasicas na sua gaita de boca, como de costume. Foi calorosamente aplaudido. Tamb\u00e9m receberam muitas salvas de palmas o grupo de flautistas do Santu\u00e1rio. Ao som das flautas, Santo Ant\u00f4nio e S\u00e3o Francisco foram louvados neste dia. Em breve postaremos o v\u00eddeo aqui. E para finalizar a manh\u00e3, no interior do Convento foi servida uma deliciosa macarronada. Nesta segunda (11\/06), a Trezena acontecer\u00e1 \u00e0s 12 horas e ter\u00e1 como tema: \u201cSanto Ant\u00f4nio, o Santo da Fraternidade\u201d.<\/p>\n<p><strong>787 ANOS DA MORTE DE SANTO ANT\u00d4NIO<\/strong><\/p>\n<p>Antes da missa iniciar, Frei Gustavo concedeu a palavra ao Pe. Sext\u00edlio Bortolo Focchesatto, que fez mem\u00f3ria de alguns aspectos e fatos da vida de Santo Ant\u00f4nio. Ele lembrou que Ant\u00f4nio, naquele tempo ainda rec\u00e9m-formado na Universidade de Coimbra, acolheu na sua casa a visita dos frades franciscanos que estavam de viagem para Marrocos, para l\u00e1 pregarem a Palavra de Deus, e que depois voltaram mortos, m\u00e1rtires.<\/p>\n<p>Segundo ele, este fato tocou profundamente Ant\u00f4nio que quis tamb\u00e9m conhecer S\u00e3o Francisco e entrar na Ordem do Frades Menores, rec\u00e9m-fundada de S\u00e3o Francisco. \u201cE aqui um fato muito importante: Francisco foi visitar Ant\u00f4nio e hoje n\u00f3s fizemos o inverso, Ant\u00f4nio veio at\u00e9 aqui visitar Francisco. \u00c9 um fato bonito este entrela\u00e7amento e contato muito pessoal e maravilhoso entre estas duas igrejas que s\u00e3o pr\u00f3ximas: Santo Ant\u00f4nio e S\u00e3o Francisco\u201d, ressaltou.<\/p>\n<p><img loading=\"lazy\" src=\"http:\/\/franciscanos.org.br\/wp-content\/uploads\/2018\/06\/trezena_sp_100618_3.jpg\" alt=\"trezena_sp_100618_3\" width=\"830\" height=\"500\" \/><\/p>\n<p>Pe. Sext\u00edlio ainda disse que S\u00e3o Francisco e Santo Ant\u00f4nio n\u00e3o t\u00eam ci\u00fames entre um e outro, sempre foram santos, cada qual a sua maneira. E informou que na pr\u00f3xima quarta-feira, 13 de junho, far\u00e3o 787 anos da morte de Santo Ant\u00f4nio, ou seja, faltam poucos anos para a grande celebra\u00e7\u00e3o dos 800 anos da morte de Ant\u00f4nio.<\/p>\n<p>\u201cVoc\u00eas acham que Ant\u00f4nio morreu?\u201d, perguntou o padre e ouviu os presentes dizendo que n\u00e3o. \u201cNunca esteve t\u00e3o vivo como hoje em dia. Cada um \u00e9 santo da sua maneira. Francisco e Ant\u00f4nio continuam amigos l\u00e1 na casa do Pai, cada um intercedendo junto aos seus devotos. Que S\u00e3o Francisco e Santo Ant\u00f4nio intercedam por esta grande cidade de S\u00e3o Paulo e pelo mundo!\u201d, pediu.<\/p>\n","protected":false},"excerpt":{"rendered":"<p>Convento S\u00e3o Francisco<\/p>\n","protected":false},"author":5,"featured_media":199961,"comment_status":"open","ping_status":"open","sticky":false,"template":"","format":"standard","meta":[],"categories":[1],"tags":[312,389],"acf":[],"yoast_head":"<!-- This site is optimized with the Yoast SEO plugin v19.2 - https:\/\/yoast.com\/wordpress\/plugins\/seo\/ -->\n<title>\u201cPermane\u00e7amos insistentes na esperan\u00e7a&quot; - Not\u00edcias - Franciscanos<\/title>\n<meta name=\"robots\" content=\"index, follow, max-snippet:-1, max-image-preview:large, max-video-preview:-1\" \/>\n<link rel=\"canonical\" href=\"https:\/\/franciscanos.org.br\/noticias\/permanecamos-insistentes-na-esperanca.html\" \/>\n<meta property=\"og:locale\" content=\"pt_BR\" \/>\n<meta property=\"og:type\" content=\"article\" \/>\n<meta property=\"og:title\" content=\"\u201cPermane\u00e7amos insistentes na esperan\u00e7a&quot; - Not\u00edcias - Franciscanos\" \/>\n<meta property=\"og:description\" content=\"Convento S\u00e3o Francisco\" \/>\n<meta property=\"og:url\" content=\"https:\/\/franciscanos.org.br\/noticias\/permanecamos-insistentes-na-esperanca.html\" \/>\n<meta property=\"og:site_name\" content=\"Not\u00edcias - Franciscanos\" \/>\n<meta property=\"article:published_time\" content=\"2018-06-10T21:15:32+00:00\" \/>\n<meta property=\"article:modified_time\" content=\"2019-08-19T14:31:49+00:00\" \/>\n<meta property=\"og:image\" content=\"https:\/\/franciscanos.org.br\/noticias\/wp-content\/uploads\/2018\/06\/trezena_sp_100618.jpg\" \/>\n\t<meta property=\"og:image:width\" content=\"273\" \/>\n\t<meta property=\"og:image:height\" content=\"181\" \/>\n\t<meta property=\"og:image:type\" content=\"image\/jpeg\" \/>\n<meta name=\"author\" content=\"freiaugusto\" \/>\n<meta name=\"twitter:card\" content=\"summary_large_image\" \/>\n<meta name=\"twitter:label1\" content=\"Escrito por\" \/>\n\t<meta name=\"twitter:data1\" content=\"freiaugusto\" \/>\n\t<meta name=\"twitter:label2\" content=\"Est. tempo de leitura\" \/>\n\t<meta name=\"twitter:data2\" content=\"6 minutos\" \/>\n<script type=\"application\/ld+json\" class=\"yoast-schema-graph\">{\"@context\":\"https:\/\/schema.org\",\"@graph\":[{\"@type\":\"WebSite\",\"@id\":\"https:\/\/franciscanos.org.br\/noticias\/#website\",\"url\":\"https:\/\/franciscanos.org.br\/noticias\/\",\"name\":\"Not\u00edcias - Franciscanos\",\"description\":\"Prov\u00edncia Franciscana da Imaculada Concei\u00e7\u00e3o do Brasil - Ordem dos Frades Menores - OFM\",\"potentialAction\":[{\"@type\":\"SearchAction\",\"target\":{\"@type\":\"EntryPoint\",\"urlTemplate\":\"https:\/\/franciscanos.org.br\/noticias\/?s={search_term_string}\"},\"query-input\":\"required name=search_term_string\"}],\"inLanguage\":\"pt-BR\"},{\"@type\":\"ImageObject\",\"inLanguage\":\"pt-BR\",\"@id\":\"https:\/\/franciscanos.org.br\/noticias\/permanecamos-insistentes-na-esperanca.html#primaryimage\",\"url\":\"https:\/\/franciscanos.org.br\/noticias\/wp-content\/uploads\/2018\/06\/trezena_sp_100618.jpg\",\"contentUrl\":\"https:\/\/franciscanos.org.br\/noticias\/wp-content\/uploads\/2018\/06\/trezena_sp_100618.jpg\",\"width\":273,\"height\":181},{\"@type\":\"WebPage\",\"@id\":\"https:\/\/franciscanos.org.br\/noticias\/permanecamos-insistentes-na-esperanca.html#webpage\",\"url\":\"https:\/\/franciscanos.org.br\/noticias\/permanecamos-insistentes-na-esperanca.html\",\"name\":\"\u201cPermane\u00e7amos insistentes na esperan\u00e7a\\\" - Not\u00edcias - Franciscanos\",\"isPartOf\":{\"@id\":\"https:\/\/franciscanos.org.br\/noticias\/#website\"},\"primaryImageOfPage\":{\"@id\":\"https:\/\/franciscanos.org.br\/noticias\/permanecamos-insistentes-na-esperanca.html#primaryimage\"},\"datePublished\":\"2018-06-10T21:15:32+00:00\",\"dateModified\":\"2019-08-19T14:31:49+00:00\",\"author\":{\"@id\":\"https:\/\/franciscanos.org.br\/noticias\/#\/schema\/person\/37f88f0d111cd5358b12a6556a99eb91\"},\"breadcrumb\":{\"@id\":\"https:\/\/franciscanos.org.br\/noticias\/permanecamos-insistentes-na-esperanca.html#breadcrumb\"},\"inLanguage\":\"pt-BR\",\"potentialAction\":[{\"@type\":\"ReadAction\",\"target\":[\"https:\/\/franciscanos.org.br\/noticias\/permanecamos-insistentes-na-esperanca.html\"]}]},{\"@type\":\"BreadcrumbList\",\"@id\":\"https:\/\/franciscanos.org.br\/noticias\/permanecamos-insistentes-na-esperanca.html#breadcrumb\",\"itemListElement\":[{\"@type\":\"ListItem\",\"position\":1,\"name\":\"Home\",\"item\":\"https:\/\/franciscanos.org.br\/noticias\"},{\"@type\":\"ListItem\",\"position\":2,\"name\":\"\u201cPermane\u00e7amos insistentes na esperan\u00e7a&#8221;\"}]},{\"@type\":\"Person\",\"@id\":\"https:\/\/franciscanos.org.br\/noticias\/#\/schema\/person\/37f88f0d111cd5358b12a6556a99eb91\",\"name\":\"freiaugusto\",\"image\":{\"@type\":\"ImageObject\",\"inLanguage\":\"pt-BR\",\"@id\":\"https:\/\/franciscanos.org.br\/noticias\/#\/schema\/person\/image\/\",\"url\":\"https:\/\/secure.gravatar.com\/avatar\/9840b940e621801b24f3e6b059efb4b7?s=96&d=mm&r=g\",\"contentUrl\":\"https:\/\/secure.gravatar.com\/avatar\/9840b940e621801b24f3e6b059efb4b7?s=96&d=mm&r=g\",\"caption\":\"freiaugusto\"},\"url\":\"https:\/\/franciscanos.org.br\/noticias\/author\/freiaugusto\"}]}<\/script>\n<!-- \/ Yoast SEO plugin. -->","yoast_head_json":{"title":"\u201cPermane\u00e7amos insistentes na esperan\u00e7a\" - Not\u00edcias - Franciscanos","robots":{"index":"index","follow":"follow","max-snippet":"max-snippet:-1","max-image-preview":"max-image-preview:large","max-video-preview":"max-video-preview:-1"},"canonical":"https:\/\/franciscanos.org.br\/noticias\/permanecamos-insistentes-na-esperanca.html","og_locale":"pt_BR","og_type":"article","og_title":"\u201cPermane\u00e7amos insistentes na esperan\u00e7a\" - Not\u00edcias - Franciscanos","og_description":"Convento S\u00e3o Francisco","og_url":"https:\/\/franciscanos.org.br\/noticias\/permanecamos-insistentes-na-esperanca.html","og_site_name":"Not\u00edcias - Franciscanos","article_published_time":"2018-06-10T21:15:32+00:00","article_modified_time":"2019-08-19T14:31:49+00:00","og_image":[{"width":273,"height":181,"url":"https:\/\/franciscanos.org.br\/noticias\/wp-content\/uploads\/2018\/06\/trezena_sp_100618.jpg","type":"image\/jpeg"}],"author":"freiaugusto","twitter_card":"summary_large_image","twitter_misc":{"Escrito por":"freiaugusto","Est. tempo de leitura":"6 minutos"},"schema":{"@context":"https:\/\/schema.org","@graph":[{"@type":"WebSite","@id":"https:\/\/franciscanos.org.br\/noticias\/#website","url":"https:\/\/franciscanos.org.br\/noticias\/","name":"Not\u00edcias - Franciscanos","description":"Prov\u00edncia Franciscana da Imaculada Concei\u00e7\u00e3o do Brasil - Ordem dos Frades Menores - OFM","potentialAction":[{"@type":"SearchAction","target":{"@type":"EntryPoint","urlTemplate":"https:\/\/franciscanos.org.br\/noticias\/?s={search_term_string}"},"query-input":"required name=search_term_string"}],"inLanguage":"pt-BR"},{"@type":"ImageObject","inLanguage":"pt-BR","@id":"https:\/\/franciscanos.org.br\/noticias\/permanecamos-insistentes-na-esperanca.html#primaryimage","url":"https:\/\/franciscanos.org.br\/noticias\/wp-content\/uploads\/2018\/06\/trezena_sp_100618.jpg","contentUrl":"https:\/\/franciscanos.org.br\/noticias\/wp-content\/uploads\/2018\/06\/trezena_sp_100618.jpg","width":273,"height":181},{"@type":"WebPage","@id":"https:\/\/franciscanos.org.br\/noticias\/permanecamos-insistentes-na-esperanca.html#webpage","url":"https:\/\/franciscanos.org.br\/noticias\/permanecamos-insistentes-na-esperanca.html","name":"\u201cPermane\u00e7amos insistentes na esperan\u00e7a\" - Not\u00edcias - Franciscanos","isPartOf":{"@id":"https:\/\/franciscanos.org.br\/noticias\/#website"},"primaryImageOfPage":{"@id":"https:\/\/franciscanos.org.br\/noticias\/permanecamos-insistentes-na-esperanca.html#primaryimage"},"datePublished":"2018-06-10T21:15:32+00:00","dateModified":"2019-08-19T14:31:49+00:00","author":{"@id":"https:\/\/franciscanos.org.br\/noticias\/#\/schema\/person\/37f88f0d111cd5358b12a6556a99eb91"},"breadcrumb":{"@id":"https:\/\/franciscanos.org.br\/noticias\/permanecamos-insistentes-na-esperanca.html#breadcrumb"},"inLanguage":"pt-BR","potentialAction":[{"@type":"ReadAction","target":["https:\/\/franciscanos.org.br\/noticias\/permanecamos-insistentes-na-esperanca.html"]}]},{"@type":"BreadcrumbList","@id":"https:\/\/franciscanos.org.br\/noticias\/permanecamos-insistentes-na-esperanca.html#breadcrumb","itemListElement":[{"@type":"ListItem","position":1,"name":"Home","item":"https:\/\/franciscanos.org.br\/noticias"},{"@type":"ListItem","position":2,"name":"\u201cPermane\u00e7amos insistentes na esperan\u00e7a&#8221;"}]},{"@type":"Person","@id":"https:\/\/franciscanos.org.br\/noticias\/#\/schema\/person\/37f88f0d111cd5358b12a6556a99eb91","name":"freiaugusto","image":{"@type":"ImageObject","inLanguage":"pt-BR","@id":"https:\/\/franciscanos.org.br\/noticias\/#\/schema\/person\/image\/","url":"https:\/\/secure.gravatar.com\/avatar\/9840b940e621801b24f3e6b059efb4b7?s=96&d=mm&r=g","contentUrl":"https:\/\/secure.gravatar.com\/avatar\/9840b940e621801b24f3e6b059efb4b7?s=96&d=mm&r=g","caption":"freiaugusto"},"url":"https:\/\/franciscanos.org.br\/noticias\/author\/freiaugusto"}]}},"_links":{"self":[{"href":"https:\/\/franciscanos.org.br\/noticias\/wp-json\/wp\/v2\/posts\/162954"}],"collection":[{"href":"https:\/\/franciscanos.org.br\/noticias\/wp-json\/wp\/v2\/posts"}],"about":[{"href":"https:\/\/franciscanos.org.br\/noticias\/wp-json\/wp\/v2\/types\/post"}],"author":[{"embeddable":true,"href":"https:\/\/franciscanos.org.br\/noticias\/wp-json\/wp\/v2\/users\/5"}],"replies":[{"embeddable":true,"href":"https:\/\/franciscanos.org.br\/noticias\/wp-json\/wp\/v2\/comments?post=162954"}],"version-history":[{"count":0,"href":"https:\/\/franciscanos.org.br\/noticias\/wp-json\/wp\/v2\/posts\/162954\/revisions"}],"wp:featuredmedia":[{"embeddable":true,"href":"https:\/\/franciscanos.org.br\/noticias\/wp-json\/wp\/v2\/media\/199961"}],"wp:attachment":[{"href":"https:\/\/franciscanos.org.br\/noticias\/wp-json\/wp\/v2\/media?parent=162954"}],"wp:term":[{"taxonomy":"category","embeddable":true,"href":"https:\/\/franciscanos.org.br\/noticias\/wp-json\/wp\/v2\/categories?post=162954"},{"taxonomy":"post_tag","embeddable":true,"href":"https:\/\/franciscanos.org.br\/noticias\/wp-json\/wp\/v2\/tags?post=162954"}],"curies":[{"name":"wp","href":"https:\/\/api.w.org\/{rel}","templated":true}]}}