{"id":162903,"date":"2018-06-10T16:16:40","date_gmt":"2018-06-10T19:16:40","guid":{"rendered":"http:\/\/franciscanos.org.br\/?p=162903"},"modified":"2019-11-01T09:47:34","modified_gmt":"2019-11-01T12:47:34","slug":"leigos-colocar-se-a-servico-no-mundo","status":"publish","type":"post","link":"https:\/\/franciscanos.org.br\/noticias\/leigos-colocar-se-a-servico-no-mundo.html","title":{"rendered":"O mundo nos chama e Santo Ant\u00f4nio \u00e9 nosso apoio"},"content":{"rendered":"<p><img loading=\"lazy\" src=\"http:\/\/franciscanos.org.br\/wp-content\/uploads\/2018\/06\/trezena_100618_1.jpg\" alt=\"trezena_100618_1\" width=\"830\" height=\"430\" \/><\/p>\n<p><strong>Moacir Beggo <\/strong><\/p>\n<p><strong>Rio de Janeiro (RJ)<\/strong> &#8211; O tema do leigo como sujeito eclesial no 10\u00ba dia da Trezena de Santo Ant\u00f4nio no Convento do Largo da Carioca (RJ) e o convite de Jesus para formar sua verdadeira fam\u00edlia, segundo o Evangelho do 10\u00ba Domingo do Tempo Comum, estavam em sintonia na Celebra\u00e7\u00e3o Eucar\u00edstica deste domingo (10\/6), \u00e0s 10 horas. Os fi\u00e9is que viram o sol voltar \u00e0 Cidade Maravilhosa depois de uma semana inteira nublada, ouviram a mensagem que o sujeito da evangeliza\u00e7\u00e3o \u00e9 todo o povo de Deus, a Igreja. Ela n\u00e3o pode perder de vista o servi\u00e7o e o testemunho mission\u00e1rio.<\/p>\n<p>O presidente Frei Jos\u00e9 Pereira teve como concelebrantes Frei Guido Scottini e Frei Od\u00e9cio Lima. Para a prega\u00e7\u00e3o deste dia da Trezena, Frei Jos\u00e9 explicou aos fi\u00e9is presentes que estamos no &#8220;Ano do Laicato&#8221; e que convidou a Ministra da Fraternidade Convento Santo Ant\u00f4nio da Ordem Franciscana Secular, Moema Miranda, e a vice-Ministra, Patr\u00edcia de Moraes, para falarem sobre o tema dos leigos na Igreja.<\/p>\n<p>Segundo defini\u00e7\u00e3o de S\u00e3o Jo\u00e3o Paulo 2\u00ba, a Ordem Franciscana Secular \u00e9 a mais antiga forma de organiza\u00e7\u00e3o de leigos que, guiados pela Igreja, unidos em fraternidade e inspirando-se no ideal de S\u00e3o Francisco de Assis, se empenham em testemunhar com a vida o evangelho de Jesus Cristo e se dedicam ao apostolado no estado laical.<\/p>\n<p><img loading=\"lazy\" src=\"http:\/\/franciscanos.org.br\/wp-content\/uploads\/2018\/06\/trezena_100618_2.jpg\" alt=\"trezena_100618_2\" width=\"830\" height=\"454\" \/><\/p>\n<p>Frei Jos\u00e9 explicou que os franciscanos seculares constituem uma verdadeira Ordem na Igreja, assim como os Frades Menores (1\u00aa Ordem) e as Clarissas (2\u00aa Ordem). &#8220;\u00c9 uma Ordem com toda a m\u00edstica franciscana. Moema e Patr\u00edcia participaram ativamente do tem\u00e1rio da Trezena&#8221;, adiantou Frei Jos\u00e9, que colocou nas preces o \u201cDia de Portugal\u201d.<\/p>\n<p>Patr\u00edcia, que \u00e9 mestra em Teologia B\u00edblica, partiu do Evangelho de Marcos, onde Jesus \u00e9 confrontado pelos doutores da Lei e questionado pelos parentes de Jesus como um fora de si, para chegar ao tema dos leigos. &#8220;Neste Evangelho, Jesus n\u00e3o est\u00e1 menosprezando a fam\u00edlia, mas est\u00e1 dizendo que todo aquele que segue o projeto de Deus, a sua Palavra, \u00e9 quem est\u00e1 com Jesus. \u00c9 esse que est\u00e1 ao seu lado que constitui a sua comunidade&#8221;, disse.<\/p>\n<p>Segundo Patr\u00edcia, os leigos s\u00e3o crist\u00e3os que vivem essa comunh\u00e3o e t\u00eam uma miss\u00e3o especial na Igreja e na sociedade. Pelo m\u00fanus do batismo, receberam essa voca\u00e7\u00e3o de viver intensamente a servi\u00e7o do Reino de Deus. &#8220;Ent\u00e3o, o leigo tem o papel preponderante porque \u00e9 aquele que est\u00e1 inserido na comunidade, inserido na vida social, no trabalho, na fam\u00edlia, na escola, em todos os lugares&#8221;, explicou, enfatizando que o leigo faz a sua parte mas sempre em comunh\u00e3o com a Igreja, com essa comunidade de Deus como um todo.<\/p>\n<p><img loading=\"lazy\" src=\"http:\/\/franciscanos.org.br\/wp-content\/uploads\/2018\/06\/patricia_100618.jpg\" alt=\"patricia_100618\" width=\"830\" height=\"514\" \/><\/p>\n<p style=\"text-align: center;\"><em>Patr\u00edcia de Moraes, vice-Ministra da Fraternidade do Convento Santo Ant\u00f4nio da OFS<\/em><\/p>\n<p>Santo Ant\u00f4nio, observou Patr\u00edcia, ensina aos leigos e religiosos que o principal testemunho que podem dar, onde estiverem inseridos, \u00e9 sem d\u00favida levar o Evangelho atrav\u00e9s de suas atitudes, de suas palavras, de suas a\u00e7\u00f5es. &#8220;\u00c0s vezes uma atitude vale mais do que palavras e n\u00f3s, franciscanos, precisamos mais ainda mostrar isso&#8221;, ressalvou.<\/p>\n<p><strong>\u00a0<\/strong><strong>COLOCAR-SE A SERVI\u00c7O<\/strong><\/p>\n<p>Moema Miranda fez sua reflex\u00e3o a partir de duas ideias: Santo Ant\u00f4nio se coloca a servi\u00e7o de um projeto que \u00e9 maior do que ele. &#8220;No in\u00edcio, ele queria o mart\u00edrio. Mas n\u00e3o veio da forma como ele pensava, da forma com que ele planejou. Ele entrou para o convento, mudou para outro convento, encontrou com os frades franciscanos, acabou pelos caminhos de Deus chegando a P\u00e1dua&#8221;, recordou. &#8220;Quantas vezes n\u00f3s queremos levar a Palavra de Deus a partir da nossa refer\u00eancia, a partir do que planejamos para a nossa vida. E \u00e9 importante que a gente planeje a vida, mas \u00e9 importante que a gente seja capaz de <em>oboedire (= escutar),<\/em> de obedecer a uma voz que \u00e9 maior do que n\u00f3s mesmos&#8221;, indicou.<\/p>\n<p><img loading=\"lazy\" src=\"http:\/\/franciscanos.org.br\/wp-content\/uploads\/2018\/06\/moema_100618.jpg\" alt=\"moema_100618\" width=\"830\" height=\"493\" \/><\/p>\n<p style=\"text-align: center;\"><em>Moema Miranda, Ministra da Fraternidade do Convento Santo Ant\u00f4nio da OFS<\/em><\/p>\n<p>Depois, para ela, \u00e9 preciso se colocar a servi\u00e7o no mundo. &#8220;Hoje n\u00f3s estamos vivendo num mundo t\u00e3o sofrido, t\u00e3o doloroso, num mundo em que a M\u00e3e Terra sofre e chora com a gente, num mundo em que cada um de n\u00f3s sofre e chora ang\u00fastias, desesperos, dificuldades. Santo Ant\u00f4nio \u00e9 esse santo da miseric\u00f3rdia, da possibilidade, da concilia\u00e7\u00e3o, esse santo do amor, da compreens\u00e3o e da ternura nas dificuldades. Todos e cada um de n\u00f3s devemos ser diplomatas, corteses, gentis uns com os outros, gentis com as nossas dores e sofrimentos, mas gentis com cada um de n\u00f3s que busca o caminho. Santo Ant\u00f4nio \u00e9 essa inspira\u00e7\u00e3o que a gente inspira para atuar&#8221;, descreveu.<\/p>\n<p>&#8220;N\u00f3s, leigos e leigas, somos alimentados pela comunidade dos irm\u00e3os, alimentados pela sabedoria dos freis, dos padres, bispos e hoje pela sabedoria do Papa Francisco, que nos pede para que sejamos &#8216;uma Igreja em sa\u00edda&#8217;. \u00c9 melhor que estejamos sujos e cansados do caminho feito levando essa mensagem, do que estejamos num lugar de seguran\u00e7a que hoje n\u00e3o existe mais. O mundo nos chama e Santo Ant\u00f4nio, nosso Padroeiro, \u00e9 nosso apoio, \u00e9 nossa garantia de que se esse caminho for feito escutando a Palavra de Deus, ser\u00e1 um caminho de congra\u00e7amento, de encontro, de uni\u00e3o&#8221;, completou Moema.<\/p>\n<p>Nesta segunda-feira, 11\u00ba dia da Trezena, Frei Almir Guimar\u00e3es ser\u00e1 o pregador do tema &#8220;Santo Ant\u00f4nio e a Igreja como sacramento de salva\u00e7\u00e3o.<\/p>\n","protected":false},"excerpt":{"rendered":"<p>Convento Santo Ant\u00f4nio do Largo da Carioca<\/p>\n","protected":false},"author":1,"featured_media":204292,"comment_status":"open","ping_status":"open","sticky":false,"template":"","format":"standard","meta":[],"categories":[1],"tags":[401,864,389],"acf":[],"yoast_head":"<!-- This site is optimized with the Yoast SEO plugin v19.2 - https:\/\/yoast.com\/wordpress\/plugins\/seo\/ -->\n<title>O mundo nos chama e Santo Ant\u00f4nio \u00e9 nosso apoio - Not\u00edcias - Franciscanos<\/title>\n<meta name=\"robots\" content=\"index, follow, max-snippet:-1, max-image-preview:large, max-video-preview:-1\" \/>\n<link rel=\"canonical\" href=\"https:\/\/franciscanos.org.br\/noticias\/leigos-colocar-se-a-servico-no-mundo.html\" \/>\n<meta property=\"og:locale\" content=\"pt_BR\" \/>\n<meta property=\"og:type\" content=\"article\" \/>\n<meta property=\"og:title\" content=\"O mundo nos chama e Santo Ant\u00f4nio \u00e9 nosso apoio - Not\u00edcias - Franciscanos\" \/>\n<meta property=\"og:description\" content=\"Convento Santo Ant\u00f4nio do Largo da Carioca\" \/>\n<meta property=\"og:url\" content=\"https:\/\/franciscanos.org.br\/noticias\/leigos-colocar-se-a-servico-no-mundo.html\" \/>\n<meta property=\"og:site_name\" content=\"Not\u00edcias - Franciscanos\" \/>\n<meta property=\"article:published_time\" content=\"2018-06-10T19:16:40+00:00\" \/>\n<meta property=\"article:modified_time\" content=\"2019-11-01T12:47:34+00:00\" \/>\n<meta property=\"og:image\" content=\"https:\/\/franciscanos.org.br\/noticias\/wp-content\/uploads\/2018\/06\/trezena_100618_1.jpg\" \/>\n\t<meta property=\"og:image:width\" content=\"273\" \/>\n\t<meta property=\"og:image:height\" content=\"181\" \/>\n\t<meta property=\"og:image:type\" content=\"image\/jpeg\" \/>\n<meta name=\"author\" content=\"admin\" \/>\n<meta name=\"twitter:card\" content=\"summary_large_image\" \/>\n<meta name=\"twitter:label1\" content=\"Escrito por\" \/>\n\t<meta name=\"twitter:data1\" content=\"admin\" \/>\n\t<meta name=\"twitter:label2\" content=\"Est. tempo de leitura\" \/>\n\t<meta name=\"twitter:data2\" content=\"5 minutos\" \/>\n<script type=\"application\/ld+json\" class=\"yoast-schema-graph\">{\"@context\":\"https:\/\/schema.org\",\"@graph\":[{\"@type\":\"WebSite\",\"@id\":\"https:\/\/franciscanos.org.br\/noticias\/#website\",\"url\":\"https:\/\/franciscanos.org.br\/noticias\/\",\"name\":\"Not\u00edcias - Franciscanos\",\"description\":\"Prov\u00edncia Franciscana da Imaculada Concei\u00e7\u00e3o do Brasil - Ordem dos Frades Menores - OFM\",\"potentialAction\":[{\"@type\":\"SearchAction\",\"target\":{\"@type\":\"EntryPoint\",\"urlTemplate\":\"https:\/\/franciscanos.org.br\/noticias\/?s={search_term_string}\"},\"query-input\":\"required name=search_term_string\"}],\"inLanguage\":\"pt-BR\"},{\"@type\":\"ImageObject\",\"inLanguage\":\"pt-BR\",\"@id\":\"https:\/\/franciscanos.org.br\/noticias\/leigos-colocar-se-a-servico-no-mundo.html#primaryimage\",\"url\":\"https:\/\/franciscanos.org.br\/noticias\/wp-content\/uploads\/2018\/06\/trezena_100618_1.jpg\",\"contentUrl\":\"https:\/\/franciscanos.org.br\/noticias\/wp-content\/uploads\/2018\/06\/trezena_100618_1.jpg\",\"width\":273,\"height\":181},{\"@type\":\"WebPage\",\"@id\":\"https:\/\/franciscanos.org.br\/noticias\/leigos-colocar-se-a-servico-no-mundo.html#webpage\",\"url\":\"https:\/\/franciscanos.org.br\/noticias\/leigos-colocar-se-a-servico-no-mundo.html\",\"name\":\"O mundo nos chama e Santo Ant\u00f4nio \u00e9 nosso apoio - Not\u00edcias - Franciscanos\",\"isPartOf\":{\"@id\":\"https:\/\/franciscanos.org.br\/noticias\/#website\"},\"primaryImageOfPage\":{\"@id\":\"https:\/\/franciscanos.org.br\/noticias\/leigos-colocar-se-a-servico-no-mundo.html#primaryimage\"},\"datePublished\":\"2018-06-10T19:16:40+00:00\",\"dateModified\":\"2019-11-01T12:47:34+00:00\",\"author\":{\"@id\":\"https:\/\/franciscanos.org.br\/noticias\/#\/schema\/person\/b38fbf43118f02820bd932f2e4b14ad3\"},\"breadcrumb\":{\"@id\":\"https:\/\/franciscanos.org.br\/noticias\/leigos-colocar-se-a-servico-no-mundo.html#breadcrumb\"},\"inLanguage\":\"pt-BR\",\"potentialAction\":[{\"@type\":\"ReadAction\",\"target\":[\"https:\/\/franciscanos.org.br\/noticias\/leigos-colocar-se-a-servico-no-mundo.html\"]}]},{\"@type\":\"BreadcrumbList\",\"@id\":\"https:\/\/franciscanos.org.br\/noticias\/leigos-colocar-se-a-servico-no-mundo.html#breadcrumb\",\"itemListElement\":[{\"@type\":\"ListItem\",\"position\":1,\"name\":\"Home\",\"item\":\"https:\/\/franciscanos.org.br\/noticias\"},{\"@type\":\"ListItem\",\"position\":2,\"name\":\"O mundo nos chama e Santo Ant\u00f4nio \u00e9 nosso apoio\"}]},{\"@type\":\"Person\",\"@id\":\"https:\/\/franciscanos.org.br\/noticias\/#\/schema\/person\/b38fbf43118f02820bd932f2e4b14ad3\",\"name\":\"admin\",\"image\":{\"@type\":\"ImageObject\",\"inLanguage\":\"pt-BR\",\"@id\":\"https:\/\/franciscanos.org.br\/noticias\/#\/schema\/person\/image\/\",\"url\":\"https:\/\/secure.gravatar.com\/avatar\/e8495742d34d0ba6448ea1c628263b3e?s=96&d=mm&r=g\",\"contentUrl\":\"https:\/\/secure.gravatar.com\/avatar\/e8495742d34d0ba6448ea1c628263b3e?s=96&d=mm&r=g\",\"caption\":\"admin\"},\"url\":\"https:\/\/franciscanos.org.br\/noticias\/author\/admin\"}]}<\/script>\n<!-- \/ Yoast SEO plugin. -->","yoast_head_json":{"title":"O mundo nos chama e Santo Ant\u00f4nio \u00e9 nosso apoio - Not\u00edcias - Franciscanos","robots":{"index":"index","follow":"follow","max-snippet":"max-snippet:-1","max-image-preview":"max-image-preview:large","max-video-preview":"max-video-preview:-1"},"canonical":"https:\/\/franciscanos.org.br\/noticias\/leigos-colocar-se-a-servico-no-mundo.html","og_locale":"pt_BR","og_type":"article","og_title":"O mundo nos chama e Santo Ant\u00f4nio \u00e9 nosso apoio - Not\u00edcias - Franciscanos","og_description":"Convento Santo Ant\u00f4nio do Largo da Carioca","og_url":"https:\/\/franciscanos.org.br\/noticias\/leigos-colocar-se-a-servico-no-mundo.html","og_site_name":"Not\u00edcias - Franciscanos","article_published_time":"2018-06-10T19:16:40+00:00","article_modified_time":"2019-11-01T12:47:34+00:00","og_image":[{"width":273,"height":181,"url":"https:\/\/franciscanos.org.br\/noticias\/wp-content\/uploads\/2018\/06\/trezena_100618_1.jpg","type":"image\/jpeg"}],"author":"admin","twitter_card":"summary_large_image","twitter_misc":{"Escrito por":"admin","Est. tempo de leitura":"5 minutos"},"schema":{"@context":"https:\/\/schema.org","@graph":[{"@type":"WebSite","@id":"https:\/\/franciscanos.org.br\/noticias\/#website","url":"https:\/\/franciscanos.org.br\/noticias\/","name":"Not\u00edcias - Franciscanos","description":"Prov\u00edncia Franciscana da Imaculada Concei\u00e7\u00e3o do Brasil - Ordem dos Frades Menores - OFM","potentialAction":[{"@type":"SearchAction","target":{"@type":"EntryPoint","urlTemplate":"https:\/\/franciscanos.org.br\/noticias\/?s={search_term_string}"},"query-input":"required name=search_term_string"}],"inLanguage":"pt-BR"},{"@type":"ImageObject","inLanguage":"pt-BR","@id":"https:\/\/franciscanos.org.br\/noticias\/leigos-colocar-se-a-servico-no-mundo.html#primaryimage","url":"https:\/\/franciscanos.org.br\/noticias\/wp-content\/uploads\/2018\/06\/trezena_100618_1.jpg","contentUrl":"https:\/\/franciscanos.org.br\/noticias\/wp-content\/uploads\/2018\/06\/trezena_100618_1.jpg","width":273,"height":181},{"@type":"WebPage","@id":"https:\/\/franciscanos.org.br\/noticias\/leigos-colocar-se-a-servico-no-mundo.html#webpage","url":"https:\/\/franciscanos.org.br\/noticias\/leigos-colocar-se-a-servico-no-mundo.html","name":"O mundo nos chama e Santo Ant\u00f4nio \u00e9 nosso apoio - Not\u00edcias - Franciscanos","isPartOf":{"@id":"https:\/\/franciscanos.org.br\/noticias\/#website"},"primaryImageOfPage":{"@id":"https:\/\/franciscanos.org.br\/noticias\/leigos-colocar-se-a-servico-no-mundo.html#primaryimage"},"datePublished":"2018-06-10T19:16:40+00:00","dateModified":"2019-11-01T12:47:34+00:00","author":{"@id":"https:\/\/franciscanos.org.br\/noticias\/#\/schema\/person\/b38fbf43118f02820bd932f2e4b14ad3"},"breadcrumb":{"@id":"https:\/\/franciscanos.org.br\/noticias\/leigos-colocar-se-a-servico-no-mundo.html#breadcrumb"},"inLanguage":"pt-BR","potentialAction":[{"@type":"ReadAction","target":["https:\/\/franciscanos.org.br\/noticias\/leigos-colocar-se-a-servico-no-mundo.html"]}]},{"@type":"BreadcrumbList","@id":"https:\/\/franciscanos.org.br\/noticias\/leigos-colocar-se-a-servico-no-mundo.html#breadcrumb","itemListElement":[{"@type":"ListItem","position":1,"name":"Home","item":"https:\/\/franciscanos.org.br\/noticias"},{"@type":"ListItem","position":2,"name":"O mundo nos chama e Santo Ant\u00f4nio \u00e9 nosso apoio"}]},{"@type":"Person","@id":"https:\/\/franciscanos.org.br\/noticias\/#\/schema\/person\/b38fbf43118f02820bd932f2e4b14ad3","name":"admin","image":{"@type":"ImageObject","inLanguage":"pt-BR","@id":"https:\/\/franciscanos.org.br\/noticias\/#\/schema\/person\/image\/","url":"https:\/\/secure.gravatar.com\/avatar\/e8495742d34d0ba6448ea1c628263b3e?s=96&d=mm&r=g","contentUrl":"https:\/\/secure.gravatar.com\/avatar\/e8495742d34d0ba6448ea1c628263b3e?s=96&d=mm&r=g","caption":"admin"},"url":"https:\/\/franciscanos.org.br\/noticias\/author\/admin"}]}},"_links":{"self":[{"href":"https:\/\/franciscanos.org.br\/noticias\/wp-json\/wp\/v2\/posts\/162903"}],"collection":[{"href":"https:\/\/franciscanos.org.br\/noticias\/wp-json\/wp\/v2\/posts"}],"about":[{"href":"https:\/\/franciscanos.org.br\/noticias\/wp-json\/wp\/v2\/types\/post"}],"author":[{"embeddable":true,"href":"https:\/\/franciscanos.org.br\/noticias\/wp-json\/wp\/v2\/users\/1"}],"replies":[{"embeddable":true,"href":"https:\/\/franciscanos.org.br\/noticias\/wp-json\/wp\/v2\/comments?post=162903"}],"version-history":[{"count":0,"href":"https:\/\/franciscanos.org.br\/noticias\/wp-json\/wp\/v2\/posts\/162903\/revisions"}],"wp:featuredmedia":[{"embeddable":true,"href":"https:\/\/franciscanos.org.br\/noticias\/wp-json\/wp\/v2\/media\/204292"}],"wp:attachment":[{"href":"https:\/\/franciscanos.org.br\/noticias\/wp-json\/wp\/v2\/media?parent=162903"}],"wp:term":[{"taxonomy":"category","embeddable":true,"href":"https:\/\/franciscanos.org.br\/noticias\/wp-json\/wp\/v2\/categories?post=162903"},{"taxonomy":"post_tag","embeddable":true,"href":"https:\/\/franciscanos.org.br\/noticias\/wp-json\/wp\/v2\/tags?post=162903"}],"curies":[{"name":"wp","href":"https:\/\/api.w.org\/{rel}","templated":true}]}}