{"id":162851,"date":"2018-06-10T00:20:28","date_gmt":"2018-06-10T03:20:28","guid":{"rendered":"http:\/\/franciscanos.org.br\/?p=162851"},"modified":"2019-10-30T13:31:18","modified_gmt":"2019-10-30T16:31:18","slug":"santo-antonio-fez-da-sua-vida-um-instrumento-de-deus","status":"publish","type":"post","link":"https:\/\/franciscanos.org.br\/noticias\/santo-antonio-fez-da-sua-vida-um-instrumento-de-deus.html","title":{"rendered":"Santo Ant\u00f4nio fez da sua vida um instrumento de Deus"},"content":{"rendered":"<p><strong><img loading=\"lazy\" class=\"alignleft size-full wp-image-193672\" src=\"https:\/\/franciscanos.org.br\/noticias\/wp-content\/uploads\/2018\/06\/trezena_pari_090618.jpg\" alt=\"\" width=\"500\" height=\"668\" srcset=\"https:\/\/franciscanos.org.br\/noticias\/wp-content\/uploads\/2018\/06\/trezena_pari_090618.jpg 500w, https:\/\/franciscanos.org.br\/noticias\/wp-content\/uploads\/2018\/06\/trezena_pari_090618-337x450.jpg 337w, https:\/\/franciscanos.org.br\/noticias\/wp-content\/uploads\/2018\/06\/trezena_pari_090618-150x200.jpg 150w\" sizes=\"(max-width: 500px) 100vw, 500px\" \/>S\u00e3o Paulo (SP) \u2013<\/strong>\u00a0Neste s\u00e1bado, 9 de junho, a Par\u00f3quia Santo Ant\u00f4nio do Pari acolheu mais uma vez o pregador Frei Clauzemir Makximovitz, que veio do Convento S\u00e3o Jos\u00e9 de Lages (SC) para pregar o 10\u00ba dia da Trezena de Santo Ant\u00f4nio. O tema \u201cO Santo da Paci\u00eancia\u201d conduziu a reflex\u00e3o do frade na Celebra\u00e7\u00e3o Eucar\u00edstica das 18 horas.<\/p>\n<p>Frei Clauzemir, que se recuperou muito bem de um acidente grave que sofreu em Santa Catarina, iniciou sua prega\u00e7\u00e3o destacando que tem certas trag\u00e9dias, situa\u00e7\u00f5es, acontecimentos, que nada t\u00eam a ver com a Vontade de Deus ou com seu plano para nosso futuro. \u201cAos poucos vamos aprendendo que Deus sonha, sim, com nossa felicidade, tem um projeto de realiza\u00e7\u00e3o especial para cada um de n\u00f3s, mas Ele conta conosco para isso, respeita nossa liberdade, pois s\u00f3 atrav\u00e9s dela \u00e9 que \u00e9 poss\u00edvel a verdadeira realiza\u00e7\u00e3o de nossa voca\u00e7\u00e3o\u201d, notou.<\/p>\n<p>\u201cAssim sendo, algumas coisas que acontecem s\u00e3o reflexo do mau uso de nossa liberdade, reflexo do mal que deixamos existir mesmo nas entrelinhas de nossas escolhas. Algumas coisas, entretanto, n\u00e3o t\u00eam nenhum sentido ou motivo aparente, n\u00e3o tem causa, culpado ou raz\u00e3o. Nos vemos pequenos diante de tudo isso, diante de uma realidade que por vezes nos sufoca. Aprender a lidar com tudo isso, \u00e9 tamb\u00e9m o que chamamos santidade. E eu tenho a impress\u00e3o que necessariamente essa santidade come\u00e7a com muita paci\u00eancia\u201d, situou o frade.<\/p>\n<p>\u201cA simples capacidade de n\u00e3o se desesperar diante de tamanha fragilidade j\u00e1 \u00e9 uma virtude\u201d, disse, explicando que paci\u00eancia tem em sua etimologia <em>pathos<\/em>, que significa dor, sofrimento. \u201cAgravante ainda \u00e9 que vivemos em um tempo multifuncional, agitado e exigente demais. Sofremos coletivamente da chamada s\u00edndrome do pensamento acelerado, somos inquietos, desconfiados e muito cobrados o tempo todo. Lidar com uma situa\u00e7\u00e3o adversa sem se exaltar \u00e9 cada vez mais dif\u00edcil, e quando n\u00e3o, dif\u00edcil \u00e9 resolver a situa\u00e7\u00e3o de modo que se gostaria\u201d, constata.<\/p>\n<p>Para Frei Clauzemir, ter paci\u00eancia tem a ver com onde colocamos nossa confian\u00e7a. \u201cPaci\u00eancia tem a ver com confian\u00e7a, tem a ver com centralidade, com seguran\u00e7a. Se buscamos respostas imediatas para tudo, n\u00e3o conseguimos. Mas se o nosso relacionamento com Deus \u00e9 \u00edntimo o suficiente, nosso cora\u00e7\u00e3o se aquieta, se torna manso, e descobrimos que mesmo no olho do fura\u00e7\u00e3o, \u201ccede o mar embravecido\u201d para citar o respons\u00f3rio de Santo Ant\u00f4nio\u201d, ensinou.<\/p>\n<p>Para o frade, paci\u00eancia \u00e9 sempre algo a ser buscado, constru\u00eddo, trabalhado. \u201cMesmo quando \u00e9 uma virtude nata, deve ser comedida, pois ser paciente n\u00e3o \u00e9 ser indolente, insens\u00edvel ao que ocorre ao redor. Paciente, ao contr\u00e1rio, \u00e9 participar, \u00e9 sentir, \u00e9 assumir\u201d, acrescentou.<\/p>\n<p>O pregador tamb\u00e9m disse que paci\u00eancia tem a ver com ordem, como toda virtude. \u201cSignifica colocar as coisas em seu devido lugar, valorizar aquilo que tem real valor. Um exemplo disso \u00e9 se pud\u00e9ssemos medir nossa paci\u00eancia em casa. O que \u00e9 necess\u00e1rio para nos tirar do s\u00e9rio? Para que situa\u00e7\u00f5es n\u00e3o temos a menor paci\u00eancia? Ser\u00e1 que elas n\u00e3o tem mesmo nenhum valor? E para que coisas sempre temos tempo e disposi\u00e7\u00e3o? Para a televis\u00e3o, a novela, o futebol, o celular, a internet\u2026 Para que coisas mais nossa paci\u00eancia nunca finda? N\u00e3o sejamos moralistas de apenas apontar isso de forma negativa, mas equil\u00edbrio sempre \u00e9 necess\u00e1rio. E essas coisas s\u00e3o um excelente indicador de qu\u00e3o bem anda distribu\u00eddo nosso esfor\u00e7o em sermos pacientes\u201d, constata o frade.<\/p>\n<p>\u201cComo franciscano, Santo Ant\u00f4nio n\u00e3o se deixava abalar pelas dificuldades mesmo da vida fraterna, desentendimentos entre os frades, cobran\u00e7as do povo, dificuldades e priva\u00e7\u00f5es que ele passava. Mas isso tudo n\u00e3o lhe veio pronto, foi fruto de uma intensa caminhada pessoal, de santifica\u00e7\u00e3o e de quem queria de fato, fazer da sua vida um instrumento de Deus\u201d, completou Frei Clauzemir.<\/p>\n<p>Neste dia 10 de junho, a Trezena acontecer\u00e1 \u00e0s 18 horas e ter\u00e1 como tema \u201cSanto Ant\u00f4nio o Santo dos Pobres\u201d. Tamb\u00e9m neste domingo a partir das 17 horas, e nos pr\u00f3ximos dias (13,16,17\/06), acontece a festa externa com barracas e comidas t\u00edpicas. Prestigie!<\/p>\n","protected":false},"excerpt":{"rendered":"<p>Par\u00f3quia Santo Ant\u00f4nio do Pari<\/p>\n","protected":false},"author":1,"featured_media":193673,"comment_status":"open","ping_status":"open","sticky":false,"template":"","format":"standard","meta":[],"categories":[1],"tags":[287,389],"acf":[],"yoast_head":"<!-- This site is optimized with the Yoast SEO plugin v19.2 - https:\/\/yoast.com\/wordpress\/plugins\/seo\/ -->\n<title>Santo Ant\u00f4nio fez da sua vida um instrumento de Deus - Not\u00edcias - Franciscanos<\/title>\n<meta name=\"robots\" content=\"index, follow, max-snippet:-1, max-image-preview:large, max-video-preview:-1\" \/>\n<link rel=\"canonical\" href=\"https:\/\/franciscanos.org.br\/noticias\/santo-antonio-fez-da-sua-vida-um-instrumento-de-deus.html\" \/>\n<meta property=\"og:locale\" content=\"pt_BR\" \/>\n<meta property=\"og:type\" content=\"article\" \/>\n<meta property=\"og:title\" content=\"Santo Ant\u00f4nio fez da sua vida um instrumento de Deus - Not\u00edcias - Franciscanos\" \/>\n<meta property=\"og:description\" content=\"Par\u00f3quia Santo Ant\u00f4nio do Pari\" \/>\n<meta property=\"og:url\" content=\"https:\/\/franciscanos.org.br\/noticias\/santo-antonio-fez-da-sua-vida-um-instrumento-de-deus.html\" \/>\n<meta property=\"og:site_name\" content=\"Not\u00edcias - Franciscanos\" \/>\n<meta property=\"article:published_time\" content=\"2018-06-10T03:20:28+00:00\" \/>\n<meta property=\"article:modified_time\" content=\"2019-10-30T16:31:18+00:00\" \/>\n<meta property=\"og:image\" content=\"https:\/\/franciscanos.org.br\/noticias\/wp-content\/uploads\/2018\/06\/trezena_pari_090618d.jpg\" \/>\n\t<meta property=\"og:image:width\" content=\"273\" \/>\n\t<meta property=\"og:image:height\" content=\"181\" \/>\n\t<meta property=\"og:image:type\" content=\"image\/jpeg\" \/>\n<meta name=\"author\" content=\"admin\" \/>\n<meta name=\"twitter:card\" content=\"summary_large_image\" \/>\n<meta name=\"twitter:label1\" content=\"Escrito por\" \/>\n\t<meta name=\"twitter:data1\" content=\"admin\" \/>\n\t<meta name=\"twitter:label2\" content=\"Est. tempo de leitura\" \/>\n\t<meta name=\"twitter:data2\" content=\"4 minutos\" \/>\n<script type=\"application\/ld+json\" class=\"yoast-schema-graph\">{\"@context\":\"https:\/\/schema.org\",\"@graph\":[{\"@type\":\"WebSite\",\"@id\":\"https:\/\/franciscanos.org.br\/noticias\/#website\",\"url\":\"https:\/\/franciscanos.org.br\/noticias\/\",\"name\":\"Not\u00edcias - Franciscanos\",\"description\":\"Prov\u00edncia Franciscana da Imaculada Concei\u00e7\u00e3o do Brasil - Ordem dos Frades Menores - OFM\",\"potentialAction\":[{\"@type\":\"SearchAction\",\"target\":{\"@type\":\"EntryPoint\",\"urlTemplate\":\"https:\/\/franciscanos.org.br\/noticias\/?s={search_term_string}\"},\"query-input\":\"required name=search_term_string\"}],\"inLanguage\":\"pt-BR\"},{\"@type\":\"ImageObject\",\"inLanguage\":\"pt-BR\",\"@id\":\"https:\/\/franciscanos.org.br\/noticias\/santo-antonio-fez-da-sua-vida-um-instrumento-de-deus.html#primaryimage\",\"url\":\"https:\/\/franciscanos.org.br\/noticias\/wp-content\/uploads\/2018\/06\/trezena_pari_090618d.jpg\",\"contentUrl\":\"https:\/\/franciscanos.org.br\/noticias\/wp-content\/uploads\/2018\/06\/trezena_pari_090618d.jpg\",\"width\":273,\"height\":181},{\"@type\":\"WebPage\",\"@id\":\"https:\/\/franciscanos.org.br\/noticias\/santo-antonio-fez-da-sua-vida-um-instrumento-de-deus.html#webpage\",\"url\":\"https:\/\/franciscanos.org.br\/noticias\/santo-antonio-fez-da-sua-vida-um-instrumento-de-deus.html\",\"name\":\"Santo Ant\u00f4nio fez da sua vida um instrumento de Deus - Not\u00edcias - Franciscanos\",\"isPartOf\":{\"@id\":\"https:\/\/franciscanos.org.br\/noticias\/#website\"},\"primaryImageOfPage\":{\"@id\":\"https:\/\/franciscanos.org.br\/noticias\/santo-antonio-fez-da-sua-vida-um-instrumento-de-deus.html#primaryimage\"},\"datePublished\":\"2018-06-10T03:20:28+00:00\",\"dateModified\":\"2019-10-30T16:31:18+00:00\",\"author\":{\"@id\":\"https:\/\/franciscanos.org.br\/noticias\/#\/schema\/person\/b38fbf43118f02820bd932f2e4b14ad3\"},\"breadcrumb\":{\"@id\":\"https:\/\/franciscanos.org.br\/noticias\/santo-antonio-fez-da-sua-vida-um-instrumento-de-deus.html#breadcrumb\"},\"inLanguage\":\"pt-BR\",\"potentialAction\":[{\"@type\":\"ReadAction\",\"target\":[\"https:\/\/franciscanos.org.br\/noticias\/santo-antonio-fez-da-sua-vida-um-instrumento-de-deus.html\"]}]},{\"@type\":\"BreadcrumbList\",\"@id\":\"https:\/\/franciscanos.org.br\/noticias\/santo-antonio-fez-da-sua-vida-um-instrumento-de-deus.html#breadcrumb\",\"itemListElement\":[{\"@type\":\"ListItem\",\"position\":1,\"name\":\"Home\",\"item\":\"https:\/\/franciscanos.org.br\/noticias\"},{\"@type\":\"ListItem\",\"position\":2,\"name\":\"Santo Ant\u00f4nio fez da sua vida um instrumento de Deus\"}]},{\"@type\":\"Person\",\"@id\":\"https:\/\/franciscanos.org.br\/noticias\/#\/schema\/person\/b38fbf43118f02820bd932f2e4b14ad3\",\"name\":\"admin\",\"image\":{\"@type\":\"ImageObject\",\"inLanguage\":\"pt-BR\",\"@id\":\"https:\/\/franciscanos.org.br\/noticias\/#\/schema\/person\/image\/\",\"url\":\"https:\/\/secure.gravatar.com\/avatar\/e8495742d34d0ba6448ea1c628263b3e?s=96&d=mm&r=g\",\"contentUrl\":\"https:\/\/secure.gravatar.com\/avatar\/e8495742d34d0ba6448ea1c628263b3e?s=96&d=mm&r=g\",\"caption\":\"admin\"},\"url\":\"https:\/\/franciscanos.org.br\/noticias\/author\/admin\"}]}<\/script>\n<!-- \/ Yoast SEO plugin. -->","yoast_head_json":{"title":"Santo Ant\u00f4nio fez da sua vida um instrumento de Deus - Not\u00edcias - Franciscanos","robots":{"index":"index","follow":"follow","max-snippet":"max-snippet:-1","max-image-preview":"max-image-preview:large","max-video-preview":"max-video-preview:-1"},"canonical":"https:\/\/franciscanos.org.br\/noticias\/santo-antonio-fez-da-sua-vida-um-instrumento-de-deus.html","og_locale":"pt_BR","og_type":"article","og_title":"Santo Ant\u00f4nio fez da sua vida um instrumento de Deus - Not\u00edcias - Franciscanos","og_description":"Par\u00f3quia Santo Ant\u00f4nio do Pari","og_url":"https:\/\/franciscanos.org.br\/noticias\/santo-antonio-fez-da-sua-vida-um-instrumento-de-deus.html","og_site_name":"Not\u00edcias - Franciscanos","article_published_time":"2018-06-10T03:20:28+00:00","article_modified_time":"2019-10-30T16:31:18+00:00","og_image":[{"width":273,"height":181,"url":"https:\/\/franciscanos.org.br\/noticias\/wp-content\/uploads\/2018\/06\/trezena_pari_090618d.jpg","type":"image\/jpeg"}],"author":"admin","twitter_card":"summary_large_image","twitter_misc":{"Escrito por":"admin","Est. tempo de leitura":"4 minutos"},"schema":{"@context":"https:\/\/schema.org","@graph":[{"@type":"WebSite","@id":"https:\/\/franciscanos.org.br\/noticias\/#website","url":"https:\/\/franciscanos.org.br\/noticias\/","name":"Not\u00edcias - Franciscanos","description":"Prov\u00edncia Franciscana da Imaculada Concei\u00e7\u00e3o do Brasil - Ordem dos Frades Menores - OFM","potentialAction":[{"@type":"SearchAction","target":{"@type":"EntryPoint","urlTemplate":"https:\/\/franciscanos.org.br\/noticias\/?s={search_term_string}"},"query-input":"required name=search_term_string"}],"inLanguage":"pt-BR"},{"@type":"ImageObject","inLanguage":"pt-BR","@id":"https:\/\/franciscanos.org.br\/noticias\/santo-antonio-fez-da-sua-vida-um-instrumento-de-deus.html#primaryimage","url":"https:\/\/franciscanos.org.br\/noticias\/wp-content\/uploads\/2018\/06\/trezena_pari_090618d.jpg","contentUrl":"https:\/\/franciscanos.org.br\/noticias\/wp-content\/uploads\/2018\/06\/trezena_pari_090618d.jpg","width":273,"height":181},{"@type":"WebPage","@id":"https:\/\/franciscanos.org.br\/noticias\/santo-antonio-fez-da-sua-vida-um-instrumento-de-deus.html#webpage","url":"https:\/\/franciscanos.org.br\/noticias\/santo-antonio-fez-da-sua-vida-um-instrumento-de-deus.html","name":"Santo Ant\u00f4nio fez da sua vida um instrumento de Deus - Not\u00edcias - Franciscanos","isPartOf":{"@id":"https:\/\/franciscanos.org.br\/noticias\/#website"},"primaryImageOfPage":{"@id":"https:\/\/franciscanos.org.br\/noticias\/santo-antonio-fez-da-sua-vida-um-instrumento-de-deus.html#primaryimage"},"datePublished":"2018-06-10T03:20:28+00:00","dateModified":"2019-10-30T16:31:18+00:00","author":{"@id":"https:\/\/franciscanos.org.br\/noticias\/#\/schema\/person\/b38fbf43118f02820bd932f2e4b14ad3"},"breadcrumb":{"@id":"https:\/\/franciscanos.org.br\/noticias\/santo-antonio-fez-da-sua-vida-um-instrumento-de-deus.html#breadcrumb"},"inLanguage":"pt-BR","potentialAction":[{"@type":"ReadAction","target":["https:\/\/franciscanos.org.br\/noticias\/santo-antonio-fez-da-sua-vida-um-instrumento-de-deus.html"]}]},{"@type":"BreadcrumbList","@id":"https:\/\/franciscanos.org.br\/noticias\/santo-antonio-fez-da-sua-vida-um-instrumento-de-deus.html#breadcrumb","itemListElement":[{"@type":"ListItem","position":1,"name":"Home","item":"https:\/\/franciscanos.org.br\/noticias"},{"@type":"ListItem","position":2,"name":"Santo Ant\u00f4nio fez da sua vida um instrumento de Deus"}]},{"@type":"Person","@id":"https:\/\/franciscanos.org.br\/noticias\/#\/schema\/person\/b38fbf43118f02820bd932f2e4b14ad3","name":"admin","image":{"@type":"ImageObject","inLanguage":"pt-BR","@id":"https:\/\/franciscanos.org.br\/noticias\/#\/schema\/person\/image\/","url":"https:\/\/secure.gravatar.com\/avatar\/e8495742d34d0ba6448ea1c628263b3e?s=96&d=mm&r=g","contentUrl":"https:\/\/secure.gravatar.com\/avatar\/e8495742d34d0ba6448ea1c628263b3e?s=96&d=mm&r=g","caption":"admin"},"url":"https:\/\/franciscanos.org.br\/noticias\/author\/admin"}]}},"_links":{"self":[{"href":"https:\/\/franciscanos.org.br\/noticias\/wp-json\/wp\/v2\/posts\/162851"}],"collection":[{"href":"https:\/\/franciscanos.org.br\/noticias\/wp-json\/wp\/v2\/posts"}],"about":[{"href":"https:\/\/franciscanos.org.br\/noticias\/wp-json\/wp\/v2\/types\/post"}],"author":[{"embeddable":true,"href":"https:\/\/franciscanos.org.br\/noticias\/wp-json\/wp\/v2\/users\/1"}],"replies":[{"embeddable":true,"href":"https:\/\/franciscanos.org.br\/noticias\/wp-json\/wp\/v2\/comments?post=162851"}],"version-history":[{"count":0,"href":"https:\/\/franciscanos.org.br\/noticias\/wp-json\/wp\/v2\/posts\/162851\/revisions"}],"wp:featuredmedia":[{"embeddable":true,"href":"https:\/\/franciscanos.org.br\/noticias\/wp-json\/wp\/v2\/media\/193673"}],"wp:attachment":[{"href":"https:\/\/franciscanos.org.br\/noticias\/wp-json\/wp\/v2\/media?parent=162851"}],"wp:term":[{"taxonomy":"category","embeddable":true,"href":"https:\/\/franciscanos.org.br\/noticias\/wp-json\/wp\/v2\/categories?post=162851"},{"taxonomy":"post_tag","embeddable":true,"href":"https:\/\/franciscanos.org.br\/noticias\/wp-json\/wp\/v2\/tags?post=162851"}],"curies":[{"name":"wp","href":"https:\/\/api.w.org\/{rel}","templated":true}]}}