{"id":162752,"date":"2018-06-09T21:47:47","date_gmt":"2018-06-10T00:47:47","guid":{"rendered":"http:\/\/franciscanos.org.br\/?p=162752"},"modified":"2019-08-23T10:59:04","modified_gmt":"2019-08-23T13:59:04","slug":"tenhamos-a-coragem-de-abracar-a-loucura-divina","status":"publish","type":"post","link":"https:\/\/franciscanos.org.br\/noticias\/tenhamos-a-coragem-de-abracar-a-loucura-divina.html","title":{"rendered":"\u201cTenhamos a coragem de abra\u00e7ar a loucura divina\u201d"},"content":{"rendered":"<p><img loading=\"lazy\" src=\"http:\/\/franciscanos.org.br\/wp-content\/uploads\/2018\/06\/trezena_sp_090618_1.jpg\" alt=\"trezena_sp_090618_1\" width=\"830\" height=\"500\" \/><\/p>\n<p><strong>Frei Augusto Luiz Gabriel<\/strong><\/p>\n<p><strong>S\u00e3o Paulo (SP) \u2013 <\/strong>Nem mesmo o frio de S\u00e3o Paulo (SP) espantou os devotos e fi\u00e9is de Santo Ant\u00f4nio neste s\u00e1bado, 9 de junho. O 9\u00ba dia da Trezena aconteceu \u00e0s 15 horas e teve como celebrante e pregador o Definidor Provincial Frei Gustavo Medella. Frei Marx Rodrigues dos Reis serviu ao altar como di\u00e1cono. A Igreja novamente ficou repleta dos devotos franciscanos, que fielmente participam da Trezena. Frei Gustavo foi enf\u00e1tico ao afirmar que Santo Ant\u00f4nio, em sua vida, teve uma certa dose de loucura.<\/p>\n<p><img loading=\"lazy\" class=\"size-medium wp-image-199978 alignleft\" src=\"https:\/\/franciscanos.org.br\/noticias\/wp-content\/uploads\/2018\/06\/trezena_sp_090618_6-300x450.jpg\" alt=\"\" width=\"300\" height=\"450\" \/>A liturgia do Evangelho do 10\u00ba Domingo do Tempo Comum serviu de base para o in\u00edcio da reflex\u00e3o do frade. Segundo ele, quando souberam que Jesus foi para casa, os seus parentes sa\u00edram para agarr\u00e1-lo porque diziam que estava fora de si. \u201cJesus est\u00e1 louco! Jesus perdeu a cabe\u00e7a! Jesus n\u00e3o responde mais por seus atos. N\u00e3o sabe o que faz. Precisa ser internado. Vamos atr\u00e1s dele para impedir que Ele siga nessa loucura que tem apresentado\u201d, disse<\/p>\n<p>O pregador ressaltou que, num olhar frio e racional, de fato aquilo que Jesus prop\u00f5e tem um certo n\u00edvel de loucura. \u201cEspanta e assusta \u00e0 primeira vista mandar amar os inimigos; rezar por quem nos persegue; fazer o bem a quem nos maltrata. Quanta loucura! Quanta atitude que n\u00e3o tem explica\u00e7\u00e3o a partir de uma l\u00f3gica. A l\u00f3gica da vingan\u00e7a, do devolver com a mesma moeda, do \u2018deu e levou\u2019\u201d, observou.<\/p>\n<p>Por outro lado, \u00e9 t\u00e3o diferente que at\u00e9 contraria a natureza e o instinto dos seres humanos. Segundo Frei Gustavo, contrariava muito a vida e a vis\u00e3o de Deus que aquele povo tinha. \u201c\u00c0quele povo ainda estava preso. \u00c9 o mesmo Deus que diante da falha e da incoer\u00eancia de Ad\u00e3o e Eva, tinha oferecido a eles um castigo e os tinha expulsado do para\u00edso\u201d, explicou.<\/p>\n<p>Jesus, no entanto, em profunda sintonia com Deus, que \u00e9 Pai, vem e apresenta a sua face amorosa, amiga, pr\u00f3xima e por isso choca e espanta at\u00e9 mesmo os seus pr\u00f3prios parentes que O julgam louco.<\/p>\n<p>\u201cOlhando para a vida dos santos, tamb\u00e9m percebemos epis\u00f3dios assim. Vemos que quase todos eles buscaram viver em sua radicalidade o amor a Deus e ao pr\u00f3ximo. Logo quando se converteu, os amigos de Francisco tamb\u00e9m diziam que ele estava ficando louco. Porque aquele que diante da l\u00f3gica humana, daquilo que seus pr\u00f3prios amigos ambicionavam, j\u00e1 era filho de rico, tinha uma vida pela frente para ascender, para se tornar um nobre, de repente considera tudo isso secund\u00e1rio e desprez\u00edvel e se entrega ao seguimento de Cristo\u201d, contou o celebrante.<\/p>\n<p><strong>IMPORTANTE \u00c9 SER FIEL AT\u00c9 O FIM<\/strong><\/p>\n<p><img loading=\"lazy\" src=\"http:\/\/franciscanos.org.br\/wp-content\/uploads\/2018\/06\/trezena_sp_090618.jpg\" alt=\"trezena_sp_090618\" width=\"830\" height=\"500\" \/><\/p>\n<p>Apontando para a imagem de Santo Ant\u00f4nio, Frei Gustavo disse que este santo tamb\u00e9m teve uma certa dose de loucura. Na hist\u00f3ria dele, o epis\u00f3dio em que ele decidiu se tornar franciscano tamb\u00e9m traz em si uma certa ousadia.<\/p>\n<p>\u201cQuando ele era c\u00f4nego agostiniano, na cidade de Coimbra, em Portugal, e ainda se chamava Dom Fernando, viu os mission\u00e1rios franciscanos passando pela sua terra em dire\u00e7\u00e3o ao Marrocos, na \u00c1frica. Soube depois aqueles mission\u00e1rios, por causa da sua f\u00e9 e de sua prega\u00e7\u00e3o, foram martirizados. Ele se encantou com a hist\u00f3ria e decidiu ser franciscano. Vontade de morrer? N\u00e3o! \u00c9 a vontade de se engajar de tal modo no amor a que Deus o chamou que dar a vida quase se torna secund\u00e1rio. Importante \u00e9 ser fiel at\u00e9 o fim\u201d, disse, afirmando que os crist\u00e3os precisam desta dose de loucura e de ousadia para tamb\u00e9m aumentar a qualidade do seguimento a Jesus Cristo.<\/p>\n<p>Focando no tema do dia, \u201cSanto Ant\u00f4nio e o P\u00e3o do Perd\u00e3o\u201d, o pregador afirmou que perdoar n\u00e3o deixa de ser um ato de loucura, um ato de ousadia. O p\u00e3o do perd\u00e3o, ao contr\u00e1rio do que se pode pensar, muitas vezes \u00e9 um p\u00e3o indigesto, amargo e dif\u00edcil de ser mastigado e engolido. O perd\u00e3o \u00e9 uma conquista e uma decis\u00e3o que se alcan\u00e7am com muita entrega, ren\u00fancia e sofrimento.<\/p>\n<p><img loading=\"lazy\" src=\"http:\/\/franciscanos.org.br\/wp-content\/uploads\/2018\/06\/trezena_sp_090618_5.jpg\" alt=\"trezena_sp_090618_5\" width=\"830\" height=\"480\" \/><\/p>\n<p>Fazer o exerc\u00edcio do perd\u00e3o \u00e9 fazer a mesma experi\u00eancia de Francisco quando abra\u00e7ou o leproso. Mais tarde, Francisco escreveu em seu Testamento \u2013 na \u00e9poca de Francisco a lepra n\u00e3o tinha tratamento \u2013 que era asqueroso para ele olhar um leproso, mas o Senhor Deus teve miseric\u00f3rdia n\u00e3o do leproso, mas dele e o levou para o meio deles. E aquilo que lhe parecia amargo tornou-se doce.<\/p>\n<p>\u201cEst\u00e1 \u00e9 a experi\u00eancia. Como vamos nos aproximar de quem nos ofendeu t\u00e3o profundamente? Como poderemos voltar a ter uma boa rela\u00e7\u00e3o com que cometeu injusti\u00e7as conosco? Como poderei novamente confiar em pessoas que tra\u00edram a minha confian\u00e7a?\u201d, refletiu o frade.<\/p>\n<p>Para ele, \u00e9 neste momento que se faz necess\u00e1rio digerir a atitude de perdoar e de apostar novamente na for\u00e7a do bem, possibilitando e criando novas chances. \u201cBusquemos uma reaproxima\u00e7\u00e3o com aquela pessoa com que tive dificuldade e tamb\u00e9m pe\u00e7amos perd\u00e3o. \u00c9 preciso tomar consci\u00eancia de nossos exageros, injusti\u00e7as e preconceitos. \u00c9 com a gra\u00e7a de Deus que alcan\u00e7amos a humildade para ir ao encontro daqueles que porventura tenhamos magoado, ofendido ou decepcionado\u201d, exortou o pregador.<\/p>\n<p>\u201cTenhamos a coragem de abra\u00e7ar esta loucura divina. N\u00e3o tenhamos medo de sermos generosos e entusiasmados na pr\u00e1tica do perd\u00e3o. O p\u00e3o do perd\u00e3o pode parecer, \u00e0s vezes, indigesto e amargo, mas depois ele nos traz a do\u00e7ura de um cora\u00e7\u00e3o aliviado, livre e desprendido de m\u00e1goas e tristezas para amar. Que o Senhor nos ajude e que Ant\u00f4nio nos mostre o caminho junto ao seu Pai Francisco. Que n\u00f3s tenhamos a coragem de abra\u00e7ar esta loucura que \u00e9 amor de Deus por n\u00f3s e que \u00e9 o perd\u00e3o que Ele nos oferece e nos chama a oferecermos mutuamente\u201d, finalizou Frei Gustavo.<\/p>\n<p><iframe loading=\"lazy\" src=\"https:\/\/www.youtube.com\/embed\/f--fYOKA8h0\" width=\"100%\" height=\"480\" frameborder=\"0\" allowfullscreen=\"allowfullscreen\"><\/iframe><\/p>\n<p>No final da celebra\u00e7\u00e3o, como \u00e9 de costume, Frei Odorico Decker, prestigiou a todos com uma bela m\u00fasica, intitulada \u201cAve Maria\u201d. Veja no v\u00eddeo acima.<\/p>\n<p><strong>ALMANAQUE DE SANTO ANT\u00d4NIO 2019<\/strong><\/p>\n<p>Frei Edrian Pasini, editor da tradicional Folhinha do Sagrado Cora\u00e7\u00e3o de Jesus, da Editora Vozes de Petr\u00f3polis (RJ), fez o lan\u00e7amento do Almanaque de Santo Ant\u00f4nio do pr\u00f3ximo ano.<\/p>\n<p>Segundo o frade, j\u00e1 \u00e9 costume, durante o per\u00edodo da Trezena de Santo Ant\u00f4nio, realizar o lan\u00e7amento do Almanaque, que vem de uma tradi\u00e7\u00e3o milenar de eg\u00edpcios, gregos, romanos e hindus.<\/p>\n<p>Frei Edrian destacou que, historicamente, as pessoas j\u00e1 tiveram contato com outros almanaques, tais como de farm\u00e1cia, conhecimento geral e tamb\u00e9m almanaques mais espec\u00edficos (cient\u00edficos) ou de outras \u00e1reas. \u201cO nosso Almanaque apresenta o calend\u00e1rio civil, lit\u00fargico, agr\u00edcola e tamb\u00e9m o de astronomia. Al\u00e9m disso, ele traz muitos temas tais como: contos, culin\u00e1ria, curiosidades, dicas diversas, temas de ecologia e educa\u00e7\u00e3o, folclore, e outro destaque s\u00e3o tamb\u00e9m os passatempos e o cuidado com a sa\u00fade\u201d, frisou o editor.<\/p>\n<p><img loading=\"lazy\" src=\"http:\/\/franciscanos.org.br\/wp-content\/uploads\/2018\/06\/trezena_sp_090618_2.jpg\" alt=\"trezena_sp_090618_2\" width=\"830\" height=\"500\" \/><\/p>\n<p>Al\u00e9m do lan\u00e7amento do Almanaque, tamb\u00e9m foi lan\u00e7ado neste s\u00e1bado, 9 de junho, o livro \u201cOra\u00e7\u00f5es do Crist\u00e3o Cat\u00f3lico\u201d, de autoria de Frei Edrian. \u00c9 um livro que traz ora\u00e7\u00f5es do devocion\u00e1rio familiar cat\u00f3lico. Trata-se de ora\u00e7\u00f5es que se aprendem com os pais e os av\u00f3s e que s\u00e3o transmitidos de gera\u00e7\u00f5es para gera\u00e7\u00f5es.<\/p>\n<p>O Almanaque custa R$ 17,00 e o Livro R$ 7,90. Com R$ 22,00 voc\u00ea poder\u00e1 adquirir os dois na lojinha do Convento S\u00e3o Francisco ou tamb\u00e9m no dia 13\/06, dia de Santo Ant\u00f4nio, na Par\u00f3quia Santo Ant\u00f4nio do Pari, em S\u00e3o Paulo, onde tamb\u00e9m ser\u00e1 realizado o lan\u00e7amento.<\/p>\n<p><strong>ARRAI\u00c1 FRANCISCANO<\/strong><\/p>\n<p>Ainda n\u00e3o era dia e os freis, paroquianos e colaboradores do Convento e Santu\u00e1rio j\u00e1 estavam de p\u00e9 para a Festa Junina do Santu\u00e1rio, o batizado \u201cArrai\u00e1 Franciscano\u201d. Barracas com comidas t\u00edpicas e com brincadeiras garantiram a divers\u00e3o de quem passava pela pra\u00e7a em frente \u00e0 Igreja do Largo S\u00e3o Francisco de SP. A festa come\u00e7ou \u00e0s 11 horas e seguiu at\u00e9 \u00e0s 19 horas. Teve at\u00e9 dan\u00e7a da quadrilha. Ningu\u00e9m ficou de fora e os moradores em situa\u00e7\u00e3o de rua, que vivem na regi\u00e3o, foram convidados para \u00a0dan\u00e7ar e animar o p\u00fablico que prestigiou o evento.<\/p>\n<p><img loading=\"lazy\" src=\"http:\/\/franciscanos.org.br\/wp-content\/uploads\/2018\/06\/trezena_sp_090618_3.jpg\" alt=\"trezena_sp_090618_3\" width=\"830\" height=\"500\" \/><\/p>\n","protected":false},"excerpt":{"rendered":"<p>Convento S\u00e3o Francisco<\/p>\n","protected":false},"author":5,"featured_media":199979,"comment_status":"open","ping_status":"open","sticky":false,"template":"","format":"standard","meta":[],"categories":[1],"tags":[312,389],"acf":[],"yoast_head":"<!-- This site is optimized with the Yoast SEO plugin v19.2 - https:\/\/yoast.com\/wordpress\/plugins\/seo\/ -->\n<title>\u201cTenhamos a coragem de abra\u00e7ar a loucura divina\u201d - Not\u00edcias - Franciscanos<\/title>\n<meta name=\"robots\" content=\"index, follow, max-snippet:-1, max-image-preview:large, max-video-preview:-1\" \/>\n<link rel=\"canonical\" href=\"https:\/\/franciscanos.org.br\/noticias\/tenhamos-a-coragem-de-abracar-a-loucura-divina.html\" \/>\n<meta property=\"og:locale\" content=\"pt_BR\" \/>\n<meta property=\"og:type\" content=\"article\" \/>\n<meta property=\"og:title\" content=\"\u201cTenhamos a coragem de abra\u00e7ar a loucura divina\u201d - Not\u00edcias - Franciscanos\" \/>\n<meta property=\"og:description\" content=\"Convento S\u00e3o Francisco\" \/>\n<meta property=\"og:url\" content=\"https:\/\/franciscanos.org.br\/noticias\/tenhamos-a-coragem-de-abracar-a-loucura-divina.html\" \/>\n<meta property=\"og:site_name\" content=\"Not\u00edcias - Franciscanos\" \/>\n<meta property=\"article:published_time\" content=\"2018-06-10T00:47:47+00:00\" \/>\n<meta property=\"article:modified_time\" content=\"2019-08-23T13:59:04+00:00\" \/>\n<meta property=\"og:image\" content=\"https:\/\/franciscanos.org.br\/noticias\/wp-content\/uploads\/2018\/06\/trezena_sp_090618_min.jpg\" \/>\n\t<meta property=\"og:image:width\" content=\"273\" \/>\n\t<meta property=\"og:image:height\" content=\"181\" \/>\n\t<meta property=\"og:image:type\" content=\"image\/jpeg\" \/>\n<meta name=\"author\" content=\"freiaugusto\" \/>\n<meta name=\"twitter:card\" content=\"summary_large_image\" \/>\n<meta name=\"twitter:label1\" content=\"Escrito por\" \/>\n\t<meta name=\"twitter:data1\" content=\"freiaugusto\" \/>\n\t<meta name=\"twitter:label2\" content=\"Est. tempo de leitura\" \/>\n\t<meta name=\"twitter:data2\" content=\"7 minutos\" \/>\n<script type=\"application\/ld+json\" class=\"yoast-schema-graph\">{\"@context\":\"https:\/\/schema.org\",\"@graph\":[{\"@type\":\"WebSite\",\"@id\":\"https:\/\/franciscanos.org.br\/noticias\/#website\",\"url\":\"https:\/\/franciscanos.org.br\/noticias\/\",\"name\":\"Not\u00edcias - Franciscanos\",\"description\":\"Prov\u00edncia Franciscana da Imaculada Concei\u00e7\u00e3o do Brasil - Ordem dos Frades Menores - OFM\",\"potentialAction\":[{\"@type\":\"SearchAction\",\"target\":{\"@type\":\"EntryPoint\",\"urlTemplate\":\"https:\/\/franciscanos.org.br\/noticias\/?s={search_term_string}\"},\"query-input\":\"required name=search_term_string\"}],\"inLanguage\":\"pt-BR\"},{\"@type\":\"ImageObject\",\"inLanguage\":\"pt-BR\",\"@id\":\"https:\/\/franciscanos.org.br\/noticias\/tenhamos-a-coragem-de-abracar-a-loucura-divina.html#primaryimage\",\"url\":\"https:\/\/franciscanos.org.br\/noticias\/wp-content\/uploads\/2018\/06\/trezena_sp_090618_min.jpg\",\"contentUrl\":\"https:\/\/franciscanos.org.br\/noticias\/wp-content\/uploads\/2018\/06\/trezena_sp_090618_min.jpg\",\"width\":273,\"height\":181},{\"@type\":\"WebPage\",\"@id\":\"https:\/\/franciscanos.org.br\/noticias\/tenhamos-a-coragem-de-abracar-a-loucura-divina.html#webpage\",\"url\":\"https:\/\/franciscanos.org.br\/noticias\/tenhamos-a-coragem-de-abracar-a-loucura-divina.html\",\"name\":\"\u201cTenhamos a coragem de abra\u00e7ar a loucura divina\u201d - Not\u00edcias - Franciscanos\",\"isPartOf\":{\"@id\":\"https:\/\/franciscanos.org.br\/noticias\/#website\"},\"primaryImageOfPage\":{\"@id\":\"https:\/\/franciscanos.org.br\/noticias\/tenhamos-a-coragem-de-abracar-a-loucura-divina.html#primaryimage\"},\"datePublished\":\"2018-06-10T00:47:47+00:00\",\"dateModified\":\"2019-08-23T13:59:04+00:00\",\"author\":{\"@id\":\"https:\/\/franciscanos.org.br\/noticias\/#\/schema\/person\/37f88f0d111cd5358b12a6556a99eb91\"},\"breadcrumb\":{\"@id\":\"https:\/\/franciscanos.org.br\/noticias\/tenhamos-a-coragem-de-abracar-a-loucura-divina.html#breadcrumb\"},\"inLanguage\":\"pt-BR\",\"potentialAction\":[{\"@type\":\"ReadAction\",\"target\":[\"https:\/\/franciscanos.org.br\/noticias\/tenhamos-a-coragem-de-abracar-a-loucura-divina.html\"]}]},{\"@type\":\"BreadcrumbList\",\"@id\":\"https:\/\/franciscanos.org.br\/noticias\/tenhamos-a-coragem-de-abracar-a-loucura-divina.html#breadcrumb\",\"itemListElement\":[{\"@type\":\"ListItem\",\"position\":1,\"name\":\"Home\",\"item\":\"https:\/\/franciscanos.org.br\/noticias\"},{\"@type\":\"ListItem\",\"position\":2,\"name\":\"\u201cTenhamos a coragem de abra\u00e7ar a loucura divina\u201d\"}]},{\"@type\":\"Person\",\"@id\":\"https:\/\/franciscanos.org.br\/noticias\/#\/schema\/person\/37f88f0d111cd5358b12a6556a99eb91\",\"name\":\"freiaugusto\",\"image\":{\"@type\":\"ImageObject\",\"inLanguage\":\"pt-BR\",\"@id\":\"https:\/\/franciscanos.org.br\/noticias\/#\/schema\/person\/image\/\",\"url\":\"https:\/\/secure.gravatar.com\/avatar\/9840b940e621801b24f3e6b059efb4b7?s=96&d=mm&r=g\",\"contentUrl\":\"https:\/\/secure.gravatar.com\/avatar\/9840b940e621801b24f3e6b059efb4b7?s=96&d=mm&r=g\",\"caption\":\"freiaugusto\"},\"url\":\"https:\/\/franciscanos.org.br\/noticias\/author\/freiaugusto\"}]}<\/script>\n<!-- \/ Yoast SEO plugin. -->","yoast_head_json":{"title":"\u201cTenhamos a coragem de abra\u00e7ar a loucura divina\u201d - Not\u00edcias - Franciscanos","robots":{"index":"index","follow":"follow","max-snippet":"max-snippet:-1","max-image-preview":"max-image-preview:large","max-video-preview":"max-video-preview:-1"},"canonical":"https:\/\/franciscanos.org.br\/noticias\/tenhamos-a-coragem-de-abracar-a-loucura-divina.html","og_locale":"pt_BR","og_type":"article","og_title":"\u201cTenhamos a coragem de abra\u00e7ar a loucura divina\u201d - Not\u00edcias - Franciscanos","og_description":"Convento S\u00e3o Francisco","og_url":"https:\/\/franciscanos.org.br\/noticias\/tenhamos-a-coragem-de-abracar-a-loucura-divina.html","og_site_name":"Not\u00edcias - Franciscanos","article_published_time":"2018-06-10T00:47:47+00:00","article_modified_time":"2019-08-23T13:59:04+00:00","og_image":[{"width":273,"height":181,"url":"https:\/\/franciscanos.org.br\/noticias\/wp-content\/uploads\/2018\/06\/trezena_sp_090618_min.jpg","type":"image\/jpeg"}],"author":"freiaugusto","twitter_card":"summary_large_image","twitter_misc":{"Escrito por":"freiaugusto","Est. tempo de leitura":"7 minutos"},"schema":{"@context":"https:\/\/schema.org","@graph":[{"@type":"WebSite","@id":"https:\/\/franciscanos.org.br\/noticias\/#website","url":"https:\/\/franciscanos.org.br\/noticias\/","name":"Not\u00edcias - Franciscanos","description":"Prov\u00edncia Franciscana da Imaculada Concei\u00e7\u00e3o do Brasil - Ordem dos Frades Menores - OFM","potentialAction":[{"@type":"SearchAction","target":{"@type":"EntryPoint","urlTemplate":"https:\/\/franciscanos.org.br\/noticias\/?s={search_term_string}"},"query-input":"required name=search_term_string"}],"inLanguage":"pt-BR"},{"@type":"ImageObject","inLanguage":"pt-BR","@id":"https:\/\/franciscanos.org.br\/noticias\/tenhamos-a-coragem-de-abracar-a-loucura-divina.html#primaryimage","url":"https:\/\/franciscanos.org.br\/noticias\/wp-content\/uploads\/2018\/06\/trezena_sp_090618_min.jpg","contentUrl":"https:\/\/franciscanos.org.br\/noticias\/wp-content\/uploads\/2018\/06\/trezena_sp_090618_min.jpg","width":273,"height":181},{"@type":"WebPage","@id":"https:\/\/franciscanos.org.br\/noticias\/tenhamos-a-coragem-de-abracar-a-loucura-divina.html#webpage","url":"https:\/\/franciscanos.org.br\/noticias\/tenhamos-a-coragem-de-abracar-a-loucura-divina.html","name":"\u201cTenhamos a coragem de abra\u00e7ar a loucura divina\u201d - Not\u00edcias - Franciscanos","isPartOf":{"@id":"https:\/\/franciscanos.org.br\/noticias\/#website"},"primaryImageOfPage":{"@id":"https:\/\/franciscanos.org.br\/noticias\/tenhamos-a-coragem-de-abracar-a-loucura-divina.html#primaryimage"},"datePublished":"2018-06-10T00:47:47+00:00","dateModified":"2019-08-23T13:59:04+00:00","author":{"@id":"https:\/\/franciscanos.org.br\/noticias\/#\/schema\/person\/37f88f0d111cd5358b12a6556a99eb91"},"breadcrumb":{"@id":"https:\/\/franciscanos.org.br\/noticias\/tenhamos-a-coragem-de-abracar-a-loucura-divina.html#breadcrumb"},"inLanguage":"pt-BR","potentialAction":[{"@type":"ReadAction","target":["https:\/\/franciscanos.org.br\/noticias\/tenhamos-a-coragem-de-abracar-a-loucura-divina.html"]}]},{"@type":"BreadcrumbList","@id":"https:\/\/franciscanos.org.br\/noticias\/tenhamos-a-coragem-de-abracar-a-loucura-divina.html#breadcrumb","itemListElement":[{"@type":"ListItem","position":1,"name":"Home","item":"https:\/\/franciscanos.org.br\/noticias"},{"@type":"ListItem","position":2,"name":"\u201cTenhamos a coragem de abra\u00e7ar a loucura divina\u201d"}]},{"@type":"Person","@id":"https:\/\/franciscanos.org.br\/noticias\/#\/schema\/person\/37f88f0d111cd5358b12a6556a99eb91","name":"freiaugusto","image":{"@type":"ImageObject","inLanguage":"pt-BR","@id":"https:\/\/franciscanos.org.br\/noticias\/#\/schema\/person\/image\/","url":"https:\/\/secure.gravatar.com\/avatar\/9840b940e621801b24f3e6b059efb4b7?s=96&d=mm&r=g","contentUrl":"https:\/\/secure.gravatar.com\/avatar\/9840b940e621801b24f3e6b059efb4b7?s=96&d=mm&r=g","caption":"freiaugusto"},"url":"https:\/\/franciscanos.org.br\/noticias\/author\/freiaugusto"}]}},"_links":{"self":[{"href":"https:\/\/franciscanos.org.br\/noticias\/wp-json\/wp\/v2\/posts\/162752"}],"collection":[{"href":"https:\/\/franciscanos.org.br\/noticias\/wp-json\/wp\/v2\/posts"}],"about":[{"href":"https:\/\/franciscanos.org.br\/noticias\/wp-json\/wp\/v2\/types\/post"}],"author":[{"embeddable":true,"href":"https:\/\/franciscanos.org.br\/noticias\/wp-json\/wp\/v2\/users\/5"}],"replies":[{"embeddable":true,"href":"https:\/\/franciscanos.org.br\/noticias\/wp-json\/wp\/v2\/comments?post=162752"}],"version-history":[{"count":0,"href":"https:\/\/franciscanos.org.br\/noticias\/wp-json\/wp\/v2\/posts\/162752\/revisions"}],"wp:featuredmedia":[{"embeddable":true,"href":"https:\/\/franciscanos.org.br\/noticias\/wp-json\/wp\/v2\/media\/199979"}],"wp:attachment":[{"href":"https:\/\/franciscanos.org.br\/noticias\/wp-json\/wp\/v2\/media?parent=162752"}],"wp:term":[{"taxonomy":"category","embeddable":true,"href":"https:\/\/franciscanos.org.br\/noticias\/wp-json\/wp\/v2\/categories?post=162752"},{"taxonomy":"post_tag","embeddable":true,"href":"https:\/\/franciscanos.org.br\/noticias\/wp-json\/wp\/v2\/tags?post=162752"}],"curies":[{"name":"wp","href":"https:\/\/api.w.org\/{rel}","templated":true}]}}