{"id":162716,"date":"2018-06-09T15:03:51","date_gmt":"2018-06-09T18:03:51","guid":{"rendered":"http:\/\/franciscanos.org.br\/?p=162716"},"modified":"2019-06-09T13:09:39","modified_gmt":"2019-06-09T16:09:39","slug":"santo-antonio-o-grande-cantor-de-maria","status":"publish","type":"post","link":"https:\/\/franciscanos.org.br\/noticias\/santo-antonio-o-grande-cantor-de-maria.html","title":{"rendered":"Santo Ant\u00f4nio diz tudo aquilo que devemos dizer a Maria"},"content":{"rendered":"<p><img loading=\"lazy\" src=\"http:\/\/franciscanos.org.br\/wp-content\/uploads\/2018\/06\/trezena_090618_1.jpg\" alt=\"trezena_090618_1\" width=\"830\" height=\"491\" \/><\/p>\n<p><strong>Moacir Beggo<\/strong><\/p>\n<p><strong>\u00a0<\/strong><strong>Rio de Janeiro (RJ)<\/strong> &#8211; O s\u00e1bado \u00e9 dedicado a Maria na liturgia, mas neste (9\/6), especialmente, a Igreja celebrou o Cora\u00e7\u00e3o Imaculado de Maria. No Convento Santo Ant\u00f4nio do Rio de Janeiro, o nono dia da Trezena n\u00e3o poderia falar de outro tema sen\u00e3o a devo\u00e7\u00e3o a Nossa Senhora.<\/p>\n<p>A Celebra\u00e7\u00e3o Eucar\u00edstica com a Trezena foi um pouco mais cedo, \u00e0s 10 horas, e teve como presidente Frei Guido Scottini e, como pregador, o frade da Cust\u00f3dia do Sagrado Cora\u00e7\u00e3o de Jesus, Frei Od\u00e9cio Lima, que tamb\u00e9m concelebrou com o guardi\u00e3o Frei Jos\u00e9 Pereira.<\/p>\n<p>Frei Erick de Ara\u00fajo L\u00e1zaro fez a acolhida dos fi\u00e9is e, na prociss\u00e3o de entrada, a imagem do Sagrado Cora\u00e7\u00e3o de Maria caminhou no meio da cruz, dos estandartes de Santo Ant\u00f4nio e do andor do santo Padroeiro.<\/p>\n<p>Frei Od\u00e9cio lembrou que a devo\u00e7\u00e3o de Santo Ant\u00f4nio a Nossa Senhora sempre foi muito presente ao longo de toda a sua vida e que basta lembrar Maria como a Padroeira da Ordem Franciscana. Tanto que a devo\u00e7\u00e3o mariana \u00e9 t\u00e3o forte entre os frades que S\u00e3o Francisco a constituiu Advogada da Ordem e \u00e0 sua prote\u00e7\u00e3o e guia confiou os seus filhos espirituais at\u00e9 o fim. &#8220;S\u00e3o Francisco escolhe a pequenina Porci\u00fancula, a mais humilde daquele vale de Assis, para morar. \u00c9 a mais pobrezinha, mas tamb\u00e9m a mais frequentada pelos anjos. Por isso, \u00e9 chamada de Santa Maria dos Anjos, porque a Virgem Maria est\u00e1 acima de todas as for\u00e7as do mundo, de todos os poderes do mundo, representando acima dos anjos aquela que \u00e9 a gl\u00f3ria dos c\u00e9us, o vaso de ouro que resplandece para n\u00f3s, segundo imagem que Santo Ant\u00f4nio gostava de usar&#8221;, explicou o pregador.<\/p>\n<p><img loading=\"lazy\" src=\"http:\/\/franciscanos.org.br\/wp-content\/uploads\/2018\/06\/trezena_090618_2.jpg\" alt=\"trezena_090618_2\" width=\"830\" height=\"623\" \/><\/p>\n<p>E ali, em Santa Maria dos Anjos, os primeiros frades fazem as suas cabanas humildes em torno desta Igreja e &#8220;se fecundam&#8221; de Deus para depois lev\u00e1-lo ao mundo. Segundo o pregador, Santo Ant\u00f4nio, caminhando da Sic\u00edlia para o Norte da It\u00e1lia com aqueles mission\u00e1rios franciscanos, param em Santa Maria dos Anjos porque todos os frades estavam para l\u00e1 se dirigindo. &#8220;Ali recebe a b\u00ean\u00e7\u00e3o final do Cap\u00edtulo das Esteiras do pr\u00f3prio Pai S\u00e3o Francisco. Imbu\u00eddo desta alma mariana, deste cora\u00e7\u00e3o mariano pulsante em todo o frade, segue Ant\u00f4nio para a sua miss\u00e3o e se torna este grande cantor de Maria&#8221;, situou.<\/p>\n<p>Segundo Frei Od\u00e9cio, Santo Ant\u00f4nio encontra em Maria todas as mulheres da B\u00edblia. &#8220;Quando lemos os Serm\u00f5es de Santo Ant\u00f4nio, para cada mulher da B\u00edblia ele tem a plenitude de Maria&#8221;, disse. Santo Ant\u00f4nio escreveu in\u00fameros serm\u00f5es, dentre eles, encontramos seis serm\u00f5es dedicados \u00e0 Virgem Maria, com t\u00edtulos bel\u00edssimos, comparando Maria ao l\u00edrio, ao vaso de ouro, \u00e0 oliveira, ao cipreste, ao arco-\u00edris e \u00e0 porta do c\u00e9u.<\/p>\n<p><img loading=\"lazy\" class=\"alignleft size-full wp-image-162719\" src=\"http:\/\/franciscanos.org.br\/wp-content\/uploads\/2018\/06\/trezena_090618_3.jpg\" alt=\"trezena_090618_3\" width=\"375\" height=\"500\" \/>O primeiro exemplo que citou o pregador \u00e9 o de Sara, que ri quando o visitante, sob o Carvalho de Mambr\u00e9, diz a Abra\u00e3o que ela vai ser m\u00e3e. Ela come\u00e7ou a rir porque se sentia &#8220;acabada e o marido velho&#8221;. Ent\u00e3o, o Senhor disse a Abra\u00e3o:\u00a0 \u201cPor que Sara riu? Existe por acaso alguma coisa imposs\u00edvel a Deus?\u201d<\/p>\n<p>&#8220;E Santo Ant\u00f4nio vai dizer que Maria \u00e9 a nova Sara, a nova m\u00e3e do povo de Deus. Ela n\u00e3o d\u00favida e por isso ela \u00e9 o verdadeiro carvalho de Mambr\u00e9. Porque ela diz sim e um sim convicto, um sim que n\u00e3o tem d\u00favidas&#8221;, detalhou. Depois Maria se torna um novo Mois\u00e9s, que ao entrar em contato com Deus, recebe um rosto resplandecente, que homem algum de Israel podia olhar, podia tocar. Gr\u00e1vida por obra do Esp\u00edrito Santo.<\/p>\n<p>&#8220;E Ant\u00f4nio continua dizendo que ela \u00e9 a verdadeira oliva ou a verdadeira azeitona, numa linguagem mais nossa, mais portuguesa, produzida a partir dessa raiz, a quem ele chama de Santana, a M\u00e3e de Maria. A Velha Oliveira do velho povo de Israel, que produz uma flor nova, perfumada, diz Santo Ant\u00f4nio. E \u00e9 verde como casta \u00e9 a azeitona. E assim se conserva e se amadurece diante da cruz, como a azeitona, que de verde se torna vermelha quando madura. Mas s\u00f3 encontra a sua plenitude quando esmagada. Deixa sair de si o suco precioso do azeite que \u00e9 a un\u00e7\u00e3o. E Santo Ant\u00f4nio diz: un\u00e7\u00e3o de Maria difunde sobre n\u00f3s, porque ela \u00e9 a oliveira de Deus, ela \u00e9 o azeite de Deus, que cuida das feridas e da vida. Assim como deu vida a Cristo&#8221;, citou Frei Od\u00e9cio.<\/p>\n<p>Ainda na analogia de Santo Ant\u00f4nio, Maria \u00e9 Marta e Maria. &#8220;\u00c9 a Marta que Jesus queria, a Marta que cuida de Jesus, que o recebe e o envolve. Mas \u00e9 tamb\u00e9m Maria aquela que escuta, a primeira das disc\u00edpulas de Cristo, aquela que mais ouviu a palavra do Salvador. Os ap\u00f3stolos ouviram Jesus por apenas 3 anos. Maria ouviu por 33 anos. O tempo todo ouvindo o Filho e guardando suas palavras no Cora\u00e7\u00e3o Imaculado, que hoje n\u00f3s celebramos&#8221;, disse.<\/p>\n<p>Para o frade, Maria ainda \u00e9 comparada por Santo Ant\u00f4nio com a Rainha Ester, que encanta o Rei, que encanta Deus no seu trono, que encanta Jesus pendente na Cruz e que O d\u00e1 a n\u00f3s como Salvador. &#8220;Somos filhos de Maria, a escolhida, a rainha do C\u00e9u e da Terra, a rainha dos Frades Menores, a rainha cantada e amada por Santo Ant\u00f4nio&#8221;, enalteceu.<\/p>\n<p>Conta-se no &#8220;Ditos de Santo Ant\u00f4nio&#8221; que ele mantinha conversa\u00e7\u00e3o amig\u00e1vel com Nossa Senhora e que, durante a conversa, o Menino Jesus ficava nos bra\u00e7os de Santo Ant\u00f4nio. &#8220;Esse \u00e9 o santo que nos d\u00e1 Maria. Esse \u00e9 o santo que consegue dizer de Maria o que as Escrituras n\u00e3o conseguiram dizer; aquilo que os te\u00f3logos n\u00e3o conseguiram dizer por falta de humildade. Santo Ant\u00f4nio, na sua humildade, diz tudo aquilo que devemos dizer \u00e0 Virgem Maria&#8221;, completou.<\/p>\n<p>Neste domingo, tamb\u00e9m \u00e0s 10 horas, o 10\u00ba dia da Trezena tem como tema: &#8220;Santo Ant\u00f4nio e o leigo como sujeito eclesial&#8221;.<\/p>\n","protected":false},"excerpt":{"rendered":"<p>Convento Santo Ant\u00f4nio do Largo da Carioca<\/p>\n","protected":false},"author":1,"featured_media":205686,"comment_status":"open","ping_status":"open","sticky":false,"template":"","format":"standard","meta":[],"categories":[1],"tags":[1172,389],"acf":[],"yoast_head":"<!-- This site is optimized with the Yoast SEO plugin v19.2 - https:\/\/yoast.com\/wordpress\/plugins\/seo\/ -->\n<title>Santo Ant\u00f4nio diz tudo aquilo que devemos dizer a Maria - Not\u00edcias - Franciscanos<\/title>\n<meta name=\"robots\" content=\"index, follow, max-snippet:-1, max-image-preview:large, max-video-preview:-1\" \/>\n<link rel=\"canonical\" href=\"https:\/\/franciscanos.org.br\/noticias\/santo-antonio-o-grande-cantor-de-maria.html\" \/>\n<meta property=\"og:locale\" content=\"pt_BR\" \/>\n<meta property=\"og:type\" content=\"article\" \/>\n<meta property=\"og:title\" content=\"Santo Ant\u00f4nio diz tudo aquilo que devemos dizer a Maria - Not\u00edcias - Franciscanos\" \/>\n<meta property=\"og:description\" content=\"Convento Santo Ant\u00f4nio do Largo da Carioca\" \/>\n<meta property=\"og:url\" content=\"https:\/\/franciscanos.org.br\/noticias\/santo-antonio-o-grande-cantor-de-maria.html\" \/>\n<meta property=\"og:site_name\" content=\"Not\u00edcias - Franciscanos\" \/>\n<meta property=\"article:published_time\" content=\"2018-06-09T18:03:51+00:00\" \/>\n<meta property=\"article:modified_time\" content=\"2019-06-09T16:09:39+00:00\" \/>\n<meta property=\"og:image\" content=\"https:\/\/franciscanos.org.br\/noticias\/wp-content\/uploads\/2018\/06\/trezena_090618_1.jpg\" \/>\n\t<meta property=\"og:image:width\" content=\"273\" \/>\n\t<meta property=\"og:image:height\" content=\"181\" \/>\n\t<meta property=\"og:image:type\" content=\"image\/jpeg\" \/>\n<meta name=\"author\" content=\"admin\" \/>\n<meta name=\"twitter:card\" content=\"summary_large_image\" \/>\n<meta name=\"twitter:label1\" content=\"Escrito por\" \/>\n\t<meta name=\"twitter:data1\" content=\"admin\" \/>\n\t<meta name=\"twitter:label2\" content=\"Est. tempo de leitura\" \/>\n\t<meta name=\"twitter:data2\" content=\"5 minutos\" \/>\n<script type=\"application\/ld+json\" class=\"yoast-schema-graph\">{\"@context\":\"https:\/\/schema.org\",\"@graph\":[{\"@type\":\"WebSite\",\"@id\":\"https:\/\/franciscanos.org.br\/noticias\/#website\",\"url\":\"https:\/\/franciscanos.org.br\/noticias\/\",\"name\":\"Not\u00edcias - Franciscanos\",\"description\":\"Prov\u00edncia Franciscana da Imaculada Concei\u00e7\u00e3o do Brasil - Ordem dos Frades Menores - OFM\",\"potentialAction\":[{\"@type\":\"SearchAction\",\"target\":{\"@type\":\"EntryPoint\",\"urlTemplate\":\"https:\/\/franciscanos.org.br\/noticias\/?s={search_term_string}\"},\"query-input\":\"required name=search_term_string\"}],\"inLanguage\":\"pt-BR\"},{\"@type\":\"ImageObject\",\"inLanguage\":\"pt-BR\",\"@id\":\"https:\/\/franciscanos.org.br\/noticias\/santo-antonio-o-grande-cantor-de-maria.html#primaryimage\",\"url\":\"https:\/\/franciscanos.org.br\/noticias\/wp-content\/uploads\/2018\/06\/trezena_090618_1.jpg\",\"contentUrl\":\"https:\/\/franciscanos.org.br\/noticias\/wp-content\/uploads\/2018\/06\/trezena_090618_1.jpg\",\"width\":273,\"height\":181},{\"@type\":\"WebPage\",\"@id\":\"https:\/\/franciscanos.org.br\/noticias\/santo-antonio-o-grande-cantor-de-maria.html#webpage\",\"url\":\"https:\/\/franciscanos.org.br\/noticias\/santo-antonio-o-grande-cantor-de-maria.html\",\"name\":\"Santo Ant\u00f4nio diz tudo aquilo que devemos dizer a Maria - Not\u00edcias - Franciscanos\",\"isPartOf\":{\"@id\":\"https:\/\/franciscanos.org.br\/noticias\/#website\"},\"primaryImageOfPage\":{\"@id\":\"https:\/\/franciscanos.org.br\/noticias\/santo-antonio-o-grande-cantor-de-maria.html#primaryimage\"},\"datePublished\":\"2018-06-09T18:03:51+00:00\",\"dateModified\":\"2019-06-09T16:09:39+00:00\",\"author\":{\"@id\":\"https:\/\/franciscanos.org.br\/noticias\/#\/schema\/person\/b38fbf43118f02820bd932f2e4b14ad3\"},\"breadcrumb\":{\"@id\":\"https:\/\/franciscanos.org.br\/noticias\/santo-antonio-o-grande-cantor-de-maria.html#breadcrumb\"},\"inLanguage\":\"pt-BR\",\"potentialAction\":[{\"@type\":\"ReadAction\",\"target\":[\"https:\/\/franciscanos.org.br\/noticias\/santo-antonio-o-grande-cantor-de-maria.html\"]}]},{\"@type\":\"BreadcrumbList\",\"@id\":\"https:\/\/franciscanos.org.br\/noticias\/santo-antonio-o-grande-cantor-de-maria.html#breadcrumb\",\"itemListElement\":[{\"@type\":\"ListItem\",\"position\":1,\"name\":\"Home\",\"item\":\"https:\/\/franciscanos.org.br\/noticias\"},{\"@type\":\"ListItem\",\"position\":2,\"name\":\"Santo Ant\u00f4nio diz tudo aquilo que devemos dizer a Maria\"}]},{\"@type\":\"Person\",\"@id\":\"https:\/\/franciscanos.org.br\/noticias\/#\/schema\/person\/b38fbf43118f02820bd932f2e4b14ad3\",\"name\":\"admin\",\"image\":{\"@type\":\"ImageObject\",\"inLanguage\":\"pt-BR\",\"@id\":\"https:\/\/franciscanos.org.br\/noticias\/#\/schema\/person\/image\/\",\"url\":\"https:\/\/secure.gravatar.com\/avatar\/e8495742d34d0ba6448ea1c628263b3e?s=96&d=mm&r=g\",\"contentUrl\":\"https:\/\/secure.gravatar.com\/avatar\/e8495742d34d0ba6448ea1c628263b3e?s=96&d=mm&r=g\",\"caption\":\"admin\"},\"url\":\"https:\/\/franciscanos.org.br\/noticias\/author\/admin\"}]}<\/script>\n<!-- \/ Yoast SEO plugin. -->","yoast_head_json":{"title":"Santo Ant\u00f4nio diz tudo aquilo que devemos dizer a Maria - Not\u00edcias - Franciscanos","robots":{"index":"index","follow":"follow","max-snippet":"max-snippet:-1","max-image-preview":"max-image-preview:large","max-video-preview":"max-video-preview:-1"},"canonical":"https:\/\/franciscanos.org.br\/noticias\/santo-antonio-o-grande-cantor-de-maria.html","og_locale":"pt_BR","og_type":"article","og_title":"Santo Ant\u00f4nio diz tudo aquilo que devemos dizer a Maria - Not\u00edcias - Franciscanos","og_description":"Convento Santo Ant\u00f4nio do Largo da Carioca","og_url":"https:\/\/franciscanos.org.br\/noticias\/santo-antonio-o-grande-cantor-de-maria.html","og_site_name":"Not\u00edcias - Franciscanos","article_published_time":"2018-06-09T18:03:51+00:00","article_modified_time":"2019-06-09T16:09:39+00:00","og_image":[{"width":273,"height":181,"url":"https:\/\/franciscanos.org.br\/noticias\/wp-content\/uploads\/2018\/06\/trezena_090618_1.jpg","type":"image\/jpeg"}],"author":"admin","twitter_card":"summary_large_image","twitter_misc":{"Escrito por":"admin","Est. tempo de leitura":"5 minutos"},"schema":{"@context":"https:\/\/schema.org","@graph":[{"@type":"WebSite","@id":"https:\/\/franciscanos.org.br\/noticias\/#website","url":"https:\/\/franciscanos.org.br\/noticias\/","name":"Not\u00edcias - Franciscanos","description":"Prov\u00edncia Franciscana da Imaculada Concei\u00e7\u00e3o do Brasil - Ordem dos Frades Menores - OFM","potentialAction":[{"@type":"SearchAction","target":{"@type":"EntryPoint","urlTemplate":"https:\/\/franciscanos.org.br\/noticias\/?s={search_term_string}"},"query-input":"required name=search_term_string"}],"inLanguage":"pt-BR"},{"@type":"ImageObject","inLanguage":"pt-BR","@id":"https:\/\/franciscanos.org.br\/noticias\/santo-antonio-o-grande-cantor-de-maria.html#primaryimage","url":"https:\/\/franciscanos.org.br\/noticias\/wp-content\/uploads\/2018\/06\/trezena_090618_1.jpg","contentUrl":"https:\/\/franciscanos.org.br\/noticias\/wp-content\/uploads\/2018\/06\/trezena_090618_1.jpg","width":273,"height":181},{"@type":"WebPage","@id":"https:\/\/franciscanos.org.br\/noticias\/santo-antonio-o-grande-cantor-de-maria.html#webpage","url":"https:\/\/franciscanos.org.br\/noticias\/santo-antonio-o-grande-cantor-de-maria.html","name":"Santo Ant\u00f4nio diz tudo aquilo que devemos dizer a Maria - Not\u00edcias - Franciscanos","isPartOf":{"@id":"https:\/\/franciscanos.org.br\/noticias\/#website"},"primaryImageOfPage":{"@id":"https:\/\/franciscanos.org.br\/noticias\/santo-antonio-o-grande-cantor-de-maria.html#primaryimage"},"datePublished":"2018-06-09T18:03:51+00:00","dateModified":"2019-06-09T16:09:39+00:00","author":{"@id":"https:\/\/franciscanos.org.br\/noticias\/#\/schema\/person\/b38fbf43118f02820bd932f2e4b14ad3"},"breadcrumb":{"@id":"https:\/\/franciscanos.org.br\/noticias\/santo-antonio-o-grande-cantor-de-maria.html#breadcrumb"},"inLanguage":"pt-BR","potentialAction":[{"@type":"ReadAction","target":["https:\/\/franciscanos.org.br\/noticias\/santo-antonio-o-grande-cantor-de-maria.html"]}]},{"@type":"BreadcrumbList","@id":"https:\/\/franciscanos.org.br\/noticias\/santo-antonio-o-grande-cantor-de-maria.html#breadcrumb","itemListElement":[{"@type":"ListItem","position":1,"name":"Home","item":"https:\/\/franciscanos.org.br\/noticias"},{"@type":"ListItem","position":2,"name":"Santo Ant\u00f4nio diz tudo aquilo que devemos dizer a Maria"}]},{"@type":"Person","@id":"https:\/\/franciscanos.org.br\/noticias\/#\/schema\/person\/b38fbf43118f02820bd932f2e4b14ad3","name":"admin","image":{"@type":"ImageObject","inLanguage":"pt-BR","@id":"https:\/\/franciscanos.org.br\/noticias\/#\/schema\/person\/image\/","url":"https:\/\/secure.gravatar.com\/avatar\/e8495742d34d0ba6448ea1c628263b3e?s=96&d=mm&r=g","contentUrl":"https:\/\/secure.gravatar.com\/avatar\/e8495742d34d0ba6448ea1c628263b3e?s=96&d=mm&r=g","caption":"admin"},"url":"https:\/\/franciscanos.org.br\/noticias\/author\/admin"}]}},"_links":{"self":[{"href":"https:\/\/franciscanos.org.br\/noticias\/wp-json\/wp\/v2\/posts\/162716"}],"collection":[{"href":"https:\/\/franciscanos.org.br\/noticias\/wp-json\/wp\/v2\/posts"}],"about":[{"href":"https:\/\/franciscanos.org.br\/noticias\/wp-json\/wp\/v2\/types\/post"}],"author":[{"embeddable":true,"href":"https:\/\/franciscanos.org.br\/noticias\/wp-json\/wp\/v2\/users\/1"}],"replies":[{"embeddable":true,"href":"https:\/\/franciscanos.org.br\/noticias\/wp-json\/wp\/v2\/comments?post=162716"}],"version-history":[{"count":0,"href":"https:\/\/franciscanos.org.br\/noticias\/wp-json\/wp\/v2\/posts\/162716\/revisions"}],"wp:featuredmedia":[{"embeddable":true,"href":"https:\/\/franciscanos.org.br\/noticias\/wp-json\/wp\/v2\/media\/205686"}],"wp:attachment":[{"href":"https:\/\/franciscanos.org.br\/noticias\/wp-json\/wp\/v2\/media?parent=162716"}],"wp:term":[{"taxonomy":"category","embeddable":true,"href":"https:\/\/franciscanos.org.br\/noticias\/wp-json\/wp\/v2\/categories?post=162716"},{"taxonomy":"post_tag","embeddable":true,"href":"https:\/\/franciscanos.org.br\/noticias\/wp-json\/wp\/v2\/tags?post=162716"}],"curies":[{"name":"wp","href":"https:\/\/api.w.org\/{rel}","templated":true}]}}