{"id":162624,"date":"2018-06-08T21:03:09","date_gmt":"2018-06-09T00:03:09","guid":{"rendered":"http:\/\/franciscanos.org.br\/?p=162624"},"modified":"2019-08-23T10:59:12","modified_gmt":"2019-08-23T13:59:12","slug":"santo-antonio-sabia-que-no-fundo-do-coracao-humano-existe-fome-de-amor","status":"publish","type":"post","link":"https:\/\/franciscanos.org.br\/noticias\/santo-antonio-sabia-que-no-fundo-do-coracao-humano-existe-fome-de-amor.html","title":{"rendered":"Ant\u00f4nio sabia que no cora\u00e7\u00e3o humano existe fome de amor"},"content":{"rendered":"<p><img loading=\"lazy\" src=\"http:\/\/franciscanos.org.br\/wp-content\/uploads\/2018\/06\/trezena_080618_1.jpg\" alt=\"trezena_080618_1\" width=\"830\" height=\"500\" \/><\/p>\n<p><strong>Frei Augusto Luiz Gabriel<\/strong><\/p>\n<p><strong>S\u00e3o Paulo (SP) \u2013<\/strong> O 8\u00ba dia da Trezena de Santo Ant\u00f4nio no Santu\u00e1rio e Convento S\u00e3o Francisco teve como tema: \u201cSanto Ant\u00f4nio, o P\u00e3o do Amor\u201d. Nesta sexta-feira, 8 de junho, a Celebra\u00e7\u00e3o Eucar\u00edstica presidida por Frei Diego Atalino de Melo e concelebrada pelo di\u00e1cono Frei Marx Rodrigues dos Reis, realizou-se \u00e0s 15 horas e contou com fi\u00e9is e devotos n\u00e3o s\u00f3 de Santo Ant\u00f4nio, mas tamb\u00e9m do Sagrado Cora\u00e7\u00e3o de Jesus. O celebrante iniciou a celebra\u00e7\u00e3o colocando no altar de Deus as inten\u00e7\u00f5es pelo Dia Mundial de Ora\u00e7\u00e3o pela Santifica\u00e7\u00e3o dos Sacerdotes.<\/p>\n<p>\u201cSe \u00e9 do cora\u00e7\u00e3o do homem que sai as melhores coisas e os mais nobres sentimentos, \u00e9 tamb\u00e9m de l\u00e1 que saem tantas coisas que agravam o nosso Senhor. Reconhe\u00e7amos o que torna o nosso cora\u00e7\u00e3o duro e nos afasta do amor de Jesus\u201d, motivou Frei Diego.<\/p>\n<p><img loading=\"lazy\" class=\"alignleft wp-image-193686\" src=\"https:\/\/franciscanos.org.br\/noticias\/wp-content\/uploads\/2018\/06\/trezena_080618sf.jpg\" alt=\"\" width=\"350\" height=\"465\" srcset=\"https:\/\/franciscanos.org.br\/noticias\/wp-content\/uploads\/2018\/06\/trezena_080618sf.jpg 500w, https:\/\/franciscanos.org.br\/noticias\/wp-content\/uploads\/2018\/06\/trezena_080618sf-339x450.jpg 339w, https:\/\/franciscanos.org.br\/noticias\/wp-content\/uploads\/2018\/06\/trezena_080618sf-150x199.jpg 150w\" sizes=\"(max-width: 350px) 100vw, 350px\" \/>Frei Diego explicou a solenidade do Sagrado Cora\u00e7\u00e3o de Jesus voltando ao s\u00e9culo XVI, o tempo em que houve a revela\u00e7\u00e3o do Sagrado Cora\u00e7\u00e3o de Jesus a Santa Margarida Alacoque. Naquele tempo havia uma heresia chamada jansenismo, criada pelo bispo holand\u00eas Cornelius Otto Jansenius. Este movimento pregava uma religi\u00e3o fria, dogm\u00e1tica, uma religi\u00e3o e um Deus distante das pessoas. \u201cEle era t\u00e3o r\u00edgido nas suas prega\u00e7\u00f5es que dizia que muito dificilmente algu\u00e9m conseguiria chegar \u00e0 gra\u00e7a da salva\u00e7\u00e3o. Pregava e impunha aos fi\u00e9is este rigorismo. Ele incentivava a comunh\u00e3o espiritual porque era muito dif\u00edcil algu\u00e9m estar em estado de gra\u00e7a. Na vis\u00e3o dele, quase ningu\u00e9m merecia se aproximar do Sant\u00edssimo Sacramento. Dizia inclusive que o sacramento da reconcilia\u00e7\u00e3o n\u00e3o apagava os pecados e que na verdade, al\u00e9m da confiss\u00e3o, precisar\u00edamos fazer ainda muitas obras de repara\u00e7\u00e3o. Era extremamente rigorista como se Deus fosse punitivo, e que n\u00f3s os seus filhos, dev\u00eassemos viver a vida toda com medo. Foi uma heresia que, inclusive, depois a Igreja condenou por n\u00e3o ser o verdadeiro Evangelho de Jesus\u201d, explicou o celebrante.<\/p>\n<p>Jesus se revelou a Santa Margarida, com um cora\u00e7\u00e3o aberto e chagado, e pediu que ela difundisse por toda a terra que o cora\u00e7\u00e3o Dele n\u00e3o \u00e9 duro, que Ele \u00e9 Deus, mas Ele \u00e9 tamb\u00e9m homem. Foi neste contexto \u2013 explicou o frade &#8211; que tivemos a revela\u00e7\u00e3o do Sagrado, t\u00e3o difundida na Igreja e hoje elevada a solenidade.<\/p>\n<p>Segundo ele, quando falamos de cora\u00e7\u00e3o, n\u00e3o falamos apenas do m\u00fasculo que vai bombeando sangue. \u201cO cora\u00e7\u00e3o tem tantos sentidos metaf\u00f3ricos&#8230; falar de cora\u00e7\u00e3o significa falar daquilo que \u00e9 essencial, falar de cora\u00e7\u00e3o significa falar de vida, falar de cora\u00e7\u00e3o significa falar de car\u00e1ter, de \u00edndole, de sentimento, de nobreza, ou tamb\u00e9m o contr\u00e1rio disto tudo. Falar de cora\u00e7\u00e3o significa falar do \u00e2mago das pessoas de onde saem muitas coisas boas e tamb\u00e9m ruins e negativas\u201d, acentuou.<\/p>\n<p>Frei Diego chamou a aten\u00e7\u00e3o para a beleza desta celebra\u00e7\u00e3o. \u201cOlha que coisa bonita: Nosso Senhor quis se mostrar como um Deus que tem um cora\u00e7\u00e3o. E o Evangelho de hoje nos diz que Jesus, quando estava l\u00e1 no alto da Cruz, teve seu lado aberto de onde jorrou \u00e1gua e sangue. A princ\u00edpio n\u00e3o h\u00e1 nada de extraordin\u00e1rio nisso. O extraordin\u00e1rio est\u00e1 exatamente em Jesus nos mostrar que Ele, l\u00e1 na cruz, \u00e9 Homem, \u00e9 um ser humano como todos n\u00f3s, que temos um cora\u00e7\u00e3o igualzinho ao Dele e que se furarem o nosso cora\u00e7\u00e3o vai jorrar sangue e \u00e1gua tamb\u00e9m\u201d, refletiu.<\/p>\n<p>\u201cJesus quer nos mostrar que assim como o cora\u00e7\u00e3o Dele jorrou sangue e \u00e1gua, e mais do que isso, que o cora\u00e7\u00e3o Dele foi o templo dos mais nobres sentimentos, das mais nobres inten\u00e7\u00f5es, o seu cora\u00e7\u00e3o, o meu cora\u00e7\u00e3o, o nosso cora\u00e7\u00e3o tamb\u00e9m pode ser este sacr\u00e1rio que guarda as coisas mais nobres. \u00c9 isto que Jesus esta querendo mostrar em cada um de n\u00f3s\u201d, destacou o pregador.<\/p>\n<p>Para Frei Diego, falar de cora\u00e7\u00e3o, falar da nobreza e grandiosidade que todo ser humano possui, significa falar de um desejo que todo ser humano tem de amar e ser amado.<\/p>\n<p><img loading=\"lazy\" src=\"http:\/\/franciscanos.org.br\/wp-content\/uploads\/2018\/06\/trezena_080618_3.jpg\" alt=\"trezena_080618_3\" width=\"830\" height=\"500\" \/><\/p>\n<p>\u201cHoje nesta Trezena, a proposta que Santo Ant\u00f4nio nos traz \u00e9 de apresentar o p\u00e3o do amor. Santo Ant\u00f4nio sabia que n\u00e3o bastava dar somente alimento material para as pessoas, ele sabia que no fundo do cora\u00e7\u00e3o humano existe fome de amor. Por isso, ele nos apresenta tamb\u00e9m este p\u00e3o do amor. Ele sabia muito bem que este p\u00e3o do amor era e \u00e9 entregue atrav\u00e9s dos gestos de humanidade, cordialidade, respeito, educa\u00e7\u00e3o. Ele como um bom franciscano entendeu a m\u00edstica e a profundidade da encarna\u00e7\u00e3o de um Deus que se fez homem como n\u00f3s. N\u00e3o de um Deus l\u00e1 das alturas, distante e diante do qual muitas pessoas tinham medo, n\u00e3o! Santo Ant\u00f4nio apresenta este Deus encarnado em Jesus, atrav\u00e9s do amor. E para falar deste amor de Jesus, Santo Ant\u00f4nio certamente nos remete \u00e0 Palavra, \u00e0 Sagrada Escritura\u201d, ressaltou.<\/p>\n<p>Retomando a 1\u00aa Leitura da liturgia do dia, Frei Diego disse que o jeito de amar de\u00a0 Deus e como uma m\u00e3e que nos acaricia e oferece amor. \u201cE Santo Ant\u00f4nio nos mostra que diante de Jesus n\u00f3s n\u00e3o podemos e n\u00e3o devemos ter medo. Diante do cora\u00e7\u00e3o aberto, existe lugar para n\u00f3s nos achegarmos e nos escondermos\u201d, frisou.<\/p>\n<p>Segundo o pregador, S\u00e3o Jo\u00e3o apresenta um belo Evangelho. \u201cEle, mais do que ningu\u00e9m, sabia muito bem como era o cora\u00e7\u00e3o de Jesus. Aquele disc\u00edpulo que tinha ouvido o cora\u00e7\u00e3o de Jesus bater e entendia bem qual era sintonia e o jeito de ser do cora\u00e7\u00e3o de Jesus, percebeu e narrou para n\u00f3s neste Evangelho que aquele cora\u00e7\u00e3o que foi pregado na cruz era um cora\u00e7\u00e3o humano que jorrou sangue e \u00e1gua\u201d, sublinhou.<\/p>\n<p>\u201cIrm\u00e3os e irm\u00e3s, parece coisa boba, mas est\u00e1 mais do que na hora de resgatarmos a cordialidade, simpatia, delicadeza, amor, respeito. Essas virtudes t\u00e3o humanas que est\u00e3o carregadas de amor e do modo de ser do Cora\u00e7\u00e3o de Jesus\u201d, concluiu, pedindo: Que o Sagrado Cora\u00e7\u00e3o de Jesus nos ajude a sermos como o cora\u00e7\u00e3o Dele. Que o Sagrado Cora\u00e7\u00e3o de Jesus nos ensine a sermos peritos em humanidade!<\/p>\n<p><iframe loading=\"lazy\" src=\"https:\/\/www.youtube.com\/embed\/M-yFpLS122o\" width=\"100%\" height=\"480\" frameborder=\"0\" allowfullscreen=\"allowfullscreen\"><\/iframe><\/p>\n<p>Ap\u00f3s a comunh\u00e3o, Frei Diego convidou todos a cantarem uma estrofe da m\u00fasica \u2018Cora\u00e7\u00e3o Santo Tu Reinaras\u2019\u00a0 (V\u00cdDEO ACIMA) lembrando que a Solenidade do Sagrado Cora\u00e7\u00e3o de Jesus \u00e9 tamb\u00e9m o Dia Mundial de Ora\u00e7\u00e3o pela Santifica\u00e7\u00e3o dos Sacerdotes.<strong>\u00a0<\/strong>E, ap\u00f3s a b\u00ean\u00e7\u00e3o com o relic\u00e1rio de Santo Ant\u00f4nio, Frei Marx aspergiu os presentes com \u00e1gua benta.<\/p>\n<p>Neste s\u00e1bado, a Trezena de Santo Ant\u00f4nio ser\u00e1 \u00e0s 15 horas e contar\u00e1 com o tema: \u201cSanto Ant\u00f4nio o P\u00e3o do Perd\u00e3o\u201d. Al\u00e9m da Trezena, a partir das 11h at\u00e9 \u00e0s 19h, na pra\u00e7a em frente ao convento acontecer\u00e1 a Festa Junina.<\/p>\n","protected":false},"excerpt":{"rendered":"<p>Convento S\u00e3o Francisco<\/p>\n","protected":false},"author":5,"featured_media":199976,"comment_status":"open","ping_status":"open","sticky":false,"template":"","format":"standard","meta":[],"categories":[1],"tags":[312,389],"acf":[],"yoast_head":"<!-- This site is optimized with the Yoast SEO plugin v19.2 - https:\/\/yoast.com\/wordpress\/plugins\/seo\/ -->\n<title>Ant\u00f4nio sabia que no cora\u00e7\u00e3o humano existe fome de amor - Not\u00edcias - Franciscanos<\/title>\n<meta name=\"robots\" content=\"index, follow, max-snippet:-1, max-image-preview:large, max-video-preview:-1\" \/>\n<link rel=\"canonical\" href=\"https:\/\/franciscanos.org.br\/noticias\/santo-antonio-sabia-que-no-fundo-do-coracao-humano-existe-fome-de-amor.html\" \/>\n<meta property=\"og:locale\" content=\"pt_BR\" \/>\n<meta property=\"og:type\" content=\"article\" \/>\n<meta property=\"og:title\" content=\"Ant\u00f4nio sabia que no cora\u00e7\u00e3o humano existe fome de amor - Not\u00edcias - Franciscanos\" \/>\n<meta property=\"og:description\" content=\"Convento S\u00e3o Francisco\" \/>\n<meta property=\"og:url\" content=\"https:\/\/franciscanos.org.br\/noticias\/santo-antonio-sabia-que-no-fundo-do-coracao-humano-existe-fome-de-amor.html\" \/>\n<meta property=\"og:site_name\" content=\"Not\u00edcias - Franciscanos\" \/>\n<meta property=\"article:published_time\" content=\"2018-06-09T00:03:09+00:00\" \/>\n<meta property=\"article:modified_time\" content=\"2019-08-23T13:59:12+00:00\" \/>\n<meta property=\"og:image\" content=\"https:\/\/franciscanos.org.br\/noticias\/wp-content\/uploads\/2018\/06\/trezena_080618_min.jpg\" \/>\n\t<meta property=\"og:image:width\" content=\"273\" \/>\n\t<meta property=\"og:image:height\" content=\"181\" \/>\n\t<meta property=\"og:image:type\" content=\"image\/jpeg\" \/>\n<meta name=\"author\" content=\"freiaugusto\" \/>\n<meta name=\"twitter:card\" content=\"summary_large_image\" \/>\n<meta name=\"twitter:label1\" content=\"Escrito por\" \/>\n\t<meta name=\"twitter:data1\" content=\"freiaugusto\" \/>\n\t<meta name=\"twitter:label2\" content=\"Est. tempo de leitura\" \/>\n\t<meta name=\"twitter:data2\" content=\"6 minutos\" \/>\n<script type=\"application\/ld+json\" class=\"yoast-schema-graph\">{\"@context\":\"https:\/\/schema.org\",\"@graph\":[{\"@type\":\"WebSite\",\"@id\":\"https:\/\/franciscanos.org.br\/noticias\/#website\",\"url\":\"https:\/\/franciscanos.org.br\/noticias\/\",\"name\":\"Not\u00edcias - Franciscanos\",\"description\":\"Prov\u00edncia Franciscana da Imaculada Concei\u00e7\u00e3o do Brasil - Ordem dos Frades Menores - OFM\",\"potentialAction\":[{\"@type\":\"SearchAction\",\"target\":{\"@type\":\"EntryPoint\",\"urlTemplate\":\"https:\/\/franciscanos.org.br\/noticias\/?s={search_term_string}\"},\"query-input\":\"required name=search_term_string\"}],\"inLanguage\":\"pt-BR\"},{\"@type\":\"ImageObject\",\"inLanguage\":\"pt-BR\",\"@id\":\"https:\/\/franciscanos.org.br\/noticias\/santo-antonio-sabia-que-no-fundo-do-coracao-humano-existe-fome-de-amor.html#primaryimage\",\"url\":\"https:\/\/franciscanos.org.br\/noticias\/wp-content\/uploads\/2018\/06\/trezena_080618_min.jpg\",\"contentUrl\":\"https:\/\/franciscanos.org.br\/noticias\/wp-content\/uploads\/2018\/06\/trezena_080618_min.jpg\",\"width\":273,\"height\":181},{\"@type\":\"WebPage\",\"@id\":\"https:\/\/franciscanos.org.br\/noticias\/santo-antonio-sabia-que-no-fundo-do-coracao-humano-existe-fome-de-amor.html#webpage\",\"url\":\"https:\/\/franciscanos.org.br\/noticias\/santo-antonio-sabia-que-no-fundo-do-coracao-humano-existe-fome-de-amor.html\",\"name\":\"Ant\u00f4nio sabia que no cora\u00e7\u00e3o humano existe fome de amor - Not\u00edcias - Franciscanos\",\"isPartOf\":{\"@id\":\"https:\/\/franciscanos.org.br\/noticias\/#website\"},\"primaryImageOfPage\":{\"@id\":\"https:\/\/franciscanos.org.br\/noticias\/santo-antonio-sabia-que-no-fundo-do-coracao-humano-existe-fome-de-amor.html#primaryimage\"},\"datePublished\":\"2018-06-09T00:03:09+00:00\",\"dateModified\":\"2019-08-23T13:59:12+00:00\",\"author\":{\"@id\":\"https:\/\/franciscanos.org.br\/noticias\/#\/schema\/person\/37f88f0d111cd5358b12a6556a99eb91\"},\"breadcrumb\":{\"@id\":\"https:\/\/franciscanos.org.br\/noticias\/santo-antonio-sabia-que-no-fundo-do-coracao-humano-existe-fome-de-amor.html#breadcrumb\"},\"inLanguage\":\"pt-BR\",\"potentialAction\":[{\"@type\":\"ReadAction\",\"target\":[\"https:\/\/franciscanos.org.br\/noticias\/santo-antonio-sabia-que-no-fundo-do-coracao-humano-existe-fome-de-amor.html\"]}]},{\"@type\":\"BreadcrumbList\",\"@id\":\"https:\/\/franciscanos.org.br\/noticias\/santo-antonio-sabia-que-no-fundo-do-coracao-humano-existe-fome-de-amor.html#breadcrumb\",\"itemListElement\":[{\"@type\":\"ListItem\",\"position\":1,\"name\":\"Home\",\"item\":\"https:\/\/franciscanos.org.br\/noticias\"},{\"@type\":\"ListItem\",\"position\":2,\"name\":\"Ant\u00f4nio sabia que no cora\u00e7\u00e3o humano existe fome de amor\"}]},{\"@type\":\"Person\",\"@id\":\"https:\/\/franciscanos.org.br\/noticias\/#\/schema\/person\/37f88f0d111cd5358b12a6556a99eb91\",\"name\":\"freiaugusto\",\"image\":{\"@type\":\"ImageObject\",\"inLanguage\":\"pt-BR\",\"@id\":\"https:\/\/franciscanos.org.br\/noticias\/#\/schema\/person\/image\/\",\"url\":\"https:\/\/secure.gravatar.com\/avatar\/9840b940e621801b24f3e6b059efb4b7?s=96&d=mm&r=g\",\"contentUrl\":\"https:\/\/secure.gravatar.com\/avatar\/9840b940e621801b24f3e6b059efb4b7?s=96&d=mm&r=g\",\"caption\":\"freiaugusto\"},\"url\":\"https:\/\/franciscanos.org.br\/noticias\/author\/freiaugusto\"}]}<\/script>\n<!-- \/ Yoast SEO plugin. -->","yoast_head_json":{"title":"Ant\u00f4nio sabia que no cora\u00e7\u00e3o humano existe fome de amor - Not\u00edcias - Franciscanos","robots":{"index":"index","follow":"follow","max-snippet":"max-snippet:-1","max-image-preview":"max-image-preview:large","max-video-preview":"max-video-preview:-1"},"canonical":"https:\/\/franciscanos.org.br\/noticias\/santo-antonio-sabia-que-no-fundo-do-coracao-humano-existe-fome-de-amor.html","og_locale":"pt_BR","og_type":"article","og_title":"Ant\u00f4nio sabia que no cora\u00e7\u00e3o humano existe fome de amor - Not\u00edcias - Franciscanos","og_description":"Convento S\u00e3o Francisco","og_url":"https:\/\/franciscanos.org.br\/noticias\/santo-antonio-sabia-que-no-fundo-do-coracao-humano-existe-fome-de-amor.html","og_site_name":"Not\u00edcias - Franciscanos","article_published_time":"2018-06-09T00:03:09+00:00","article_modified_time":"2019-08-23T13:59:12+00:00","og_image":[{"width":273,"height":181,"url":"https:\/\/franciscanos.org.br\/noticias\/wp-content\/uploads\/2018\/06\/trezena_080618_min.jpg","type":"image\/jpeg"}],"author":"freiaugusto","twitter_card":"summary_large_image","twitter_misc":{"Escrito por":"freiaugusto","Est. tempo de leitura":"6 minutos"},"schema":{"@context":"https:\/\/schema.org","@graph":[{"@type":"WebSite","@id":"https:\/\/franciscanos.org.br\/noticias\/#website","url":"https:\/\/franciscanos.org.br\/noticias\/","name":"Not\u00edcias - Franciscanos","description":"Prov\u00edncia Franciscana da Imaculada Concei\u00e7\u00e3o do Brasil - Ordem dos Frades Menores - OFM","potentialAction":[{"@type":"SearchAction","target":{"@type":"EntryPoint","urlTemplate":"https:\/\/franciscanos.org.br\/noticias\/?s={search_term_string}"},"query-input":"required name=search_term_string"}],"inLanguage":"pt-BR"},{"@type":"ImageObject","inLanguage":"pt-BR","@id":"https:\/\/franciscanos.org.br\/noticias\/santo-antonio-sabia-que-no-fundo-do-coracao-humano-existe-fome-de-amor.html#primaryimage","url":"https:\/\/franciscanos.org.br\/noticias\/wp-content\/uploads\/2018\/06\/trezena_080618_min.jpg","contentUrl":"https:\/\/franciscanos.org.br\/noticias\/wp-content\/uploads\/2018\/06\/trezena_080618_min.jpg","width":273,"height":181},{"@type":"WebPage","@id":"https:\/\/franciscanos.org.br\/noticias\/santo-antonio-sabia-que-no-fundo-do-coracao-humano-existe-fome-de-amor.html#webpage","url":"https:\/\/franciscanos.org.br\/noticias\/santo-antonio-sabia-que-no-fundo-do-coracao-humano-existe-fome-de-amor.html","name":"Ant\u00f4nio sabia que no cora\u00e7\u00e3o humano existe fome de amor - Not\u00edcias - Franciscanos","isPartOf":{"@id":"https:\/\/franciscanos.org.br\/noticias\/#website"},"primaryImageOfPage":{"@id":"https:\/\/franciscanos.org.br\/noticias\/santo-antonio-sabia-que-no-fundo-do-coracao-humano-existe-fome-de-amor.html#primaryimage"},"datePublished":"2018-06-09T00:03:09+00:00","dateModified":"2019-08-23T13:59:12+00:00","author":{"@id":"https:\/\/franciscanos.org.br\/noticias\/#\/schema\/person\/37f88f0d111cd5358b12a6556a99eb91"},"breadcrumb":{"@id":"https:\/\/franciscanos.org.br\/noticias\/santo-antonio-sabia-que-no-fundo-do-coracao-humano-existe-fome-de-amor.html#breadcrumb"},"inLanguage":"pt-BR","potentialAction":[{"@type":"ReadAction","target":["https:\/\/franciscanos.org.br\/noticias\/santo-antonio-sabia-que-no-fundo-do-coracao-humano-existe-fome-de-amor.html"]}]},{"@type":"BreadcrumbList","@id":"https:\/\/franciscanos.org.br\/noticias\/santo-antonio-sabia-que-no-fundo-do-coracao-humano-existe-fome-de-amor.html#breadcrumb","itemListElement":[{"@type":"ListItem","position":1,"name":"Home","item":"https:\/\/franciscanos.org.br\/noticias"},{"@type":"ListItem","position":2,"name":"Ant\u00f4nio sabia que no cora\u00e7\u00e3o humano existe fome de amor"}]},{"@type":"Person","@id":"https:\/\/franciscanos.org.br\/noticias\/#\/schema\/person\/37f88f0d111cd5358b12a6556a99eb91","name":"freiaugusto","image":{"@type":"ImageObject","inLanguage":"pt-BR","@id":"https:\/\/franciscanos.org.br\/noticias\/#\/schema\/person\/image\/","url":"https:\/\/secure.gravatar.com\/avatar\/9840b940e621801b24f3e6b059efb4b7?s=96&d=mm&r=g","contentUrl":"https:\/\/secure.gravatar.com\/avatar\/9840b940e621801b24f3e6b059efb4b7?s=96&d=mm&r=g","caption":"freiaugusto"},"url":"https:\/\/franciscanos.org.br\/noticias\/author\/freiaugusto"}]}},"_links":{"self":[{"href":"https:\/\/franciscanos.org.br\/noticias\/wp-json\/wp\/v2\/posts\/162624"}],"collection":[{"href":"https:\/\/franciscanos.org.br\/noticias\/wp-json\/wp\/v2\/posts"}],"about":[{"href":"https:\/\/franciscanos.org.br\/noticias\/wp-json\/wp\/v2\/types\/post"}],"author":[{"embeddable":true,"href":"https:\/\/franciscanos.org.br\/noticias\/wp-json\/wp\/v2\/users\/5"}],"replies":[{"embeddable":true,"href":"https:\/\/franciscanos.org.br\/noticias\/wp-json\/wp\/v2\/comments?post=162624"}],"version-history":[{"count":0,"href":"https:\/\/franciscanos.org.br\/noticias\/wp-json\/wp\/v2\/posts\/162624\/revisions"}],"wp:featuredmedia":[{"embeddable":true,"href":"https:\/\/franciscanos.org.br\/noticias\/wp-json\/wp\/v2\/media\/199976"}],"wp:attachment":[{"href":"https:\/\/franciscanos.org.br\/noticias\/wp-json\/wp\/v2\/media?parent=162624"}],"wp:term":[{"taxonomy":"category","embeddable":true,"href":"https:\/\/franciscanos.org.br\/noticias\/wp-json\/wp\/v2\/categories?post=162624"},{"taxonomy":"post_tag","embeddable":true,"href":"https:\/\/franciscanos.org.br\/noticias\/wp-json\/wp\/v2\/tags?post=162624"}],"curies":[{"name":"wp","href":"https:\/\/api.w.org\/{rel}","templated":true}]}}