{"id":162490,"date":"2018-06-08T15:47:07","date_gmt":"2018-06-08T18:47:07","guid":{"rendered":"http:\/\/franciscanos.org.br\/?p=162490"},"modified":"2019-10-30T13:38:10","modified_gmt":"2019-10-30T16:38:10","slug":"nao-existe-altar-mais-perfeito-do-que-o-coracao-de-jesus","status":"publish","type":"post","link":"https:\/\/franciscanos.org.br\/noticias\/nao-existe-altar-mais-perfeito-do-que-o-coracao-de-jesus.html","title":{"rendered":"&#8220;N\u00e3o existe altar mais perfeito do que o cora\u00e7\u00e3o de Jesus&#8221;"},"content":{"rendered":"<p><img loading=\"lazy\" src=\"http:\/\/franciscanos.org.br\/wp-content\/uploads\/2018\/06\/coracao_080618.jpg\" alt=\"coracao_080618\" width=\"830\" height=\"562\" \/><\/p>\n<p><strong>Moacir Beggo<\/strong><\/p>\n<p><strong>\u00a0<\/strong><strong>Rio de Janeiro (RJ)<\/strong> &#8211; No oitavo dia (8\/6) da Trezena de Santo Ant\u00f4nio no Convento do Largo da Carioca (RJ), o Padroeiro teve a companhia de outra devo\u00e7\u00e3o franciscana: o Sagrado Cora\u00e7\u00e3o de Jesus. Na Celebra\u00e7\u00e3o Eucar\u00edstica do meio-dia, Frei Od\u00e9cio Lima, frade da Cust\u00f3dia do Sagrado Cora\u00e7\u00e3o de Jesus (SP), foi o pregador e lembrou que tamb\u00e9m neste dia S\u00e3o Jo\u00e3o Paulo II ordenou que fosse realizado o Dia Mundial de Ora\u00e7\u00e3o pela Santifica\u00e7\u00e3o dos Sacerdotes.<\/p>\n<p>Frei Roger Brunorio fez a acolhida dos fi\u00e9is no in\u00edcio da Celebra\u00e7\u00e3o e tamb\u00e9m destacou que j\u00e1 em 1700 celebrava-se a festa do Sagrado Cora\u00e7\u00e3o de Jesus e tamb\u00e9m do Cora\u00e7\u00e3o de Maria no Convento Santo Ant\u00f4nio. &#8220;Os franciscanos tiveram essa licen\u00e7a antes que ela se tornasse oficial na Igreja&#8221;, contou.<\/p>\n<p>Na prociss\u00e3o de entrada, a imagem do Sagrado Cora\u00e7\u00e3o de Jesus caminhou no meio da cruz, dos estandartes de Santo Ant\u00f4nio e do andor do santo Padroeiro. O guardi\u00e3o e reitor do Santu\u00e1rio e Convento, Frei Jos\u00e9 Pereira, e Frei Neylor Tonin foram os concelebrantes. A Trezena tem outra Celebra\u00e7\u00e3o \u00e0s 18 horas.<\/p>\n<p><img loading=\"lazy\" src=\"http:\/\/franciscanos.org.br\/wp-content\/uploads\/2018\/06\/coracao_080618_3.jpg\" alt=\"coracao_080618_3\" width=\"830\" height=\"592\" \/><\/p>\n<p>A pedido do pregador, Frei Neylor colocou a imagem no altar. &#8220;N\u00e3o existe altar mais perfeito do que o cora\u00e7\u00e3o de Jesus. Porque, no cora\u00e7\u00e3o de Jesus, de p\u00e3o se faz corpo, de vinho se faz sangue e se faz sacramento de salva\u00e7\u00e3o para mim, para voc\u00ea. \u00c9 o sacramento da vida, o sacramento do amor, que o nosso Santo Ant\u00f4nio confiava de modo indescrit\u00edvel&#8221;, disse o celebrante.<\/p>\n<p><img loading=\"lazy\" class=\"alignright wp-image-162494 \" src=\"http:\/\/franciscanos.org.br\/wp-content\/uploads\/2018\/06\/coracao_080618_2.jpg\" alt=\"coracao_080618_2\" width=\"319\" height=\"426\" \/>Rememorando a chegada de Ant\u00f4nio no Norte da It\u00e1lia, Frei Od\u00e9cio disse que o santo se inspirou em S\u00e3o Francisco de Assis, aquele Pobrezinho que se fez pobrezinho para poder falar do Sumo Bem e daquele que saciava sua sede nas fontes do amor. &#8220;E Ant\u00f4nio viu isso e descobriu que a prega\u00e7\u00e3o tinha que partir da\u00ed. O glorioso Santo Ant\u00f4nio n\u00e3o foi pregar na Universidade de Bolonha, mas pregou pelas ruas, andando descal\u00e7o, pregou para os pobres, para uma fam\u00edlia em desuni\u00e3o, pregou para aqueles estavam na pris\u00e3o, curou os doentes, visitou os humildes, levando aquilo que tinha aprendido de Francisco: amar o Sumo Bem, chorar por aquele n\u00e3o est\u00e1 sendo amado, aquele que \u00e9 amor&#8221;, disse.<\/p>\n<p>Segundo o frade, nasce, ent\u00e3o, no cora\u00e7\u00e3o da Ordem Franciscana, a devo\u00e7\u00e3o ao Sagrado Cora\u00e7\u00e3o de Jesus e, passando de frade em frade, chega-se a S\u00e3o Boaventura, que cria a &#8220;jaculat\u00f3ria mais linda&#8221; do Sagrado Cora\u00e7\u00e3o de Jesus, quando ele diz:\u00a0 \u201cDoce Cora\u00e7\u00e3o de Jesus, faz com que eu te ame sempre mais!\u201d Outro grande fato que tornou essa devo\u00e7\u00e3o mais forte foi a c\u00e9lebre vis\u00e3o que teve Santa Margarida Maria Alacoque, em 4 de outubro de 1686, quando lhe apareceu Jesus Cristo e lhe mostrou S\u00e3o Francisco, revestido de uma luz e de um esplendor inef\u00e1vel entre os santos e unido \u00e0quela memor\u00e1vel palavra: \u201cEis o Santo mais unido ao meu Cora\u00e7\u00e3o; toma-o como teu guia!\u201d<\/p>\n<p>Para o frade, Santo Ant\u00f4nio pregou para os pobres, viveu para os pobres e encantou os ricos. Aqui, no Rio de Janeiro, o Convento de Santo Ant\u00f4nio foi constru\u00eddo na periferia, junto aos pobres.\u00a0 &#8220;E ainda hoje o Convento Santo Ant\u00f4nio, no centro do Largo da Carioca do Rio de Janeiro, \u00e9 este lugar onde pobres podem subir e aqui encontram a sua casa, porque estar\u00e1 olhando sobre n\u00f3s aquele olhar cheio de miseric\u00f3rdia, cheio de carinho. \u00c9 Santo Ant\u00f4nio do amor, mas n\u00e3o de qualquer amor. Do amor a Jesus. Que hoje nos deixemos tocar pelo cora\u00e7\u00e3o de Cristo!&#8221;, completou.<\/p>\n<p>&#8220;Oh, glorioso Santo Ant\u00f4nio, nos ensina a viver o amor a Jesus, o amor que n\u00e3o est\u00e1 sendo amado pelo mundo. O amor do doce cora\u00e7\u00e3o de Jesus, no qual n\u00f3s encontramos a nossa esperan\u00e7a&#8221;, pediu.<\/p>\n<p><strong>Os sacramentais de Santo Ant\u00f4nio<\/strong><\/p>\n<p><img loading=\"lazy\" class=\"alignleft wp-image-162495 \" src=\"http:\/\/franciscanos.org.br\/wp-content\/uploads\/2018\/06\/coracao_080618_expo1.jpg\" alt=\"coracao_080618_expo1\" width=\"222\" height=\"328\" \/>No lado direito da igreja do Convento Santo Ant\u00f4nio, uma pequena exposi\u00e7\u00e3o de artigos de devo\u00e7\u00e3o consagrados a Santo Ant\u00f4nio tem o poder de trazer \u00e0 mem\u00f3ria hist\u00f3rias de vida e f\u00e9.<\/p>\n<p>&#8220;As pessoas gostam da exposi\u00e7\u00e3o porque se identificam com esses objetos, lembram seus santinhos que tinham em casa ou carregavam na carteira&#8221;, explica o curador da Mostra, Frei Roger Brunorio. Segundo o Catecismo da Igreja Cat\u00f3lica, os sacramentais n\u00e3o conferem a gra\u00e7a em si, \u00e0 maneira dos sacramentos, mas s\u00e3o caminhos que conduzem a ela, ajudando a santificar as diferentes circunst\u00e2ncias da vida. Eles despertam nos crist\u00e3os sentimentos de amor e f\u00e9.<\/p>\n<p>Todo o material devocional exposto faz parte do acervo do Convento Santo Ant\u00f4nio. &#8220;Neste ano, a gente trouxe neste mobili\u00e1rio antigo, vitrines com seis aberturas e seis temas&#8221;, explicou Frei Roger. S\u00e3o eles:\u00a0 &#8220;Santo Ant\u00f4nio do l\u00edrio, da cruz, do Menino Jesus&#8221;; &#8220;Santo Ant\u00f4nio, nosso intercessor&#8221;;\u00a0 &#8220;Santo Ant\u00f4nio de todos n\u00f3s&#8221; (aqui uma raridade da imagem antoniana em relevo de prata e que se guardava nas bolsas, provavelmente dos anos 20 ou 30); &#8220;Santo Ant\u00f4nio, nossa confian\u00e7a e nossa prote\u00e7\u00e3o&#8221; (aqui se destacam as medalhinhas, os pingentes, os brincos, chaves, imagens para colocar na carteira); &#8220;Santo Ant\u00f4nio em todos os momentos&#8221; (destaque para carteira de identidade cat\u00f3lica dos anos 30, que se usava muito, respons\u00f3rio, ter\u00e7o); &#8220;Santo Ant\u00f4nio nosso amor nossa devo\u00e7\u00e3o&#8221; (aqui tem uma devo\u00e7\u00e3o como para a casa, trabalho, com medalhas de todos os tipos de materiais e formatos). A exposi\u00e7\u00e3o fica na igreja at\u00e9 o pr\u00f3ximo dia 10.<\/p>\n","protected":false},"excerpt":{"rendered":"<p>Convento Santo Ant\u00f4nio do Largo da Carioca<\/p>\n","protected":false},"author":1,"featured_media":213093,"comment_status":"open","ping_status":"open","sticky":false,"template":"","format":"standard","meta":[],"categories":[1],"tags":[401,1172],"acf":[],"yoast_head":"<!-- This site is optimized with the Yoast SEO plugin v19.2 - https:\/\/yoast.com\/wordpress\/plugins\/seo\/ -->\n<title>&quot;N\u00e3o existe altar mais perfeito do que o cora\u00e7\u00e3o de Jesus&quot; - Not\u00edcias - Franciscanos<\/title>\n<meta name=\"robots\" content=\"index, follow, max-snippet:-1, max-image-preview:large, max-video-preview:-1\" \/>\n<link rel=\"canonical\" href=\"https:\/\/franciscanos.org.br\/noticias\/nao-existe-altar-mais-perfeito-do-que-o-coracao-de-jesus.html\" \/>\n<meta property=\"og:locale\" content=\"pt_BR\" \/>\n<meta property=\"og:type\" content=\"article\" \/>\n<meta property=\"og:title\" content=\"&quot;N\u00e3o existe altar mais perfeito do que o cora\u00e7\u00e3o de Jesus&quot; - Not\u00edcias - Franciscanos\" \/>\n<meta property=\"og:description\" content=\"Convento Santo Ant\u00f4nio do Largo da Carioca\" \/>\n<meta property=\"og:url\" content=\"https:\/\/franciscanos.org.br\/noticias\/nao-existe-altar-mais-perfeito-do-que-o-coracao-de-jesus.html\" \/>\n<meta property=\"og:site_name\" content=\"Not\u00edcias - Franciscanos\" \/>\n<meta property=\"article:published_time\" content=\"2018-06-08T18:47:07+00:00\" \/>\n<meta property=\"article:modified_time\" content=\"2019-10-30T16:38:10+00:00\" \/>\n<meta property=\"og:image\" content=\"https:\/\/franciscanos.org.br\/noticias\/wp-content\/uploads\/2018\/06\/coracao_080618.jpg\" \/>\n\t<meta property=\"og:image:width\" content=\"273\" \/>\n\t<meta property=\"og:image:height\" content=\"181\" \/>\n\t<meta property=\"og:image:type\" content=\"image\/jpeg\" \/>\n<meta name=\"author\" content=\"admin\" \/>\n<meta name=\"twitter:card\" content=\"summary_large_image\" \/>\n<meta name=\"twitter:label1\" content=\"Escrito por\" \/>\n\t<meta name=\"twitter:data1\" content=\"admin\" \/>\n\t<meta name=\"twitter:label2\" content=\"Est. tempo de leitura\" \/>\n\t<meta name=\"twitter:data2\" content=\"5 minutos\" \/>\n<script type=\"application\/ld+json\" class=\"yoast-schema-graph\">{\"@context\":\"https:\/\/schema.org\",\"@graph\":[{\"@type\":\"WebSite\",\"@id\":\"https:\/\/franciscanos.org.br\/noticias\/#website\",\"url\":\"https:\/\/franciscanos.org.br\/noticias\/\",\"name\":\"Not\u00edcias - Franciscanos\",\"description\":\"Prov\u00edncia Franciscana da Imaculada Concei\u00e7\u00e3o do Brasil - Ordem dos Frades Menores - OFM\",\"potentialAction\":[{\"@type\":\"SearchAction\",\"target\":{\"@type\":\"EntryPoint\",\"urlTemplate\":\"https:\/\/franciscanos.org.br\/noticias\/?s={search_term_string}\"},\"query-input\":\"required name=search_term_string\"}],\"inLanguage\":\"pt-BR\"},{\"@type\":\"ImageObject\",\"inLanguage\":\"pt-BR\",\"@id\":\"https:\/\/franciscanos.org.br\/noticias\/nao-existe-altar-mais-perfeito-do-que-o-coracao-de-jesus.html#primaryimage\",\"url\":\"https:\/\/franciscanos.org.br\/noticias\/wp-content\/uploads\/2018\/06\/coracao_080618.jpg\",\"contentUrl\":\"https:\/\/franciscanos.org.br\/noticias\/wp-content\/uploads\/2018\/06\/coracao_080618.jpg\",\"width\":273,\"height\":181},{\"@type\":\"WebPage\",\"@id\":\"https:\/\/franciscanos.org.br\/noticias\/nao-existe-altar-mais-perfeito-do-que-o-coracao-de-jesus.html#webpage\",\"url\":\"https:\/\/franciscanos.org.br\/noticias\/nao-existe-altar-mais-perfeito-do-que-o-coracao-de-jesus.html\",\"name\":\"\\\"N\u00e3o existe altar mais perfeito do que o cora\u00e7\u00e3o de Jesus\\\" - Not\u00edcias - Franciscanos\",\"isPartOf\":{\"@id\":\"https:\/\/franciscanos.org.br\/noticias\/#website\"},\"primaryImageOfPage\":{\"@id\":\"https:\/\/franciscanos.org.br\/noticias\/nao-existe-altar-mais-perfeito-do-que-o-coracao-de-jesus.html#primaryimage\"},\"datePublished\":\"2018-06-08T18:47:07+00:00\",\"dateModified\":\"2019-10-30T16:38:10+00:00\",\"author\":{\"@id\":\"https:\/\/franciscanos.org.br\/noticias\/#\/schema\/person\/b38fbf43118f02820bd932f2e4b14ad3\"},\"breadcrumb\":{\"@id\":\"https:\/\/franciscanos.org.br\/noticias\/nao-existe-altar-mais-perfeito-do-que-o-coracao-de-jesus.html#breadcrumb\"},\"inLanguage\":\"pt-BR\",\"potentialAction\":[{\"@type\":\"ReadAction\",\"target\":[\"https:\/\/franciscanos.org.br\/noticias\/nao-existe-altar-mais-perfeito-do-que-o-coracao-de-jesus.html\"]}]},{\"@type\":\"BreadcrumbList\",\"@id\":\"https:\/\/franciscanos.org.br\/noticias\/nao-existe-altar-mais-perfeito-do-que-o-coracao-de-jesus.html#breadcrumb\",\"itemListElement\":[{\"@type\":\"ListItem\",\"position\":1,\"name\":\"Home\",\"item\":\"https:\/\/franciscanos.org.br\/noticias\"},{\"@type\":\"ListItem\",\"position\":2,\"name\":\"&#8220;N\u00e3o existe altar mais perfeito do que o cora\u00e7\u00e3o de Jesus&#8221;\"}]},{\"@type\":\"Person\",\"@id\":\"https:\/\/franciscanos.org.br\/noticias\/#\/schema\/person\/b38fbf43118f02820bd932f2e4b14ad3\",\"name\":\"admin\",\"image\":{\"@type\":\"ImageObject\",\"inLanguage\":\"pt-BR\",\"@id\":\"https:\/\/franciscanos.org.br\/noticias\/#\/schema\/person\/image\/\",\"url\":\"https:\/\/secure.gravatar.com\/avatar\/e8495742d34d0ba6448ea1c628263b3e?s=96&d=mm&r=g\",\"contentUrl\":\"https:\/\/secure.gravatar.com\/avatar\/e8495742d34d0ba6448ea1c628263b3e?s=96&d=mm&r=g\",\"caption\":\"admin\"},\"url\":\"https:\/\/franciscanos.org.br\/noticias\/author\/admin\"}]}<\/script>\n<!-- \/ Yoast SEO plugin. -->","yoast_head_json":{"title":"\"N\u00e3o existe altar mais perfeito do que o cora\u00e7\u00e3o de Jesus\" - Not\u00edcias - Franciscanos","robots":{"index":"index","follow":"follow","max-snippet":"max-snippet:-1","max-image-preview":"max-image-preview:large","max-video-preview":"max-video-preview:-1"},"canonical":"https:\/\/franciscanos.org.br\/noticias\/nao-existe-altar-mais-perfeito-do-que-o-coracao-de-jesus.html","og_locale":"pt_BR","og_type":"article","og_title":"\"N\u00e3o existe altar mais perfeito do que o cora\u00e7\u00e3o de Jesus\" - Not\u00edcias - Franciscanos","og_description":"Convento Santo Ant\u00f4nio do Largo da Carioca","og_url":"https:\/\/franciscanos.org.br\/noticias\/nao-existe-altar-mais-perfeito-do-que-o-coracao-de-jesus.html","og_site_name":"Not\u00edcias - Franciscanos","article_published_time":"2018-06-08T18:47:07+00:00","article_modified_time":"2019-10-30T16:38:10+00:00","og_image":[{"width":273,"height":181,"url":"https:\/\/franciscanos.org.br\/noticias\/wp-content\/uploads\/2018\/06\/coracao_080618.jpg","type":"image\/jpeg"}],"author":"admin","twitter_card":"summary_large_image","twitter_misc":{"Escrito por":"admin","Est. tempo de leitura":"5 minutos"},"schema":{"@context":"https:\/\/schema.org","@graph":[{"@type":"WebSite","@id":"https:\/\/franciscanos.org.br\/noticias\/#website","url":"https:\/\/franciscanos.org.br\/noticias\/","name":"Not\u00edcias - Franciscanos","description":"Prov\u00edncia Franciscana da Imaculada Concei\u00e7\u00e3o do Brasil - Ordem dos Frades Menores - OFM","potentialAction":[{"@type":"SearchAction","target":{"@type":"EntryPoint","urlTemplate":"https:\/\/franciscanos.org.br\/noticias\/?s={search_term_string}"},"query-input":"required name=search_term_string"}],"inLanguage":"pt-BR"},{"@type":"ImageObject","inLanguage":"pt-BR","@id":"https:\/\/franciscanos.org.br\/noticias\/nao-existe-altar-mais-perfeito-do-que-o-coracao-de-jesus.html#primaryimage","url":"https:\/\/franciscanos.org.br\/noticias\/wp-content\/uploads\/2018\/06\/coracao_080618.jpg","contentUrl":"https:\/\/franciscanos.org.br\/noticias\/wp-content\/uploads\/2018\/06\/coracao_080618.jpg","width":273,"height":181},{"@type":"WebPage","@id":"https:\/\/franciscanos.org.br\/noticias\/nao-existe-altar-mais-perfeito-do-que-o-coracao-de-jesus.html#webpage","url":"https:\/\/franciscanos.org.br\/noticias\/nao-existe-altar-mais-perfeito-do-que-o-coracao-de-jesus.html","name":"\"N\u00e3o existe altar mais perfeito do que o cora\u00e7\u00e3o de Jesus\" - Not\u00edcias - Franciscanos","isPartOf":{"@id":"https:\/\/franciscanos.org.br\/noticias\/#website"},"primaryImageOfPage":{"@id":"https:\/\/franciscanos.org.br\/noticias\/nao-existe-altar-mais-perfeito-do-que-o-coracao-de-jesus.html#primaryimage"},"datePublished":"2018-06-08T18:47:07+00:00","dateModified":"2019-10-30T16:38:10+00:00","author":{"@id":"https:\/\/franciscanos.org.br\/noticias\/#\/schema\/person\/b38fbf43118f02820bd932f2e4b14ad3"},"breadcrumb":{"@id":"https:\/\/franciscanos.org.br\/noticias\/nao-existe-altar-mais-perfeito-do-que-o-coracao-de-jesus.html#breadcrumb"},"inLanguage":"pt-BR","potentialAction":[{"@type":"ReadAction","target":["https:\/\/franciscanos.org.br\/noticias\/nao-existe-altar-mais-perfeito-do-que-o-coracao-de-jesus.html"]}]},{"@type":"BreadcrumbList","@id":"https:\/\/franciscanos.org.br\/noticias\/nao-existe-altar-mais-perfeito-do-que-o-coracao-de-jesus.html#breadcrumb","itemListElement":[{"@type":"ListItem","position":1,"name":"Home","item":"https:\/\/franciscanos.org.br\/noticias"},{"@type":"ListItem","position":2,"name":"&#8220;N\u00e3o existe altar mais perfeito do que o cora\u00e7\u00e3o de Jesus&#8221;"}]},{"@type":"Person","@id":"https:\/\/franciscanos.org.br\/noticias\/#\/schema\/person\/b38fbf43118f02820bd932f2e4b14ad3","name":"admin","image":{"@type":"ImageObject","inLanguage":"pt-BR","@id":"https:\/\/franciscanos.org.br\/noticias\/#\/schema\/person\/image\/","url":"https:\/\/secure.gravatar.com\/avatar\/e8495742d34d0ba6448ea1c628263b3e?s=96&d=mm&r=g","contentUrl":"https:\/\/secure.gravatar.com\/avatar\/e8495742d34d0ba6448ea1c628263b3e?s=96&d=mm&r=g","caption":"admin"},"url":"https:\/\/franciscanos.org.br\/noticias\/author\/admin"}]}},"_links":{"self":[{"href":"https:\/\/franciscanos.org.br\/noticias\/wp-json\/wp\/v2\/posts\/162490"}],"collection":[{"href":"https:\/\/franciscanos.org.br\/noticias\/wp-json\/wp\/v2\/posts"}],"about":[{"href":"https:\/\/franciscanos.org.br\/noticias\/wp-json\/wp\/v2\/types\/post"}],"author":[{"embeddable":true,"href":"https:\/\/franciscanos.org.br\/noticias\/wp-json\/wp\/v2\/users\/1"}],"replies":[{"embeddable":true,"href":"https:\/\/franciscanos.org.br\/noticias\/wp-json\/wp\/v2\/comments?post=162490"}],"version-history":[{"count":0,"href":"https:\/\/franciscanos.org.br\/noticias\/wp-json\/wp\/v2\/posts\/162490\/revisions"}],"wp:featuredmedia":[{"embeddable":true,"href":"https:\/\/franciscanos.org.br\/noticias\/wp-json\/wp\/v2\/media\/213093"}],"wp:attachment":[{"href":"https:\/\/franciscanos.org.br\/noticias\/wp-json\/wp\/v2\/media?parent=162490"}],"wp:term":[{"taxonomy":"category","embeddable":true,"href":"https:\/\/franciscanos.org.br\/noticias\/wp-json\/wp\/v2\/categories?post=162490"},{"taxonomy":"post_tag","embeddable":true,"href":"https:\/\/franciscanos.org.br\/noticias\/wp-json\/wp\/v2\/tags?post=162490"}],"curies":[{"name":"wp","href":"https:\/\/api.w.org\/{rel}","templated":true}]}}