{"id":162474,"date":"2018-06-17T13:39:22","date_gmt":"2018-06-17T16:39:22","guid":{"rendered":"http:\/\/franciscanos.org.br\/?p=162474"},"modified":"2019-01-02T15:32:02","modified_gmt":"2019-01-02T17:32:02","slug":"de-17-a-24-de-junho-33a-semana-nacional-do-migrante","status":"publish","type":"post","link":"https:\/\/franciscanos.org.br\/noticias\/de-17-a-24-de-junho-33a-semana-nacional-do-migrante.html","title":{"rendered":"De 17 a 24 de junho: 33\u00aa Semana Nacional do Migrante"},"content":{"rendered":"<p><strong><a href=\"http:\/\/franciscanos.org.br\/wp-content\/uploads\/2018\/06\/migrante_080618G.jpg\"><img loading=\"lazy\" class=\"alignright size-full wp-image-162475\" src=\"http:\/\/franciscanos.org.br\/wp-content\/uploads\/2018\/06\/migrante_080618G.jpg\" alt=\"migrante_080618G\" width=\"450\" height=\"691\" \/><\/a>Bras\u00edlia &#8211;<\/strong> A convoca\u00e7\u00e3o veio do Papa Francisco: se unirem para intensificar os esfor\u00e7os e consolidar ainda mais o compromisso na constru\u00e7\u00e3o de uma cultura do encontro. Foi com esse chamado que as pastorais e organismos vinculados \u00e0 Confer\u00eancia Nacional dos Bispos do Brasil (CNBB) que atuam com a causa migrat\u00f3ria prepararam a <strong>33\u00aa Semana Nacional do Migrante<\/strong>, que acontece de 17 a 24 de junho em todo o pa\u00eds, com o tema \u201cA vida \u00e9 feita de encontros\u201d e o lema \u201cBra\u00e7os abertos sem medo para acolher!\u201d.<\/p>\n<p>Al\u00e9m das pastorais e organismos da CNBB, outras institui\u00e7\u00f5es ligadas ao atendimento e acompanhamento de migrantes e refugiados colaboraram com o Servi\u00e7o Pastoral do Migrante e a C\u00e1ritas Brasileira nesta ocasi\u00e3o.<\/p>\n<p>O bispo de Pesqueira e referencial do Setor Pastoral da Mobilidade Humana da CNBB, dom Jos\u00e9 Luiz Ferreira Sales, considera que, para a Igreja, \u00e9 muito importante refor\u00e7ar os direitos dos migrantes, refugiados e das diversas categorias migrat\u00f3rias: \u201cEsse dever-desafio encontra sentido quando denunciamos, por exemplo, o trabalho escravo e o tr\u00e1fico de pessoas, uma vez que, n\u00e3o podemos, em hip\u00f3tese alguma, permitir tais viola\u00e7\u00f5es\u201d.<\/p>\n<p>O objetivo \u00e9 promover a \u201ccultura do encontro\u201d, t\u00e3o motivada pelo Papa Francisco, \u201cfazendo crescer os espa\u00e7os e as oportunidades para que os imigrantes e as comunidades locais possam se reunir, dialogar e passar \u00e0 a\u00e7\u00e3o\u201d, de acordo com a proposta divulgada.<br \/>\nA edi\u00e7\u00e3o deste ano est\u00e1 em sintonia com a campanha mundial da C\u00e1ritas \u201cCompartilhe a viagem\u201d, dedicada \u00e0 sensibiliza\u00e7\u00e3o e \u00e0 informa\u00e7\u00e3o sobre imigra\u00e7\u00e3o e ref\u00fagio. \u201cO convite \u00e9 para ir ao encontro, como gesto natural dos crentes que vivem uma f\u00e9 Igreja em sa\u00edda, para abra\u00e7ar, escutar, apoiar, dar a m\u00e3o, compartilhar trajet\u00f3rias, alegrias, dores e fazer-se pr\u00f3ximo\u201d, afirmam os organizadores.<\/p>\n<p>\u201cA campanha \u2018Compartilhe a viagem\u2019 prop\u00f5e incentivar as pessoas, homens, mulheres, crian\u00e7as e jovens, de todos os credos e religi\u00f5es, para irem ao encontro dos migrantes, colaborando na constru\u00e7\u00e3o de uma cultura de Paz, a partir das hist\u00f3rias de vida e da diversidade cultural dos migrantes. Por isso, \u00e9 importante enxergar os migrantes como oportunidade no projeto de reconstru\u00e7\u00e3o das sociedades\u201d, situa o arcebispo de Aracaju e presidente da C\u00e1ritas Brasileira, dom Jo\u00e3o Jos\u00e9 Costa.<\/p>\n<p><strong>Cartaz<\/strong><br \/>\nDe bra\u00e7os abertos sem medo para acolher indica tamb\u00e9m a atitude e a mentalidade de quem sabe entender, relacionar-se, respeitar, valorizar e defender, se necess\u00e1rio, as muitas alteridades que aparecem cada vez mais nas comunidades locais, as que v\u00eam com as migra\u00e7\u00f5es e as que se multiplicam social e culturalmente, unindo a todos e todas contra xenofobias, discrimina\u00e7\u00e3o ou viol\u00eancia de sorte. Assim, descobrimos nas migra\u00e7\u00f5es mais uma oportunidade para toda a Igreja e a sociedade, um dom para o pa\u00eds e uma ocasi\u00e3o de crescimento e enriquecimento para quem sabe ir ao encontro.<\/p>\n<p><strong>A humanidade est\u00e1 em movimento<\/strong><br \/>\nConforme estimativas da ONU, a popula\u00e7\u00e3o que vive fora do pa\u00eds em que nasceu \u00e9 de 3,3% da humanidade, o que corresponde a 244 milh\u00f5es de pessoas, com um aumento de 41% entre 2000 e 2015. O n\u00famero de migrantes internacionais aumentou mais r\u00e1pido do que o crescimento da popula\u00e7\u00e3o, de acordo com as Na\u00e7\u00f5es Unidas. Na Am\u00e9rica Latina, a m\u00e9dia de estrangeiros sobre a popula\u00e7\u00e3o local \u00e9 inferior a 2%. O Brasil tem uma incid\u00eancia ainda menor de imigrantes e refugiados sobre a popula\u00e7\u00e3o do pa\u00eds, com acerca de 1%, incluindo as estimativas sobre aqueles que se encontram em situa\u00e7\u00e3o migrat\u00f3ria irregular. S\u00e3o Paulo, Rio de Janeiro, Paran\u00e1, Rio Grande do Sul e Distrito Federal foram destinos de quase metade dos fluxos de imigrantes. Contudo, deve-se destacar o aumento da presen\u00e7a de imigrantes nos Estados de Goi\u00e1s,Cear\u00e1, Mato Grosso do Sul e Amazonas. Roraima e Amazonas v\u00eam registrando intenso fluxo de pessoas provenientes da Venezuela, enquanto que o fluxo de ingresso de haitianos vem diminuindo nos \u00faltimos anos.<\/p>\n<p><strong>Atividades em S\u00e3o Paulo<\/strong><br \/>\nO\u00a0Servi\u00e7o Pastoral dos Migrantes de S\u00e3o Paulo realizar\u00e1 uma s\u00e9rie de atividades na Grande S\u00e3o Paulo e capital. Entre elas, uma Mesa de di\u00e1logo sobre a 33\u00aa Semana do Migrante, com presen\u00e7a de Rilienne Richard, da Uni\u00e3o Social dos Imigrantes Haitianos &#8211; USIH) e Prof\u00ba Fernando Altemeyer, chefe do departamento de Ci\u00eancias da Religi\u00e3o da PUC\/SP). O evento acontece no dia 22 de junho, sexta-feira, \u00e0s 14h na Rua do Glic\u00e9rio, 225, S\u00e3o Paulo (SP).<\/p>\n<p>No s\u00e1bado, 30\/06, haver\u00e1 a Celebra\u00e7\u00e3o do Migrante na Santu\u00e1rio Nacional de Nossa Senhora Aparecida. A missa acontece \u00e0s 18h e ser\u00e1 presidida por Dom Adilson Busin,\u00a0bispo auxiliar da Arquidiocese de Porto Alegre.<\/p>\n","protected":false},"excerpt":{"rendered":"<p>CNBB<\/p>\n","protected":false},"author":1,"featured_media":193597,"comment_status":"open","ping_status":"open","sticky":false,"template":"","format":"standard","meta":[],"categories":[1],"tags":[831,832],"acf":[],"yoast_head":"<!-- This site is optimized with the Yoast SEO plugin v19.2 - https:\/\/yoast.com\/wordpress\/plugins\/seo\/ -->\n<title>De 17 a 24 de junho: 33\u00aa Semana Nacional do Migrante - Not\u00edcias - Franciscanos<\/title>\n<meta name=\"robots\" content=\"index, follow, max-snippet:-1, max-image-preview:large, max-video-preview:-1\" \/>\n<link rel=\"canonical\" href=\"https:\/\/franciscanos.org.br\/noticias\/de-17-a-24-de-junho-33a-semana-nacional-do-migrante.html\" \/>\n<meta property=\"og:locale\" content=\"pt_BR\" \/>\n<meta property=\"og:type\" content=\"article\" \/>\n<meta property=\"og:title\" content=\"De 17 a 24 de junho: 33\u00aa Semana Nacional do Migrante - Not\u00edcias - Franciscanos\" \/>\n<meta property=\"og:description\" content=\"CNBB\" \/>\n<meta property=\"og:url\" content=\"https:\/\/franciscanos.org.br\/noticias\/de-17-a-24-de-junho-33a-semana-nacional-do-migrante.html\" \/>\n<meta property=\"og:site_name\" content=\"Not\u00edcias - Franciscanos\" \/>\n<meta property=\"article:published_time\" content=\"2018-06-17T16:39:22+00:00\" \/>\n<meta property=\"article:modified_time\" content=\"2019-01-02T17:32:02+00:00\" \/>\n<meta property=\"og:image\" content=\"https:\/\/franciscanos.org.br\/noticias\/wp-content\/uploads\/2018\/06\/migrante_080618G.jpg\" \/>\n\t<meta property=\"og:image:width\" content=\"273\" \/>\n\t<meta property=\"og:image:height\" content=\"181\" \/>\n\t<meta property=\"og:image:type\" content=\"image\/jpeg\" \/>\n<meta name=\"author\" content=\"admin\" \/>\n<meta name=\"twitter:card\" content=\"summary_large_image\" \/>\n<meta name=\"twitter:label1\" content=\"Escrito por\" \/>\n\t<meta name=\"twitter:data1\" content=\"admin\" \/>\n\t<meta name=\"twitter:label2\" content=\"Est. tempo de leitura\" \/>\n\t<meta name=\"twitter:data2\" content=\"4 minutos\" \/>\n<script type=\"application\/ld+json\" class=\"yoast-schema-graph\">{\"@context\":\"https:\/\/schema.org\",\"@graph\":[{\"@type\":\"WebSite\",\"@id\":\"https:\/\/franciscanos.org.br\/noticias\/#website\",\"url\":\"https:\/\/franciscanos.org.br\/noticias\/\",\"name\":\"Not\u00edcias - Franciscanos\",\"description\":\"Prov\u00edncia Franciscana da Imaculada Concei\u00e7\u00e3o do Brasil - Ordem dos Frades Menores - OFM\",\"potentialAction\":[{\"@type\":\"SearchAction\",\"target\":{\"@type\":\"EntryPoint\",\"urlTemplate\":\"https:\/\/franciscanos.org.br\/noticias\/?s={search_term_string}\"},\"query-input\":\"required name=search_term_string\"}],\"inLanguage\":\"pt-BR\"},{\"@type\":\"ImageObject\",\"inLanguage\":\"pt-BR\",\"@id\":\"https:\/\/franciscanos.org.br\/noticias\/de-17-a-24-de-junho-33a-semana-nacional-do-migrante.html#primaryimage\",\"url\":\"https:\/\/franciscanos.org.br\/noticias\/wp-content\/uploads\/2018\/06\/migrante_080618G.jpg\",\"contentUrl\":\"https:\/\/franciscanos.org.br\/noticias\/wp-content\/uploads\/2018\/06\/migrante_080618G.jpg\",\"width\":273,\"height\":181},{\"@type\":\"WebPage\",\"@id\":\"https:\/\/franciscanos.org.br\/noticias\/de-17-a-24-de-junho-33a-semana-nacional-do-migrante.html#webpage\",\"url\":\"https:\/\/franciscanos.org.br\/noticias\/de-17-a-24-de-junho-33a-semana-nacional-do-migrante.html\",\"name\":\"De 17 a 24 de junho: 33\u00aa Semana Nacional do Migrante - Not\u00edcias - Franciscanos\",\"isPartOf\":{\"@id\":\"https:\/\/franciscanos.org.br\/noticias\/#website\"},\"primaryImageOfPage\":{\"@id\":\"https:\/\/franciscanos.org.br\/noticias\/de-17-a-24-de-junho-33a-semana-nacional-do-migrante.html#primaryimage\"},\"datePublished\":\"2018-06-17T16:39:22+00:00\",\"dateModified\":\"2019-01-02T17:32:02+00:00\",\"author\":{\"@id\":\"https:\/\/franciscanos.org.br\/noticias\/#\/schema\/person\/b38fbf43118f02820bd932f2e4b14ad3\"},\"breadcrumb\":{\"@id\":\"https:\/\/franciscanos.org.br\/noticias\/de-17-a-24-de-junho-33a-semana-nacional-do-migrante.html#breadcrumb\"},\"inLanguage\":\"pt-BR\",\"potentialAction\":[{\"@type\":\"ReadAction\",\"target\":[\"https:\/\/franciscanos.org.br\/noticias\/de-17-a-24-de-junho-33a-semana-nacional-do-migrante.html\"]}]},{\"@type\":\"BreadcrumbList\",\"@id\":\"https:\/\/franciscanos.org.br\/noticias\/de-17-a-24-de-junho-33a-semana-nacional-do-migrante.html#breadcrumb\",\"itemListElement\":[{\"@type\":\"ListItem\",\"position\":1,\"name\":\"Home\",\"item\":\"https:\/\/franciscanos.org.br\/noticias\"},{\"@type\":\"ListItem\",\"position\":2,\"name\":\"De 17 a 24 de junho: 33\u00aa Semana Nacional do Migrante\"}]},{\"@type\":\"Person\",\"@id\":\"https:\/\/franciscanos.org.br\/noticias\/#\/schema\/person\/b38fbf43118f02820bd932f2e4b14ad3\",\"name\":\"admin\",\"image\":{\"@type\":\"ImageObject\",\"inLanguage\":\"pt-BR\",\"@id\":\"https:\/\/franciscanos.org.br\/noticias\/#\/schema\/person\/image\/\",\"url\":\"https:\/\/secure.gravatar.com\/avatar\/e8495742d34d0ba6448ea1c628263b3e?s=96&d=mm&r=g\",\"contentUrl\":\"https:\/\/secure.gravatar.com\/avatar\/e8495742d34d0ba6448ea1c628263b3e?s=96&d=mm&r=g\",\"caption\":\"admin\"},\"url\":\"https:\/\/franciscanos.org.br\/noticias\/author\/admin\"}]}<\/script>\n<!-- \/ Yoast SEO plugin. -->","yoast_head_json":{"title":"De 17 a 24 de junho: 33\u00aa Semana Nacional do Migrante - Not\u00edcias - Franciscanos","robots":{"index":"index","follow":"follow","max-snippet":"max-snippet:-1","max-image-preview":"max-image-preview:large","max-video-preview":"max-video-preview:-1"},"canonical":"https:\/\/franciscanos.org.br\/noticias\/de-17-a-24-de-junho-33a-semana-nacional-do-migrante.html","og_locale":"pt_BR","og_type":"article","og_title":"De 17 a 24 de junho: 33\u00aa Semana Nacional do Migrante - Not\u00edcias - Franciscanos","og_description":"CNBB","og_url":"https:\/\/franciscanos.org.br\/noticias\/de-17-a-24-de-junho-33a-semana-nacional-do-migrante.html","og_site_name":"Not\u00edcias - Franciscanos","article_published_time":"2018-06-17T16:39:22+00:00","article_modified_time":"2019-01-02T17:32:02+00:00","og_image":[{"width":273,"height":181,"url":"https:\/\/franciscanos.org.br\/noticias\/wp-content\/uploads\/2018\/06\/migrante_080618G.jpg","type":"image\/jpeg"}],"author":"admin","twitter_card":"summary_large_image","twitter_misc":{"Escrito por":"admin","Est. tempo de leitura":"4 minutos"},"schema":{"@context":"https:\/\/schema.org","@graph":[{"@type":"WebSite","@id":"https:\/\/franciscanos.org.br\/noticias\/#website","url":"https:\/\/franciscanos.org.br\/noticias\/","name":"Not\u00edcias - Franciscanos","description":"Prov\u00edncia Franciscana da Imaculada Concei\u00e7\u00e3o do Brasil - Ordem dos Frades Menores - OFM","potentialAction":[{"@type":"SearchAction","target":{"@type":"EntryPoint","urlTemplate":"https:\/\/franciscanos.org.br\/noticias\/?s={search_term_string}"},"query-input":"required name=search_term_string"}],"inLanguage":"pt-BR"},{"@type":"ImageObject","inLanguage":"pt-BR","@id":"https:\/\/franciscanos.org.br\/noticias\/de-17-a-24-de-junho-33a-semana-nacional-do-migrante.html#primaryimage","url":"https:\/\/franciscanos.org.br\/noticias\/wp-content\/uploads\/2018\/06\/migrante_080618G.jpg","contentUrl":"https:\/\/franciscanos.org.br\/noticias\/wp-content\/uploads\/2018\/06\/migrante_080618G.jpg","width":273,"height":181},{"@type":"WebPage","@id":"https:\/\/franciscanos.org.br\/noticias\/de-17-a-24-de-junho-33a-semana-nacional-do-migrante.html#webpage","url":"https:\/\/franciscanos.org.br\/noticias\/de-17-a-24-de-junho-33a-semana-nacional-do-migrante.html","name":"De 17 a 24 de junho: 33\u00aa Semana Nacional do Migrante - Not\u00edcias - Franciscanos","isPartOf":{"@id":"https:\/\/franciscanos.org.br\/noticias\/#website"},"primaryImageOfPage":{"@id":"https:\/\/franciscanos.org.br\/noticias\/de-17-a-24-de-junho-33a-semana-nacional-do-migrante.html#primaryimage"},"datePublished":"2018-06-17T16:39:22+00:00","dateModified":"2019-01-02T17:32:02+00:00","author":{"@id":"https:\/\/franciscanos.org.br\/noticias\/#\/schema\/person\/b38fbf43118f02820bd932f2e4b14ad3"},"breadcrumb":{"@id":"https:\/\/franciscanos.org.br\/noticias\/de-17-a-24-de-junho-33a-semana-nacional-do-migrante.html#breadcrumb"},"inLanguage":"pt-BR","potentialAction":[{"@type":"ReadAction","target":["https:\/\/franciscanos.org.br\/noticias\/de-17-a-24-de-junho-33a-semana-nacional-do-migrante.html"]}]},{"@type":"BreadcrumbList","@id":"https:\/\/franciscanos.org.br\/noticias\/de-17-a-24-de-junho-33a-semana-nacional-do-migrante.html#breadcrumb","itemListElement":[{"@type":"ListItem","position":1,"name":"Home","item":"https:\/\/franciscanos.org.br\/noticias"},{"@type":"ListItem","position":2,"name":"De 17 a 24 de junho: 33\u00aa Semana Nacional do Migrante"}]},{"@type":"Person","@id":"https:\/\/franciscanos.org.br\/noticias\/#\/schema\/person\/b38fbf43118f02820bd932f2e4b14ad3","name":"admin","image":{"@type":"ImageObject","inLanguage":"pt-BR","@id":"https:\/\/franciscanos.org.br\/noticias\/#\/schema\/person\/image\/","url":"https:\/\/secure.gravatar.com\/avatar\/e8495742d34d0ba6448ea1c628263b3e?s=96&d=mm&r=g","contentUrl":"https:\/\/secure.gravatar.com\/avatar\/e8495742d34d0ba6448ea1c628263b3e?s=96&d=mm&r=g","caption":"admin"},"url":"https:\/\/franciscanos.org.br\/noticias\/author\/admin"}]}},"_links":{"self":[{"href":"https:\/\/franciscanos.org.br\/noticias\/wp-json\/wp\/v2\/posts\/162474"}],"collection":[{"href":"https:\/\/franciscanos.org.br\/noticias\/wp-json\/wp\/v2\/posts"}],"about":[{"href":"https:\/\/franciscanos.org.br\/noticias\/wp-json\/wp\/v2\/types\/post"}],"author":[{"embeddable":true,"href":"https:\/\/franciscanos.org.br\/noticias\/wp-json\/wp\/v2\/users\/1"}],"replies":[{"embeddable":true,"href":"https:\/\/franciscanos.org.br\/noticias\/wp-json\/wp\/v2\/comments?post=162474"}],"version-history":[{"count":0,"href":"https:\/\/franciscanos.org.br\/noticias\/wp-json\/wp\/v2\/posts\/162474\/revisions"}],"wp:featuredmedia":[{"embeddable":true,"href":"https:\/\/franciscanos.org.br\/noticias\/wp-json\/wp\/v2\/media\/193597"}],"wp:attachment":[{"href":"https:\/\/franciscanos.org.br\/noticias\/wp-json\/wp\/v2\/media?parent=162474"}],"wp:term":[{"taxonomy":"category","embeddable":true,"href":"https:\/\/franciscanos.org.br\/noticias\/wp-json\/wp\/v2\/categories?post=162474"},{"taxonomy":"post_tag","embeddable":true,"href":"https:\/\/franciscanos.org.br\/noticias\/wp-json\/wp\/v2\/tags?post=162474"}],"curies":[{"name":"wp","href":"https:\/\/api.w.org\/{rel}","templated":true}]}}