{"id":162447,"date":"2018-06-08T10:38:44","date_gmt":"2018-06-08T13:38:44","guid":{"rendered":"http:\/\/franciscanos.org.br\/?p=162447"},"modified":"2019-08-06T09:12:25","modified_gmt":"2019-08-06T12:12:25","slug":"a-virgem-maria-salvou-minha-vida-assegura-frade","status":"publish","type":"post","link":"https:\/\/franciscanos.org.br\/noticias\/a-virgem-maria-salvou-minha-vida-assegura-frade.html","title":{"rendered":"&#8220;A Virgem Maria salvou minha vida&#8221;, assegura frade"},"content":{"rendered":"<p><img loading=\"lazy\" src=\"http:\/\/franciscanos.org.br\/wp-content\/uploads\/2018\/06\/belem_080618G.jpg\" alt=\"belem_080618G\" width=\"830\" height=\"400\" \/><\/p>\n<p><strong>Bel\u00e9m &#8211;<\/strong> O reitor do Santu\u00e1rio da Gruta do Leite, em Bel\u00e9m, na Terra Santa,\u00a0Frei Fadi Shallufi, afirmou que a Virgem Maria salvou a sua vida quando dois agressores o esfaquearam por defender alguns peregrinos que visitam o lugar.<\/p>\n<p>Em 1\u00ba de junho, Pe. Shallufi foi atacado depois de colocar em um lugar seguro os peregrinos que estavam sendo assediados por dois jovens. Quando fechou a porta do santu\u00e1rio para impedi-los de entrar, um deles esfaqueou o frade.<\/p>\n<p>Os dois agressores foram presos pela pol\u00edcia palestina. A Cust\u00f3dia Franciscana da Terra Santa expressou sua confian\u00e7a nas autoridades a fim de que garantam a seguran\u00e7a dos peregrinos que visitam os lugares santos.<\/p>\n<p>Em di\u00e1logo com o sacerdote mexicano Anjo Galindo P\u00e9rez, o frade disse que \u201cnesta situa\u00e7\u00e3o dif\u00edcil, podemos ver a prote\u00e7\u00e3o divina, assim como a m\u00e3o e a prote\u00e7\u00e3o da Virgem Maria\u201d.<br \/>\n\u201cQuando chego ao Santu\u00e1rio do Leite, digo \u00e0 M\u00e3e: eu sou o teu porteiro. De fato, na porta onde fui esfaqueado, Ela me puxava com as suas m\u00e3os para tr\u00e1s. Salvou a minha vida\u201d, acrescentou o frade franciscano.<\/p>\n<p>Pe. Shallufi disse que \u201caqui sempre h\u00e1 seguran\u00e7a para todos os peregrinos. Como podem ver, eu estou em boa condi\u00e7\u00e3o e continuo a servindo. N\u00e3o h\u00e1 nem houve perigo algum para eles\u201d. (Confira a entrevista no v\u00eddeo abaixo)<\/p>\n<p>O frade assegurou: \u201cAqui neste santu\u00e1rio, sinto a maternidade divina da Virgem Maria\u201d. Em seguida, convidou os peregrinos a visitar o local. \u201cVenham, porque sem voc\u00eas ficaremos sozinhos aqui\u201d, expressou.<\/p>\n<p><strong>Hist\u00f3ria<\/strong><br \/>\nSegundo uma tradi\u00e7\u00e3o do s\u00e9culo VI, foi ali que a Virgem Maria se escondeu, com o Menino Jesus, dos soldados de Herodes, antes da fuga para o Egito. Uma hist\u00f3ria rica de simbologias, inclusive a respeito da rocha branca presente na gruta. De acordo com uma narra\u00e7\u00e3o, Maria estava amamentando, at\u00e9 que uma gota do leite caiu sobre a pedra, deixando-a completamente branca.<\/p>\n<p>Por muitos s\u00e9culos esse lugar tem sido objeto de grande venera\u00e7\u00e3o por fam\u00edlias da Terra Santa e de todo o mundo, sobretudo por casais que querem engravidar.<\/p>\n<p>\u201cMu\u00e7ulmanos e crist\u00e3os v\u00eam \u00e0 Gruta do Leite e mostram seu grande amor \u00e0 Virgem Maria. Ajoelham-se e chegam em frente ao \u00edcone e pedem o p\u00f3 da Gruta do Leite. Deus aben\u00e7oou muitos dos mu\u00e7ulmanos em sua f\u00e9 sincera. Deus aben\u00e7oou-os para terem filhos\u201d, afirma Frei Fadi Shallufi.<\/p>\n<p><iframe loading=\"lazy\" src=\"https:\/\/www.youtube.com\/embed\/cttmNW2hzQY\" width=\"100%\" height=\"450\" frameborder=\"0\" allowfullscreen=\"allowfullscreen\"><\/iframe><\/p>\n","protected":false},"excerpt":{"rendered":"<p>Cust\u00f3dia da Terra Santa<\/p>\n","protected":false},"author":1,"featured_media":208781,"comment_status":"open","ping_status":"open","sticky":false,"template":"","format":"standard","meta":[],"categories":[1],"tags":[182,52],"acf":[],"yoast_head":"<!-- This site is optimized with the Yoast SEO plugin v19.2 - https:\/\/yoast.com\/wordpress\/plugins\/seo\/ -->\n<title>&quot;A Virgem Maria salvou minha vida&quot;, assegura frade - Not\u00edcias - Franciscanos<\/title>\n<meta name=\"robots\" content=\"index, follow, max-snippet:-1, max-image-preview:large, max-video-preview:-1\" \/>\n<link rel=\"canonical\" href=\"https:\/\/franciscanos.org.br\/noticias\/a-virgem-maria-salvou-minha-vida-assegura-frade.html\" \/>\n<meta property=\"og:locale\" content=\"pt_BR\" \/>\n<meta property=\"og:type\" content=\"article\" \/>\n<meta property=\"og:title\" content=\"&quot;A Virgem Maria salvou minha vida&quot;, assegura frade - Not\u00edcias - Franciscanos\" \/>\n<meta property=\"og:description\" content=\"Cust\u00f3dia da Terra Santa\" \/>\n<meta property=\"og:url\" content=\"https:\/\/franciscanos.org.br\/noticias\/a-virgem-maria-salvou-minha-vida-assegura-frade.html\" \/>\n<meta property=\"og:site_name\" content=\"Not\u00edcias - Franciscanos\" \/>\n<meta property=\"article:published_time\" content=\"2018-06-08T13:38:44+00:00\" \/>\n<meta property=\"article:modified_time\" content=\"2019-08-06T12:12:25+00:00\" \/>\n<meta property=\"og:image\" content=\"https:\/\/franciscanos.org.br\/noticias\/wp-content\/uploads\/2018\/06\/belem_080618G.jpg\" \/>\n\t<meta property=\"og:image:width\" content=\"273\" \/>\n\t<meta property=\"og:image:height\" content=\"181\" \/>\n\t<meta property=\"og:image:type\" content=\"image\/jpeg\" \/>\n<meta name=\"author\" content=\"admin\" \/>\n<meta name=\"twitter:card\" content=\"summary_large_image\" \/>\n<meta name=\"twitter:label1\" content=\"Escrito por\" \/>\n\t<meta name=\"twitter:data1\" content=\"admin\" \/>\n\t<meta name=\"twitter:label2\" content=\"Est. tempo de leitura\" \/>\n\t<meta name=\"twitter:data2\" content=\"2 minutos\" \/>\n<script type=\"application\/ld+json\" class=\"yoast-schema-graph\">{\"@context\":\"https:\/\/schema.org\",\"@graph\":[{\"@type\":\"WebSite\",\"@id\":\"https:\/\/franciscanos.org.br\/noticias\/#website\",\"url\":\"https:\/\/franciscanos.org.br\/noticias\/\",\"name\":\"Not\u00edcias - Franciscanos\",\"description\":\"Prov\u00edncia Franciscana da Imaculada Concei\u00e7\u00e3o do Brasil - Ordem dos Frades Menores - OFM\",\"potentialAction\":[{\"@type\":\"SearchAction\",\"target\":{\"@type\":\"EntryPoint\",\"urlTemplate\":\"https:\/\/franciscanos.org.br\/noticias\/?s={search_term_string}\"},\"query-input\":\"required name=search_term_string\"}],\"inLanguage\":\"pt-BR\"},{\"@type\":\"ImageObject\",\"inLanguage\":\"pt-BR\",\"@id\":\"https:\/\/franciscanos.org.br\/noticias\/a-virgem-maria-salvou-minha-vida-assegura-frade.html#primaryimage\",\"url\":\"https:\/\/franciscanos.org.br\/noticias\/wp-content\/uploads\/2018\/06\/belem_080618G.jpg\",\"contentUrl\":\"https:\/\/franciscanos.org.br\/noticias\/wp-content\/uploads\/2018\/06\/belem_080618G.jpg\",\"width\":273,\"height\":181},{\"@type\":\"WebPage\",\"@id\":\"https:\/\/franciscanos.org.br\/noticias\/a-virgem-maria-salvou-minha-vida-assegura-frade.html#webpage\",\"url\":\"https:\/\/franciscanos.org.br\/noticias\/a-virgem-maria-salvou-minha-vida-assegura-frade.html\",\"name\":\"\\\"A Virgem Maria salvou minha vida\\\", assegura frade - Not\u00edcias - Franciscanos\",\"isPartOf\":{\"@id\":\"https:\/\/franciscanos.org.br\/noticias\/#website\"},\"primaryImageOfPage\":{\"@id\":\"https:\/\/franciscanos.org.br\/noticias\/a-virgem-maria-salvou-minha-vida-assegura-frade.html#primaryimage\"},\"datePublished\":\"2018-06-08T13:38:44+00:00\",\"dateModified\":\"2019-08-06T12:12:25+00:00\",\"author\":{\"@id\":\"https:\/\/franciscanos.org.br\/noticias\/#\/schema\/person\/b38fbf43118f02820bd932f2e4b14ad3\"},\"breadcrumb\":{\"@id\":\"https:\/\/franciscanos.org.br\/noticias\/a-virgem-maria-salvou-minha-vida-assegura-frade.html#breadcrumb\"},\"inLanguage\":\"pt-BR\",\"potentialAction\":[{\"@type\":\"ReadAction\",\"target\":[\"https:\/\/franciscanos.org.br\/noticias\/a-virgem-maria-salvou-minha-vida-assegura-frade.html\"]}]},{\"@type\":\"BreadcrumbList\",\"@id\":\"https:\/\/franciscanos.org.br\/noticias\/a-virgem-maria-salvou-minha-vida-assegura-frade.html#breadcrumb\",\"itemListElement\":[{\"@type\":\"ListItem\",\"position\":1,\"name\":\"Home\",\"item\":\"https:\/\/franciscanos.org.br\/noticias\"},{\"@type\":\"ListItem\",\"position\":2,\"name\":\"&#8220;A Virgem Maria salvou minha vida&#8221;, assegura frade\"}]},{\"@type\":\"Person\",\"@id\":\"https:\/\/franciscanos.org.br\/noticias\/#\/schema\/person\/b38fbf43118f02820bd932f2e4b14ad3\",\"name\":\"admin\",\"image\":{\"@type\":\"ImageObject\",\"inLanguage\":\"pt-BR\",\"@id\":\"https:\/\/franciscanos.org.br\/noticias\/#\/schema\/person\/image\/\",\"url\":\"https:\/\/secure.gravatar.com\/avatar\/e8495742d34d0ba6448ea1c628263b3e?s=96&d=mm&r=g\",\"contentUrl\":\"https:\/\/secure.gravatar.com\/avatar\/e8495742d34d0ba6448ea1c628263b3e?s=96&d=mm&r=g\",\"caption\":\"admin\"},\"url\":\"https:\/\/franciscanos.org.br\/noticias\/author\/admin\"}]}<\/script>\n<!-- \/ Yoast SEO plugin. -->","yoast_head_json":{"title":"\"A Virgem Maria salvou minha vida\", assegura frade - Not\u00edcias - Franciscanos","robots":{"index":"index","follow":"follow","max-snippet":"max-snippet:-1","max-image-preview":"max-image-preview:large","max-video-preview":"max-video-preview:-1"},"canonical":"https:\/\/franciscanos.org.br\/noticias\/a-virgem-maria-salvou-minha-vida-assegura-frade.html","og_locale":"pt_BR","og_type":"article","og_title":"\"A Virgem Maria salvou minha vida\", assegura frade - Not\u00edcias - Franciscanos","og_description":"Cust\u00f3dia da Terra Santa","og_url":"https:\/\/franciscanos.org.br\/noticias\/a-virgem-maria-salvou-minha-vida-assegura-frade.html","og_site_name":"Not\u00edcias - Franciscanos","article_published_time":"2018-06-08T13:38:44+00:00","article_modified_time":"2019-08-06T12:12:25+00:00","og_image":[{"width":273,"height":181,"url":"https:\/\/franciscanos.org.br\/noticias\/wp-content\/uploads\/2018\/06\/belem_080618G.jpg","type":"image\/jpeg"}],"author":"admin","twitter_card":"summary_large_image","twitter_misc":{"Escrito por":"admin","Est. tempo de leitura":"2 minutos"},"schema":{"@context":"https:\/\/schema.org","@graph":[{"@type":"WebSite","@id":"https:\/\/franciscanos.org.br\/noticias\/#website","url":"https:\/\/franciscanos.org.br\/noticias\/","name":"Not\u00edcias - Franciscanos","description":"Prov\u00edncia Franciscana da Imaculada Concei\u00e7\u00e3o do Brasil - Ordem dos Frades Menores - OFM","potentialAction":[{"@type":"SearchAction","target":{"@type":"EntryPoint","urlTemplate":"https:\/\/franciscanos.org.br\/noticias\/?s={search_term_string}"},"query-input":"required name=search_term_string"}],"inLanguage":"pt-BR"},{"@type":"ImageObject","inLanguage":"pt-BR","@id":"https:\/\/franciscanos.org.br\/noticias\/a-virgem-maria-salvou-minha-vida-assegura-frade.html#primaryimage","url":"https:\/\/franciscanos.org.br\/noticias\/wp-content\/uploads\/2018\/06\/belem_080618G.jpg","contentUrl":"https:\/\/franciscanos.org.br\/noticias\/wp-content\/uploads\/2018\/06\/belem_080618G.jpg","width":273,"height":181},{"@type":"WebPage","@id":"https:\/\/franciscanos.org.br\/noticias\/a-virgem-maria-salvou-minha-vida-assegura-frade.html#webpage","url":"https:\/\/franciscanos.org.br\/noticias\/a-virgem-maria-salvou-minha-vida-assegura-frade.html","name":"\"A Virgem Maria salvou minha vida\", assegura frade - Not\u00edcias - Franciscanos","isPartOf":{"@id":"https:\/\/franciscanos.org.br\/noticias\/#website"},"primaryImageOfPage":{"@id":"https:\/\/franciscanos.org.br\/noticias\/a-virgem-maria-salvou-minha-vida-assegura-frade.html#primaryimage"},"datePublished":"2018-06-08T13:38:44+00:00","dateModified":"2019-08-06T12:12:25+00:00","author":{"@id":"https:\/\/franciscanos.org.br\/noticias\/#\/schema\/person\/b38fbf43118f02820bd932f2e4b14ad3"},"breadcrumb":{"@id":"https:\/\/franciscanos.org.br\/noticias\/a-virgem-maria-salvou-minha-vida-assegura-frade.html#breadcrumb"},"inLanguage":"pt-BR","potentialAction":[{"@type":"ReadAction","target":["https:\/\/franciscanos.org.br\/noticias\/a-virgem-maria-salvou-minha-vida-assegura-frade.html"]}]},{"@type":"BreadcrumbList","@id":"https:\/\/franciscanos.org.br\/noticias\/a-virgem-maria-salvou-minha-vida-assegura-frade.html#breadcrumb","itemListElement":[{"@type":"ListItem","position":1,"name":"Home","item":"https:\/\/franciscanos.org.br\/noticias"},{"@type":"ListItem","position":2,"name":"&#8220;A Virgem Maria salvou minha vida&#8221;, assegura frade"}]},{"@type":"Person","@id":"https:\/\/franciscanos.org.br\/noticias\/#\/schema\/person\/b38fbf43118f02820bd932f2e4b14ad3","name":"admin","image":{"@type":"ImageObject","inLanguage":"pt-BR","@id":"https:\/\/franciscanos.org.br\/noticias\/#\/schema\/person\/image\/","url":"https:\/\/secure.gravatar.com\/avatar\/e8495742d34d0ba6448ea1c628263b3e?s=96&d=mm&r=g","contentUrl":"https:\/\/secure.gravatar.com\/avatar\/e8495742d34d0ba6448ea1c628263b3e?s=96&d=mm&r=g","caption":"admin"},"url":"https:\/\/franciscanos.org.br\/noticias\/author\/admin"}]}},"_links":{"self":[{"href":"https:\/\/franciscanos.org.br\/noticias\/wp-json\/wp\/v2\/posts\/162447"}],"collection":[{"href":"https:\/\/franciscanos.org.br\/noticias\/wp-json\/wp\/v2\/posts"}],"about":[{"href":"https:\/\/franciscanos.org.br\/noticias\/wp-json\/wp\/v2\/types\/post"}],"author":[{"embeddable":true,"href":"https:\/\/franciscanos.org.br\/noticias\/wp-json\/wp\/v2\/users\/1"}],"replies":[{"embeddable":true,"href":"https:\/\/franciscanos.org.br\/noticias\/wp-json\/wp\/v2\/comments?post=162447"}],"version-history":[{"count":0,"href":"https:\/\/franciscanos.org.br\/noticias\/wp-json\/wp\/v2\/posts\/162447\/revisions"}],"wp:featuredmedia":[{"embeddable":true,"href":"https:\/\/franciscanos.org.br\/noticias\/wp-json\/wp\/v2\/media\/208781"}],"wp:attachment":[{"href":"https:\/\/franciscanos.org.br\/noticias\/wp-json\/wp\/v2\/media?parent=162447"}],"wp:term":[{"taxonomy":"category","embeddable":true,"href":"https:\/\/franciscanos.org.br\/noticias\/wp-json\/wp\/v2\/categories?post=162447"},{"taxonomy":"post_tag","embeddable":true,"href":"https:\/\/franciscanos.org.br\/noticias\/wp-json\/wp\/v2\/tags?post=162447"}],"curies":[{"name":"wp","href":"https:\/\/api.w.org\/{rel}","templated":true}]}}