{"id":162424,"date":"2018-06-08T08:36:12","date_gmt":"2018-06-08T11:36:12","guid":{"rendered":"http:\/\/franciscanos.org.br\/?p=162424"},"modified":"2020-06-07T14:51:39","modified_gmt":"2020-06-07T17:51:39","slug":"sagrado-coracao-hoje-e-a-festa-do-amor-de-deus-diz-o-papa","status":"publish","type":"post","link":"https:\/\/franciscanos.org.br\/noticias\/sagrado-coracao-hoje-e-a-festa-do-amor-de-deus-diz-o-papa.html","title":{"rendered":"Sagrado Cora\u00e7\u00e3o: hoje \u00e9 a festa do amor de Deus, diz o Papa"},"content":{"rendered":"<p><img loading=\"lazy\" src=\"http:\/\/franciscanos.org.br\/wp-content\/uploads\/2017\/10\/marta_301017g.jpg\" alt=\"marta_301017g\" width=\"830\" height=\"450\" \/><\/p>\n<p><strong>Cidade do Vaticano<\/strong> &#8211; No dia em que a Igreja celebra a Solenidade do Sagrado Cora\u00e7\u00e3o de Jesus, o Papa Francisco iniciou a sua homilia na Casa Santa Marta afirmando que se poderia dizer que hoje \u00e9 a festa do amor de Deus.\u00a0\u201cN\u00e3o somos n\u00f3s que amamos Deus, mas \u00e9 Ele que \u201cnos amou por primeiro, Ele \u00e9 o primeiro a amar\u201d, disse o Papa. Uma verdade que os profetas explicavam com o s\u00edmbolo da flor de am\u00eandoa, o primeiro a florescer na primavera. \u201cDeus \u00e9 assim: sempre por primeiro. Ele nos espera por primeiro, nos ama por primeiro, nos ajuda por primeiro\u201d.<\/p>\n<p>Mas n\u00e3o \u00e9 f\u00e1cil entender o amor de Deus. De fato, Paulo, na segunda leitura do dia, fala de \u2018impenetr\u00e1veis riquezas de Cristo\u2019, de um mist\u00e9rio escondido.<\/p>\n<p>\u00c9 um amor que n\u00e3o se pode entender. Um amor de Cristo que supera todo conhecimento. Supera tudo. T\u00e3o grande \u00e9 o amor de Deus. E um poeta dizia que era como \u201co mar, sem margens, sem fundo \u2026\u201d: mas um mar sem limites. E este \u00e9 o amor que n\u00f3s devemos entender, o amor que n\u00f3s recebemos.<\/p>\n<p>Na hist\u00f3ria da salva\u00e7\u00e3o, o Senhor nos revelou o seu amor, \u201cfoi um grande pedagogo\u201d, disse o Papa e, relendo as palavras do profeta Os\u00e9ias, explica que n\u00e3o o revelou atrav\u00e9s da pot\u00eancia: \u201cN\u00e3o. Vamos ouvir: \u2018Eu ensinei meu povo a dar os primeiros passos, tomei-o em meus bra\u00e7os, eu cuidava dele\u2019. Tomar nos bra\u00e7os, pr\u00f3ximo: como um pai\u201d.<\/p>\n<p>Deus, como manifesta o amor? Com as grandes coisas? N\u00e3o: se rebaixa, se rebaixa, se rebaixa com esses gestos de ternura, de bondade. Faz-se pequeno. Aproxima-Se. E com esta proximidade, com este rebaixamento, Ele nos faz entender a grandeza do amor. O grande deve ser entendido por meio do pequeno.<\/p>\n<p>Por \u00faltimo, Deus envia o seu Filho, mas \u201co envia em carne\u201d e o Filho \u201chumilhou a si mesmo\u201d at\u00e9 a morte. Este \u00e9 o mist\u00e9rio do amor de Deus: a grandeza maior expressa na menor das pequenezas. Para Francisco, assim se pode entender tamb\u00e9m o percurso crist\u00e3o.<\/p>\n<p>Quando Jesus nos quer ensinar como deve ser a atitude crist\u00e3, nos diz poucas coisas, nos faz ver aquele famoso protocolo sobre o qual todos n\u00f3s seremos julgados (Mateus 25). E o que diz? N\u00e3o diz: \u201cEu creio que Deus seja assim. Entendi o amor de Deus\u201d. N\u00e3o, n\u00e3o\u2026 Eu fiz o amor de Deus em pequenas coisas. Dei de comer ao faminto, dei de beber ao sedento, visitei o doente, o detento. As obras de miseric\u00f3rdia s\u00e3o justamente a estrada do amor que Jesus nos ensina em continuidade com este amor de Deus, grande! Com este amor sem limites, que se aniquilou, se humilhou em Jesus Cristo; e n\u00f3s devemos express\u00e1-lo assim.<\/p>\n<p>Portanto, concluiu o Papa, n\u00e3o s\u00e3o necess\u00e1rios grandes discursos sobre o amor, mas homens e mulheres \u201cque saibam fazer essas pequenas coisas por Jesus, para o Pai\u201d. As obras de miseric\u00f3rdia \u201cs\u00e3o a continuidade deste amor, que se rebaixa, chega a n\u00f3s e n\u00f3s o levamos avante\u201d.<\/p>\n<hr \/>\n<p><em>Fonte: Vatican News<\/em><\/p>\n","protected":false},"excerpt":{"rendered":"<p>Missa em Santa Marta<\/p>\n","protected":false},"author":1,"featured_media":223677,"comment_status":"open","ping_status":"open","sticky":false,"template":"","format":"standard","meta":[],"categories":[1428],"tags":[1586],"acf":[],"yoast_head":"<!-- This site is optimized with the Yoast SEO plugin v19.2 - https:\/\/yoast.com\/wordpress\/plugins\/seo\/ -->\n<title>Sagrado Cora\u00e7\u00e3o: hoje \u00e9 a festa do amor de Deus, diz o Papa - Not\u00edcias - Franciscanos<\/title>\n<meta name=\"robots\" content=\"index, follow, max-snippet:-1, max-image-preview:large, max-video-preview:-1\" \/>\n<link rel=\"canonical\" href=\"https:\/\/franciscanos.org.br\/noticias\/sagrado-coracao-hoje-e-a-festa-do-amor-de-deus-diz-o-papa.html\" \/>\n<meta property=\"og:locale\" content=\"pt_BR\" \/>\n<meta property=\"og:type\" content=\"article\" \/>\n<meta property=\"og:title\" content=\"Sagrado Cora\u00e7\u00e3o: hoje \u00e9 a festa do amor de Deus, diz o Papa - Not\u00edcias - Franciscanos\" \/>\n<meta property=\"og:description\" content=\"Missa em Santa Marta\" \/>\n<meta property=\"og:url\" content=\"https:\/\/franciscanos.org.br\/noticias\/sagrado-coracao-hoje-e-a-festa-do-amor-de-deus-diz-o-papa.html\" \/>\n<meta property=\"og:site_name\" content=\"Not\u00edcias - Franciscanos\" \/>\n<meta property=\"article:published_time\" content=\"2018-06-08T11:36:12+00:00\" \/>\n<meta property=\"article:modified_time\" content=\"2020-06-07T17:51:39+00:00\" \/>\n<meta property=\"og:image\" content=\"https:\/\/franciscanos.org.br\/noticias\/wp-content\/uploads\/2018\/06\/marta_301017g-1.jpg\" \/>\n\t<meta property=\"og:image:width\" content=\"800\" \/>\n\t<meta property=\"og:image:height\" content=\"600\" \/>\n\t<meta property=\"og:image:type\" content=\"image\/jpeg\" \/>\n<meta name=\"author\" content=\"admin\" \/>\n<meta name=\"twitter:card\" content=\"summary_large_image\" \/>\n<meta name=\"twitter:label1\" content=\"Escrito por\" \/>\n\t<meta name=\"twitter:data1\" content=\"admin\" \/>\n\t<meta name=\"twitter:label2\" content=\"Est. tempo de leitura\" \/>\n\t<meta name=\"twitter:data2\" content=\"3 minutos\" \/>\n<script type=\"application\/ld+json\" class=\"yoast-schema-graph\">{\"@context\":\"https:\/\/schema.org\",\"@graph\":[{\"@type\":\"WebSite\",\"@id\":\"https:\/\/franciscanos.org.br\/noticias\/#website\",\"url\":\"https:\/\/franciscanos.org.br\/noticias\/\",\"name\":\"Not\u00edcias - Franciscanos\",\"description\":\"Prov\u00edncia Franciscana da Imaculada Concei\u00e7\u00e3o do Brasil - Ordem dos Frades Menores - OFM\",\"potentialAction\":[{\"@type\":\"SearchAction\",\"target\":{\"@type\":\"EntryPoint\",\"urlTemplate\":\"https:\/\/franciscanos.org.br\/noticias\/?s={search_term_string}\"},\"query-input\":\"required name=search_term_string\"}],\"inLanguage\":\"pt-BR\"},{\"@type\":\"ImageObject\",\"inLanguage\":\"pt-BR\",\"@id\":\"https:\/\/franciscanos.org.br\/noticias\/sagrado-coracao-hoje-e-a-festa-do-amor-de-deus-diz-o-papa.html#primaryimage\",\"url\":\"https:\/\/franciscanos.org.br\/noticias\/wp-content\/uploads\/2018\/06\/marta_301017g-1.jpg\",\"contentUrl\":\"https:\/\/franciscanos.org.br\/noticias\/wp-content\/uploads\/2018\/06\/marta_301017g-1.jpg\",\"width\":800,\"height\":600},{\"@type\":\"WebPage\",\"@id\":\"https:\/\/franciscanos.org.br\/noticias\/sagrado-coracao-hoje-e-a-festa-do-amor-de-deus-diz-o-papa.html#webpage\",\"url\":\"https:\/\/franciscanos.org.br\/noticias\/sagrado-coracao-hoje-e-a-festa-do-amor-de-deus-diz-o-papa.html\",\"name\":\"Sagrado Cora\u00e7\u00e3o: hoje \u00e9 a festa do amor de Deus, diz o Papa - Not\u00edcias - Franciscanos\",\"isPartOf\":{\"@id\":\"https:\/\/franciscanos.org.br\/noticias\/#website\"},\"primaryImageOfPage\":{\"@id\":\"https:\/\/franciscanos.org.br\/noticias\/sagrado-coracao-hoje-e-a-festa-do-amor-de-deus-diz-o-papa.html#primaryimage\"},\"datePublished\":\"2018-06-08T11:36:12+00:00\",\"dateModified\":\"2020-06-07T17:51:39+00:00\",\"author\":{\"@id\":\"https:\/\/franciscanos.org.br\/noticias\/#\/schema\/person\/b38fbf43118f02820bd932f2e4b14ad3\"},\"breadcrumb\":{\"@id\":\"https:\/\/franciscanos.org.br\/noticias\/sagrado-coracao-hoje-e-a-festa-do-amor-de-deus-diz-o-papa.html#breadcrumb\"},\"inLanguage\":\"pt-BR\",\"potentialAction\":[{\"@type\":\"ReadAction\",\"target\":[\"https:\/\/franciscanos.org.br\/noticias\/sagrado-coracao-hoje-e-a-festa-do-amor-de-deus-diz-o-papa.html\"]}]},{\"@type\":\"BreadcrumbList\",\"@id\":\"https:\/\/franciscanos.org.br\/noticias\/sagrado-coracao-hoje-e-a-festa-do-amor-de-deus-diz-o-papa.html#breadcrumb\",\"itemListElement\":[{\"@type\":\"ListItem\",\"position\":1,\"name\":\"Home\",\"item\":\"https:\/\/franciscanos.org.br\/noticias\"},{\"@type\":\"ListItem\",\"position\":2,\"name\":\"Sagrado Cora\u00e7\u00e3o: hoje \u00e9 a festa do amor de Deus, diz o Papa\"}]},{\"@type\":\"Person\",\"@id\":\"https:\/\/franciscanos.org.br\/noticias\/#\/schema\/person\/b38fbf43118f02820bd932f2e4b14ad3\",\"name\":\"admin\",\"image\":{\"@type\":\"ImageObject\",\"inLanguage\":\"pt-BR\",\"@id\":\"https:\/\/franciscanos.org.br\/noticias\/#\/schema\/person\/image\/\",\"url\":\"https:\/\/secure.gravatar.com\/avatar\/e8495742d34d0ba6448ea1c628263b3e?s=96&d=mm&r=g\",\"contentUrl\":\"https:\/\/secure.gravatar.com\/avatar\/e8495742d34d0ba6448ea1c628263b3e?s=96&d=mm&r=g\",\"caption\":\"admin\"},\"url\":\"https:\/\/franciscanos.org.br\/noticias\/author\/admin\"}]}<\/script>\n<!-- \/ Yoast SEO plugin. -->","yoast_head_json":{"title":"Sagrado Cora\u00e7\u00e3o: hoje \u00e9 a festa do amor de Deus, diz o Papa - Not\u00edcias - Franciscanos","robots":{"index":"index","follow":"follow","max-snippet":"max-snippet:-1","max-image-preview":"max-image-preview:large","max-video-preview":"max-video-preview:-1"},"canonical":"https:\/\/franciscanos.org.br\/noticias\/sagrado-coracao-hoje-e-a-festa-do-amor-de-deus-diz-o-papa.html","og_locale":"pt_BR","og_type":"article","og_title":"Sagrado Cora\u00e7\u00e3o: hoje \u00e9 a festa do amor de Deus, diz o Papa - Not\u00edcias - Franciscanos","og_description":"Missa em Santa Marta","og_url":"https:\/\/franciscanos.org.br\/noticias\/sagrado-coracao-hoje-e-a-festa-do-amor-de-deus-diz-o-papa.html","og_site_name":"Not\u00edcias - Franciscanos","article_published_time":"2018-06-08T11:36:12+00:00","article_modified_time":"2020-06-07T17:51:39+00:00","og_image":[{"width":800,"height":600,"url":"https:\/\/franciscanos.org.br\/noticias\/wp-content\/uploads\/2018\/06\/marta_301017g-1.jpg","type":"image\/jpeg"}],"author":"admin","twitter_card":"summary_large_image","twitter_misc":{"Escrito por":"admin","Est. tempo de leitura":"3 minutos"},"schema":{"@context":"https:\/\/schema.org","@graph":[{"@type":"WebSite","@id":"https:\/\/franciscanos.org.br\/noticias\/#website","url":"https:\/\/franciscanos.org.br\/noticias\/","name":"Not\u00edcias - Franciscanos","description":"Prov\u00edncia Franciscana da Imaculada Concei\u00e7\u00e3o do Brasil - Ordem dos Frades Menores - OFM","potentialAction":[{"@type":"SearchAction","target":{"@type":"EntryPoint","urlTemplate":"https:\/\/franciscanos.org.br\/noticias\/?s={search_term_string}"},"query-input":"required name=search_term_string"}],"inLanguage":"pt-BR"},{"@type":"ImageObject","inLanguage":"pt-BR","@id":"https:\/\/franciscanos.org.br\/noticias\/sagrado-coracao-hoje-e-a-festa-do-amor-de-deus-diz-o-papa.html#primaryimage","url":"https:\/\/franciscanos.org.br\/noticias\/wp-content\/uploads\/2018\/06\/marta_301017g-1.jpg","contentUrl":"https:\/\/franciscanos.org.br\/noticias\/wp-content\/uploads\/2018\/06\/marta_301017g-1.jpg","width":800,"height":600},{"@type":"WebPage","@id":"https:\/\/franciscanos.org.br\/noticias\/sagrado-coracao-hoje-e-a-festa-do-amor-de-deus-diz-o-papa.html#webpage","url":"https:\/\/franciscanos.org.br\/noticias\/sagrado-coracao-hoje-e-a-festa-do-amor-de-deus-diz-o-papa.html","name":"Sagrado Cora\u00e7\u00e3o: hoje \u00e9 a festa do amor de Deus, diz o Papa - Not\u00edcias - Franciscanos","isPartOf":{"@id":"https:\/\/franciscanos.org.br\/noticias\/#website"},"primaryImageOfPage":{"@id":"https:\/\/franciscanos.org.br\/noticias\/sagrado-coracao-hoje-e-a-festa-do-amor-de-deus-diz-o-papa.html#primaryimage"},"datePublished":"2018-06-08T11:36:12+00:00","dateModified":"2020-06-07T17:51:39+00:00","author":{"@id":"https:\/\/franciscanos.org.br\/noticias\/#\/schema\/person\/b38fbf43118f02820bd932f2e4b14ad3"},"breadcrumb":{"@id":"https:\/\/franciscanos.org.br\/noticias\/sagrado-coracao-hoje-e-a-festa-do-amor-de-deus-diz-o-papa.html#breadcrumb"},"inLanguage":"pt-BR","potentialAction":[{"@type":"ReadAction","target":["https:\/\/franciscanos.org.br\/noticias\/sagrado-coracao-hoje-e-a-festa-do-amor-de-deus-diz-o-papa.html"]}]},{"@type":"BreadcrumbList","@id":"https:\/\/franciscanos.org.br\/noticias\/sagrado-coracao-hoje-e-a-festa-do-amor-de-deus-diz-o-papa.html#breadcrumb","itemListElement":[{"@type":"ListItem","position":1,"name":"Home","item":"https:\/\/franciscanos.org.br\/noticias"},{"@type":"ListItem","position":2,"name":"Sagrado Cora\u00e7\u00e3o: hoje \u00e9 a festa do amor de Deus, diz o Papa"}]},{"@type":"Person","@id":"https:\/\/franciscanos.org.br\/noticias\/#\/schema\/person\/b38fbf43118f02820bd932f2e4b14ad3","name":"admin","image":{"@type":"ImageObject","inLanguage":"pt-BR","@id":"https:\/\/franciscanos.org.br\/noticias\/#\/schema\/person\/image\/","url":"https:\/\/secure.gravatar.com\/avatar\/e8495742d34d0ba6448ea1c628263b3e?s=96&d=mm&r=g","contentUrl":"https:\/\/secure.gravatar.com\/avatar\/e8495742d34d0ba6448ea1c628263b3e?s=96&d=mm&r=g","caption":"admin"},"url":"https:\/\/franciscanos.org.br\/noticias\/author\/admin"}]}},"_links":{"self":[{"href":"https:\/\/franciscanos.org.br\/noticias\/wp-json\/wp\/v2\/posts\/162424"}],"collection":[{"href":"https:\/\/franciscanos.org.br\/noticias\/wp-json\/wp\/v2\/posts"}],"about":[{"href":"https:\/\/franciscanos.org.br\/noticias\/wp-json\/wp\/v2\/types\/post"}],"author":[{"embeddable":true,"href":"https:\/\/franciscanos.org.br\/noticias\/wp-json\/wp\/v2\/users\/1"}],"replies":[{"embeddable":true,"href":"https:\/\/franciscanos.org.br\/noticias\/wp-json\/wp\/v2\/comments?post=162424"}],"version-history":[{"count":2,"href":"https:\/\/franciscanos.org.br\/noticias\/wp-json\/wp\/v2\/posts\/162424\/revisions"}],"predecessor-version":[{"id":224950,"href":"https:\/\/franciscanos.org.br\/noticias\/wp-json\/wp\/v2\/posts\/162424\/revisions\/224950"}],"wp:featuredmedia":[{"embeddable":true,"href":"https:\/\/franciscanos.org.br\/noticias\/wp-json\/wp\/v2\/media\/223677"}],"wp:attachment":[{"href":"https:\/\/franciscanos.org.br\/noticias\/wp-json\/wp\/v2\/media?parent=162424"}],"wp:term":[{"taxonomy":"category","embeddable":true,"href":"https:\/\/franciscanos.org.br\/noticias\/wp-json\/wp\/v2\/categories?post=162424"},{"taxonomy":"post_tag","embeddable":true,"href":"https:\/\/franciscanos.org.br\/noticias\/wp-json\/wp\/v2\/tags?post=162424"}],"curies":[{"name":"wp","href":"https:\/\/api.w.org\/{rel}","templated":true}]}}