{"id":162186,"date":"2018-06-07T10:10:19","date_gmt":"2018-06-07T13:10:19","guid":{"rendered":"http:\/\/franciscanos.org.br\/?p=162186"},"modified":"2020-06-07T14:52:52","modified_gmt":"2020-06-07T17:52:52","slug":"os-cristaos-sem-memoria-perdem-o-sal-da-vida","status":"publish","type":"post","link":"https:\/\/franciscanos.org.br\/noticias\/os-cristaos-sem-memoria-perdem-o-sal-da-vida.html","title":{"rendered":"Os crist\u00e3os \u201csem mem\u00f3ria\u201d perdem o sal da vida"},"content":{"rendered":"<p><img loading=\"lazy\" src=\"http:\/\/franciscanos.org.br\/wp-content\/uploads\/2018\/05\/marta_290518.jpg\" alt=\"marta_290518\" width=\"820\" height=\"461\" \/><\/p>\n<p><strong>Cidade do Vaticano &#8211;<\/strong> A mem\u00f3ria crist\u00e3 \u00e9 o sal da vida, voltar para ir para frente: devemos recordar e contemplar os primeiros momentos nos quais encontramos Jesus. Palavras do Papa Francisco na missa celebrada na manh\u00e3 de quinta-feira (07\/06) na capela da Casa Santa Marta. A sua homilia foi inspirada na exorta\u00e7\u00e3o de S\u00e3o Paulo a Tim\u00f3teo, na Primeira Leitura: \u201cLembra-te de Jesus Cristo\u201d.<\/p>\n<p>Trata-se de voltar com a mem\u00f3ria para encontrar Cristo, explicou o Papa, \u201cpara encontrar for\u00e7as e poder caminhar para frente. A mem\u00f3ria crist\u00e3 \u00e9 sempre um encontro com Jesus Cristo\u201d.<\/p>\n<p>A mem\u00f3ria crist\u00e3 \u00e9 como o sal da vida. Sem mem\u00f3ria n\u00e3o podemos ir para frente. Quando encontramos crist\u00e3os \u201cdesmemoriados\u201d, logo vemos que perderam o sabor da vida crist\u00e3 e acabaram como pessoas que cumprem os mandamentos, mas sem a m\u00edstica, sem encontrar Jesus Cristo. E Jesus Cristo devemos encontr\u00e1-lo na vida.<\/p>\n<p><strong>Encontros, antepassados e lei<\/strong><br \/>\nFrancisco acrescentou que s\u00e3o tr\u00eas as situa\u00e7\u00f5es em que podemos encontrar Jesus Cristo: &#8220;nos primeiros momentos, nos nossos antepassados e na lei\u201d. A Carta aos Hebreus nos indica como fazer: \u201cEvoquem na mem\u00f3ria aqueles primeiros tempos, depois da convers\u00e3o, em que eram t\u00e3o fervorosos \u2026&#8221; \u201cCada um de n\u00f3s tem momentos de encontro com Jesus\u201d. Na nossa vida, prosseguiu o Papa, houve \u201cum, dois, tr\u00eas momentos em que Jesus se aproximou, se manifestou. N\u00e3o esque\u00e7am esses momentos: devemos ir para tr\u00e1s e retom\u00e1-los porque s\u00e3o momentos de inspira\u00e7\u00e3o, onde n\u00f3s encontramos Jesus Cristo\u201d.<\/p>\n<p>Cada um de n\u00f3s tem momentos assim: quando encontrou Jesus Cristo, quando mudou de vida, quando o Senhor lhe fez ver a pr\u00f3pria voca\u00e7\u00e3o, quando o Senhor o visitou num momento dif\u00edcil\u2026 N\u00f3s no cora\u00e7\u00e3o temos esses momentos. Busquemo-los. Contemplemos esses momentos. Mem\u00f3ria daqueles momentos nos quais eu encontrei Jesus Cristo. Mem\u00f3ria daqueles momentos nos quais Jesus Cristo encontrou a mim. S\u00e3o a fonte do caminho crist\u00e3o, a fonte que me dar\u00e1 as for\u00e7as.<\/p>\n<p>\u201cEu recordo esses momentos?&#8221;, perguntou Francisco. &#8220;Momentos de encontro com Jesus quando a minha vida mudou, quando me prometeu algo?\u201d &#8220;Se n\u00f3s n\u00e3o lembramos, vamos procur\u00e1-los. Cada um de n\u00f3s tem os seus.&#8221;<\/p>\n<p><strong>N\u00e3o recebemos a f\u00e9 por correio<\/strong><br \/>\nO segundo encontro com Jesus, disse ainda o Papa, acontece atrav\u00e9s da mem\u00f3ria dos antepassados, que a Carta aos Hebreus chama \u201cos seus chefes, que lhes ensinaram a f\u00e9\u201d. Tamb\u00e9m Paulo, sempre na segunda carta a Tim\u00f3teo, o exorta assim: \u201cLembre-se de sua m\u00e3e e de sua av\u00f3 que lhe transmitiram a f\u00e9\u201d. \u201cN\u00e3o recebemos a f\u00e9 por correio\u201d, afirmou o Papa, mas \u201chomens e mulheres nos transmitiram a f\u00e9\u201d e diz a Carta aos Hebreus: \u201cOlhem para eles que s\u00e3o uma multid\u00e3o de testemunhas e se fortale\u00e7am neles, eles que sofreram o mart\u00edrio\u201d.<\/p>\n<p>Sempre quando a \u00e1gua da vida se torna um pouco turva, destacou Francisco, \u201c\u00e9 importante ir \u00e0 fonte e encontrar nela a for\u00e7a para ir avante. Podemos nos perguntar: eu evoco os meus antepassados? Eu sou um homem, uma mulher com ra\u00edzes? Ou me tornei desarraigado? Somente vivo no presente? Se \u00e9 assim, \u00e9 preciso imediatamente pedir a gra\u00e7a de voltar \u00e0s ra\u00edzes\u201d, \u00e0quelas pessoas que nos transmitiram a f\u00e9.<\/p>\n<p><strong>A lei do cora\u00e7\u00e3o<\/strong><br \/>\nPor fim, a lei, que Jesus nos faz recordar no Evangelho de Marcos. O primeiro mandamento \u00e9: \u201cEscutai, Israel, o Senhor nosso Deus\u201d.<\/p>\n<p>A mem\u00f3ria da lei. A lei \u00e9 um gesto de amor que o Senhor fez conosco porque nos indicou o caminho, nos disse: por esta estrada n\u00e3o vai errar. Evocar na mem\u00f3ria a lei. N\u00e3o a lei fria, que parece simplesmente jur\u00eddica. N\u00e3o. A lei do amor, a lei que o Senhor inseriu no nosso cora\u00e7\u00e3o.<\/p>\n<p>\u201cEu sou fiel \u00e0 lei, lembro da lei, respeito a lei?&#8221;, questionou ainda o Papa. Algumas vezes, n\u00f3s crist\u00e3os, inclusive consagrados, temos dificuldade de dizer de cor os mandamentos: \u2018Sim, sim, eu lembro, mas depois a um certo ponto erro, n\u00e3o lembro\u201d.<\/p>\n<p><strong>Mem\u00f3ria e esperan\u00e7a<\/strong><br \/>\nLembrar-se de Jesus Cristo, concluiu o Papa, significa ter \u201co olhar fixo no Senhor\u201d nos momentos da minha vida nos quais eu O encontrei, momentos de prova\u00e7\u00e3o, nos meus antepassados e na lei. E a mem\u00f3ria \u201cn\u00e3o \u00e9 somente um ir para tr\u00e1s\u201d. \u00c9 ir para tr\u00e1s para ir para frente. Mem\u00f3ria e esperan\u00e7a v\u00e3o juntas. S\u00e3o complementares, se completam. \u201cLembre-se de Jesus Cristo, o Senhor que veio, pagou por mim e que vir\u00e1. O Senhor da mem\u00f3ria, o Senhor da esperan\u00e7a\u201d.<\/p>\n<p>O convite final do Papa \u00e9 que cada um de n\u00f3s hoje pegue um minuto para se perguntar como est\u00e1 a mem\u00f3ria dos momentos nos quais encontrei o Senhor, a mem\u00f3ria dos meus antepassados e a mem\u00f3ria da lei. Depois, como vai a minha esperan\u00e7a, naquilo que espero. \u201cQue o Senhor nos ajude neste trabalho de mem\u00f3ria e de esperan\u00e7a.\u201d<\/p>\n<hr \/>\n<p><em>Fonte: Vatican News<\/em><\/p>\n","protected":false},"excerpt":{"rendered":"<p>Missa em Santa Marta<\/p>\n","protected":false},"author":1,"featured_media":206343,"comment_status":"open","ping_status":"open","sticky":false,"template":"","format":"standard","meta":[],"categories":[1428],"tags":[1586],"acf":[],"yoast_head":"<!-- This site is optimized with the Yoast SEO plugin v19.2 - https:\/\/yoast.com\/wordpress\/plugins\/seo\/ -->\n<title>Os crist\u00e3os \u201csem mem\u00f3ria\u201d perdem o sal da vida - Not\u00edcias - Franciscanos<\/title>\n<meta name=\"robots\" content=\"index, follow, max-snippet:-1, max-image-preview:large, max-video-preview:-1\" \/>\n<link rel=\"canonical\" href=\"https:\/\/franciscanos.org.br\/noticias\/os-cristaos-sem-memoria-perdem-o-sal-da-vida.html\" \/>\n<meta property=\"og:locale\" content=\"pt_BR\" \/>\n<meta property=\"og:type\" content=\"article\" \/>\n<meta property=\"og:title\" content=\"Os crist\u00e3os \u201csem mem\u00f3ria\u201d perdem o sal da vida - Not\u00edcias - Franciscanos\" \/>\n<meta property=\"og:description\" content=\"Missa em Santa Marta\" \/>\n<meta property=\"og:url\" content=\"https:\/\/franciscanos.org.br\/noticias\/os-cristaos-sem-memoria-perdem-o-sal-da-vida.html\" \/>\n<meta property=\"og:site_name\" content=\"Not\u00edcias - Franciscanos\" \/>\n<meta property=\"article:published_time\" content=\"2018-06-07T13:10:19+00:00\" \/>\n<meta property=\"article:modified_time\" content=\"2020-06-07T17:52:52+00:00\" \/>\n<meta property=\"og:image\" content=\"https:\/\/franciscanos.org.br\/noticias\/wp-content\/uploads\/2018\/06\/marta_290518.jpg\" \/>\n\t<meta property=\"og:image:width\" content=\"273\" \/>\n\t<meta property=\"og:image:height\" content=\"181\" \/>\n\t<meta property=\"og:image:type\" content=\"image\/jpeg\" \/>\n<meta name=\"author\" content=\"admin\" \/>\n<meta name=\"twitter:card\" content=\"summary_large_image\" \/>\n<meta name=\"twitter:label1\" content=\"Escrito por\" \/>\n\t<meta name=\"twitter:data1\" content=\"admin\" \/>\n\t<meta name=\"twitter:label2\" content=\"Est. tempo de leitura\" \/>\n\t<meta name=\"twitter:data2\" content=\"4 minutos\" \/>\n<script type=\"application\/ld+json\" class=\"yoast-schema-graph\">{\"@context\":\"https:\/\/schema.org\",\"@graph\":[{\"@type\":\"WebSite\",\"@id\":\"https:\/\/franciscanos.org.br\/noticias\/#website\",\"url\":\"https:\/\/franciscanos.org.br\/noticias\/\",\"name\":\"Not\u00edcias - Franciscanos\",\"description\":\"Prov\u00edncia Franciscana da Imaculada Concei\u00e7\u00e3o do Brasil - Ordem dos Frades Menores - OFM\",\"potentialAction\":[{\"@type\":\"SearchAction\",\"target\":{\"@type\":\"EntryPoint\",\"urlTemplate\":\"https:\/\/franciscanos.org.br\/noticias\/?s={search_term_string}\"},\"query-input\":\"required name=search_term_string\"}],\"inLanguage\":\"pt-BR\"},{\"@type\":\"ImageObject\",\"inLanguage\":\"pt-BR\",\"@id\":\"https:\/\/franciscanos.org.br\/noticias\/os-cristaos-sem-memoria-perdem-o-sal-da-vida.html#primaryimage\",\"url\":\"https:\/\/franciscanos.org.br\/noticias\/wp-content\/uploads\/2018\/06\/marta_290518.jpg\",\"contentUrl\":\"https:\/\/franciscanos.org.br\/noticias\/wp-content\/uploads\/2018\/06\/marta_290518.jpg\",\"width\":273,\"height\":181},{\"@type\":\"WebPage\",\"@id\":\"https:\/\/franciscanos.org.br\/noticias\/os-cristaos-sem-memoria-perdem-o-sal-da-vida.html#webpage\",\"url\":\"https:\/\/franciscanos.org.br\/noticias\/os-cristaos-sem-memoria-perdem-o-sal-da-vida.html\",\"name\":\"Os crist\u00e3os \u201csem mem\u00f3ria\u201d perdem o sal da vida - Not\u00edcias - Franciscanos\",\"isPartOf\":{\"@id\":\"https:\/\/franciscanos.org.br\/noticias\/#website\"},\"primaryImageOfPage\":{\"@id\":\"https:\/\/franciscanos.org.br\/noticias\/os-cristaos-sem-memoria-perdem-o-sal-da-vida.html#primaryimage\"},\"datePublished\":\"2018-06-07T13:10:19+00:00\",\"dateModified\":\"2020-06-07T17:52:52+00:00\",\"author\":{\"@id\":\"https:\/\/franciscanos.org.br\/noticias\/#\/schema\/person\/b38fbf43118f02820bd932f2e4b14ad3\"},\"breadcrumb\":{\"@id\":\"https:\/\/franciscanos.org.br\/noticias\/os-cristaos-sem-memoria-perdem-o-sal-da-vida.html#breadcrumb\"},\"inLanguage\":\"pt-BR\",\"potentialAction\":[{\"@type\":\"ReadAction\",\"target\":[\"https:\/\/franciscanos.org.br\/noticias\/os-cristaos-sem-memoria-perdem-o-sal-da-vida.html\"]}]},{\"@type\":\"BreadcrumbList\",\"@id\":\"https:\/\/franciscanos.org.br\/noticias\/os-cristaos-sem-memoria-perdem-o-sal-da-vida.html#breadcrumb\",\"itemListElement\":[{\"@type\":\"ListItem\",\"position\":1,\"name\":\"Home\",\"item\":\"https:\/\/franciscanos.org.br\/noticias\"},{\"@type\":\"ListItem\",\"position\":2,\"name\":\"Os crist\u00e3os \u201csem mem\u00f3ria\u201d perdem o sal da vida\"}]},{\"@type\":\"Person\",\"@id\":\"https:\/\/franciscanos.org.br\/noticias\/#\/schema\/person\/b38fbf43118f02820bd932f2e4b14ad3\",\"name\":\"admin\",\"image\":{\"@type\":\"ImageObject\",\"inLanguage\":\"pt-BR\",\"@id\":\"https:\/\/franciscanos.org.br\/noticias\/#\/schema\/person\/image\/\",\"url\":\"https:\/\/secure.gravatar.com\/avatar\/e8495742d34d0ba6448ea1c628263b3e?s=96&d=mm&r=g\",\"contentUrl\":\"https:\/\/secure.gravatar.com\/avatar\/e8495742d34d0ba6448ea1c628263b3e?s=96&d=mm&r=g\",\"caption\":\"admin\"},\"url\":\"https:\/\/franciscanos.org.br\/noticias\/author\/admin\"}]}<\/script>\n<!-- \/ Yoast SEO plugin. -->","yoast_head_json":{"title":"Os crist\u00e3os \u201csem mem\u00f3ria\u201d perdem o sal da vida - Not\u00edcias - Franciscanos","robots":{"index":"index","follow":"follow","max-snippet":"max-snippet:-1","max-image-preview":"max-image-preview:large","max-video-preview":"max-video-preview:-1"},"canonical":"https:\/\/franciscanos.org.br\/noticias\/os-cristaos-sem-memoria-perdem-o-sal-da-vida.html","og_locale":"pt_BR","og_type":"article","og_title":"Os crist\u00e3os \u201csem mem\u00f3ria\u201d perdem o sal da vida - Not\u00edcias - Franciscanos","og_description":"Missa em Santa Marta","og_url":"https:\/\/franciscanos.org.br\/noticias\/os-cristaos-sem-memoria-perdem-o-sal-da-vida.html","og_site_name":"Not\u00edcias - Franciscanos","article_published_time":"2018-06-07T13:10:19+00:00","article_modified_time":"2020-06-07T17:52:52+00:00","og_image":[{"width":273,"height":181,"url":"https:\/\/franciscanos.org.br\/noticias\/wp-content\/uploads\/2018\/06\/marta_290518.jpg","type":"image\/jpeg"}],"author":"admin","twitter_card":"summary_large_image","twitter_misc":{"Escrito por":"admin","Est. tempo de leitura":"4 minutos"},"schema":{"@context":"https:\/\/schema.org","@graph":[{"@type":"WebSite","@id":"https:\/\/franciscanos.org.br\/noticias\/#website","url":"https:\/\/franciscanos.org.br\/noticias\/","name":"Not\u00edcias - Franciscanos","description":"Prov\u00edncia Franciscana da Imaculada Concei\u00e7\u00e3o do Brasil - Ordem dos Frades Menores - OFM","potentialAction":[{"@type":"SearchAction","target":{"@type":"EntryPoint","urlTemplate":"https:\/\/franciscanos.org.br\/noticias\/?s={search_term_string}"},"query-input":"required name=search_term_string"}],"inLanguage":"pt-BR"},{"@type":"ImageObject","inLanguage":"pt-BR","@id":"https:\/\/franciscanos.org.br\/noticias\/os-cristaos-sem-memoria-perdem-o-sal-da-vida.html#primaryimage","url":"https:\/\/franciscanos.org.br\/noticias\/wp-content\/uploads\/2018\/06\/marta_290518.jpg","contentUrl":"https:\/\/franciscanos.org.br\/noticias\/wp-content\/uploads\/2018\/06\/marta_290518.jpg","width":273,"height":181},{"@type":"WebPage","@id":"https:\/\/franciscanos.org.br\/noticias\/os-cristaos-sem-memoria-perdem-o-sal-da-vida.html#webpage","url":"https:\/\/franciscanos.org.br\/noticias\/os-cristaos-sem-memoria-perdem-o-sal-da-vida.html","name":"Os crist\u00e3os \u201csem mem\u00f3ria\u201d perdem o sal da vida - Not\u00edcias - Franciscanos","isPartOf":{"@id":"https:\/\/franciscanos.org.br\/noticias\/#website"},"primaryImageOfPage":{"@id":"https:\/\/franciscanos.org.br\/noticias\/os-cristaos-sem-memoria-perdem-o-sal-da-vida.html#primaryimage"},"datePublished":"2018-06-07T13:10:19+00:00","dateModified":"2020-06-07T17:52:52+00:00","author":{"@id":"https:\/\/franciscanos.org.br\/noticias\/#\/schema\/person\/b38fbf43118f02820bd932f2e4b14ad3"},"breadcrumb":{"@id":"https:\/\/franciscanos.org.br\/noticias\/os-cristaos-sem-memoria-perdem-o-sal-da-vida.html#breadcrumb"},"inLanguage":"pt-BR","potentialAction":[{"@type":"ReadAction","target":["https:\/\/franciscanos.org.br\/noticias\/os-cristaos-sem-memoria-perdem-o-sal-da-vida.html"]}]},{"@type":"BreadcrumbList","@id":"https:\/\/franciscanos.org.br\/noticias\/os-cristaos-sem-memoria-perdem-o-sal-da-vida.html#breadcrumb","itemListElement":[{"@type":"ListItem","position":1,"name":"Home","item":"https:\/\/franciscanos.org.br\/noticias"},{"@type":"ListItem","position":2,"name":"Os crist\u00e3os \u201csem mem\u00f3ria\u201d perdem o sal da vida"}]},{"@type":"Person","@id":"https:\/\/franciscanos.org.br\/noticias\/#\/schema\/person\/b38fbf43118f02820bd932f2e4b14ad3","name":"admin","image":{"@type":"ImageObject","inLanguage":"pt-BR","@id":"https:\/\/franciscanos.org.br\/noticias\/#\/schema\/person\/image\/","url":"https:\/\/secure.gravatar.com\/avatar\/e8495742d34d0ba6448ea1c628263b3e?s=96&d=mm&r=g","contentUrl":"https:\/\/secure.gravatar.com\/avatar\/e8495742d34d0ba6448ea1c628263b3e?s=96&d=mm&r=g","caption":"admin"},"url":"https:\/\/franciscanos.org.br\/noticias\/author\/admin"}]}},"_links":{"self":[{"href":"https:\/\/franciscanos.org.br\/noticias\/wp-json\/wp\/v2\/posts\/162186"}],"collection":[{"href":"https:\/\/franciscanos.org.br\/noticias\/wp-json\/wp\/v2\/posts"}],"about":[{"href":"https:\/\/franciscanos.org.br\/noticias\/wp-json\/wp\/v2\/types\/post"}],"author":[{"embeddable":true,"href":"https:\/\/franciscanos.org.br\/noticias\/wp-json\/wp\/v2\/users\/1"}],"replies":[{"embeddable":true,"href":"https:\/\/franciscanos.org.br\/noticias\/wp-json\/wp\/v2\/comments?post=162186"}],"version-history":[{"count":1,"href":"https:\/\/franciscanos.org.br\/noticias\/wp-json\/wp\/v2\/posts\/162186\/revisions"}],"predecessor-version":[{"id":224951,"href":"https:\/\/franciscanos.org.br\/noticias\/wp-json\/wp\/v2\/posts\/162186\/revisions\/224951"}],"wp:featuredmedia":[{"embeddable":true,"href":"https:\/\/franciscanos.org.br\/noticias\/wp-json\/wp\/v2\/media\/206343"}],"wp:attachment":[{"href":"https:\/\/franciscanos.org.br\/noticias\/wp-json\/wp\/v2\/media?parent=162186"}],"wp:term":[{"taxonomy":"category","embeddable":true,"href":"https:\/\/franciscanos.org.br\/noticias\/wp-json\/wp\/v2\/categories?post=162186"},{"taxonomy":"post_tag","embeddable":true,"href":"https:\/\/franciscanos.org.br\/noticias\/wp-json\/wp\/v2\/tags?post=162186"}],"curies":[{"name":"wp","href":"https:\/\/api.w.org\/{rel}","templated":true}]}}