{"id":162049,"date":"2018-06-06T21:46:20","date_gmt":"2018-06-07T00:46:20","guid":{"rendered":"http:\/\/franciscanos.org.br\/?p=162049"},"modified":"2019-08-23T10:59:36","modified_gmt":"2019-08-23T13:59:36","slug":"a-fe-sem-solidariedade-e-uma-fe-sem-cristo-e-morta","status":"publish","type":"post","link":"https:\/\/franciscanos.org.br\/noticias\/a-fe-sem-solidariedade-e-uma-fe-sem-cristo-e-morta.html","title":{"rendered":"&#8220;A f\u00e9 sem solidariedade \u00e9 uma f\u00e9 sem Cristo&#8221;"},"content":{"rendered":"<p><img loading=\"lazy\" src=\"http:\/\/franciscanos.org.br\/wp-content\/uploads\/2018\/06\/trezena_sp_060618.jpg\" alt=\"trezena_sp_060618\" width=\"830\" height=\"500\" \/><\/p>\n<p><strong>Frei Augusto Luiz Gabriel<\/strong><\/p>\n<p><strong>S\u00e3o Paulo (SP) \u2013<\/strong> \u201cSanto Ant\u00f4nio e o P\u00e3o da Solidariedade\u201d foi o tema do 6\u00ba dia da Trezena de Santo Ant\u00f4nio no Convento e Santu\u00e1rio S\u00e3o Francisco, em S\u00e3o Paulo, nesta quarta-feira, 6 de junho. Frei M\u00e1rio Tagliari, presidente da Celebra\u00e7\u00e3o Eucar\u00edstica das 15 horas, destacou que Frei Ant\u00f4nio foi um homem do Evangelho e da solidariedade.<\/p>\n<p>Frei M\u00e1rio iniciou sua homilia dizendo: \u201cO Papa Francisco nos diz que Jesus Cristo \u00e9 o maior gesto de solidariedade do Deus Pai. Ou seja, Deus se revela solid\u00e1rio \u00e0 humanidade ao enviar seu Filho Jesus, o Deus Homem, o Deus Encarnado. Ali\u00e1s, o tema da Encarna\u00e7\u00e3o \u00e9 muito caro a S\u00e3o Francisco e Santo Ant\u00f4nio. Ant\u00f4nio quando fala da Eucaristia \u2013 e eu sempre lembro durante a celebra\u00e7\u00e3o da Eucaristia \u2013 diz: \u2018Ele veio a ti para tu ires a Ele\u2019. Ele, Deus, em Jesus Cristo vem a cada um de n\u00f3s no pres\u00e9pio, no Natal, vem na Eucaristia a cada dia para que, comungando, possamos ir at\u00e9 Ele. Isto \u00e9 a solidariedade de Deus para conosco\u201d, ensinou o celebrante.<\/p>\n<p>Fazendo uma leitura da sociedade atual, Frei M\u00e1rio falou sobre a falta de solidariedade no mundo. Segundo ele, muitas pessoas virtualmente possuem uma enorme rede de amigos, mas fisicamente n\u00e3o sabem nem quem s\u00e3o as pessoas que moram no pr\u00f3prio pr\u00e9dio, exemplificou.<\/p>\n<p><strong>SANTO ANT\u00d4NIO E A SOLIDARIEDADE <\/strong><\/p>\n<p><img loading=\"lazy\" class=\"size-medium wp-image-199958 alignright\" src=\"https:\/\/franciscanos.org.br\/noticias\/wp-content\/uploads\/2018\/06\/trezena_sp_060618_1-317x450.jpg\" alt=\"\" width=\"317\" height=\"450\" \/>Relembrando a vida de Santo Ant\u00f4nio, o pregador afirmou que Ant\u00f4nio foi um homem do Evangelho e da solidariedade. \u201cNa acolhida dos frades que iam em miss\u00e3o em Marrocos, e que depois voltam mortos como m\u00e1rtires, foi o momento decisivo onde ele sentiu um forte desejo de se tornar franciscano e entregar toda a sua vida ao Reino, assim como fizeram aqueles fradezinhos\u201d, afirmou o frade.<\/p>\n<p>Para Frei M\u00e1rio, Santo Ant\u00f4nio \u00e9 tocado pela gra\u00e7a de Deus de uma forma muito forte. \u201cEle sentiu o chamado para ir al\u00e9m, colocando tamb\u00e9m sua vida a servi\u00e7o de Deus e do Evangelho, como mission\u00e1rio. No entanto, os planos de Deus eram outros! Ele ficou doente e, no caminho de volta, o navio n\u00e3o conseguiu mais voltar a Portugal, ficando\u00a0 na It\u00e1lia, em P\u00e1dua. L\u00e1 ele viveu no eremit\u00e9rio onde trabalhava na cozinha, horta e na portaria. Ali, ele se sentiu desafiado por esta solidariedade que Deus possui para com os pobres\u201d, disse frei M\u00e1rio, mencionando a hist\u00f3ria da doa\u00e7\u00e3o dos p\u00e3es que era dos frades para os pobres. \u201cPercebemos a gra\u00e7a, a a\u00e7\u00e3o e a f\u00e9 em Deus que se faz compaix\u00e3o e solidariedade para com os pobres\u201d, acrescentou.<\/p>\n<p>O celebrante ainda lembrou que, certa vez, na aus\u00eancia do pregador escolhido, Frei Ant\u00f4nio fez a prega\u00e7\u00e3o na celebra\u00e7\u00e3o de uma ordena\u00e7\u00e3o, diante do bispo. \u201cPregou o Evangelho de forma bonita e cativante, de forma simples falou ao povo com carinho e com amor. Tornou-se de imediato especial para o povo e para o bispo. Pregou o Evangelho com fervor e eloqu\u00eancia. Cativou as multid\u00f5es por falar uma linguagem bonita e simples ao cora\u00e7\u00e3o. A\u00ed n\u00e3o deu mais para ficar somente na cozinha ou na horta, em todo o canto passou a ser chamado para pregar\u201d, brincou o frade.<\/p>\n<p>Frei M\u00e1rio contou que em seus serm\u00f5es Ant\u00f4nio denunciava as injusti\u00e7as contra os pobres e pequenos. Pregou pela uni\u00e3o das fam\u00edlias e combateu as heresias. Ele tamb\u00e9m recebeu de S\u00e3o Francisco um bilhete, onde pedia para ensinar as escrituras aos jovens frades, conquanto n\u00e3o perdessem o esp\u00edrito da ora\u00e7\u00e3o e devo\u00e7\u00e3o. \u201cE ele faz isso de modo bel\u00edssimo. Em suas prega\u00e7\u00f5es, Ant\u00f4nio une a sabedoria com a humildade de vida. Cultura e conhecimento com a simplicidade de vida. F\u00e9 e ora\u00e7\u00e3o com a caridade para com os mais pobres. Foi um homem culto e simples!\u201d, garantiu o guardi\u00e3o do Convento.<\/p>\n<p>Dirigindo-se a imagem de Santo Ant\u00f4nio, pediu o pregador: \u201c\u00d3 Santo Ant\u00f4nio, p\u00e3o dos pobres, restaurador dos lares, Santo casamenteiro, Santo das coisas perdidas, ensina-nos hoje de modo especial a solidariedade. Ensina-nos a sermos solid\u00e1rios como tu fostes, porque encontraste no Evangelho o Cristo Deus solid\u00e1rio\u201d, rezou.<\/p>\n<p><strong>\u201cCHORAR OS MORTOS QUE NINGU\u00c9M CHORA\u201d<\/strong><\/p>\n<p><img loading=\"lazy\" src=\"http:\/\/franciscanos.org.br\/wp-content\/uploads\/2018\/06\/trezena_sp_060618_2.jpg\" alt=\"trezena_sp_060618_2\" width=\"830\" height=\"400\" \/><\/p>\n<p>Frei M\u00e1rio relembrou a viagem do Papa Francisco, realizada em Lampedusa em 2013 (ilha italiana do Mediterr\u00e2neo) no in\u00edcio do pontificado do Sumo Pont\u00edfice. Segundo o \u00a0pregador, o Papa foi at\u00e9 l\u00e1 e chorou! Citando Francisco disse: \u2018N\u00f3s perdemos a capacidade de chorar com o sofrimento dos outros\u2019, e a isso o Papa chamou de globaliza\u00e7\u00e3o da indiferen\u00e7a. As not\u00edcias do mundo inteiro chegam em tempo real para n\u00f3s, mas somos t\u00e3o indiferentes \u00e0 dor e ao sofrimento do outro. Perdemos a capacidade de sermos solid\u00e1rios. Solidariedade e compaix\u00e3o s\u00e3o palavras irm\u00e3s que andam juntas\u201d, ensinou o frade.<\/p>\n<p>Tamb\u00e9m lembrou a visita do Papa ao Paraguai em 2015, onde o Francisco afirmou que a f\u00e9 sem solidariedade \u00e9 uma f\u00e9 morta, \u00e9 uma f\u00e9 sem Cristo. Dizia o Papa: \u2018A f\u00e9 desperta o nosso compromisso com os outros, desperta a nossa solidariedade\u2019. \u201cSe ela n\u00e3o fizer isso n\u00e3o \u00e9 f\u00e9 em Jesus Cristo. Ter f\u00e9 em Cristo significa ser solid\u00e1rio aos irm\u00e3os. Nas leituras de hoje n\u00f3s vemos muito bem isso. Paulo se faz solid\u00e1rio \u00e0 comunidade, fala dos seus sofrimentos, foi solid\u00e1rio ao Evangelho. Ent\u00e3o, uma f\u00e9 que n\u00e3o seja solid\u00e1ria n\u00e3o \u00e9 um f\u00e9 no Senhor Jesus que escolheu viver entre os mais pobres. Que escolheu viver no nosso meio, que se fez um de n\u00f3s. Deus se fez solid\u00e1rio \u00e0 humanidade, a n\u00f3s, nascendo muito pobrezinho em uma gruta em Bel\u00e9m. Gesto primordial da solidariedade de Deus\u201d, indicou o pregador.<\/p>\n<p>Ap\u00f3s a comunh\u00e3o, o celebrante, convidou toda a assembleia a cantar os parab\u00e9ns para Sonia Pra\u00e7a Rivaben, da Pia Uni\u00e3o de Santo Ant\u00f4nio (grupo de devotos que trabalham na distribui\u00e7\u00e3o dos p\u00e3es do santo franciscano todas as ter\u00e7as-feiras). Em seguida, lembrou dos pr\u00f3ximos compromissos, a saber: Dia 9\u00a0de Junho, festa junina das\u00a011h00 \u00e0s\u00a019h00. Dia 10 de junho, macarronada no Convento das\u00a011h00 \u00e0s 15h00 e tamb\u00e9m no Dia 10 de junho, prociss\u00e3o de Santo Ant\u00f4nio \u00e0s 10 horas.<\/p>\n<p>Com o relic\u00e1rio de Santo Ant\u00f4nio, aben\u00e7oou e aspergiu \u00e1gua benta nos presentes. Amanh\u00e3 (7\/6), a Trezena ser\u00e1 \u00e0s 15 horas e ter\u00e1 como tema: \u201cSanto Ant\u00f4nio o P\u00e3o da Verdade\u201d.<\/p>\n","protected":false},"excerpt":{"rendered":"<p>Convento S\u00e3o Francisco<\/p>\n","protected":false},"author":5,"featured_media":199956,"comment_status":"open","ping_status":"open","sticky":false,"template":"","format":"standard","meta":[],"categories":[1],"tags":[312,389],"acf":[],"yoast_head":"<!-- This site is optimized with the Yoast SEO plugin v19.2 - https:\/\/yoast.com\/wordpress\/plugins\/seo\/ -->\n<title>&quot;A f\u00e9 sem solidariedade \u00e9 uma f\u00e9 sem Cristo&quot; - Not\u00edcias - Franciscanos<\/title>\n<meta name=\"robots\" content=\"index, follow, max-snippet:-1, max-image-preview:large, max-video-preview:-1\" \/>\n<link rel=\"canonical\" href=\"https:\/\/franciscanos.org.br\/noticias\/a-fe-sem-solidariedade-e-uma-fe-sem-cristo-e-morta.html\" \/>\n<meta property=\"og:locale\" content=\"pt_BR\" \/>\n<meta property=\"og:type\" content=\"article\" \/>\n<meta property=\"og:title\" content=\"&quot;A f\u00e9 sem solidariedade \u00e9 uma f\u00e9 sem Cristo&quot; - Not\u00edcias - Franciscanos\" \/>\n<meta property=\"og:description\" content=\"Convento S\u00e3o Francisco\" \/>\n<meta property=\"og:url\" content=\"https:\/\/franciscanos.org.br\/noticias\/a-fe-sem-solidariedade-e-uma-fe-sem-cristo-e-morta.html\" \/>\n<meta property=\"og:site_name\" content=\"Not\u00edcias - Franciscanos\" \/>\n<meta property=\"article:published_time\" content=\"2018-06-07T00:46:20+00:00\" \/>\n<meta property=\"article:modified_time\" content=\"2019-08-23T13:59:36+00:00\" \/>\n<meta property=\"og:image\" content=\"https:\/\/franciscanos.org.br\/noticias\/wp-content\/uploads\/2018\/06\/trezena_sp_060618.jpg\" \/>\n\t<meta property=\"og:image:width\" content=\"273\" \/>\n\t<meta property=\"og:image:height\" content=\"181\" \/>\n\t<meta property=\"og:image:type\" content=\"image\/jpeg\" \/>\n<meta name=\"author\" content=\"freiaugusto\" \/>\n<meta name=\"twitter:card\" content=\"summary_large_image\" \/>\n<meta name=\"twitter:label1\" content=\"Escrito por\" \/>\n\t<meta name=\"twitter:data1\" content=\"freiaugusto\" \/>\n\t<meta name=\"twitter:label2\" content=\"Est. tempo de leitura\" \/>\n\t<meta name=\"twitter:data2\" content=\"6 minutos\" \/>\n<script type=\"application\/ld+json\" class=\"yoast-schema-graph\">{\"@context\":\"https:\/\/schema.org\",\"@graph\":[{\"@type\":\"WebSite\",\"@id\":\"https:\/\/franciscanos.org.br\/noticias\/#website\",\"url\":\"https:\/\/franciscanos.org.br\/noticias\/\",\"name\":\"Not\u00edcias - Franciscanos\",\"description\":\"Prov\u00edncia Franciscana da Imaculada Concei\u00e7\u00e3o do Brasil - Ordem dos Frades Menores - OFM\",\"potentialAction\":[{\"@type\":\"SearchAction\",\"target\":{\"@type\":\"EntryPoint\",\"urlTemplate\":\"https:\/\/franciscanos.org.br\/noticias\/?s={search_term_string}\"},\"query-input\":\"required name=search_term_string\"}],\"inLanguage\":\"pt-BR\"},{\"@type\":\"ImageObject\",\"inLanguage\":\"pt-BR\",\"@id\":\"https:\/\/franciscanos.org.br\/noticias\/a-fe-sem-solidariedade-e-uma-fe-sem-cristo-e-morta.html#primaryimage\",\"url\":\"https:\/\/franciscanos.org.br\/noticias\/wp-content\/uploads\/2018\/06\/trezena_sp_060618.jpg\",\"contentUrl\":\"https:\/\/franciscanos.org.br\/noticias\/wp-content\/uploads\/2018\/06\/trezena_sp_060618.jpg\",\"width\":273,\"height\":181},{\"@type\":\"WebPage\",\"@id\":\"https:\/\/franciscanos.org.br\/noticias\/a-fe-sem-solidariedade-e-uma-fe-sem-cristo-e-morta.html#webpage\",\"url\":\"https:\/\/franciscanos.org.br\/noticias\/a-fe-sem-solidariedade-e-uma-fe-sem-cristo-e-morta.html\",\"name\":\"\\\"A f\u00e9 sem solidariedade \u00e9 uma f\u00e9 sem Cristo\\\" - Not\u00edcias - Franciscanos\",\"isPartOf\":{\"@id\":\"https:\/\/franciscanos.org.br\/noticias\/#website\"},\"primaryImageOfPage\":{\"@id\":\"https:\/\/franciscanos.org.br\/noticias\/a-fe-sem-solidariedade-e-uma-fe-sem-cristo-e-morta.html#primaryimage\"},\"datePublished\":\"2018-06-07T00:46:20+00:00\",\"dateModified\":\"2019-08-23T13:59:36+00:00\",\"author\":{\"@id\":\"https:\/\/franciscanos.org.br\/noticias\/#\/schema\/person\/37f88f0d111cd5358b12a6556a99eb91\"},\"breadcrumb\":{\"@id\":\"https:\/\/franciscanos.org.br\/noticias\/a-fe-sem-solidariedade-e-uma-fe-sem-cristo-e-morta.html#breadcrumb\"},\"inLanguage\":\"pt-BR\",\"potentialAction\":[{\"@type\":\"ReadAction\",\"target\":[\"https:\/\/franciscanos.org.br\/noticias\/a-fe-sem-solidariedade-e-uma-fe-sem-cristo-e-morta.html\"]}]},{\"@type\":\"BreadcrumbList\",\"@id\":\"https:\/\/franciscanos.org.br\/noticias\/a-fe-sem-solidariedade-e-uma-fe-sem-cristo-e-morta.html#breadcrumb\",\"itemListElement\":[{\"@type\":\"ListItem\",\"position\":1,\"name\":\"Home\",\"item\":\"https:\/\/franciscanos.org.br\/noticias\"},{\"@type\":\"ListItem\",\"position\":2,\"name\":\"&#8220;A f\u00e9 sem solidariedade \u00e9 uma f\u00e9 sem Cristo&#8221;\"}]},{\"@type\":\"Person\",\"@id\":\"https:\/\/franciscanos.org.br\/noticias\/#\/schema\/person\/37f88f0d111cd5358b12a6556a99eb91\",\"name\":\"freiaugusto\",\"image\":{\"@type\":\"ImageObject\",\"inLanguage\":\"pt-BR\",\"@id\":\"https:\/\/franciscanos.org.br\/noticias\/#\/schema\/person\/image\/\",\"url\":\"https:\/\/secure.gravatar.com\/avatar\/9840b940e621801b24f3e6b059efb4b7?s=96&d=mm&r=g\",\"contentUrl\":\"https:\/\/secure.gravatar.com\/avatar\/9840b940e621801b24f3e6b059efb4b7?s=96&d=mm&r=g\",\"caption\":\"freiaugusto\"},\"url\":\"https:\/\/franciscanos.org.br\/noticias\/author\/freiaugusto\"}]}<\/script>\n<!-- \/ Yoast SEO plugin. -->","yoast_head_json":{"title":"\"A f\u00e9 sem solidariedade \u00e9 uma f\u00e9 sem Cristo\" - Not\u00edcias - Franciscanos","robots":{"index":"index","follow":"follow","max-snippet":"max-snippet:-1","max-image-preview":"max-image-preview:large","max-video-preview":"max-video-preview:-1"},"canonical":"https:\/\/franciscanos.org.br\/noticias\/a-fe-sem-solidariedade-e-uma-fe-sem-cristo-e-morta.html","og_locale":"pt_BR","og_type":"article","og_title":"\"A f\u00e9 sem solidariedade \u00e9 uma f\u00e9 sem Cristo\" - Not\u00edcias - Franciscanos","og_description":"Convento S\u00e3o Francisco","og_url":"https:\/\/franciscanos.org.br\/noticias\/a-fe-sem-solidariedade-e-uma-fe-sem-cristo-e-morta.html","og_site_name":"Not\u00edcias - Franciscanos","article_published_time":"2018-06-07T00:46:20+00:00","article_modified_time":"2019-08-23T13:59:36+00:00","og_image":[{"width":273,"height":181,"url":"https:\/\/franciscanos.org.br\/noticias\/wp-content\/uploads\/2018\/06\/trezena_sp_060618.jpg","type":"image\/jpeg"}],"author":"freiaugusto","twitter_card":"summary_large_image","twitter_misc":{"Escrito por":"freiaugusto","Est. tempo de leitura":"6 minutos"},"schema":{"@context":"https:\/\/schema.org","@graph":[{"@type":"WebSite","@id":"https:\/\/franciscanos.org.br\/noticias\/#website","url":"https:\/\/franciscanos.org.br\/noticias\/","name":"Not\u00edcias - Franciscanos","description":"Prov\u00edncia Franciscana da Imaculada Concei\u00e7\u00e3o do Brasil - Ordem dos Frades Menores - OFM","potentialAction":[{"@type":"SearchAction","target":{"@type":"EntryPoint","urlTemplate":"https:\/\/franciscanos.org.br\/noticias\/?s={search_term_string}"},"query-input":"required name=search_term_string"}],"inLanguage":"pt-BR"},{"@type":"ImageObject","inLanguage":"pt-BR","@id":"https:\/\/franciscanos.org.br\/noticias\/a-fe-sem-solidariedade-e-uma-fe-sem-cristo-e-morta.html#primaryimage","url":"https:\/\/franciscanos.org.br\/noticias\/wp-content\/uploads\/2018\/06\/trezena_sp_060618.jpg","contentUrl":"https:\/\/franciscanos.org.br\/noticias\/wp-content\/uploads\/2018\/06\/trezena_sp_060618.jpg","width":273,"height":181},{"@type":"WebPage","@id":"https:\/\/franciscanos.org.br\/noticias\/a-fe-sem-solidariedade-e-uma-fe-sem-cristo-e-morta.html#webpage","url":"https:\/\/franciscanos.org.br\/noticias\/a-fe-sem-solidariedade-e-uma-fe-sem-cristo-e-morta.html","name":"\"A f\u00e9 sem solidariedade \u00e9 uma f\u00e9 sem Cristo\" - Not\u00edcias - Franciscanos","isPartOf":{"@id":"https:\/\/franciscanos.org.br\/noticias\/#website"},"primaryImageOfPage":{"@id":"https:\/\/franciscanos.org.br\/noticias\/a-fe-sem-solidariedade-e-uma-fe-sem-cristo-e-morta.html#primaryimage"},"datePublished":"2018-06-07T00:46:20+00:00","dateModified":"2019-08-23T13:59:36+00:00","author":{"@id":"https:\/\/franciscanos.org.br\/noticias\/#\/schema\/person\/37f88f0d111cd5358b12a6556a99eb91"},"breadcrumb":{"@id":"https:\/\/franciscanos.org.br\/noticias\/a-fe-sem-solidariedade-e-uma-fe-sem-cristo-e-morta.html#breadcrumb"},"inLanguage":"pt-BR","potentialAction":[{"@type":"ReadAction","target":["https:\/\/franciscanos.org.br\/noticias\/a-fe-sem-solidariedade-e-uma-fe-sem-cristo-e-morta.html"]}]},{"@type":"BreadcrumbList","@id":"https:\/\/franciscanos.org.br\/noticias\/a-fe-sem-solidariedade-e-uma-fe-sem-cristo-e-morta.html#breadcrumb","itemListElement":[{"@type":"ListItem","position":1,"name":"Home","item":"https:\/\/franciscanos.org.br\/noticias"},{"@type":"ListItem","position":2,"name":"&#8220;A f\u00e9 sem solidariedade \u00e9 uma f\u00e9 sem Cristo&#8221;"}]},{"@type":"Person","@id":"https:\/\/franciscanos.org.br\/noticias\/#\/schema\/person\/37f88f0d111cd5358b12a6556a99eb91","name":"freiaugusto","image":{"@type":"ImageObject","inLanguage":"pt-BR","@id":"https:\/\/franciscanos.org.br\/noticias\/#\/schema\/person\/image\/","url":"https:\/\/secure.gravatar.com\/avatar\/9840b940e621801b24f3e6b059efb4b7?s=96&d=mm&r=g","contentUrl":"https:\/\/secure.gravatar.com\/avatar\/9840b940e621801b24f3e6b059efb4b7?s=96&d=mm&r=g","caption":"freiaugusto"},"url":"https:\/\/franciscanos.org.br\/noticias\/author\/freiaugusto"}]}},"_links":{"self":[{"href":"https:\/\/franciscanos.org.br\/noticias\/wp-json\/wp\/v2\/posts\/162049"}],"collection":[{"href":"https:\/\/franciscanos.org.br\/noticias\/wp-json\/wp\/v2\/posts"}],"about":[{"href":"https:\/\/franciscanos.org.br\/noticias\/wp-json\/wp\/v2\/types\/post"}],"author":[{"embeddable":true,"href":"https:\/\/franciscanos.org.br\/noticias\/wp-json\/wp\/v2\/users\/5"}],"replies":[{"embeddable":true,"href":"https:\/\/franciscanos.org.br\/noticias\/wp-json\/wp\/v2\/comments?post=162049"}],"version-history":[{"count":0,"href":"https:\/\/franciscanos.org.br\/noticias\/wp-json\/wp\/v2\/posts\/162049\/revisions"}],"wp:featuredmedia":[{"embeddable":true,"href":"https:\/\/franciscanos.org.br\/noticias\/wp-json\/wp\/v2\/media\/199956"}],"wp:attachment":[{"href":"https:\/\/franciscanos.org.br\/noticias\/wp-json\/wp\/v2\/media?parent=162049"}],"wp:term":[{"taxonomy":"category","embeddable":true,"href":"https:\/\/franciscanos.org.br\/noticias\/wp-json\/wp\/v2\/categories?post=162049"},{"taxonomy":"post_tag","embeddable":true,"href":"https:\/\/franciscanos.org.br\/noticias\/wp-json\/wp\/v2\/tags?post=162049"}],"curies":[{"name":"wp","href":"https:\/\/api.w.org\/{rel}","templated":true}]}}