{"id":162015,"date":"2018-06-06T16:28:08","date_gmt":"2018-06-06T19:28:08","guid":{"rendered":"http:\/\/franciscanos.org.br\/?p=162015"},"modified":"2019-05-03T09:36:13","modified_gmt":"2019-05-03T12:36:13","slug":"a-igreja-cuida-de-nos-cuidemos-da-igreja-tambem","status":"publish","type":"post","link":"https:\/\/franciscanos.org.br\/noticias\/a-igreja-cuida-de-nos-cuidemos-da-igreja-tambem.html","title":{"rendered":"A Igreja cuida de n\u00f3s. Cuidemos da Igreja tamb\u00e9m!"},"content":{"rendered":"<p><img loading=\"lazy\" src=\"http:\/\/franciscanos.org.br\/wp-content\/uploads\/2018\/06\/trezena_060617.jpg\" alt=\"trezena_060617\" width=\"830\" height=\"575\" \/><\/p>\n<p><strong>Moacir Beggo<\/strong><\/p>\n<p><strong>\u00a0<\/strong><strong>Rio de Janeiro (RJ)<\/strong> &#8211; O sexto dia da Trezena de Santo Ant\u00f4nio no Convento do Largo da Carioca teve como tema &#8220;Santo Ant\u00f4nio e a Igreja-comunidade&#8221;. Coube a prega\u00e7\u00e3o ao aniversariante do dia, Frei Neylor Tonin, que completou 80 anos de vida. Falando do tema, o pregador disse que em momentos de crise da Igreja, devemos cuidar bem dela assim como ela cuida de n\u00f3s. &#8220;N\u00e3o jogar pedras&#8221;, pediu.<\/p>\n<p>Frei R\u00f3ger Brunorio fez a acolhida dos fi\u00e9is. Frei Neylor tamb\u00e9m presidiu a Celebra\u00e7\u00e3o Eucar\u00edstica e teve como concelebrantes o guardi\u00e3o do Convento, Frei Jos\u00e9 Pereira; Frei Walter Ferreira J\u00fanior, p\u00e1roco de Nossa Senhora Aparecida (Nil\u00f3polis, RJ); e Pe. Medoro de Oliveira Souza Neto, p\u00e1roco da Par\u00f3quia S\u00e3o Jos\u00e9 Oper\u00e1rio de Tr\u00eas Rios (RJ). Todo dia, a Trezena tem in\u00edcio com uma prociss\u00e3o trazendo o andor de Santo Ant\u00f4nio, enfeitado com l\u00edrios, que, segundo a tradi\u00e7\u00e3o cat\u00f3lica, quando Santo Ant\u00f4nio morreu os campos estavam repletos de l\u00edrios brancos &#8211; flores que, no imagin\u00e1rio popular, est\u00e3o associadas ao casamento, \u00e0 do\u00e7ura, \u00e0 inoc\u00eancia, \u00e0 pureza de alma.<\/p>\n<p>Segundo pesquisa do pregador, a palavra &#8220;comunidade&#8221; e &#8220;Igreja&#8221; aparecem pouco nos escritos de Santo Ant\u00f4nio. &#8220;Naquele tempo, &#8216;comunidade&#8217; n\u00e3o era um tema iminente, necess\u00e1rio, assim como tamb\u00e9m &#8216;Igreja&#8217; n\u00e3o era um tema focal. Sobre Igreja se fala um pouco mais. Se diz que ela se apresenta a n\u00f3s como &#8216;alma fiel&#8217;, &#8216;Jerusal\u00e9m celeste&#8217;, como &#8216;Corpo de Cristo&#8217;, como &#8216;M\u00e3e da Divina Gra\u00e7a&#8217;. A Igreja \u00e9 apresentada como sacramento e como lutadora&#8221;, explicou.<\/p>\n<p><img loading=\"lazy\" src=\"http:\/\/franciscanos.org.br\/wp-content\/uploads\/2018\/06\/trezena_060617_1.jpg\" alt=\"trezena_060617_1\" width=\"830\" height=\"525\" \/><\/p>\n<p>&#8220;O que diria sobre a Igreja? Primeiro lugar, diria que a Igreja \u00e9 o ber\u00e7o de todos n\u00f3s. Nela, fomos batizados, nos levaram ainda nos bra\u00e7os. N\u00f3s mal t\u00ednhamos aprendido a chorar e a mamar, nossos pais j\u00e1 nos levavam para a Igreja para recebermos, atrav\u00e9s do batismo, uma gra\u00e7a \u00fanica de Deus e um car\u00e1ter indel\u00e9vel. Temos na Igreja o ber\u00e7o de nossa f\u00e9&#8221;, disse Frei Neylor.<\/p>\n<p>Na Igreja, resumindo &#8211; disse o frade &#8211; temos a Doutrina de Cristo. &#8220;Bem ou mal apresentada, mas \u00e9 a doutrina de Cristo. N\u00f3s escutamos o Evangelho, n\u00f3s escutamos os ap\u00f3stolos falando desse Evangelho. E n\u00f3s aprendemos que Ele \u00e9 o caminho, a verdade e a vida dentro da Igreja, um lugar sacrat\u00edssimo de encontro com Jesus. E, depois, a Igreja \u00e9 a grande mesa que oferece para n\u00f3s o Corpo e o Sangue de Cristo. Na Igreja, temos tamb\u00e9m o alimento que nos faz prosseguir e estar mais perto de Jesus. Quando a gente comunga, a gente toca Cristo&#8221;, acrescentou o pregador.<\/p>\n<p><img loading=\"lazy\" src=\"http:\/\/franciscanos.org.br\/wp-content\/uploads\/2018\/06\/trezena_060617_2.jpg\" alt=\"trezena_060617_2\" width=\"830\" height=\"471\" \/><\/p>\n<p>&#8220;Eu termino dizendo. A Igreja cuida de n\u00f3s. Cuidemos da Igreja tamb\u00e9m. Isso \u00e9 muito importante. N\u00e3o jogar pedras na Igreja. \u00c9 preciso cuidar da Igreja, amar a Igreja, respirar a Igreja, sofrer com a Igreja, mesmo quando os esc\u00e2ndalos se multiplicam ou se tornam patentes, n\u00f3s, apesar de sermos dessa Igreja, dizemos: &#8216;Ela \u00e9 a minha fam\u00edlia&#8217; e a esta fam\u00edlia eu dedico o meu amor, tenho alegria de pertencer a ela. Assim como digo: &#8216;este \u00e9 meu pai, esta \u00e9 minha m\u00e3e, estes s\u00e3o meus irm\u00e3os&#8217;. Tenho orgulho de ser dessa fam\u00edlia. Eu digo tamb\u00e9m: &#8216;Eu tenho orgulho de ser tamb\u00e9m da fam\u00edlia que se chama crist\u00e3 e cat\u00f3lica&#8221;, encerrou, em sintonia com uma frase do Papa Francisco na <em>Evangelii Gaudium<\/em>: &#8220;Os males do nosso mundo \u2013 e os da Igreja \u2013 n\u00e3o deveriam servir como desculpa para reduzir a nossa entrega e o nosso ardor. Vejamo-los como desafios para crescer&#8221;.<\/p>\n<p><strong>\u00a0<\/strong><strong>EXEMPLO DE ESPIRITUALIDADE E COMUNIDADE<\/strong><\/p>\n<div id=\"attachment_162055\" style=\"width: 366px\" class=\"wp-caption alignright\"><img aria-describedby=\"caption-attachment-162055\" loading=\"lazy\" class=\"wp-image-162055 \" src=\"http:\/\/franciscanos.org.br\/wp-content\/uploads\/2018\/06\/neylor.jpg\" alt=\"neylor\" width=\"356\" height=\"214\" \/><p id=\"caption-attachment-162055\" class=\"wp-caption-text\">Escola de M\u00fasica Frei Neylor em Tr\u00eas Rios<\/p><\/div>\n<p>Frei Neylor deu a palavra para seus concelebrantes durante a prega\u00e7\u00e3o. Pe. Medoro preferiu mudar o tema do dia e fazer um depoimento sobre o aniversariante que mudou a vida da comunidade de Tr\u00eas Rios. &#8220;Eu estou aqui com dois fi\u00e9is da minha par\u00f3quia para dizer a esta comunidade que essa espiritualidade da comunidade \u00e9 t\u00e3o forte no cora\u00e7\u00e3o de Frei Neylor que ele foi sens\u00edvel a n\u00f3s, l\u00e1 no interior do Estado, em Tr\u00eas Rios, ao nos possibilitar a cria\u00e7\u00e3o de uma Escola de M\u00fasica para a inclus\u00e3o de jovens que estavam na viol\u00eancia, que estavam marginalizados. Em sete meses, com os setenta viol\u00f5es que vieram daqui, n\u00f3s conseguimos pacificar um bairro que era o mais violento da cidade. A nossa UPP \u00e9 a Escolinha de M\u00fasica Frei Neylor em Tr\u00eas Rios. Estou aqui para louvar e bendizer a Deus pelo dom da sua vida, que trouxe mais vida \u00e0 nossa comunidade. Fez nossa comunidade ser mais irm\u00e3 e mais fraterna. Seja muito feliz e tenha essa longevidade l\u00facida e saud\u00e1vel, que tanto nos edifica&#8221;, desejou.<\/p>\n<p><img loading=\"lazy\" class=\"alignleft wp-image-162019 \" src=\"http:\/\/franciscanos.org.br\/wp-content\/uploads\/2018\/06\/trezena_060617_3.jpg\" alt=\"trezena_060617_3\" width=\"281\" height=\"452\" \/>Frei Walter Ferreira lembrou que foi disc\u00edpulo de Frei Neylor h\u00e1 24 anos em Petr\u00f3polis. &#8220;Deu aula para n\u00f3s de espiritualidade e ret\u00f3rica. A vida de Frei Neylor sempre foi uma busca de espiritualidade, voc\u00eas sabem disso. E ele fala dessa espiritualidade que vem de dentro. Do jeito que Deus deu o dom para ele. E isso ele consegue transmitir para n\u00f3s. Quando ele editou a revista &#8216;Grande Sinal&#8217;, muitos religiosos e padres beberam dessa espiritualidade. Ent\u00e3o, Frei Neylor, que Deus te conserve sempre neste caminho e te d\u00ea todas as b\u00ean\u00e7\u00e3os que conseguiu passar para n\u00f3s!&#8221;, pediu.<\/p>\n<p>O guardi\u00e3o Frei Jos\u00e9 Pereira lembrou um trecho do livro Eclesiastes 3: &#8216;Para tudo h\u00e1 uma ocasi\u00e3o, e um tempo para cada prop\u00f3sito debaixo do c\u00e9u: tempo de nascer e tempo de morrer&#8217;.. E tempo de agradecer. Frei Neylor foi ordenado no dia 15 de dezembro de 1964. Daqui a pouco, ele vai fazer 54 anos de presb\u00edtero. Isso me lembra que \u00e9 necess\u00e1rio a gente dizer sempre obrigado, porque Deus nos deu a vida. E essa vida ele n\u00e3o as guardou para si mas a comunicou com alegria, doa\u00e7\u00e3o, com esp\u00edrito de servi\u00e7o. Parab\u00e9ns Frei Neylor em nome da Fraternidade&#8221;, completou.<\/p>\n<p>Frei Neylor J. Tonin \u00e9 frade franciscano desta Prov\u00edncia da Imaculada, nascido em Luzerna, SC. Mestre e doutor em Espiritualidade, bacharel em Psicologia, estudou tamb\u00e9m Jornalismo e Sociologia. \u00c9 professor e conferencista, presidiu a CRB-RJ de 1980 a 1986, foi redator da revista &#8220;Grande Sinal&#8221; por 17 anos e editor da Editora Vozes por 8 anos, al\u00e9m de colaborar em outras editoras, atuar como conselheiro espiritual de casais, terapeuta, escritor e manter um programa de r\u00e1dio di\u00e1rio no Rio de Janeiro. Fundou e mant\u00e9m um curso de Teologia e Espiritualidade, hoje com 100 participantes.<\/p>\n<p>\u00c9 autor de v\u00e1rios CDs e v\u00e1rias obras. Nesta Trezena est\u00e1 relan\u00e7ando os livros: &#8220;Convite \u00e0 Ora\u00e7\u00e3o&#8221; (com CD na voz do autor); &#8220;De cora\u00e7\u00e3o aberto&#8221; (psicologia e espiritualidade); &#8220;A vida \u00e9 um luxo&#8221; (O grande luxo \u00e9 viver); &#8220;Vida, mais vida&#8221; (Psicologia e espiritualidade); &#8220;Domingo \u00e9 dia de festa&#8221; (B\u00edblia e espiritualidade); e &#8220;Mestres da espiritualidade&#8221;. Quem comprava um livro, ganhava um peda\u00e7o de bolo.<\/p>\n<p>O frade garante que at\u00e9 o final do ano ter\u00e1 um livro novo para comemorar os 80 anos de vida: &#8220;Os jardins continuam florindo&#8221;. Nesse trabalho de garimpar palavras, a melhor frase que seleciona \u00e9 bem curta: &#8220;O \u00f3dio jamais construiu jardins. S\u00f3 cemit\u00e9rios&#8221;.<\/p>\n","protected":false},"excerpt":{"rendered":"<p>Convento Santo Ant\u00f4nio do Largo da Carioca<\/p>\n","protected":false},"author":1,"featured_media":204290,"comment_status":"open","ping_status":"open","sticky":false,"template":"","format":"standard","meta":[],"categories":[1],"tags":[401,389],"acf":[],"yoast_head":"<!-- This site is optimized with the Yoast SEO plugin v19.2 - https:\/\/yoast.com\/wordpress\/plugins\/seo\/ -->\n<title>A Igreja cuida de n\u00f3s. Cuidemos da Igreja tamb\u00e9m! - Not\u00edcias - Franciscanos<\/title>\n<meta name=\"robots\" content=\"index, follow, max-snippet:-1, max-image-preview:large, max-video-preview:-1\" \/>\n<link rel=\"canonical\" href=\"https:\/\/franciscanos.org.br\/noticias\/a-igreja-cuida-de-nos-cuidemos-da-igreja-tambem.html\" \/>\n<meta property=\"og:locale\" content=\"pt_BR\" \/>\n<meta property=\"og:type\" content=\"article\" \/>\n<meta property=\"og:title\" content=\"A Igreja cuida de n\u00f3s. Cuidemos da Igreja tamb\u00e9m! - Not\u00edcias - Franciscanos\" \/>\n<meta property=\"og:description\" content=\"Convento Santo Ant\u00f4nio do Largo da Carioca\" \/>\n<meta property=\"og:url\" content=\"https:\/\/franciscanos.org.br\/noticias\/a-igreja-cuida-de-nos-cuidemos-da-igreja-tambem.html\" \/>\n<meta property=\"og:site_name\" content=\"Not\u00edcias - Franciscanos\" \/>\n<meta property=\"article:published_time\" content=\"2018-06-06T19:28:08+00:00\" \/>\n<meta property=\"article:modified_time\" content=\"2019-05-03T12:36:13+00:00\" \/>\n<meta property=\"og:image\" content=\"https:\/\/franciscanos.org.br\/noticias\/wp-content\/uploads\/2018\/06\/trezena_060617.jpg\" \/>\n\t<meta property=\"og:image:width\" content=\"273\" \/>\n\t<meta property=\"og:image:height\" content=\"181\" \/>\n\t<meta property=\"og:image:type\" content=\"image\/jpeg\" \/>\n<meta name=\"author\" content=\"admin\" \/>\n<meta name=\"twitter:card\" content=\"summary_large_image\" \/>\n<meta name=\"twitter:label1\" content=\"Escrito por\" \/>\n\t<meta name=\"twitter:data1\" content=\"admin\" \/>\n\t<meta name=\"twitter:label2\" content=\"Est. tempo de leitura\" \/>\n\t<meta name=\"twitter:data2\" content=\"6 minutos\" \/>\n<script type=\"application\/ld+json\" class=\"yoast-schema-graph\">{\"@context\":\"https:\/\/schema.org\",\"@graph\":[{\"@type\":\"WebSite\",\"@id\":\"https:\/\/franciscanos.org.br\/noticias\/#website\",\"url\":\"https:\/\/franciscanos.org.br\/noticias\/\",\"name\":\"Not\u00edcias - Franciscanos\",\"description\":\"Prov\u00edncia Franciscana da Imaculada Concei\u00e7\u00e3o do Brasil - Ordem dos Frades Menores - OFM\",\"potentialAction\":[{\"@type\":\"SearchAction\",\"target\":{\"@type\":\"EntryPoint\",\"urlTemplate\":\"https:\/\/franciscanos.org.br\/noticias\/?s={search_term_string}\"},\"query-input\":\"required name=search_term_string\"}],\"inLanguage\":\"pt-BR\"},{\"@type\":\"ImageObject\",\"inLanguage\":\"pt-BR\",\"@id\":\"https:\/\/franciscanos.org.br\/noticias\/a-igreja-cuida-de-nos-cuidemos-da-igreja-tambem.html#primaryimage\",\"url\":\"https:\/\/franciscanos.org.br\/noticias\/wp-content\/uploads\/2018\/06\/trezena_060617.jpg\",\"contentUrl\":\"https:\/\/franciscanos.org.br\/noticias\/wp-content\/uploads\/2018\/06\/trezena_060617.jpg\",\"width\":273,\"height\":181},{\"@type\":\"WebPage\",\"@id\":\"https:\/\/franciscanos.org.br\/noticias\/a-igreja-cuida-de-nos-cuidemos-da-igreja-tambem.html#webpage\",\"url\":\"https:\/\/franciscanos.org.br\/noticias\/a-igreja-cuida-de-nos-cuidemos-da-igreja-tambem.html\",\"name\":\"A Igreja cuida de n\u00f3s. Cuidemos da Igreja tamb\u00e9m! - Not\u00edcias - Franciscanos\",\"isPartOf\":{\"@id\":\"https:\/\/franciscanos.org.br\/noticias\/#website\"},\"primaryImageOfPage\":{\"@id\":\"https:\/\/franciscanos.org.br\/noticias\/a-igreja-cuida-de-nos-cuidemos-da-igreja-tambem.html#primaryimage\"},\"datePublished\":\"2018-06-06T19:28:08+00:00\",\"dateModified\":\"2019-05-03T12:36:13+00:00\",\"author\":{\"@id\":\"https:\/\/franciscanos.org.br\/noticias\/#\/schema\/person\/b38fbf43118f02820bd932f2e4b14ad3\"},\"breadcrumb\":{\"@id\":\"https:\/\/franciscanos.org.br\/noticias\/a-igreja-cuida-de-nos-cuidemos-da-igreja-tambem.html#breadcrumb\"},\"inLanguage\":\"pt-BR\",\"potentialAction\":[{\"@type\":\"ReadAction\",\"target\":[\"https:\/\/franciscanos.org.br\/noticias\/a-igreja-cuida-de-nos-cuidemos-da-igreja-tambem.html\"]}]},{\"@type\":\"BreadcrumbList\",\"@id\":\"https:\/\/franciscanos.org.br\/noticias\/a-igreja-cuida-de-nos-cuidemos-da-igreja-tambem.html#breadcrumb\",\"itemListElement\":[{\"@type\":\"ListItem\",\"position\":1,\"name\":\"Home\",\"item\":\"https:\/\/franciscanos.org.br\/noticias\"},{\"@type\":\"ListItem\",\"position\":2,\"name\":\"A Igreja cuida de n\u00f3s. Cuidemos da Igreja tamb\u00e9m!\"}]},{\"@type\":\"Person\",\"@id\":\"https:\/\/franciscanos.org.br\/noticias\/#\/schema\/person\/b38fbf43118f02820bd932f2e4b14ad3\",\"name\":\"admin\",\"image\":{\"@type\":\"ImageObject\",\"inLanguage\":\"pt-BR\",\"@id\":\"https:\/\/franciscanos.org.br\/noticias\/#\/schema\/person\/image\/\",\"url\":\"https:\/\/secure.gravatar.com\/avatar\/e8495742d34d0ba6448ea1c628263b3e?s=96&d=mm&r=g\",\"contentUrl\":\"https:\/\/secure.gravatar.com\/avatar\/e8495742d34d0ba6448ea1c628263b3e?s=96&d=mm&r=g\",\"caption\":\"admin\"},\"url\":\"https:\/\/franciscanos.org.br\/noticias\/author\/admin\"}]}<\/script>\n<!-- \/ Yoast SEO plugin. -->","yoast_head_json":{"title":"A Igreja cuida de n\u00f3s. Cuidemos da Igreja tamb\u00e9m! - Not\u00edcias - Franciscanos","robots":{"index":"index","follow":"follow","max-snippet":"max-snippet:-1","max-image-preview":"max-image-preview:large","max-video-preview":"max-video-preview:-1"},"canonical":"https:\/\/franciscanos.org.br\/noticias\/a-igreja-cuida-de-nos-cuidemos-da-igreja-tambem.html","og_locale":"pt_BR","og_type":"article","og_title":"A Igreja cuida de n\u00f3s. Cuidemos da Igreja tamb\u00e9m! - Not\u00edcias - Franciscanos","og_description":"Convento Santo Ant\u00f4nio do Largo da Carioca","og_url":"https:\/\/franciscanos.org.br\/noticias\/a-igreja-cuida-de-nos-cuidemos-da-igreja-tambem.html","og_site_name":"Not\u00edcias - Franciscanos","article_published_time":"2018-06-06T19:28:08+00:00","article_modified_time":"2019-05-03T12:36:13+00:00","og_image":[{"width":273,"height":181,"url":"https:\/\/franciscanos.org.br\/noticias\/wp-content\/uploads\/2018\/06\/trezena_060617.jpg","type":"image\/jpeg"}],"author":"admin","twitter_card":"summary_large_image","twitter_misc":{"Escrito por":"admin","Est. tempo de leitura":"6 minutos"},"schema":{"@context":"https:\/\/schema.org","@graph":[{"@type":"WebSite","@id":"https:\/\/franciscanos.org.br\/noticias\/#website","url":"https:\/\/franciscanos.org.br\/noticias\/","name":"Not\u00edcias - Franciscanos","description":"Prov\u00edncia Franciscana da Imaculada Concei\u00e7\u00e3o do Brasil - Ordem dos Frades Menores - OFM","potentialAction":[{"@type":"SearchAction","target":{"@type":"EntryPoint","urlTemplate":"https:\/\/franciscanos.org.br\/noticias\/?s={search_term_string}"},"query-input":"required name=search_term_string"}],"inLanguage":"pt-BR"},{"@type":"ImageObject","inLanguage":"pt-BR","@id":"https:\/\/franciscanos.org.br\/noticias\/a-igreja-cuida-de-nos-cuidemos-da-igreja-tambem.html#primaryimage","url":"https:\/\/franciscanos.org.br\/noticias\/wp-content\/uploads\/2018\/06\/trezena_060617.jpg","contentUrl":"https:\/\/franciscanos.org.br\/noticias\/wp-content\/uploads\/2018\/06\/trezena_060617.jpg","width":273,"height":181},{"@type":"WebPage","@id":"https:\/\/franciscanos.org.br\/noticias\/a-igreja-cuida-de-nos-cuidemos-da-igreja-tambem.html#webpage","url":"https:\/\/franciscanos.org.br\/noticias\/a-igreja-cuida-de-nos-cuidemos-da-igreja-tambem.html","name":"A Igreja cuida de n\u00f3s. Cuidemos da Igreja tamb\u00e9m! - Not\u00edcias - Franciscanos","isPartOf":{"@id":"https:\/\/franciscanos.org.br\/noticias\/#website"},"primaryImageOfPage":{"@id":"https:\/\/franciscanos.org.br\/noticias\/a-igreja-cuida-de-nos-cuidemos-da-igreja-tambem.html#primaryimage"},"datePublished":"2018-06-06T19:28:08+00:00","dateModified":"2019-05-03T12:36:13+00:00","author":{"@id":"https:\/\/franciscanos.org.br\/noticias\/#\/schema\/person\/b38fbf43118f02820bd932f2e4b14ad3"},"breadcrumb":{"@id":"https:\/\/franciscanos.org.br\/noticias\/a-igreja-cuida-de-nos-cuidemos-da-igreja-tambem.html#breadcrumb"},"inLanguage":"pt-BR","potentialAction":[{"@type":"ReadAction","target":["https:\/\/franciscanos.org.br\/noticias\/a-igreja-cuida-de-nos-cuidemos-da-igreja-tambem.html"]}]},{"@type":"BreadcrumbList","@id":"https:\/\/franciscanos.org.br\/noticias\/a-igreja-cuida-de-nos-cuidemos-da-igreja-tambem.html#breadcrumb","itemListElement":[{"@type":"ListItem","position":1,"name":"Home","item":"https:\/\/franciscanos.org.br\/noticias"},{"@type":"ListItem","position":2,"name":"A Igreja cuida de n\u00f3s. Cuidemos da Igreja tamb\u00e9m!"}]},{"@type":"Person","@id":"https:\/\/franciscanos.org.br\/noticias\/#\/schema\/person\/b38fbf43118f02820bd932f2e4b14ad3","name":"admin","image":{"@type":"ImageObject","inLanguage":"pt-BR","@id":"https:\/\/franciscanos.org.br\/noticias\/#\/schema\/person\/image\/","url":"https:\/\/secure.gravatar.com\/avatar\/e8495742d34d0ba6448ea1c628263b3e?s=96&d=mm&r=g","contentUrl":"https:\/\/secure.gravatar.com\/avatar\/e8495742d34d0ba6448ea1c628263b3e?s=96&d=mm&r=g","caption":"admin"},"url":"https:\/\/franciscanos.org.br\/noticias\/author\/admin"}]}},"_links":{"self":[{"href":"https:\/\/franciscanos.org.br\/noticias\/wp-json\/wp\/v2\/posts\/162015"}],"collection":[{"href":"https:\/\/franciscanos.org.br\/noticias\/wp-json\/wp\/v2\/posts"}],"about":[{"href":"https:\/\/franciscanos.org.br\/noticias\/wp-json\/wp\/v2\/types\/post"}],"author":[{"embeddable":true,"href":"https:\/\/franciscanos.org.br\/noticias\/wp-json\/wp\/v2\/users\/1"}],"replies":[{"embeddable":true,"href":"https:\/\/franciscanos.org.br\/noticias\/wp-json\/wp\/v2\/comments?post=162015"}],"version-history":[{"count":0,"href":"https:\/\/franciscanos.org.br\/noticias\/wp-json\/wp\/v2\/posts\/162015\/revisions"}],"wp:featuredmedia":[{"embeddable":true,"href":"https:\/\/franciscanos.org.br\/noticias\/wp-json\/wp\/v2\/media\/204290"}],"wp:attachment":[{"href":"https:\/\/franciscanos.org.br\/noticias\/wp-json\/wp\/v2\/media?parent=162015"}],"wp:term":[{"taxonomy":"category","embeddable":true,"href":"https:\/\/franciscanos.org.br\/noticias\/wp-json\/wp\/v2\/categories?post=162015"},{"taxonomy":"post_tag","embeddable":true,"href":"https:\/\/franciscanos.org.br\/noticias\/wp-json\/wp\/v2\/tags?post=162015"}],"curies":[{"name":"wp","href":"https:\/\/api.w.org\/{rel}","templated":true}]}}