{"id":162005,"date":"2018-06-06T11:21:03","date_gmt":"2018-06-06T14:21:03","guid":{"rendered":"http:\/\/franciscanos.org.br\/?p=162005"},"modified":"2019-01-22T15:37:27","modified_gmt":"2019-01-22T17:37:27","slug":"paroco-de-aleppo-lanca-livro-sobre-recomeco-na-cidade","status":"publish","type":"post","link":"https:\/\/franciscanos.org.br\/noticias\/paroco-de-aleppo-lanca-livro-sobre-recomeco-na-cidade.html","title":{"rendered":"Frade de Aleppo lan\u00e7a livro sobre recome\u00e7o na cidade"},"content":{"rendered":"<p><img loading=\"lazy\" class=\"alignleft\" src=\"http:\/\/franciscanos.org.br\/wp-content\/uploads\/2018\/06\/aleppo_060618G.jpg\" alt=\"aleppo_060618G\" width=\"830\" height=\"400\" \/><\/p>\n<p><strong>Roma &#8211;<\/strong> No \u00faltimo dia 31 de maio, em Roma, Frei Ibrahim Alsabagh lan\u00e7ou o livro \u201cVem o amanhecer\u201d, onde conta detalhes da reconstru\u00e7\u00e3o da cidade de Aleppo, na S\u00edria.\u00a0Frei Ibrahim \u00e9 da Ordem dos Frades Menores e vive desde 2014 em Aleppo. Nasceu na S\u00edria, num tempo em que era conhecida pelo conv\u00edvio entre as religi\u00f5es. De volta ao pa\u00eds, viu seus conterr\u00e2neos perderem tudo. Como p\u00e1roco em Aleppo, assistiu a cidade ser destru\u00edda por m\u00edsseis. \u201c\u00c9 in\u00fatil falar de reconstru\u00e7\u00e3o de casas, de economia, de trabalho, sem falar do recome\u00e7o do cora\u00e7\u00e3o das pessoas e sem pensar em como curar o cora\u00e7\u00e3o. S\u00f3 um cora\u00e7\u00e3o curado e livre, como disse Papa Francisco, pode sentir-se respons\u00e1vel e poder\u00e1 dar o melhor. Por isso que devemos iniciar sempre com o cora\u00e7\u00e3o, com a sua convers\u00e3o, com a cura de tantos cora\u00e7\u00f5es, para falar de uma verdadeira reconstru\u00e7\u00e3o da sociedade e de todo o pa\u00eds\u201d, afirma.<\/p>\n<p>Aleppo \u00e9 uma das cidades mais antigas do mundo. Depois de anos de guerra, o que resta s\u00e3o pr\u00e9dios destru\u00eddos, empresas e escolas desativadas. Milhares de habitantes j\u00e1 deixaram a cidade e quem ficou ainda enfrenta a dificuldade de sustentar a fam\u00edlia. Frei Ibrahim ressaltou que, em meio a essa luta, para falar de esperan\u00e7a \u00e9 preciso concretiz\u00e1-la. Deste modo, os franciscanos, junto com outras institui\u00e7\u00f5es da Igreja, atuam neste processo de reconstru\u00e7\u00e3o. S\u00e3o sinais vis\u00edveis de que Aleppo tem um futuro. \u201cSempre existir\u00e1 esperan\u00e7a. A esperan\u00e7a \u00e9 o ponto firme, especialmente para n\u00f3s crist\u00e3os. N\u00e3o \u00e9 permitido a ningu\u00e9m desesperar-se. N\u00e3o \u00e9 permitido a ningu\u00e9m, mesmo com uma realidade muito dura e dif\u00edcil, n\u00e3o guardar a f\u00e9 de que o futuro pode ser sim muito melhor\u201d, assinala.<\/p>\n<p>A situa\u00e7\u00e3o da S\u00edria e do Oriente M\u00e9dio tamb\u00e9m est\u00e1 no cora\u00e7\u00e3o do Papa Francisco. Frei Ibrahim encontrou-se com o Papa e relatou que o Pont\u00edfice reza sempre pela paz no pa\u00eds. Ao longo de seu pontificado, in\u00fameras vezes j\u00e1 pediu ora\u00e7\u00f5es de fi\u00e9is de todo o mundo pelo fim do conflito na S\u00edria, al\u00e9m de uma negocia\u00e7\u00e3o pac\u00edfica por parte da comunidade internacional. O amor do Santo Padre com o povo do Oriente M\u00e9dio deu ao frade mais impulso para voltar e participar desse processo de recome\u00e7o.<\/p>\n","protected":false},"excerpt":{"rendered":"<p>Ordem dos Frades Menores<\/p>\n","protected":false},"author":1,"featured_media":195578,"comment_status":"open","ping_status":"open","sticky":false,"template":"","format":"standard","meta":[],"categories":[1],"tags":[1138,182,183],"acf":[],"yoast_head":"<!-- This site is optimized with the Yoast SEO plugin v19.2 - https:\/\/yoast.com\/wordpress\/plugins\/seo\/ -->\n<title>Frade de Aleppo lan\u00e7a livro sobre recome\u00e7o na cidade - Not\u00edcias - Franciscanos<\/title>\n<meta name=\"robots\" content=\"index, follow, max-snippet:-1, max-image-preview:large, max-video-preview:-1\" \/>\n<link rel=\"canonical\" href=\"https:\/\/franciscanos.org.br\/noticias\/paroco-de-aleppo-lanca-livro-sobre-recomeco-na-cidade.html\" \/>\n<meta property=\"og:locale\" content=\"pt_BR\" \/>\n<meta property=\"og:type\" content=\"article\" \/>\n<meta property=\"og:title\" content=\"Frade de Aleppo lan\u00e7a livro sobre recome\u00e7o na cidade - Not\u00edcias - Franciscanos\" \/>\n<meta property=\"og:description\" content=\"Ordem dos Frades Menores\" \/>\n<meta property=\"og:url\" content=\"https:\/\/franciscanos.org.br\/noticias\/paroco-de-aleppo-lanca-livro-sobre-recomeco-na-cidade.html\" \/>\n<meta property=\"og:site_name\" content=\"Not\u00edcias - Franciscanos\" \/>\n<meta property=\"article:published_time\" content=\"2018-06-06T14:21:03+00:00\" \/>\n<meta property=\"article:modified_time\" content=\"2019-01-22T17:37:27+00:00\" \/>\n<meta property=\"og:image\" content=\"https:\/\/franciscanos.org.br\/noticias\/wp-content\/uploads\/2018\/06\/aleppo_060618G.jpg\" \/>\n\t<meta property=\"og:image:width\" content=\"273\" \/>\n\t<meta property=\"og:image:height\" content=\"181\" \/>\n\t<meta property=\"og:image:type\" content=\"image\/jpeg\" \/>\n<meta name=\"author\" content=\"admin\" \/>\n<meta name=\"twitter:card\" content=\"summary_large_image\" \/>\n<meta name=\"twitter:label1\" content=\"Escrito por\" \/>\n\t<meta name=\"twitter:data1\" content=\"admin\" \/>\n\t<meta name=\"twitter:label2\" content=\"Est. tempo de leitura\" \/>\n\t<meta name=\"twitter:data2\" content=\"2 minutos\" \/>\n<script type=\"application\/ld+json\" class=\"yoast-schema-graph\">{\"@context\":\"https:\/\/schema.org\",\"@graph\":[{\"@type\":\"WebSite\",\"@id\":\"https:\/\/franciscanos.org.br\/noticias\/#website\",\"url\":\"https:\/\/franciscanos.org.br\/noticias\/\",\"name\":\"Not\u00edcias - Franciscanos\",\"description\":\"Prov\u00edncia Franciscana da Imaculada Concei\u00e7\u00e3o do Brasil - Ordem dos Frades Menores - OFM\",\"potentialAction\":[{\"@type\":\"SearchAction\",\"target\":{\"@type\":\"EntryPoint\",\"urlTemplate\":\"https:\/\/franciscanos.org.br\/noticias\/?s={search_term_string}\"},\"query-input\":\"required name=search_term_string\"}],\"inLanguage\":\"pt-BR\"},{\"@type\":\"ImageObject\",\"inLanguage\":\"pt-BR\",\"@id\":\"https:\/\/franciscanos.org.br\/noticias\/paroco-de-aleppo-lanca-livro-sobre-recomeco-na-cidade.html#primaryimage\",\"url\":\"https:\/\/franciscanos.org.br\/noticias\/wp-content\/uploads\/2018\/06\/aleppo_060618G.jpg\",\"contentUrl\":\"https:\/\/franciscanos.org.br\/noticias\/wp-content\/uploads\/2018\/06\/aleppo_060618G.jpg\",\"width\":273,\"height\":181},{\"@type\":\"WebPage\",\"@id\":\"https:\/\/franciscanos.org.br\/noticias\/paroco-de-aleppo-lanca-livro-sobre-recomeco-na-cidade.html#webpage\",\"url\":\"https:\/\/franciscanos.org.br\/noticias\/paroco-de-aleppo-lanca-livro-sobre-recomeco-na-cidade.html\",\"name\":\"Frade de Aleppo lan\u00e7a livro sobre recome\u00e7o na cidade - Not\u00edcias - Franciscanos\",\"isPartOf\":{\"@id\":\"https:\/\/franciscanos.org.br\/noticias\/#website\"},\"primaryImageOfPage\":{\"@id\":\"https:\/\/franciscanos.org.br\/noticias\/paroco-de-aleppo-lanca-livro-sobre-recomeco-na-cidade.html#primaryimage\"},\"datePublished\":\"2018-06-06T14:21:03+00:00\",\"dateModified\":\"2019-01-22T17:37:27+00:00\",\"author\":{\"@id\":\"https:\/\/franciscanos.org.br\/noticias\/#\/schema\/person\/b38fbf43118f02820bd932f2e4b14ad3\"},\"breadcrumb\":{\"@id\":\"https:\/\/franciscanos.org.br\/noticias\/paroco-de-aleppo-lanca-livro-sobre-recomeco-na-cidade.html#breadcrumb\"},\"inLanguage\":\"pt-BR\",\"potentialAction\":[{\"@type\":\"ReadAction\",\"target\":[\"https:\/\/franciscanos.org.br\/noticias\/paroco-de-aleppo-lanca-livro-sobre-recomeco-na-cidade.html\"]}]},{\"@type\":\"BreadcrumbList\",\"@id\":\"https:\/\/franciscanos.org.br\/noticias\/paroco-de-aleppo-lanca-livro-sobre-recomeco-na-cidade.html#breadcrumb\",\"itemListElement\":[{\"@type\":\"ListItem\",\"position\":1,\"name\":\"Home\",\"item\":\"https:\/\/franciscanos.org.br\/noticias\"},{\"@type\":\"ListItem\",\"position\":2,\"name\":\"Frade de Aleppo lan\u00e7a livro sobre recome\u00e7o na cidade\"}]},{\"@type\":\"Person\",\"@id\":\"https:\/\/franciscanos.org.br\/noticias\/#\/schema\/person\/b38fbf43118f02820bd932f2e4b14ad3\",\"name\":\"admin\",\"image\":{\"@type\":\"ImageObject\",\"inLanguage\":\"pt-BR\",\"@id\":\"https:\/\/franciscanos.org.br\/noticias\/#\/schema\/person\/image\/\",\"url\":\"https:\/\/secure.gravatar.com\/avatar\/e8495742d34d0ba6448ea1c628263b3e?s=96&d=mm&r=g\",\"contentUrl\":\"https:\/\/secure.gravatar.com\/avatar\/e8495742d34d0ba6448ea1c628263b3e?s=96&d=mm&r=g\",\"caption\":\"admin\"},\"url\":\"https:\/\/franciscanos.org.br\/noticias\/author\/admin\"}]}<\/script>\n<!-- \/ Yoast SEO plugin. -->","yoast_head_json":{"title":"Frade de Aleppo lan\u00e7a livro sobre recome\u00e7o na cidade - Not\u00edcias - Franciscanos","robots":{"index":"index","follow":"follow","max-snippet":"max-snippet:-1","max-image-preview":"max-image-preview:large","max-video-preview":"max-video-preview:-1"},"canonical":"https:\/\/franciscanos.org.br\/noticias\/paroco-de-aleppo-lanca-livro-sobre-recomeco-na-cidade.html","og_locale":"pt_BR","og_type":"article","og_title":"Frade de Aleppo lan\u00e7a livro sobre recome\u00e7o na cidade - Not\u00edcias - Franciscanos","og_description":"Ordem dos Frades Menores","og_url":"https:\/\/franciscanos.org.br\/noticias\/paroco-de-aleppo-lanca-livro-sobre-recomeco-na-cidade.html","og_site_name":"Not\u00edcias - Franciscanos","article_published_time":"2018-06-06T14:21:03+00:00","article_modified_time":"2019-01-22T17:37:27+00:00","og_image":[{"width":273,"height":181,"url":"https:\/\/franciscanos.org.br\/noticias\/wp-content\/uploads\/2018\/06\/aleppo_060618G.jpg","type":"image\/jpeg"}],"author":"admin","twitter_card":"summary_large_image","twitter_misc":{"Escrito por":"admin","Est. tempo de leitura":"2 minutos"},"schema":{"@context":"https:\/\/schema.org","@graph":[{"@type":"WebSite","@id":"https:\/\/franciscanos.org.br\/noticias\/#website","url":"https:\/\/franciscanos.org.br\/noticias\/","name":"Not\u00edcias - Franciscanos","description":"Prov\u00edncia Franciscana da Imaculada Concei\u00e7\u00e3o do Brasil - Ordem dos Frades Menores - OFM","potentialAction":[{"@type":"SearchAction","target":{"@type":"EntryPoint","urlTemplate":"https:\/\/franciscanos.org.br\/noticias\/?s={search_term_string}"},"query-input":"required name=search_term_string"}],"inLanguage":"pt-BR"},{"@type":"ImageObject","inLanguage":"pt-BR","@id":"https:\/\/franciscanos.org.br\/noticias\/paroco-de-aleppo-lanca-livro-sobre-recomeco-na-cidade.html#primaryimage","url":"https:\/\/franciscanos.org.br\/noticias\/wp-content\/uploads\/2018\/06\/aleppo_060618G.jpg","contentUrl":"https:\/\/franciscanos.org.br\/noticias\/wp-content\/uploads\/2018\/06\/aleppo_060618G.jpg","width":273,"height":181},{"@type":"WebPage","@id":"https:\/\/franciscanos.org.br\/noticias\/paroco-de-aleppo-lanca-livro-sobre-recomeco-na-cidade.html#webpage","url":"https:\/\/franciscanos.org.br\/noticias\/paroco-de-aleppo-lanca-livro-sobre-recomeco-na-cidade.html","name":"Frade de Aleppo lan\u00e7a livro sobre recome\u00e7o na cidade - Not\u00edcias - Franciscanos","isPartOf":{"@id":"https:\/\/franciscanos.org.br\/noticias\/#website"},"primaryImageOfPage":{"@id":"https:\/\/franciscanos.org.br\/noticias\/paroco-de-aleppo-lanca-livro-sobre-recomeco-na-cidade.html#primaryimage"},"datePublished":"2018-06-06T14:21:03+00:00","dateModified":"2019-01-22T17:37:27+00:00","author":{"@id":"https:\/\/franciscanos.org.br\/noticias\/#\/schema\/person\/b38fbf43118f02820bd932f2e4b14ad3"},"breadcrumb":{"@id":"https:\/\/franciscanos.org.br\/noticias\/paroco-de-aleppo-lanca-livro-sobre-recomeco-na-cidade.html#breadcrumb"},"inLanguage":"pt-BR","potentialAction":[{"@type":"ReadAction","target":["https:\/\/franciscanos.org.br\/noticias\/paroco-de-aleppo-lanca-livro-sobre-recomeco-na-cidade.html"]}]},{"@type":"BreadcrumbList","@id":"https:\/\/franciscanos.org.br\/noticias\/paroco-de-aleppo-lanca-livro-sobre-recomeco-na-cidade.html#breadcrumb","itemListElement":[{"@type":"ListItem","position":1,"name":"Home","item":"https:\/\/franciscanos.org.br\/noticias"},{"@type":"ListItem","position":2,"name":"Frade de Aleppo lan\u00e7a livro sobre recome\u00e7o na cidade"}]},{"@type":"Person","@id":"https:\/\/franciscanos.org.br\/noticias\/#\/schema\/person\/b38fbf43118f02820bd932f2e4b14ad3","name":"admin","image":{"@type":"ImageObject","inLanguage":"pt-BR","@id":"https:\/\/franciscanos.org.br\/noticias\/#\/schema\/person\/image\/","url":"https:\/\/secure.gravatar.com\/avatar\/e8495742d34d0ba6448ea1c628263b3e?s=96&d=mm&r=g","contentUrl":"https:\/\/secure.gravatar.com\/avatar\/e8495742d34d0ba6448ea1c628263b3e?s=96&d=mm&r=g","caption":"admin"},"url":"https:\/\/franciscanos.org.br\/noticias\/author\/admin"}]}},"_links":{"self":[{"href":"https:\/\/franciscanos.org.br\/noticias\/wp-json\/wp\/v2\/posts\/162005"}],"collection":[{"href":"https:\/\/franciscanos.org.br\/noticias\/wp-json\/wp\/v2\/posts"}],"about":[{"href":"https:\/\/franciscanos.org.br\/noticias\/wp-json\/wp\/v2\/types\/post"}],"author":[{"embeddable":true,"href":"https:\/\/franciscanos.org.br\/noticias\/wp-json\/wp\/v2\/users\/1"}],"replies":[{"embeddable":true,"href":"https:\/\/franciscanos.org.br\/noticias\/wp-json\/wp\/v2\/comments?post=162005"}],"version-history":[{"count":0,"href":"https:\/\/franciscanos.org.br\/noticias\/wp-json\/wp\/v2\/posts\/162005\/revisions"}],"wp:featuredmedia":[{"embeddable":true,"href":"https:\/\/franciscanos.org.br\/noticias\/wp-json\/wp\/v2\/media\/195578"}],"wp:attachment":[{"href":"https:\/\/franciscanos.org.br\/noticias\/wp-json\/wp\/v2\/media?parent=162005"}],"wp:term":[{"taxonomy":"category","embeddable":true,"href":"https:\/\/franciscanos.org.br\/noticias\/wp-json\/wp\/v2\/categories?post=162005"},{"taxonomy":"post_tag","embeddable":true,"href":"https:\/\/franciscanos.org.br\/noticias\/wp-json\/wp\/v2\/tags?post=162005"}],"curies":[{"name":"wp","href":"https:\/\/api.w.org\/{rel}","templated":true}]}}