{"id":161947,"date":"2018-06-06T00:40:47","date_gmt":"2018-06-06T03:40:47","guid":{"rendered":"http:\/\/franciscanos.org.br\/?p=161947"},"modified":"2019-01-03T11:24:36","modified_gmt":"2019-01-03T13:24:36","slug":"santo-antonio-o-santo-da-ecologia","status":"publish","type":"post","link":"https:\/\/franciscanos.org.br\/noticias\/santo-antonio-o-santo-da-ecologia.html","title":{"rendered":"6\u00ba Dia: &#8220;Santo Ant\u00f4nio, o Santo da Ecologia&#8221;"},"content":{"rendered":"<p><strong><img loading=\"lazy\" class=\"alignleft wp-image-193729 size-full\" src=\"https:\/\/franciscanos.org.br\/noticias\/wp-content\/uploads\/2018\/06\/trezena_pari_050618_2.jpg\" alt=\"\" width=\"500\" height=\"767\" srcset=\"https:\/\/franciscanos.org.br\/noticias\/wp-content\/uploads\/2018\/06\/trezena_pari_050618_2.jpg 500w, https:\/\/franciscanos.org.br\/noticias\/wp-content\/uploads\/2018\/06\/trezena_pari_050618_2-293x450.jpg 293w, https:\/\/franciscanos.org.br\/noticias\/wp-content\/uploads\/2018\/06\/trezena_pari_050618_2-150x230.jpg 150w\" sizes=\"(max-width: 500px) 100vw, 500px\" \/>S\u00e3o Paulo (SP) \u2013<\/strong>\u00a0A Par\u00f3quia do Pari de S\u00e3o Paulo (SP) dedicou o 6\u00ba Dia (5\/6) da Trezena de Santo Ant\u00f4nio ao tema: \u201cSanto Ant\u00f4nio, o Santo da Ecologia\u201d, justamente na data em que o mundo todo celebra o Dia Mundial da Ecologia. A Celebra\u00e7\u00e3o Eucar\u00edstica aconteceu \u00e0s 19 horas e teve como celebrante Frei Clauzemir Makximovitz. \u201cQue esse dia do cuidado possa nos estimular a cuidar melhor do nosso cora\u00e7\u00e3o, e a rever que sonhos e objetivos n\u00f3s guardamos nele\u201d, pediu o pregador no final de sua homilia.<\/p>\n<p>Para Frei Clauzemir, este dia \u00e9 prop\u00edcio para celebrar nossa f\u00e9 no cuidado e responsabilidade que temos com a natureza. \u201cEcologia vem de\u00a0<em>\u00f3ikos<\/em>, casa em grego, e tem a ver com a responsabilidade pelo cuidado da casa comum que todos n\u00f3s temos. No relato do G\u00eanesis, ao concluir a cria\u00e7\u00e3o do mundo, Deus olha e v\u00ea que tudo era bom! Em seguida entrega ao ser humano a responsabilidade pelo cuidado, pelo cultivo e pela preserva\u00e7\u00e3o de toda a cria\u00e7\u00e3o\u201d, explicou o pregador no in\u00edcio de sua homilia.<\/p>\n<p>E prosseguiu: \u201cN\u00f3s muitas e muitas vezes temos simplesmente nos apropriado do que n\u00e3o nos pertence, explorando tudo o que podemos de forma inconsequente, ego\u00edsta e mesquinha. Claro, e pensamos em escala global, as grandes corpora\u00e7\u00f5es tem um papel criminoso ao explorar os recursos do planeta sem nenhum planejamento respons\u00e1vel, mas se olharmos em escala pessoal, n\u00f3s \u00e9 que sustentamos essa mentalidade explorat\u00f3ria pela nossa ideologia de consumo pelo consumo\u201d, enfatizou Frei Clauzemir.<\/p>\n<p>Segundo ele, vivemos numa \u00e9poca em que aparentemente tudo se explica, se justifica e se resume em consumo. Se a economia est\u00e1 em crise, a resposta do governo \u00e9 estimular, aumentar o consumo para injetar dinheiro no mercado, e achamos que isso \u00e9 uma solu\u00e7\u00e3o vi\u00e1vel.<\/p>\n<p>\u201cN\u00e3o nos questionamos sequer a respeito das consequ\u00eancias desse consumir por consumir. Em nossa vida di\u00e1ria, nem percebemos mais de t\u00e3o entranhado em nossa rotina que est\u00e1, mas o desejo do sup\u00e9rfluo se tornou uma constante! N\u00e3o \u00e9 apenas o celular, o carro, o televisor mais moderno que achamos ter necessidade de possuir, o pior \u00e9 que nem percebemos mais como essa ideologia de consumir nos \u00e9 imposta pelo mercado que sobrevive de criar falsas necessidades. Isso \u00e9 exatamente o que chamamos idolatria! Assumimos desejos, necessidades, sonhos, que n\u00e3o s\u00e3o nossos e os valorizamos tanto, que passamos a n\u00e3o mais question\u00e1-los, e mais, a n\u00e3o mais nos conceber sem eles! Eles passam a ser algo t\u00e3o intr\u00ednseco \u00e0 imagem que temos de n\u00f3s mesmos, que s\u00e3o assumidos como naturais, e n\u00e3o o s\u00e3o! S\u00e3o impostos artificialmente por quem tem interesse em lucrar com eles!\u201d, disse.<\/p>\n<p>E finalizou: \u201cO cuidado com nossa casa \u00e9 tamb\u00e9m o cuidado com nossa morada interior. Quem, de verdade, dita nossos crit\u00e9rios para a felicidade e realiza\u00e7\u00e3o? Quem, de fato, \u00e9 beneficiado com nossas escolhas e atitudes? Que esse dia do cuidado possa nos estimular a cuidar melhor do nosso cora\u00e7\u00e3o, e a rever que sonhos e objetivos n\u00f3s guardamos nele\u201d, concluiu.<\/p>\n<p>O 7\u00ba dia da Trezena de Santo Ant\u00f4nio acontecer\u00e1 as 19 horas e ter\u00e1 como tema: \u201cSanto Ant\u00f4nio o Santo do bom senso\u201d.<\/p>\n","protected":false},"excerpt":{"rendered":"<p>Par\u00f3quia Santo Ant\u00f4nio do Pari<\/p>\n","protected":false},"author":1,"featured_media":193730,"comment_status":"open","ping_status":"open","sticky":false,"template":"","format":"standard","meta":[],"categories":[1],"tags":[287,389],"acf":[],"yoast_head":"<!-- This site is optimized with the Yoast SEO plugin v19.2 - https:\/\/yoast.com\/wordpress\/plugins\/seo\/ -->\n<title>6\u00ba Dia: &quot;Santo Ant\u00f4nio, o Santo da Ecologia&quot; - Not\u00edcias - Franciscanos<\/title>\n<meta name=\"robots\" content=\"index, follow, max-snippet:-1, max-image-preview:large, max-video-preview:-1\" \/>\n<link rel=\"canonical\" href=\"https:\/\/franciscanos.org.br\/noticias\/santo-antonio-o-santo-da-ecologia.html\" \/>\n<meta property=\"og:locale\" content=\"pt_BR\" \/>\n<meta property=\"og:type\" content=\"article\" \/>\n<meta property=\"og:title\" content=\"6\u00ba Dia: &quot;Santo Ant\u00f4nio, o Santo da Ecologia&quot; - Not\u00edcias - Franciscanos\" \/>\n<meta property=\"og:description\" content=\"Par\u00f3quia Santo Ant\u00f4nio do Pari\" \/>\n<meta property=\"og:url\" content=\"https:\/\/franciscanos.org.br\/noticias\/santo-antonio-o-santo-da-ecologia.html\" \/>\n<meta property=\"og:site_name\" content=\"Not\u00edcias - Franciscanos\" \/>\n<meta property=\"article:published_time\" content=\"2018-06-06T03:40:47+00:00\" \/>\n<meta property=\"article:modified_time\" content=\"2019-01-03T13:24:36+00:00\" \/>\n<meta property=\"og:image\" content=\"https:\/\/franciscanos.org.br\/noticias\/wp-content\/uploads\/2018\/06\/trezena_pari_050618_2d.jpg\" \/>\n\t<meta property=\"og:image:width\" content=\"273\" \/>\n\t<meta property=\"og:image:height\" content=\"181\" \/>\n\t<meta property=\"og:image:type\" content=\"image\/jpeg\" \/>\n<meta name=\"author\" content=\"admin\" \/>\n<meta name=\"twitter:card\" content=\"summary_large_image\" \/>\n<meta name=\"twitter:label1\" content=\"Escrito por\" \/>\n\t<meta name=\"twitter:data1\" content=\"admin\" \/>\n\t<meta name=\"twitter:label2\" content=\"Est. tempo de leitura\" \/>\n\t<meta name=\"twitter:data2\" content=\"3 minutos\" \/>\n<script type=\"application\/ld+json\" class=\"yoast-schema-graph\">{\"@context\":\"https:\/\/schema.org\",\"@graph\":[{\"@type\":\"WebSite\",\"@id\":\"https:\/\/franciscanos.org.br\/noticias\/#website\",\"url\":\"https:\/\/franciscanos.org.br\/noticias\/\",\"name\":\"Not\u00edcias - Franciscanos\",\"description\":\"Prov\u00edncia Franciscana da Imaculada Concei\u00e7\u00e3o do Brasil - Ordem dos Frades Menores - OFM\",\"potentialAction\":[{\"@type\":\"SearchAction\",\"target\":{\"@type\":\"EntryPoint\",\"urlTemplate\":\"https:\/\/franciscanos.org.br\/noticias\/?s={search_term_string}\"},\"query-input\":\"required name=search_term_string\"}],\"inLanguage\":\"pt-BR\"},{\"@type\":\"ImageObject\",\"inLanguage\":\"pt-BR\",\"@id\":\"https:\/\/franciscanos.org.br\/noticias\/santo-antonio-o-santo-da-ecologia.html#primaryimage\",\"url\":\"https:\/\/franciscanos.org.br\/noticias\/wp-content\/uploads\/2018\/06\/trezena_pari_050618_2d.jpg\",\"contentUrl\":\"https:\/\/franciscanos.org.br\/noticias\/wp-content\/uploads\/2018\/06\/trezena_pari_050618_2d.jpg\",\"width\":273,\"height\":181},{\"@type\":\"WebPage\",\"@id\":\"https:\/\/franciscanos.org.br\/noticias\/santo-antonio-o-santo-da-ecologia.html#webpage\",\"url\":\"https:\/\/franciscanos.org.br\/noticias\/santo-antonio-o-santo-da-ecologia.html\",\"name\":\"6\u00ba Dia: \\\"Santo Ant\u00f4nio, o Santo da Ecologia\\\" - Not\u00edcias - Franciscanos\",\"isPartOf\":{\"@id\":\"https:\/\/franciscanos.org.br\/noticias\/#website\"},\"primaryImageOfPage\":{\"@id\":\"https:\/\/franciscanos.org.br\/noticias\/santo-antonio-o-santo-da-ecologia.html#primaryimage\"},\"datePublished\":\"2018-06-06T03:40:47+00:00\",\"dateModified\":\"2019-01-03T13:24:36+00:00\",\"author\":{\"@id\":\"https:\/\/franciscanos.org.br\/noticias\/#\/schema\/person\/b38fbf43118f02820bd932f2e4b14ad3\"},\"breadcrumb\":{\"@id\":\"https:\/\/franciscanos.org.br\/noticias\/santo-antonio-o-santo-da-ecologia.html#breadcrumb\"},\"inLanguage\":\"pt-BR\",\"potentialAction\":[{\"@type\":\"ReadAction\",\"target\":[\"https:\/\/franciscanos.org.br\/noticias\/santo-antonio-o-santo-da-ecologia.html\"]}]},{\"@type\":\"BreadcrumbList\",\"@id\":\"https:\/\/franciscanos.org.br\/noticias\/santo-antonio-o-santo-da-ecologia.html#breadcrumb\",\"itemListElement\":[{\"@type\":\"ListItem\",\"position\":1,\"name\":\"Home\",\"item\":\"https:\/\/franciscanos.org.br\/noticias\"},{\"@type\":\"ListItem\",\"position\":2,\"name\":\"6\u00ba Dia: &#8220;Santo Ant\u00f4nio, o Santo da Ecologia&#8221;\"}]},{\"@type\":\"Person\",\"@id\":\"https:\/\/franciscanos.org.br\/noticias\/#\/schema\/person\/b38fbf43118f02820bd932f2e4b14ad3\",\"name\":\"admin\",\"image\":{\"@type\":\"ImageObject\",\"inLanguage\":\"pt-BR\",\"@id\":\"https:\/\/franciscanos.org.br\/noticias\/#\/schema\/person\/image\/\",\"url\":\"https:\/\/secure.gravatar.com\/avatar\/e8495742d34d0ba6448ea1c628263b3e?s=96&d=mm&r=g\",\"contentUrl\":\"https:\/\/secure.gravatar.com\/avatar\/e8495742d34d0ba6448ea1c628263b3e?s=96&d=mm&r=g\",\"caption\":\"admin\"},\"url\":\"https:\/\/franciscanos.org.br\/noticias\/author\/admin\"}]}<\/script>\n<!-- \/ Yoast SEO plugin. -->","yoast_head_json":{"title":"6\u00ba Dia: \"Santo Ant\u00f4nio, o Santo da Ecologia\" - Not\u00edcias - Franciscanos","robots":{"index":"index","follow":"follow","max-snippet":"max-snippet:-1","max-image-preview":"max-image-preview:large","max-video-preview":"max-video-preview:-1"},"canonical":"https:\/\/franciscanos.org.br\/noticias\/santo-antonio-o-santo-da-ecologia.html","og_locale":"pt_BR","og_type":"article","og_title":"6\u00ba Dia: \"Santo Ant\u00f4nio, o Santo da Ecologia\" - Not\u00edcias - Franciscanos","og_description":"Par\u00f3quia Santo Ant\u00f4nio do Pari","og_url":"https:\/\/franciscanos.org.br\/noticias\/santo-antonio-o-santo-da-ecologia.html","og_site_name":"Not\u00edcias - Franciscanos","article_published_time":"2018-06-06T03:40:47+00:00","article_modified_time":"2019-01-03T13:24:36+00:00","og_image":[{"width":273,"height":181,"url":"https:\/\/franciscanos.org.br\/noticias\/wp-content\/uploads\/2018\/06\/trezena_pari_050618_2d.jpg","type":"image\/jpeg"}],"author":"admin","twitter_card":"summary_large_image","twitter_misc":{"Escrito por":"admin","Est. tempo de leitura":"3 minutos"},"schema":{"@context":"https:\/\/schema.org","@graph":[{"@type":"WebSite","@id":"https:\/\/franciscanos.org.br\/noticias\/#website","url":"https:\/\/franciscanos.org.br\/noticias\/","name":"Not\u00edcias - Franciscanos","description":"Prov\u00edncia Franciscana da Imaculada Concei\u00e7\u00e3o do Brasil - Ordem dos Frades Menores - OFM","potentialAction":[{"@type":"SearchAction","target":{"@type":"EntryPoint","urlTemplate":"https:\/\/franciscanos.org.br\/noticias\/?s={search_term_string}"},"query-input":"required name=search_term_string"}],"inLanguage":"pt-BR"},{"@type":"ImageObject","inLanguage":"pt-BR","@id":"https:\/\/franciscanos.org.br\/noticias\/santo-antonio-o-santo-da-ecologia.html#primaryimage","url":"https:\/\/franciscanos.org.br\/noticias\/wp-content\/uploads\/2018\/06\/trezena_pari_050618_2d.jpg","contentUrl":"https:\/\/franciscanos.org.br\/noticias\/wp-content\/uploads\/2018\/06\/trezena_pari_050618_2d.jpg","width":273,"height":181},{"@type":"WebPage","@id":"https:\/\/franciscanos.org.br\/noticias\/santo-antonio-o-santo-da-ecologia.html#webpage","url":"https:\/\/franciscanos.org.br\/noticias\/santo-antonio-o-santo-da-ecologia.html","name":"6\u00ba Dia: \"Santo Ant\u00f4nio, o Santo da Ecologia\" - Not\u00edcias - Franciscanos","isPartOf":{"@id":"https:\/\/franciscanos.org.br\/noticias\/#website"},"primaryImageOfPage":{"@id":"https:\/\/franciscanos.org.br\/noticias\/santo-antonio-o-santo-da-ecologia.html#primaryimage"},"datePublished":"2018-06-06T03:40:47+00:00","dateModified":"2019-01-03T13:24:36+00:00","author":{"@id":"https:\/\/franciscanos.org.br\/noticias\/#\/schema\/person\/b38fbf43118f02820bd932f2e4b14ad3"},"breadcrumb":{"@id":"https:\/\/franciscanos.org.br\/noticias\/santo-antonio-o-santo-da-ecologia.html#breadcrumb"},"inLanguage":"pt-BR","potentialAction":[{"@type":"ReadAction","target":["https:\/\/franciscanos.org.br\/noticias\/santo-antonio-o-santo-da-ecologia.html"]}]},{"@type":"BreadcrumbList","@id":"https:\/\/franciscanos.org.br\/noticias\/santo-antonio-o-santo-da-ecologia.html#breadcrumb","itemListElement":[{"@type":"ListItem","position":1,"name":"Home","item":"https:\/\/franciscanos.org.br\/noticias"},{"@type":"ListItem","position":2,"name":"6\u00ba Dia: &#8220;Santo Ant\u00f4nio, o Santo da Ecologia&#8221;"}]},{"@type":"Person","@id":"https:\/\/franciscanos.org.br\/noticias\/#\/schema\/person\/b38fbf43118f02820bd932f2e4b14ad3","name":"admin","image":{"@type":"ImageObject","inLanguage":"pt-BR","@id":"https:\/\/franciscanos.org.br\/noticias\/#\/schema\/person\/image\/","url":"https:\/\/secure.gravatar.com\/avatar\/e8495742d34d0ba6448ea1c628263b3e?s=96&d=mm&r=g","contentUrl":"https:\/\/secure.gravatar.com\/avatar\/e8495742d34d0ba6448ea1c628263b3e?s=96&d=mm&r=g","caption":"admin"},"url":"https:\/\/franciscanos.org.br\/noticias\/author\/admin"}]}},"_links":{"self":[{"href":"https:\/\/franciscanos.org.br\/noticias\/wp-json\/wp\/v2\/posts\/161947"}],"collection":[{"href":"https:\/\/franciscanos.org.br\/noticias\/wp-json\/wp\/v2\/posts"}],"about":[{"href":"https:\/\/franciscanos.org.br\/noticias\/wp-json\/wp\/v2\/types\/post"}],"author":[{"embeddable":true,"href":"https:\/\/franciscanos.org.br\/noticias\/wp-json\/wp\/v2\/users\/1"}],"replies":[{"embeddable":true,"href":"https:\/\/franciscanos.org.br\/noticias\/wp-json\/wp\/v2\/comments?post=161947"}],"version-history":[{"count":0,"href":"https:\/\/franciscanos.org.br\/noticias\/wp-json\/wp\/v2\/posts\/161947\/revisions"}],"wp:featuredmedia":[{"embeddable":true,"href":"https:\/\/franciscanos.org.br\/noticias\/wp-json\/wp\/v2\/media\/193730"}],"wp:attachment":[{"href":"https:\/\/franciscanos.org.br\/noticias\/wp-json\/wp\/v2\/media?parent=161947"}],"wp:term":[{"taxonomy":"category","embeddable":true,"href":"https:\/\/franciscanos.org.br\/noticias\/wp-json\/wp\/v2\/categories?post=161947"},{"taxonomy":"post_tag","embeddable":true,"href":"https:\/\/franciscanos.org.br\/noticias\/wp-json\/wp\/v2\/tags?post=161947"}],"curies":[{"name":"wp","href":"https:\/\/api.w.org\/{rel}","templated":true}]}}