{"id":161854,"date":"2018-06-05T23:19:35","date_gmt":"2018-06-06T02:19:35","guid":{"rendered":"http:\/\/franciscanos.org.br\/?p=161854"},"modified":"2019-08-19T11:14:08","modified_gmt":"2019-08-19T14:14:08","slug":"como-sermos-pao-da-paz-hoje-pergunta-frei-mario","status":"publish","type":"post","link":"https:\/\/franciscanos.org.br\/noticias\/como-sermos-pao-da-paz-hoje-pergunta-frei-mario.html","title":{"rendered":"Como sermos p\u00e3o da paz hoje, pergunta frei M\u00e1rio"},"content":{"rendered":"<p><img loading=\"lazy\" src=\"http:\/\/franciscanos.org.br\/wp-content\/uploads\/2018\/06\/trezena_0506181.jpg\" alt=\"trezena_050618\" width=\"830\" height=\"400\" \/><\/p>\n<p><strong>Frei Augusto Luiz Gabriel<\/strong><\/p>\n<p><strong>S\u00e3o Paulo (SP) \u2013 \u201c<\/strong>Santo Ant\u00f4nio o P\u00e3o da Paz\u201d foi o tema do 5\u00ba dia da Trezena de Santo Ant\u00f4nio no Convento e Santu\u00e1rio S\u00e3o Francisco na capital de S\u00e3o Paulo, nesta ter\u00e7a-feira (5\/6). Tema este que rendeu belas e inspiradoras palavras ao celebrante Frei M\u00e1rio Tagliari. Durante a Celebra\u00e7\u00e3o Eucar\u00edstica das 15 horas, o pregador mostrou que est\u00e1 por dentro dos documentos e das novidades, seja em rela\u00e7\u00e3o \u00e0 Igreja do Papa Francisco como tamb\u00e9m da sociedade em geral. Segundo ele, a Igreja no Brasil, animada pela CNBB, h\u00e1 muito tempo j\u00e1 vem chamando a aten\u00e7\u00e3o para o tema da paz. \u201cA Campanha da Fraternidade de 2009 j\u00e1 apresentava o tema: \u2018A Paz \u00e9 fruto da Justi\u00e7a\u2019. Este ano, a tem\u00e1tica da Campanha tamb\u00e9m \u00e9 voltada para a paz: \u2018Fraternidade e supera\u00e7\u00e3o da viol\u00eancia\u2019. Vemos que a viol\u00eancia \u00e9 a grande causadora da injusti\u00e7a que n\u00e3o nos possibilita a paz. Somos todos convidados a superarmos a viol\u00eancia\u201d, pediu o celebrante, que tamb\u00e9m \u00e9 guardi\u00e3o do Convento.<\/p>\n<p>Frei M\u00e1rio come\u00e7ou sua homilia falando sobre a liturgia do dia. Para ele, a leitura da Segunda Carta de S\u00e3o Pedro (3,13-14) parece at\u00e9 que foi escolhida propositalmente para hoje. \u201cPedro nos diz: \u2018O que n\u00f3s esperamos, de acordo com a sua promessa, s\u00e3o novos c\u00e9us e uma nova terra, onde habitar\u00e1 a justi\u00e7a. Car\u00edssimos, vivendo nesta esperan\u00e7a, esfor\u00e7ai-vos para que ele vos encontre numa vida pura e sem mancha e em paz\u2019. S\u00e3o Pedro anuncia que, para esta paz acontecer, \u00e9 preciso que n\u00f3s tenhamos a esperan\u00e7a e vivamos na justi\u00e7a. Sem paz n\u00e3o h\u00e1 justi\u00e7a. A justi\u00e7a, sem d\u00favida nenhuma, \u00e9 a raz\u00e3o maior e aquilo que realmente vai garantir que haja a paz. Essa paz deve ser buscada a partir de cada um de n\u00f3s\u201d, ensinou o pregador.<\/p>\n<p><img loading=\"lazy\" class=\" wp-image-199880 alignleft\" src=\"https:\/\/franciscanos.org.br\/noticias\/wp-content\/uploads\/2018\/06\/trezena_050618_2-294x450.jpg\" alt=\"\" width=\"307\" height=\"470\" \/>Segundo ele, no Evangelho de S\u00e3o Marcos (12:13-17) de hoje, n\u00f3s vemos os fariseus, saduceus e alguns do \u2018partido de Herodes\u2019 que fizeram uma \u2018pegadinha\u2019 bem hip\u00f3crita \u2013 primeiro fazem um elogio: \u2018Tu \u00e9s o mestre da verdade\u2019 como todo hip\u00f3crita faz \u2013 e depois perguntam a Jesus: \u201c\u00c9 l\u00edcito ou n\u00e3o pagar o imposto a C\u00e9sar?\u201d. \u201cVejamos bem, o povo judeu vivia na escravid\u00e3o romana, o Imp\u00e9rio todo Romano chegava a muitas partes do mundo, inclusive na parte do Oriente onde fica Jerusal\u00e9m. Se Jesus dissesse que n\u00e3o era justo pagar impostos, os soldados do Rei Herodes, que j\u00e1 estavam por l\u00e1, iriam prend\u00ea-lo. Se ele dissesse que era justo, estaria indo contra o povo que estava sendo massacrado com impostos altos, e que vivia quase num regime de escravid\u00e3o no tempo do Imp\u00e9rio Romano\u201d, explicou o frade.<\/p>\n<p>\u201cPor\u00e9m, Jesus soube sair desta de uma forma bem bonita. Ele perguntou: \u2018Trazei-me uma moeda para que eu a veja\u2019. Eles levaram a moeda, e Jesus perguntou: \u2018De quem \u00e9 a figura e a inscri\u00e7\u00e3o que est\u00e1 nessa moeda?\u2019. (Mc 12, 15-16). \u00a0Era do Imperador C\u00e9sar. Jesus ent\u00e3o disse: \u2018Dai, pois, a C\u00e9sar o que \u00e9 de C\u00e9sar, e a Deus o que \u00e9 de Deus.\u2019 (Mc 12, 17). Jesus n\u00e3o est\u00e1 comparando Deus com C\u00e9sar e nem C\u00e9sar com Deus. Ele est\u00e1 dizendo que Deus \u00e9 o Senhor de nossas vidas e C\u00e9sar \u00e9 o senhor dos ex\u00e9rcitos que dominava aquela regi\u00e3o. E, com isso, Jesus n\u00e3o estava dizendo que concordava que o povo vivesse sobre o dom\u00ednio deste Imp\u00e9rio Romano, causador de muitas justi\u00e7as. Jesus vem anunciar a paz e a paz \u00e9 fruto da justi\u00e7a. E, naquele momento o povo n\u00e3o vivia a justi\u00e7a. No entanto, Jesus chama a aten\u00e7\u00e3o para o nosso modo de viver. A quem seguimos? A C\u00e9sar ou a Deus? A quem nos apegamos: aos bens materiais, aos valores deste mundo, dinheiro, fama, riqueza?\u201d, questionou o frade.<\/p>\n<p>E continuou falando que na Audi\u00eancia Geral, na Pra\u00e7a S\u00e3o Pedro no Vaticano, da \u00faltima quarta-feira (30\/05), o Papa Francisco acolheu 10 jovens das duas Cor\u00e9ias (Cor\u00e9ia do Sul e Cor\u00e9ia do Norte) que dan\u00e7aram <em>taekwondo<\/em>. \u201cVer as duas Cor\u00e9ias juntas representa uma mensagem de paz para toda a humanidade\u201d, declarou o Papa, citado por Frei M\u00e1rio.<\/p>\n<p><strong>A PAZ \u00c9 FRUTO DA ORA\u00c7\u00c3O<\/strong><\/p>\n<p>\u201cSanto Ant\u00f4nio tamb\u00e9m em uma de suas admoesta\u00e7\u00f5es assim disse: \u2018O azeite \u00e9 o mais excelente de todos os l\u00edquidos; a paz de consci\u00eancia excede o gozo dos bens temporais\u2019 (Ft 15a). \u00c9 dele tamb\u00e9m a frase da Admoesta\u00e7\u00e3o (5Pn 16a): \u2018Busca a paz dentro de ti, em ti mesmo; se a encontrares, ter\u00e1s paz com Deus e com o pr\u00f3ximo\u2019. A paz \u00e9 um movimento e algo que vem de dentro de n\u00f3s mesmos. Por isso \u00e9 fruto da ora\u00e7\u00e3o! \u00c9 fruto de algu\u00e9m de esp\u00edrito humilde que se coloca na presen\u00e7a de Deus, e na presen\u00e7a Dele se prop\u00f5e e se disp\u00f5e a ser instrumento de Paz. A ora\u00e7\u00e3o de S\u00e3o Francisco de Assis j\u00e1 diz: \u2018Senhor fazei-me instrumento de vossa paz\u2019. Tudo isso para dizer que depende de uma atitude fundamental nossa\u201d, destacou.<\/p>\n<p>Fazendo um paralelo com o que o Papa Francisco disse na Carta pelo 52\u00ba dia das Comunica\u00e7\u00f5es Sociais, afirmou que o Santo Padre convidou todas as pessoas que trabalham com a comunica\u00e7\u00e3o social a repensar a grande carga de viol\u00eancia e de \u00f3dio que s\u00e3o transmitidas atrav\u00e9s das m\u00eddias. \u201cSe formos pensar um pouquinho veremos que nossos grupos de <em>WhatsApp<\/em> est\u00e3o cheios de viol\u00eancia, discrimina\u00e7\u00e3o e intoler\u00e2ncia contra aqueles que pensam diferente e vivem diferentemente de n\u00f3s\u201d, ressaltou Frei M\u00e1rio.<\/p>\n<p><img loading=\"lazy\" src=\"http:\/\/franciscanos.org.br\/wp-content\/uploads\/2018\/06\/trezena_050618_1.jpg\" alt=\"trezena_050618_1\" width=\"830\" height=\"400\" \/><\/p>\n<p>E acrescentou: \u201cQue Santo Ant\u00f4nio nos ajude a buscar a paz interior que \u00e9 uma atitude de humildade, de servi\u00e7o e simplicidade. Ele mesmo j\u00e1 dizia: \u2018Coisas necess\u00e1rias a qualquer justo: a paz do cora\u00e7\u00e3o, a separa\u00e7\u00e3o dos bens terrenos, o sil\u00eancio da boca, o \u00eaxtase da contempla\u00e7\u00e3o, a lembran\u00e7a da pr\u00f3pria fragilidade\u2019 (Pp 18c). S\u00f3 seremos homens e mulheres de paz se formos pequenos, simples e humildes. Por isso, Santo Ant\u00f4nio se encantou pelos primeiros frades portugueses vestidos com o h\u00e1bito de S\u00e3o Francisco, que iam para Marrocos e que ele acolheu no convento ainda quando era c\u00f4nego agostiniano. Pouco depois, eles (os frades) voltaram dentro de caix\u00f5es, mortos, martirizados. Santo Ant\u00f4nio se encantou com aquela disponibilidade, com aquele ardor mission\u00e1rio e tamb\u00e9m quis ser martirizado anunciando a paz\u201d, destacou.<\/p>\n<p><img loading=\"lazy\" class=\" wp-image-199881 alignright\" src=\"https:\/\/franciscanos.org.br\/noticias\/wp-content\/uploads\/2018\/06\/trezena_050618_3-315x450.jpg\" alt=\"\" width=\"333\" height=\"476\" \/>Frei M\u00e1rio tamb\u00e9m lembrou que, certa vez, os hereges n\u00e3o quiseram ouvir Santo Ant\u00f4nio pregar e ent\u00e3o o santo franciscano foi at\u00e9 a beira da praia e pregou aos peixes. \u201cSanto Ant\u00f4nio, como arauto da paz, nos convida a buscarmos a paz dentro de n\u00f3s mesmos, vencendo os ego\u00edsmos, orgulhos e a mania que temos de achar que somos melhores do que os outros. Que ele tamb\u00e9m nos ajude a vencermos a gan\u00e2ncia e o acumulo de bens\u201d.<\/p>\n<p>E, citando a Doutrina Social da Igreja, finalizou: \u2018Aquilo que sobra na nossa mesa n\u00e3o nos pertence, \u00e9 de direito do pobre\u2019.\u00a0 Dessa forma construiremos a paz, pois assim vamos criando um mundo mais fraterno, justo e com paz. Que Santo Ant\u00f4nio nos inspire a sermos construtores da paz, reconhecendo o outro como irm\u00e3o. E que ele tamb\u00e9m nos ajude a cumprir nossa miss\u00e3o de anunciar ao mundo a Paz e o Bem\u201d, finalizou.<\/p>\n<p><strong>A VIOL\u00caNCIA NO BRASIL TEM IDADE E TEM COR<\/strong><\/p>\n<p>Ainda em sua homilia Frei M\u00e1rio informou que exatamente hoje (5\/6) foi anunciada, pela internet e jornais, uma pesquisa feita nos \u00faltimos anos aqui no Brasil. \u201cNosso pa\u00eds vive uma situa\u00e7\u00e3o de homic\u00eddios nunca vista h\u00e1 muitos anos. Somente no ano de 2016 \u2013 a pesquisa foi realizada entre os anos de 2010 e 2016 \u2013 56 mil jovens entre 16 e 26 anos foram assassinados. E pasmem voc\u00eas porque a grande maioria \u00e9 de negros! Ent\u00e3o, a viol\u00eancia no Brasil tem idade e tem cor. Jovens em plena esperan\u00e7a de vida, de futuro, buscando seus direitos s\u00e3o mortos violentamente. Como sermos hoje p\u00e3o da paz? O Brasil tem fome desta paz e n\u00f3s, crist\u00e3os, tamb\u00e9m. Santo Ant\u00f4nio quer nos dar esperan\u00e7a de que este p\u00e3o da paz \u00e9 poss\u00edvel\u201d, refletiu o frade.<\/p>\n<p>O 6\u00ba dia da Trezena de Santo Ant\u00f4nio ter\u00e1 como tema: \u201cSanto Ant\u00f4nio e o P\u00e3o da Solidariedade\u201d. A Celebra\u00e7\u00e3o Eucar\u00edstica ser\u00e1 as 15 horas.<\/p>\n","protected":false},"excerpt":{"rendered":"<p>Convento S\u00e3o Francisco<\/p>\n","protected":false},"author":5,"featured_media":199925,"comment_status":"open","ping_status":"open","sticky":false,"template":"","format":"standard","meta":[],"categories":[1],"tags":[312,389],"acf":[],"yoast_head":"<!-- This site is optimized with the Yoast SEO plugin v19.2 - https:\/\/yoast.com\/wordpress\/plugins\/seo\/ -->\n<title>Como sermos p\u00e3o da paz hoje, pergunta frei M\u00e1rio - Not\u00edcias - Franciscanos<\/title>\n<meta name=\"robots\" content=\"index, follow, max-snippet:-1, max-image-preview:large, max-video-preview:-1\" \/>\n<link rel=\"canonical\" href=\"https:\/\/franciscanos.org.br\/noticias\/como-sermos-pao-da-paz-hoje-pergunta-frei-mario.html\" \/>\n<meta property=\"og:locale\" content=\"pt_BR\" \/>\n<meta property=\"og:type\" content=\"article\" \/>\n<meta property=\"og:title\" content=\"Como sermos p\u00e3o da paz hoje, pergunta frei M\u00e1rio - Not\u00edcias - Franciscanos\" \/>\n<meta property=\"og:description\" content=\"Convento S\u00e3o Francisco\" \/>\n<meta property=\"og:url\" content=\"https:\/\/franciscanos.org.br\/noticias\/como-sermos-pao-da-paz-hoje-pergunta-frei-mario.html\" \/>\n<meta property=\"og:site_name\" content=\"Not\u00edcias - Franciscanos\" \/>\n<meta property=\"article:published_time\" content=\"2018-06-06T02:19:35+00:00\" \/>\n<meta property=\"article:modified_time\" content=\"2019-08-19T14:14:08+00:00\" \/>\n<meta property=\"og:image\" content=\"https:\/\/franciscanos.org.br\/noticias\/wp-content\/uploads\/2018\/06\/trezena_sp_050618.jpg\" \/>\n\t<meta property=\"og:image:width\" content=\"379\" \/>\n\t<meta property=\"og:image:height\" content=\"252\" \/>\n\t<meta property=\"og:image:type\" content=\"image\/jpeg\" \/>\n<meta name=\"author\" content=\"freiaugusto\" \/>\n<meta name=\"twitter:card\" content=\"summary_large_image\" \/>\n<meta name=\"twitter:label1\" content=\"Escrito por\" \/>\n\t<meta name=\"twitter:data1\" content=\"freiaugusto\" \/>\n\t<meta name=\"twitter:label2\" content=\"Est. tempo de leitura\" \/>\n\t<meta name=\"twitter:data2\" content=\"7 minutos\" \/>\n<script type=\"application\/ld+json\" class=\"yoast-schema-graph\">{\"@context\":\"https:\/\/schema.org\",\"@graph\":[{\"@type\":\"WebSite\",\"@id\":\"https:\/\/franciscanos.org.br\/noticias\/#website\",\"url\":\"https:\/\/franciscanos.org.br\/noticias\/\",\"name\":\"Not\u00edcias - Franciscanos\",\"description\":\"Prov\u00edncia Franciscana da Imaculada Concei\u00e7\u00e3o do Brasil - Ordem dos Frades Menores - OFM\",\"potentialAction\":[{\"@type\":\"SearchAction\",\"target\":{\"@type\":\"EntryPoint\",\"urlTemplate\":\"https:\/\/franciscanos.org.br\/noticias\/?s={search_term_string}\"},\"query-input\":\"required name=search_term_string\"}],\"inLanguage\":\"pt-BR\"},{\"@type\":\"ImageObject\",\"inLanguage\":\"pt-BR\",\"@id\":\"https:\/\/franciscanos.org.br\/noticias\/como-sermos-pao-da-paz-hoje-pergunta-frei-mario.html#primaryimage\",\"url\":\"https:\/\/franciscanos.org.br\/noticias\/wp-content\/uploads\/2018\/06\/trezena_sp_050618.jpg\",\"contentUrl\":\"https:\/\/franciscanos.org.br\/noticias\/wp-content\/uploads\/2018\/06\/trezena_sp_050618.jpg\",\"width\":379,\"height\":252},{\"@type\":\"WebPage\",\"@id\":\"https:\/\/franciscanos.org.br\/noticias\/como-sermos-pao-da-paz-hoje-pergunta-frei-mario.html#webpage\",\"url\":\"https:\/\/franciscanos.org.br\/noticias\/como-sermos-pao-da-paz-hoje-pergunta-frei-mario.html\",\"name\":\"Como sermos p\u00e3o da paz hoje, pergunta frei M\u00e1rio - Not\u00edcias - Franciscanos\",\"isPartOf\":{\"@id\":\"https:\/\/franciscanos.org.br\/noticias\/#website\"},\"primaryImageOfPage\":{\"@id\":\"https:\/\/franciscanos.org.br\/noticias\/como-sermos-pao-da-paz-hoje-pergunta-frei-mario.html#primaryimage\"},\"datePublished\":\"2018-06-06T02:19:35+00:00\",\"dateModified\":\"2019-08-19T14:14:08+00:00\",\"author\":{\"@id\":\"https:\/\/franciscanos.org.br\/noticias\/#\/schema\/person\/37f88f0d111cd5358b12a6556a99eb91\"},\"breadcrumb\":{\"@id\":\"https:\/\/franciscanos.org.br\/noticias\/como-sermos-pao-da-paz-hoje-pergunta-frei-mario.html#breadcrumb\"},\"inLanguage\":\"pt-BR\",\"potentialAction\":[{\"@type\":\"ReadAction\",\"target\":[\"https:\/\/franciscanos.org.br\/noticias\/como-sermos-pao-da-paz-hoje-pergunta-frei-mario.html\"]}]},{\"@type\":\"BreadcrumbList\",\"@id\":\"https:\/\/franciscanos.org.br\/noticias\/como-sermos-pao-da-paz-hoje-pergunta-frei-mario.html#breadcrumb\",\"itemListElement\":[{\"@type\":\"ListItem\",\"position\":1,\"name\":\"Home\",\"item\":\"https:\/\/franciscanos.org.br\/noticias\"},{\"@type\":\"ListItem\",\"position\":2,\"name\":\"Como sermos p\u00e3o da paz hoje, pergunta frei M\u00e1rio\"}]},{\"@type\":\"Person\",\"@id\":\"https:\/\/franciscanos.org.br\/noticias\/#\/schema\/person\/37f88f0d111cd5358b12a6556a99eb91\",\"name\":\"freiaugusto\",\"image\":{\"@type\":\"ImageObject\",\"inLanguage\":\"pt-BR\",\"@id\":\"https:\/\/franciscanos.org.br\/noticias\/#\/schema\/person\/image\/\",\"url\":\"https:\/\/secure.gravatar.com\/avatar\/9840b940e621801b24f3e6b059efb4b7?s=96&d=mm&r=g\",\"contentUrl\":\"https:\/\/secure.gravatar.com\/avatar\/9840b940e621801b24f3e6b059efb4b7?s=96&d=mm&r=g\",\"caption\":\"freiaugusto\"},\"url\":\"https:\/\/franciscanos.org.br\/noticias\/author\/freiaugusto\"}]}<\/script>\n<!-- \/ Yoast SEO plugin. -->","yoast_head_json":{"title":"Como sermos p\u00e3o da paz hoje, pergunta frei M\u00e1rio - Not\u00edcias - Franciscanos","robots":{"index":"index","follow":"follow","max-snippet":"max-snippet:-1","max-image-preview":"max-image-preview:large","max-video-preview":"max-video-preview:-1"},"canonical":"https:\/\/franciscanos.org.br\/noticias\/como-sermos-pao-da-paz-hoje-pergunta-frei-mario.html","og_locale":"pt_BR","og_type":"article","og_title":"Como sermos p\u00e3o da paz hoje, pergunta frei M\u00e1rio - Not\u00edcias - Franciscanos","og_description":"Convento S\u00e3o Francisco","og_url":"https:\/\/franciscanos.org.br\/noticias\/como-sermos-pao-da-paz-hoje-pergunta-frei-mario.html","og_site_name":"Not\u00edcias - Franciscanos","article_published_time":"2018-06-06T02:19:35+00:00","article_modified_time":"2019-08-19T14:14:08+00:00","og_image":[{"width":379,"height":252,"url":"https:\/\/franciscanos.org.br\/noticias\/wp-content\/uploads\/2018\/06\/trezena_sp_050618.jpg","type":"image\/jpeg"}],"author":"freiaugusto","twitter_card":"summary_large_image","twitter_misc":{"Escrito por":"freiaugusto","Est. tempo de leitura":"7 minutos"},"schema":{"@context":"https:\/\/schema.org","@graph":[{"@type":"WebSite","@id":"https:\/\/franciscanos.org.br\/noticias\/#website","url":"https:\/\/franciscanos.org.br\/noticias\/","name":"Not\u00edcias - Franciscanos","description":"Prov\u00edncia Franciscana da Imaculada Concei\u00e7\u00e3o do Brasil - Ordem dos Frades Menores - OFM","potentialAction":[{"@type":"SearchAction","target":{"@type":"EntryPoint","urlTemplate":"https:\/\/franciscanos.org.br\/noticias\/?s={search_term_string}"},"query-input":"required name=search_term_string"}],"inLanguage":"pt-BR"},{"@type":"ImageObject","inLanguage":"pt-BR","@id":"https:\/\/franciscanos.org.br\/noticias\/como-sermos-pao-da-paz-hoje-pergunta-frei-mario.html#primaryimage","url":"https:\/\/franciscanos.org.br\/noticias\/wp-content\/uploads\/2018\/06\/trezena_sp_050618.jpg","contentUrl":"https:\/\/franciscanos.org.br\/noticias\/wp-content\/uploads\/2018\/06\/trezena_sp_050618.jpg","width":379,"height":252},{"@type":"WebPage","@id":"https:\/\/franciscanos.org.br\/noticias\/como-sermos-pao-da-paz-hoje-pergunta-frei-mario.html#webpage","url":"https:\/\/franciscanos.org.br\/noticias\/como-sermos-pao-da-paz-hoje-pergunta-frei-mario.html","name":"Como sermos p\u00e3o da paz hoje, pergunta frei M\u00e1rio - Not\u00edcias - Franciscanos","isPartOf":{"@id":"https:\/\/franciscanos.org.br\/noticias\/#website"},"primaryImageOfPage":{"@id":"https:\/\/franciscanos.org.br\/noticias\/como-sermos-pao-da-paz-hoje-pergunta-frei-mario.html#primaryimage"},"datePublished":"2018-06-06T02:19:35+00:00","dateModified":"2019-08-19T14:14:08+00:00","author":{"@id":"https:\/\/franciscanos.org.br\/noticias\/#\/schema\/person\/37f88f0d111cd5358b12a6556a99eb91"},"breadcrumb":{"@id":"https:\/\/franciscanos.org.br\/noticias\/como-sermos-pao-da-paz-hoje-pergunta-frei-mario.html#breadcrumb"},"inLanguage":"pt-BR","potentialAction":[{"@type":"ReadAction","target":["https:\/\/franciscanos.org.br\/noticias\/como-sermos-pao-da-paz-hoje-pergunta-frei-mario.html"]}]},{"@type":"BreadcrumbList","@id":"https:\/\/franciscanos.org.br\/noticias\/como-sermos-pao-da-paz-hoje-pergunta-frei-mario.html#breadcrumb","itemListElement":[{"@type":"ListItem","position":1,"name":"Home","item":"https:\/\/franciscanos.org.br\/noticias"},{"@type":"ListItem","position":2,"name":"Como sermos p\u00e3o da paz hoje, pergunta frei M\u00e1rio"}]},{"@type":"Person","@id":"https:\/\/franciscanos.org.br\/noticias\/#\/schema\/person\/37f88f0d111cd5358b12a6556a99eb91","name":"freiaugusto","image":{"@type":"ImageObject","inLanguage":"pt-BR","@id":"https:\/\/franciscanos.org.br\/noticias\/#\/schema\/person\/image\/","url":"https:\/\/secure.gravatar.com\/avatar\/9840b940e621801b24f3e6b059efb4b7?s=96&d=mm&r=g","contentUrl":"https:\/\/secure.gravatar.com\/avatar\/9840b940e621801b24f3e6b059efb4b7?s=96&d=mm&r=g","caption":"freiaugusto"},"url":"https:\/\/franciscanos.org.br\/noticias\/author\/freiaugusto"}]}},"_links":{"self":[{"href":"https:\/\/franciscanos.org.br\/noticias\/wp-json\/wp\/v2\/posts\/161854"}],"collection":[{"href":"https:\/\/franciscanos.org.br\/noticias\/wp-json\/wp\/v2\/posts"}],"about":[{"href":"https:\/\/franciscanos.org.br\/noticias\/wp-json\/wp\/v2\/types\/post"}],"author":[{"embeddable":true,"href":"https:\/\/franciscanos.org.br\/noticias\/wp-json\/wp\/v2\/users\/5"}],"replies":[{"embeddable":true,"href":"https:\/\/franciscanos.org.br\/noticias\/wp-json\/wp\/v2\/comments?post=161854"}],"version-history":[{"count":0,"href":"https:\/\/franciscanos.org.br\/noticias\/wp-json\/wp\/v2\/posts\/161854\/revisions"}],"wp:featuredmedia":[{"embeddable":true,"href":"https:\/\/franciscanos.org.br\/noticias\/wp-json\/wp\/v2\/media\/199925"}],"wp:attachment":[{"href":"https:\/\/franciscanos.org.br\/noticias\/wp-json\/wp\/v2\/media?parent=161854"}],"wp:term":[{"taxonomy":"category","embeddable":true,"href":"https:\/\/franciscanos.org.br\/noticias\/wp-json\/wp\/v2\/categories?post=161854"},{"taxonomy":"post_tag","embeddable":true,"href":"https:\/\/franciscanos.org.br\/noticias\/wp-json\/wp\/v2\/tags?post=161854"}],"curies":[{"name":"wp","href":"https:\/\/api.w.org\/{rel}","templated":true}]}}