{"id":161846,"date":"2018-06-05T22:01:36","date_gmt":"2018-06-06T01:01:36","guid":{"rendered":"http:\/\/franciscanos.org.br\/?p=161846"},"modified":"2019-05-03T09:34:10","modified_gmt":"2019-05-03T12:34:10","slug":"d-orani-pede-responsabilidade-com-a-casa-comum","status":"publish","type":"post","link":"https:\/\/franciscanos.org.br\/noticias\/d-orani-pede-responsabilidade-com-a-casa-comum.html","title":{"rendered":"D. Orani pede responsabilidade com a Casa Comum"},"content":{"rendered":"<p><img loading=\"lazy\" src=\"http:\/\/franciscanos.org.br\/wp-content\/uploads\/2018\/06\/orani_050618_2.jpg\" alt=\"orani_050618_2\" width=\"830\" height=\"623\" \/><\/p>\n<p><strong>Moacir Beggo<\/strong><\/p>\n<p><strong>Rio de Janeiro (RJ)<\/strong> &#8211; A ter\u00e7a-feira dedicada \u00e0 devo\u00e7\u00e3o a Santo Ant\u00f4nio, no quinto dia da Trezena do Convento do Largo da Carioca (RJ) e no Dia Mundial do Meio Ambiente, terminou com uma Missa Solene de A\u00e7\u00e3o de Gra\u00e7as presidida pelo Arcebispo do Rio de Janeiro, Cardeal Dom Orani Jo\u00e3o Tempesta, \u00e0s 18 horas.<\/p>\n<p>Assim como em todas as celebra\u00e7\u00f5es, a igreja lotou para esta Missa, tendo como concelebrantes os frades do Convento e sacerdotes da Arquidiocese, religiosos, seminaristas, al\u00e9m de v\u00e1rios movimentos pastorais da Arquidiocese e os fi\u00e9is de Santo Ant\u00f4nio.<\/p>\n<p>&#8220;Somos acolhidos pelo Frei Jos\u00e9 Pereira, o guardi\u00e3o, e os freis dessa Casa para celebrarmos com muita alegria o Dia Mundial do Meio Ambiente, tendo esse expoente t\u00e3o grande da nossa f\u00e9, que \u00e9 Santo Ant\u00f4nio, como aquele que cuida sobretudo do homem&#8221;, explicou o animador Guilherme Alves, da Pastoral Arquidiocesana do Meio Ambiente. &#8220;Que seja, ent\u00e3o, esta Eucaristia um grande momento de ora\u00e7\u00e3o nesse local que, para o nosso Vicariato urbano e toda Arquidiocese, \u00e9 um santu\u00e1rio de miseric\u00f3rdia, de refazer a pessoa humana por meio do sacramento da reconcilia\u00e7\u00e3o. Que seja, ent\u00e3o, esse grande cuidado com a obra da natureza por excel\u00eancia que \u00e9 o homem, a motiva\u00e7\u00e3o para com Santo Ant\u00f4nio celebrarmos a alegria da vida&#8221;, destacou Guilherme.<\/p>\n<p><img loading=\"lazy\" src=\"http:\/\/franciscanos.org.br\/wp-content\/uploads\/2018\/06\/orani_050618_3.jpg\" alt=\"orani_050618_3\" width=\"830\" height=\"1107\" \/><\/p>\n<p>Dom Orani disse que era uma alegria retornar ao Convento Santo Ant\u00f4nio e poder celebrar tanto a 336\u00aa Trezena de Santo Ant\u00f4nio e, aqui dentro da caminhada da Arquidiocese, celebrar esse momento de A\u00e7\u00e3o de Gra\u00e7as pelo o Dia Mundial do Meio Ambiente.<\/p>\n<p>Dom \u00a0Orani fez refer\u00eancia a S\u00e3o Bonif\u00e1cio, monge beneditino e m\u00e1rtir, lembrado no dia, assim como o dono da festa, Santo Ant\u00f4nio, um grande evangelizador, algu\u00e9m que teve seu cora\u00e7\u00e3o voltado para a miss\u00e3o na \u00c1frica, mas que a Provid\u00eancia o levou para a It\u00e1lia, onde se tornou um grande pregador. &#8220;S\u00e3o grandes evangelizadores que seguiram Jesus Cristo at\u00e9 o fim de suas vidas&#8221;, apresentou.<\/p>\n<p>O Arcebispo lembrou que Santo Ant\u00f4nio abra\u00e7ou o carisma de S\u00e3o Francisco, com todo entusiasmo e disponibilidade que marcaram aqueles primeiros s\u00e9culos e que o Papa Francisco tem assumido e falado hoje. &#8220;Nesse sentido, Francisco, com tudo aquilo que ele canta sobre a natureza, e mesmo o Papa Francisco quando ele fala da <em>Laudato Si\u2019<\/em>, a nossa Casa Comum, como ele chama em rela\u00e7\u00e3o ao mundo de hoje, partem da vis\u00e3o de quem \u00e9 crist\u00e3o, de quem segue Jesus Cristo, de quem busca o Senhor&#8221;, explicou.<\/p>\n<p><img loading=\"lazy\" src=\"http:\/\/franciscanos.org.br\/wp-content\/uploads\/2018\/06\/orani_050618.jpg\" alt=\"orani_050618\" width=\"830\" height=\"400\" \/><\/p>\n<p>&#8220;E \u00e9 isso o nosso experiencial. S\u00e3o muitos que lutam pelas mesmas causas, que buscam lutar pelo meio ambiente, pela quest\u00e3o ecol\u00f3gica, enfim diversas causas e situa\u00e7\u00f5es. Mas n\u00f3s partimos da nossa vida crist\u00e3. Esse \u00e9 o nosso in\u00edcio, porque encontramos em Cristo a nossa vida, porque amamos o nosso pr\u00f3ximo ou queremos am\u00e1-lo como Ele nos ensinou vivendo tanto a evangeliza\u00e7\u00e3o, a miss\u00e3o e o entusiasmo por Cristo e a preocupa\u00e7\u00e3o por nossa Casa Comum&#8221;, indicou o Cardeal.<\/p>\n<p>&#8220;Isso faz a nossa diferen\u00e7a diante das situa\u00e7\u00f5es que est\u00e3o por a\u00ed. At\u00e9 podemos fazer os mesmos trabalhos, mas n\u00f3s fazemos por causa de Jesus Cristo. Foi isso que motivou S\u00e3o Francisco, que motivou o Papa Francisco ao escrever a<em> Laudato Si\u2019 <\/em>e \u00e9 o que deve motivar hoje, dentro desse contexto da Trezena de Santo Ant\u00f4nio e tamb\u00e9m do Dia do Meio Ambiente&#8221;, enfatizou.<\/p>\n<p><img loading=\"lazy\" src=\"http:\/\/franciscanos.org.br\/wp-content\/uploads\/2018\/06\/orani_tempesta_0506.jpg\" alt=\"orani_tempesta_0506\" width=\"830\" height=\"296\" \/><\/p>\n<p>&nbsp;<\/p>\n<p>Segundo Dom Orani, vendo o Cristo na pessoa do outro, isso vai transformar a nossa vida e vai colocar mais responsabilidade ainda em tudo aquilo que est\u00e1 ao nosso redor, sejam quest\u00f5es sociais, de pobreza, de exclus\u00e3o, desemprego, situa\u00e7\u00f5es de viol\u00eancia, quest\u00f5es de meio ambiente, depaupera\u00e7\u00e3o do meio ambiente, a n\u00e3o responsabilidade de usufruir hoje sem pensar no amanh\u00e3.<\/p>\n<p>&#8220;N\u00f3s somos herdeiros daquilo que outros fizeram, tanto positiva como negativamente. N\u00f3s estamos num lugar privilegiado, na maior floresta urbana do mundo, replantada na \u00e9poca do Imp\u00e9rio, ao mesmo tempo estamos num lugar que tem uma umidade relativa boa devido \u00e0 proximidade com o mar. Mas temos muitos problemas de meio ambiente, de sujeira, de lagoas e bahias polu\u00eddas, falta de \u00e1gua em alguns lugares, polui\u00e7\u00e3o do ar, enfim tantas consequ\u00eancias de uma grande cidade que necessita de mais responsabilidade&#8221;, pediu.<\/p>\n<p>&#8220;E cada um de n\u00f3s temos que, juntos com as autoridades que s\u00e3o respons\u00e1veis em tantas situa\u00e7\u00f5es, ser respons\u00e1vel por aquilo que faz, para tomar essa consci\u00eancia de fazer a sua parte, sua parcela em rela\u00e7\u00e3o a isso. Voc\u00ea parte como crist\u00e3o para amar o pr\u00f3ximo, e a sua prega\u00e7\u00e3o, o seu an\u00fancio, \u00e9 feito atrav\u00e9s da vida. Atrav\u00e9s de gestos concretos de cada dia. N\u00f3s somos chamados a falar \u2018sim\u2019, mas tamb\u00e9m a ter atitudes concretas, onde a nossa vida fale em rela\u00e7\u00e3o a isso&#8221;, exortou.<\/p>\n<p><img loading=\"lazy\" src=\"http:\/\/franciscanos.org.br\/wp-content\/uploads\/2018\/06\/orani_050618_1.jpg\" alt=\"orani_050618_1\" width=\"830\" height=\"447\" \/><\/p>\n<p>Segundo o Cardeal, Santo Ant\u00f4nio foi um homem coerente com o que pregava. &#8220;Algu\u00e9m que falava mas tamb\u00e9m tinha atitudes muito concretas em rela\u00e7\u00e3o \u00e0 pr\u00f3pria vida crist\u00e3 e em rela\u00e7\u00e3o a amar o pr\u00f3ximo. S\u00e3o Francisco tamb\u00e9m e S\u00e3o Bonif\u00e1cio tamb\u00e9m. Nossa vida n\u00e3o pode ser uma coisa te\u00f3rica, mas somos nos chamados a viver com atos concretos&#8221;, disse. Para ele, S\u00e3o Francisco \u00e9 um santo que revoluciona por sua corresponder cada vez mais sua vida com o Evangelho.<\/p>\n<p>&#8220;Neste dia, que nossa consci\u00eancia cada vez mais seja de ver que novos c\u00e9us e novas terras tamb\u00e9m ser\u00e3o novos quanto mais o ser humano for novo e cada um fizer a sua parte&#8221;, completou Dom Orani.<\/p>\n<p>No final da Celebra\u00e7\u00e3o Eucar\u00edstica, Dom Orani se emocionou com a apresenta\u00e7\u00e3o de duas can\u00e7\u00f5es pelo Coral da Popula\u00e7\u00e3o de Rua da Arquidiocese, que cantou a &#8220;Ora\u00e7\u00e3o de S\u00e3o Francisco&#8221; e &#8220;Romaria&#8221;.<\/p>\n<p>Nesta quarta-feira, no 6\u00ba dia da Trezena, o tema \u00e9 &#8220;Santo Ant\u00f4nio e a Igreja-comunidade&#8221;, nos hor\u00e1rios das 12 e 18 horas.<\/p>\n","protected":false},"excerpt":{"rendered":"<p>Convento Santo Ant\u00f4nio do Largo da Carioca<\/p>\n","protected":false},"author":1,"featured_media":204287,"comment_status":"open","ping_status":"open","sticky":false,"template":"","format":"standard","meta":[],"categories":[1],"tags":[401,389],"acf":[],"yoast_head":"<!-- This site is optimized with the Yoast SEO plugin v19.2 - https:\/\/yoast.com\/wordpress\/plugins\/seo\/ -->\n<title>D. Orani pede responsabilidade com a Casa Comum - Not\u00edcias - Franciscanos<\/title>\n<meta name=\"robots\" content=\"index, follow, max-snippet:-1, max-image-preview:large, max-video-preview:-1\" \/>\n<link rel=\"canonical\" href=\"https:\/\/franciscanos.org.br\/noticias\/d-orani-pede-responsabilidade-com-a-casa-comum.html\" \/>\n<meta property=\"og:locale\" content=\"pt_BR\" \/>\n<meta property=\"og:type\" content=\"article\" \/>\n<meta property=\"og:title\" content=\"D. Orani pede responsabilidade com a Casa Comum - Not\u00edcias - Franciscanos\" \/>\n<meta property=\"og:description\" content=\"Convento Santo Ant\u00f4nio do Largo da Carioca\" \/>\n<meta property=\"og:url\" content=\"https:\/\/franciscanos.org.br\/noticias\/d-orani-pede-responsabilidade-com-a-casa-comum.html\" \/>\n<meta property=\"og:site_name\" content=\"Not\u00edcias - Franciscanos\" \/>\n<meta property=\"article:published_time\" content=\"2018-06-06T01:01:36+00:00\" \/>\n<meta property=\"article:modified_time\" content=\"2019-05-03T12:34:10+00:00\" \/>\n<meta property=\"og:image\" content=\"https:\/\/franciscanos.org.br\/noticias\/wp-content\/uploads\/2018\/06\/orani_050618_2.jpg\" \/>\n\t<meta property=\"og:image:width\" content=\"273\" \/>\n\t<meta property=\"og:image:height\" content=\"181\" \/>\n\t<meta property=\"og:image:type\" content=\"image\/jpeg\" \/>\n<meta name=\"author\" content=\"admin\" \/>\n<meta name=\"twitter:card\" content=\"summary_large_image\" \/>\n<meta name=\"twitter:label1\" content=\"Escrito por\" \/>\n\t<meta name=\"twitter:data1\" content=\"admin\" \/>\n\t<meta name=\"twitter:label2\" content=\"Est. tempo de leitura\" \/>\n\t<meta name=\"twitter:data2\" content=\"5 minutos\" \/>\n<script type=\"application\/ld+json\" class=\"yoast-schema-graph\">{\"@context\":\"https:\/\/schema.org\",\"@graph\":[{\"@type\":\"WebSite\",\"@id\":\"https:\/\/franciscanos.org.br\/noticias\/#website\",\"url\":\"https:\/\/franciscanos.org.br\/noticias\/\",\"name\":\"Not\u00edcias - Franciscanos\",\"description\":\"Prov\u00edncia Franciscana da Imaculada Concei\u00e7\u00e3o do Brasil - Ordem dos Frades Menores - OFM\",\"potentialAction\":[{\"@type\":\"SearchAction\",\"target\":{\"@type\":\"EntryPoint\",\"urlTemplate\":\"https:\/\/franciscanos.org.br\/noticias\/?s={search_term_string}\"},\"query-input\":\"required name=search_term_string\"}],\"inLanguage\":\"pt-BR\"},{\"@type\":\"ImageObject\",\"inLanguage\":\"pt-BR\",\"@id\":\"https:\/\/franciscanos.org.br\/noticias\/d-orani-pede-responsabilidade-com-a-casa-comum.html#primaryimage\",\"url\":\"https:\/\/franciscanos.org.br\/noticias\/wp-content\/uploads\/2018\/06\/orani_050618_2.jpg\",\"contentUrl\":\"https:\/\/franciscanos.org.br\/noticias\/wp-content\/uploads\/2018\/06\/orani_050618_2.jpg\",\"width\":273,\"height\":181},{\"@type\":\"WebPage\",\"@id\":\"https:\/\/franciscanos.org.br\/noticias\/d-orani-pede-responsabilidade-com-a-casa-comum.html#webpage\",\"url\":\"https:\/\/franciscanos.org.br\/noticias\/d-orani-pede-responsabilidade-com-a-casa-comum.html\",\"name\":\"D. Orani pede responsabilidade com a Casa Comum - Not\u00edcias - Franciscanos\",\"isPartOf\":{\"@id\":\"https:\/\/franciscanos.org.br\/noticias\/#website\"},\"primaryImageOfPage\":{\"@id\":\"https:\/\/franciscanos.org.br\/noticias\/d-orani-pede-responsabilidade-com-a-casa-comum.html#primaryimage\"},\"datePublished\":\"2018-06-06T01:01:36+00:00\",\"dateModified\":\"2019-05-03T12:34:10+00:00\",\"author\":{\"@id\":\"https:\/\/franciscanos.org.br\/noticias\/#\/schema\/person\/b38fbf43118f02820bd932f2e4b14ad3\"},\"breadcrumb\":{\"@id\":\"https:\/\/franciscanos.org.br\/noticias\/d-orani-pede-responsabilidade-com-a-casa-comum.html#breadcrumb\"},\"inLanguage\":\"pt-BR\",\"potentialAction\":[{\"@type\":\"ReadAction\",\"target\":[\"https:\/\/franciscanos.org.br\/noticias\/d-orani-pede-responsabilidade-com-a-casa-comum.html\"]}]},{\"@type\":\"BreadcrumbList\",\"@id\":\"https:\/\/franciscanos.org.br\/noticias\/d-orani-pede-responsabilidade-com-a-casa-comum.html#breadcrumb\",\"itemListElement\":[{\"@type\":\"ListItem\",\"position\":1,\"name\":\"Home\",\"item\":\"https:\/\/franciscanos.org.br\/noticias\"},{\"@type\":\"ListItem\",\"position\":2,\"name\":\"D. Orani pede responsabilidade com a Casa Comum\"}]},{\"@type\":\"Person\",\"@id\":\"https:\/\/franciscanos.org.br\/noticias\/#\/schema\/person\/b38fbf43118f02820bd932f2e4b14ad3\",\"name\":\"admin\",\"image\":{\"@type\":\"ImageObject\",\"inLanguage\":\"pt-BR\",\"@id\":\"https:\/\/franciscanos.org.br\/noticias\/#\/schema\/person\/image\/\",\"url\":\"https:\/\/secure.gravatar.com\/avatar\/e8495742d34d0ba6448ea1c628263b3e?s=96&d=mm&r=g\",\"contentUrl\":\"https:\/\/secure.gravatar.com\/avatar\/e8495742d34d0ba6448ea1c628263b3e?s=96&d=mm&r=g\",\"caption\":\"admin\"},\"url\":\"https:\/\/franciscanos.org.br\/noticias\/author\/admin\"}]}<\/script>\n<!-- \/ Yoast SEO plugin. -->","yoast_head_json":{"title":"D. Orani pede responsabilidade com a Casa Comum - Not\u00edcias - Franciscanos","robots":{"index":"index","follow":"follow","max-snippet":"max-snippet:-1","max-image-preview":"max-image-preview:large","max-video-preview":"max-video-preview:-1"},"canonical":"https:\/\/franciscanos.org.br\/noticias\/d-orani-pede-responsabilidade-com-a-casa-comum.html","og_locale":"pt_BR","og_type":"article","og_title":"D. Orani pede responsabilidade com a Casa Comum - Not\u00edcias - Franciscanos","og_description":"Convento Santo Ant\u00f4nio do Largo da Carioca","og_url":"https:\/\/franciscanos.org.br\/noticias\/d-orani-pede-responsabilidade-com-a-casa-comum.html","og_site_name":"Not\u00edcias - Franciscanos","article_published_time":"2018-06-06T01:01:36+00:00","article_modified_time":"2019-05-03T12:34:10+00:00","og_image":[{"width":273,"height":181,"url":"https:\/\/franciscanos.org.br\/noticias\/wp-content\/uploads\/2018\/06\/orani_050618_2.jpg","type":"image\/jpeg"}],"author":"admin","twitter_card":"summary_large_image","twitter_misc":{"Escrito por":"admin","Est. tempo de leitura":"5 minutos"},"schema":{"@context":"https:\/\/schema.org","@graph":[{"@type":"WebSite","@id":"https:\/\/franciscanos.org.br\/noticias\/#website","url":"https:\/\/franciscanos.org.br\/noticias\/","name":"Not\u00edcias - Franciscanos","description":"Prov\u00edncia Franciscana da Imaculada Concei\u00e7\u00e3o do Brasil - Ordem dos Frades Menores - OFM","potentialAction":[{"@type":"SearchAction","target":{"@type":"EntryPoint","urlTemplate":"https:\/\/franciscanos.org.br\/noticias\/?s={search_term_string}"},"query-input":"required name=search_term_string"}],"inLanguage":"pt-BR"},{"@type":"ImageObject","inLanguage":"pt-BR","@id":"https:\/\/franciscanos.org.br\/noticias\/d-orani-pede-responsabilidade-com-a-casa-comum.html#primaryimage","url":"https:\/\/franciscanos.org.br\/noticias\/wp-content\/uploads\/2018\/06\/orani_050618_2.jpg","contentUrl":"https:\/\/franciscanos.org.br\/noticias\/wp-content\/uploads\/2018\/06\/orani_050618_2.jpg","width":273,"height":181},{"@type":"WebPage","@id":"https:\/\/franciscanos.org.br\/noticias\/d-orani-pede-responsabilidade-com-a-casa-comum.html#webpage","url":"https:\/\/franciscanos.org.br\/noticias\/d-orani-pede-responsabilidade-com-a-casa-comum.html","name":"D. Orani pede responsabilidade com a Casa Comum - Not\u00edcias - Franciscanos","isPartOf":{"@id":"https:\/\/franciscanos.org.br\/noticias\/#website"},"primaryImageOfPage":{"@id":"https:\/\/franciscanos.org.br\/noticias\/d-orani-pede-responsabilidade-com-a-casa-comum.html#primaryimage"},"datePublished":"2018-06-06T01:01:36+00:00","dateModified":"2019-05-03T12:34:10+00:00","author":{"@id":"https:\/\/franciscanos.org.br\/noticias\/#\/schema\/person\/b38fbf43118f02820bd932f2e4b14ad3"},"breadcrumb":{"@id":"https:\/\/franciscanos.org.br\/noticias\/d-orani-pede-responsabilidade-com-a-casa-comum.html#breadcrumb"},"inLanguage":"pt-BR","potentialAction":[{"@type":"ReadAction","target":["https:\/\/franciscanos.org.br\/noticias\/d-orani-pede-responsabilidade-com-a-casa-comum.html"]}]},{"@type":"BreadcrumbList","@id":"https:\/\/franciscanos.org.br\/noticias\/d-orani-pede-responsabilidade-com-a-casa-comum.html#breadcrumb","itemListElement":[{"@type":"ListItem","position":1,"name":"Home","item":"https:\/\/franciscanos.org.br\/noticias"},{"@type":"ListItem","position":2,"name":"D. Orani pede responsabilidade com a Casa Comum"}]},{"@type":"Person","@id":"https:\/\/franciscanos.org.br\/noticias\/#\/schema\/person\/b38fbf43118f02820bd932f2e4b14ad3","name":"admin","image":{"@type":"ImageObject","inLanguage":"pt-BR","@id":"https:\/\/franciscanos.org.br\/noticias\/#\/schema\/person\/image\/","url":"https:\/\/secure.gravatar.com\/avatar\/e8495742d34d0ba6448ea1c628263b3e?s=96&d=mm&r=g","contentUrl":"https:\/\/secure.gravatar.com\/avatar\/e8495742d34d0ba6448ea1c628263b3e?s=96&d=mm&r=g","caption":"admin"},"url":"https:\/\/franciscanos.org.br\/noticias\/author\/admin"}]}},"_links":{"self":[{"href":"https:\/\/franciscanos.org.br\/noticias\/wp-json\/wp\/v2\/posts\/161846"}],"collection":[{"href":"https:\/\/franciscanos.org.br\/noticias\/wp-json\/wp\/v2\/posts"}],"about":[{"href":"https:\/\/franciscanos.org.br\/noticias\/wp-json\/wp\/v2\/types\/post"}],"author":[{"embeddable":true,"href":"https:\/\/franciscanos.org.br\/noticias\/wp-json\/wp\/v2\/users\/1"}],"replies":[{"embeddable":true,"href":"https:\/\/franciscanos.org.br\/noticias\/wp-json\/wp\/v2\/comments?post=161846"}],"version-history":[{"count":0,"href":"https:\/\/franciscanos.org.br\/noticias\/wp-json\/wp\/v2\/posts\/161846\/revisions"}],"wp:featuredmedia":[{"embeddable":true,"href":"https:\/\/franciscanos.org.br\/noticias\/wp-json\/wp\/v2\/media\/204287"}],"wp:attachment":[{"href":"https:\/\/franciscanos.org.br\/noticias\/wp-json\/wp\/v2\/media?parent=161846"}],"wp:term":[{"taxonomy":"category","embeddable":true,"href":"https:\/\/franciscanos.org.br\/noticias\/wp-json\/wp\/v2\/categories?post=161846"},{"taxonomy":"post_tag","embeddable":true,"href":"https:\/\/franciscanos.org.br\/noticias\/wp-json\/wp\/v2\/tags?post=161846"}],"curies":[{"name":"wp","href":"https:\/\/api.w.org\/{rel}","templated":true}]}}