{"id":161737,"date":"2018-06-05T11:00:59","date_gmt":"2018-06-05T14:00:59","guid":{"rendered":"http:\/\/franciscanos.org.br\/?p=161737"},"modified":"2019-03-01T12:51:40","modified_gmt":"2019-03-01T15:51:40","slug":"verduras-organicas-para-fieis-de-santo-antonio","status":"publish","type":"post","link":"https:\/\/franciscanos.org.br\/noticias\/verduras-organicas-para-fieis-de-santo-antonio.html","title":{"rendered":"Verduras org\u00e2nicas para fi\u00e9is de Santo Ant\u00f4nio"},"content":{"rendered":"<p><img loading=\"lazy\" src=\"http:\/\/franciscanos.org.br\/wp-content\/uploads\/2018\/06\/sefras_050618.jpg\" alt=\"sefras_050618\" width=\"830\" height=\"584\" \/><\/p>\n<p><strong>Moacir Beggo<\/strong><\/p>\n<p><strong>Rio de Janeiro (RJ<\/strong>) &#8211; A ter\u00e7a-feira, dedicada \u00e0 devo\u00e7\u00e3o a Santo Ant\u00f4nio, no quinto dia da Trezena ao Padroeiro do Convento do Largo da Carioca, come\u00e7ou cedo com as Celebra\u00e7\u00f5es Eucar\u00edsticas. Os fi\u00e9is, nesse dia, tamb\u00e9m t\u00eam a oportunidade de adquirir verduras org\u00e2nicas fresquinhas, que sa\u00edram da horta do projeto social do Servi\u00e7o Franciscano de Solidariedade (Sefras) em Tangu\u00e1, na regi\u00e3o metropolitana do Rio de Janeiro. Coincidentemente, a &#8220;Feirinha&#8221; aconteceu no Dia Mundial do Meio Ambiente.<\/p>\n<p>A quantidade de verduras e lim\u00f5es n\u00e3o ficou muito tempo exposta e, \u00e0s 10 horas, o coordenador administrativo, Darlei Pickler, e o educador Itacir Malgarin retornaram para o munic\u00edpio que est\u00e1 a uma hora da capital. A banca com as verduras na entrada do convento chamava aten\u00e7\u00e3o dos fi\u00e9is pela qualidade e beleza, al\u00e9m do bom pre\u00e7o em tempos de crise de abastecimento. S\u00edlvia Martins <em>(foto acima)<\/em> j\u00e1 \u00e9 freguesa das verduras de Tangu\u00e1. &#8220;S\u00e3o saud\u00e1veis e ajudamos o projeto social&#8221;, adiantou. J\u00e1 Eridan Silva tinha muitos compromissos antes de seguir para Campo Grande, onde reside, mas n\u00e3o resistiu e, mesmo correndo o risco das verduras murcharem, ela fez uma boa compra: &#8220;Nada como um pouco de \u00e1gua para reanim\u00e1-las&#8221;, acredita.<\/p>\n<p><img loading=\"lazy\" src=\"http:\/\/franciscanos.org.br\/wp-content\/uploads\/2018\/06\/sefras_050618_1.jpg\" alt=\"sefras_050618_1\" width=\"830\" height=\"547\" \/><\/p>\n<p style=\"text-align: center;\"><em>Darlei e Eridan Silva, que \u00e0 tarde teria verduras frescas para o almo\u00e7o<\/em><\/p>\n<p>A receita da &#8220;feirinha&#8221; n\u00e3o faz a diferen\u00e7a no or\u00e7amento para atender as 80 crian\u00e7as do projeto, mas ajuda. E muito! &#8220;Estamos ajudando a criar uma cultura org\u00e2nica, uma educa\u00e7\u00e3o ambiental, e tamb\u00e9m estamos ajudando o projeto social com essa renda e com a divulga\u00e7\u00e3o que fazemos do Sefras&#8221;, explicou Darlei.<\/p>\n<div id=\"attachment_161740\" style=\"width: 410px\" class=\"wp-caption alignleft\"><img aria-describedby=\"caption-attachment-161740\" loading=\"lazy\" class=\"wp-image-161740 size-full\" src=\"http:\/\/franciscanos.org.br\/wp-content\/uploads\/2018\/06\/sefras_050618_p.jpg\" alt=\"sefras_050618_p\" width=\"400\" height=\"340\" \/><p id=\"caption-attachment-161740\" class=\"wp-caption-text\">Itacir \u00e9 o horticultor de Tangu\u00e1<\/p><\/div>\n<p>Segundo Darlei, o Centro de Conviv\u00eancia de Crian\u00e7as e Adolescentes de Tangu\u00e1 atende crian\u00e7as na faixa de 5 a 13 anos da rede escolar e na proximidade do projeto.\u00a0&#8220;A proposta do servi\u00e7o \u00e9 proporcionar um lugar de conviv\u00eancia, educa\u00e7\u00e3o, cultura e lazer \u00e0s crian\u00e7as. Temos muitas oficinas, como na pr\u00f3pria horta, onde as crian\u00e7as tomam consci\u00eancia da import\u00e2ncia de uma alimenta\u00e7\u00e3o natural. Temos oficinas com educa\u00e7\u00e3o alimentar, culin\u00e1ria, meio ambiente, capoeira, dan\u00e7a, bal\u00e9 etc.&#8221;, acrescentou Darlei.<\/p>\n<p>O munic\u00edpio de Tangu\u00e1 \u00e9 um dos que t\u00eam o menor \u00edndice de desenvolvimento humano no Estado. Das pessoas atendidas pelo servi\u00e7o, boa parte trabalha no sistema informal de trabalho. Segundo Darlei, o servi\u00e7o tem uma proximidade com os pais e familiares das crian\u00e7as. &#8220;Conseguimos detectar situa\u00e7\u00f5es familiares que n\u00e3o chegam \u00e0 rede escolar&#8221;, diz Darlei, exemplificando com formas de viol\u00eancia sofridas pela crian\u00e7a no espa\u00e7o dom\u00e9stico.<\/p>\n<p>Segundo o coordenador, h\u00e1 muito que se fazer, mas espera que esta semente, lan\u00e7ada na horta do projeto, seja uma refer\u00eancia para um futuro melhor dessas crian\u00e7as.<\/p>\n","protected":false},"excerpt":{"rendered":"<p>Convento Santo Ant\u00f4nio do Largo da Carioca<\/p>\n","protected":false},"author":1,"featured_media":200904,"comment_status":"open","ping_status":"open","sticky":false,"template":"","format":"standard","meta":[],"categories":[1],"tags":[401,1172,228],"acf":[],"yoast_head":"<!-- This site is optimized with the Yoast SEO plugin v19.2 - https:\/\/yoast.com\/wordpress\/plugins\/seo\/ -->\n<title>Verduras org\u00e2nicas para fi\u00e9is de Santo Ant\u00f4nio - Not\u00edcias - Franciscanos<\/title>\n<meta name=\"robots\" content=\"index, follow, max-snippet:-1, max-image-preview:large, max-video-preview:-1\" \/>\n<link rel=\"canonical\" href=\"https:\/\/franciscanos.org.br\/noticias\/verduras-organicas-para-fieis-de-santo-antonio.html\" \/>\n<meta property=\"og:locale\" content=\"pt_BR\" \/>\n<meta property=\"og:type\" content=\"article\" \/>\n<meta property=\"og:title\" content=\"Verduras org\u00e2nicas para fi\u00e9is de Santo Ant\u00f4nio - Not\u00edcias - Franciscanos\" \/>\n<meta property=\"og:description\" content=\"Convento Santo Ant\u00f4nio do Largo da Carioca\" \/>\n<meta property=\"og:url\" content=\"https:\/\/franciscanos.org.br\/noticias\/verduras-organicas-para-fieis-de-santo-antonio.html\" \/>\n<meta property=\"og:site_name\" content=\"Not\u00edcias - Franciscanos\" \/>\n<meta property=\"article:published_time\" content=\"2018-06-05T14:00:59+00:00\" \/>\n<meta property=\"article:modified_time\" content=\"2019-03-01T15:51:40+00:00\" \/>\n<meta property=\"og:image\" content=\"https:\/\/franciscanos.org.br\/noticias\/wp-content\/uploads\/2018\/06\/sefras_050618.jpg\" \/>\n\t<meta property=\"og:image:width\" content=\"273\" \/>\n\t<meta property=\"og:image:height\" content=\"181\" \/>\n\t<meta property=\"og:image:type\" content=\"image\/jpeg\" \/>\n<meta name=\"author\" content=\"admin\" \/>\n<meta name=\"twitter:card\" content=\"summary_large_image\" \/>\n<meta name=\"twitter:label1\" content=\"Escrito por\" \/>\n\t<meta name=\"twitter:data1\" content=\"admin\" \/>\n\t<meta name=\"twitter:label2\" content=\"Est. tempo de leitura\" \/>\n\t<meta name=\"twitter:data2\" content=\"3 minutos\" \/>\n<script type=\"application\/ld+json\" class=\"yoast-schema-graph\">{\"@context\":\"https:\/\/schema.org\",\"@graph\":[{\"@type\":\"WebSite\",\"@id\":\"https:\/\/franciscanos.org.br\/noticias\/#website\",\"url\":\"https:\/\/franciscanos.org.br\/noticias\/\",\"name\":\"Not\u00edcias - Franciscanos\",\"description\":\"Prov\u00edncia Franciscana da Imaculada Concei\u00e7\u00e3o do Brasil - Ordem dos Frades Menores - OFM\",\"potentialAction\":[{\"@type\":\"SearchAction\",\"target\":{\"@type\":\"EntryPoint\",\"urlTemplate\":\"https:\/\/franciscanos.org.br\/noticias\/?s={search_term_string}\"},\"query-input\":\"required name=search_term_string\"}],\"inLanguage\":\"pt-BR\"},{\"@type\":\"ImageObject\",\"inLanguage\":\"pt-BR\",\"@id\":\"https:\/\/franciscanos.org.br\/noticias\/verduras-organicas-para-fieis-de-santo-antonio.html#primaryimage\",\"url\":\"https:\/\/franciscanos.org.br\/noticias\/wp-content\/uploads\/2018\/06\/sefras_050618.jpg\",\"contentUrl\":\"https:\/\/franciscanos.org.br\/noticias\/wp-content\/uploads\/2018\/06\/sefras_050618.jpg\",\"width\":273,\"height\":181},{\"@type\":\"WebPage\",\"@id\":\"https:\/\/franciscanos.org.br\/noticias\/verduras-organicas-para-fieis-de-santo-antonio.html#webpage\",\"url\":\"https:\/\/franciscanos.org.br\/noticias\/verduras-organicas-para-fieis-de-santo-antonio.html\",\"name\":\"Verduras org\u00e2nicas para fi\u00e9is de Santo Ant\u00f4nio - Not\u00edcias - Franciscanos\",\"isPartOf\":{\"@id\":\"https:\/\/franciscanos.org.br\/noticias\/#website\"},\"primaryImageOfPage\":{\"@id\":\"https:\/\/franciscanos.org.br\/noticias\/verduras-organicas-para-fieis-de-santo-antonio.html#primaryimage\"},\"datePublished\":\"2018-06-05T14:00:59+00:00\",\"dateModified\":\"2019-03-01T15:51:40+00:00\",\"author\":{\"@id\":\"https:\/\/franciscanos.org.br\/noticias\/#\/schema\/person\/b38fbf43118f02820bd932f2e4b14ad3\"},\"breadcrumb\":{\"@id\":\"https:\/\/franciscanos.org.br\/noticias\/verduras-organicas-para-fieis-de-santo-antonio.html#breadcrumb\"},\"inLanguage\":\"pt-BR\",\"potentialAction\":[{\"@type\":\"ReadAction\",\"target\":[\"https:\/\/franciscanos.org.br\/noticias\/verduras-organicas-para-fieis-de-santo-antonio.html\"]}]},{\"@type\":\"BreadcrumbList\",\"@id\":\"https:\/\/franciscanos.org.br\/noticias\/verduras-organicas-para-fieis-de-santo-antonio.html#breadcrumb\",\"itemListElement\":[{\"@type\":\"ListItem\",\"position\":1,\"name\":\"Home\",\"item\":\"https:\/\/franciscanos.org.br\/noticias\"},{\"@type\":\"ListItem\",\"position\":2,\"name\":\"Verduras org\u00e2nicas para fi\u00e9is de Santo Ant\u00f4nio\"}]},{\"@type\":\"Person\",\"@id\":\"https:\/\/franciscanos.org.br\/noticias\/#\/schema\/person\/b38fbf43118f02820bd932f2e4b14ad3\",\"name\":\"admin\",\"image\":{\"@type\":\"ImageObject\",\"inLanguage\":\"pt-BR\",\"@id\":\"https:\/\/franciscanos.org.br\/noticias\/#\/schema\/person\/image\/\",\"url\":\"https:\/\/secure.gravatar.com\/avatar\/e8495742d34d0ba6448ea1c628263b3e?s=96&d=mm&r=g\",\"contentUrl\":\"https:\/\/secure.gravatar.com\/avatar\/e8495742d34d0ba6448ea1c628263b3e?s=96&d=mm&r=g\",\"caption\":\"admin\"},\"url\":\"https:\/\/franciscanos.org.br\/noticias\/author\/admin\"}]}<\/script>\n<!-- \/ Yoast SEO plugin. -->","yoast_head_json":{"title":"Verduras org\u00e2nicas para fi\u00e9is de Santo Ant\u00f4nio - Not\u00edcias - Franciscanos","robots":{"index":"index","follow":"follow","max-snippet":"max-snippet:-1","max-image-preview":"max-image-preview:large","max-video-preview":"max-video-preview:-1"},"canonical":"https:\/\/franciscanos.org.br\/noticias\/verduras-organicas-para-fieis-de-santo-antonio.html","og_locale":"pt_BR","og_type":"article","og_title":"Verduras org\u00e2nicas para fi\u00e9is de Santo Ant\u00f4nio - Not\u00edcias - Franciscanos","og_description":"Convento Santo Ant\u00f4nio do Largo da Carioca","og_url":"https:\/\/franciscanos.org.br\/noticias\/verduras-organicas-para-fieis-de-santo-antonio.html","og_site_name":"Not\u00edcias - Franciscanos","article_published_time":"2018-06-05T14:00:59+00:00","article_modified_time":"2019-03-01T15:51:40+00:00","og_image":[{"width":273,"height":181,"url":"https:\/\/franciscanos.org.br\/noticias\/wp-content\/uploads\/2018\/06\/sefras_050618.jpg","type":"image\/jpeg"}],"author":"admin","twitter_card":"summary_large_image","twitter_misc":{"Escrito por":"admin","Est. tempo de leitura":"3 minutos"},"schema":{"@context":"https:\/\/schema.org","@graph":[{"@type":"WebSite","@id":"https:\/\/franciscanos.org.br\/noticias\/#website","url":"https:\/\/franciscanos.org.br\/noticias\/","name":"Not\u00edcias - Franciscanos","description":"Prov\u00edncia Franciscana da Imaculada Concei\u00e7\u00e3o do Brasil - Ordem dos Frades Menores - OFM","potentialAction":[{"@type":"SearchAction","target":{"@type":"EntryPoint","urlTemplate":"https:\/\/franciscanos.org.br\/noticias\/?s={search_term_string}"},"query-input":"required name=search_term_string"}],"inLanguage":"pt-BR"},{"@type":"ImageObject","inLanguage":"pt-BR","@id":"https:\/\/franciscanos.org.br\/noticias\/verduras-organicas-para-fieis-de-santo-antonio.html#primaryimage","url":"https:\/\/franciscanos.org.br\/noticias\/wp-content\/uploads\/2018\/06\/sefras_050618.jpg","contentUrl":"https:\/\/franciscanos.org.br\/noticias\/wp-content\/uploads\/2018\/06\/sefras_050618.jpg","width":273,"height":181},{"@type":"WebPage","@id":"https:\/\/franciscanos.org.br\/noticias\/verduras-organicas-para-fieis-de-santo-antonio.html#webpage","url":"https:\/\/franciscanos.org.br\/noticias\/verduras-organicas-para-fieis-de-santo-antonio.html","name":"Verduras org\u00e2nicas para fi\u00e9is de Santo Ant\u00f4nio - Not\u00edcias - Franciscanos","isPartOf":{"@id":"https:\/\/franciscanos.org.br\/noticias\/#website"},"primaryImageOfPage":{"@id":"https:\/\/franciscanos.org.br\/noticias\/verduras-organicas-para-fieis-de-santo-antonio.html#primaryimage"},"datePublished":"2018-06-05T14:00:59+00:00","dateModified":"2019-03-01T15:51:40+00:00","author":{"@id":"https:\/\/franciscanos.org.br\/noticias\/#\/schema\/person\/b38fbf43118f02820bd932f2e4b14ad3"},"breadcrumb":{"@id":"https:\/\/franciscanos.org.br\/noticias\/verduras-organicas-para-fieis-de-santo-antonio.html#breadcrumb"},"inLanguage":"pt-BR","potentialAction":[{"@type":"ReadAction","target":["https:\/\/franciscanos.org.br\/noticias\/verduras-organicas-para-fieis-de-santo-antonio.html"]}]},{"@type":"BreadcrumbList","@id":"https:\/\/franciscanos.org.br\/noticias\/verduras-organicas-para-fieis-de-santo-antonio.html#breadcrumb","itemListElement":[{"@type":"ListItem","position":1,"name":"Home","item":"https:\/\/franciscanos.org.br\/noticias"},{"@type":"ListItem","position":2,"name":"Verduras org\u00e2nicas para fi\u00e9is de Santo Ant\u00f4nio"}]},{"@type":"Person","@id":"https:\/\/franciscanos.org.br\/noticias\/#\/schema\/person\/b38fbf43118f02820bd932f2e4b14ad3","name":"admin","image":{"@type":"ImageObject","inLanguage":"pt-BR","@id":"https:\/\/franciscanos.org.br\/noticias\/#\/schema\/person\/image\/","url":"https:\/\/secure.gravatar.com\/avatar\/e8495742d34d0ba6448ea1c628263b3e?s=96&d=mm&r=g","contentUrl":"https:\/\/secure.gravatar.com\/avatar\/e8495742d34d0ba6448ea1c628263b3e?s=96&d=mm&r=g","caption":"admin"},"url":"https:\/\/franciscanos.org.br\/noticias\/author\/admin"}]}},"_links":{"self":[{"href":"https:\/\/franciscanos.org.br\/noticias\/wp-json\/wp\/v2\/posts\/161737"}],"collection":[{"href":"https:\/\/franciscanos.org.br\/noticias\/wp-json\/wp\/v2\/posts"}],"about":[{"href":"https:\/\/franciscanos.org.br\/noticias\/wp-json\/wp\/v2\/types\/post"}],"author":[{"embeddable":true,"href":"https:\/\/franciscanos.org.br\/noticias\/wp-json\/wp\/v2\/users\/1"}],"replies":[{"embeddable":true,"href":"https:\/\/franciscanos.org.br\/noticias\/wp-json\/wp\/v2\/comments?post=161737"}],"version-history":[{"count":0,"href":"https:\/\/franciscanos.org.br\/noticias\/wp-json\/wp\/v2\/posts\/161737\/revisions"}],"wp:featuredmedia":[{"embeddable":true,"href":"https:\/\/franciscanos.org.br\/noticias\/wp-json\/wp\/v2\/media\/200904"}],"wp:attachment":[{"href":"https:\/\/franciscanos.org.br\/noticias\/wp-json\/wp\/v2\/media?parent=161737"}],"wp:term":[{"taxonomy":"category","embeddable":true,"href":"https:\/\/franciscanos.org.br\/noticias\/wp-json\/wp\/v2\/categories?post=161737"},{"taxonomy":"post_tag","embeddable":true,"href":"https:\/\/franciscanos.org.br\/noticias\/wp-json\/wp\/v2\/tags?post=161737"}],"curies":[{"name":"wp","href":"https:\/\/api.w.org\/{rel}","templated":true}]}}