{"id":161703,"date":"2018-06-05T06:36:21","date_gmt":"2018-06-05T09:36:21","guid":{"rendered":"http:\/\/franciscanos.org.br\/?p=161703"},"modified":"2020-06-07T14:56:36","modified_gmt":"2020-06-07T17:56:36","slug":"papa-pede-estudo-sobre-matrimonios-interconfessionais","status":"publish","type":"post","link":"https:\/\/franciscanos.org.br\/noticias\/papa-pede-estudo-sobre-matrimonios-interconfessionais.html","title":{"rendered":"Papa pede estudo sobre matrim\u00f4nios interconfessionais"},"content":{"rendered":"<p><img loading=\"lazy\" src=\"http:\/\/franciscanos.org.br\/wp-content\/uploads\/2018\/06\/papa_050618.jpg\" alt=\"papa_050618\" width=\"820\" height=\"406\" \/><br \/>\nUma quest\u00e3o sobre a qual os bispos s\u00e3o convidados a esperar uma normativa que seja comum a toda a Igreja. \u00c9 a ess\u00eancia da carta do prefeito da Congrega\u00e7\u00e3o para a Doutrina da F\u00e9, enviada em nome do Papa, ao presidente da Confer\u00eancia Episcopal da Alemanha sobre o delicado tema da admiss\u00e3o \u00e0 Eucaristia nos matrim\u00f4nios interconfessionais, ou seja, quando um dos c\u00f4njuges \u00e9 cat\u00f3lico e outro protestante. No texto, sublinha-se a necessidade de avaliar com aten\u00e7\u00e3o as consequ\u00eancias que cada decis\u00e3o no m\u00e9rito da quest\u00e3o possa comportar aos equil\u00edbrios alcan\u00e7ados no di\u00e1logo ecum\u00eanico.<\/p>\n<p><strong>A posi\u00e7\u00e3o dos bispos alem\u00e3es<\/strong><br \/>\nO tema dos matrim\u00f4nios interconfessionais \u2013 possibilidade reconhecida pelo Direito Can\u00f4nico em determinadas condi\u00e7\u00f5es \u2013 tinha sido contemplado em fevereiro passado pelos bispos alem\u00e3es em um subs\u00eddio pastoral intitulado \u201cCaminhar com Cristo \u2013 nas pegadas da unidade. Matrim\u00f4nios mistos e participa\u00e7\u00e3o comum da Eucaristia\u201d. O documento, votado por dois ter\u00e7os da assembleia, abria a possibilidade ao c\u00f4njuge protestante de receber a Comunh\u00e3o durante a Missa cat\u00f3lica depois de um aprofundado di\u00e1logo com o p\u00e1roco.<\/p>\n<p><strong>Decide o bispo<\/strong><br \/>\nAos sete bispos que em sede plen\u00e1ria n\u00e3o expressaram parecer favor\u00e1vel \u2013 e que escreveram uma carta com suas perplexidades ao Papa Francisco \u2013 o pr\u00f3prio Pont\u00edfice concedeu em 3 de maio o poder de levar o parecer comum para ser analisado pela c\u00fapula da Congrega\u00e7\u00e3o da Doutrina da F\u00e9 e pelos Dicast\u00e9rios para a Unidade dos Crist\u00e3os e para os Textos Legislativos. Portanto, depois da carta do prefeito da Doutrina da F\u00e9 e na espera de ulteriores aprofundamentos que ser\u00e3o dedicados ao tema, o bispo diocesano permanece com a possibilidade de avaliar os casos assinalados e estabelecer as medidas necess\u00e1rias.<\/p>\n<hr \/>\n<p><em>Fonte: Vatican News<\/em><\/p>\n","protected":false},"excerpt":{"rendered":"<p>Eucaristia nos matrim\u00f4nios interconfessionais<\/p>\n","protected":false},"author":1,"featured_media":187415,"comment_status":"open","ping_status":"open","sticky":false,"template":"","format":"standard","meta":[],"categories":[1428],"tags":[265],"acf":[],"yoast_head":"<!-- This site is optimized with the Yoast SEO plugin v19.2 - https:\/\/yoast.com\/wordpress\/plugins\/seo\/ -->\n<title>Papa pede estudo sobre matrim\u00f4nios interconfessionais - Not\u00edcias - Franciscanos<\/title>\n<meta name=\"robots\" content=\"index, follow, max-snippet:-1, max-image-preview:large, max-video-preview:-1\" \/>\n<link rel=\"canonical\" href=\"https:\/\/franciscanos.org.br\/noticias\/papa-pede-estudo-sobre-matrimonios-interconfessionais.html\" \/>\n<meta property=\"og:locale\" content=\"pt_BR\" \/>\n<meta property=\"og:type\" content=\"article\" \/>\n<meta property=\"og:title\" content=\"Papa pede estudo sobre matrim\u00f4nios interconfessionais - Not\u00edcias - Franciscanos\" \/>\n<meta property=\"og:description\" content=\"Eucaristia nos matrim\u00f4nios interconfessionais\" \/>\n<meta property=\"og:url\" content=\"https:\/\/franciscanos.org.br\/noticias\/papa-pede-estudo-sobre-matrimonios-interconfessionais.html\" \/>\n<meta property=\"og:site_name\" content=\"Not\u00edcias - Franciscanos\" \/>\n<meta property=\"article:published_time\" content=\"2018-06-05T09:36:21+00:00\" \/>\n<meta property=\"article:modified_time\" content=\"2020-06-07T17:56:36+00:00\" \/>\n<meta property=\"og:image\" content=\"https:\/\/franciscanos.org.br\/noticias\/wp-content\/uploads\/2018\/11\/papa_050618-1.jpg\" \/>\n\t<meta property=\"og:image:width\" content=\"820\" \/>\n\t<meta property=\"og:image:height\" content=\"406\" \/>\n\t<meta property=\"og:image:type\" content=\"image\/jpeg\" \/>\n<meta name=\"author\" content=\"admin\" \/>\n<meta name=\"twitter:card\" content=\"summary_large_image\" \/>\n<meta name=\"twitter:label1\" content=\"Escrito por\" \/>\n\t<meta name=\"twitter:data1\" content=\"admin\" \/>\n\t<meta name=\"twitter:label2\" content=\"Est. tempo de leitura\" \/>\n\t<meta name=\"twitter:data2\" content=\"2 minutos\" \/>\n<script type=\"application\/ld+json\" class=\"yoast-schema-graph\">{\"@context\":\"https:\/\/schema.org\",\"@graph\":[{\"@type\":\"WebSite\",\"@id\":\"https:\/\/franciscanos.org.br\/noticias\/#website\",\"url\":\"https:\/\/franciscanos.org.br\/noticias\/\",\"name\":\"Not\u00edcias - Franciscanos\",\"description\":\"Prov\u00edncia Franciscana da Imaculada Concei\u00e7\u00e3o do Brasil - Ordem dos Frades Menores - OFM\",\"potentialAction\":[{\"@type\":\"SearchAction\",\"target\":{\"@type\":\"EntryPoint\",\"urlTemplate\":\"https:\/\/franciscanos.org.br\/noticias\/?s={search_term_string}\"},\"query-input\":\"required name=search_term_string\"}],\"inLanguage\":\"pt-BR\"},{\"@type\":\"ImageObject\",\"inLanguage\":\"pt-BR\",\"@id\":\"https:\/\/franciscanos.org.br\/noticias\/papa-pede-estudo-sobre-matrimonios-interconfessionais.html#primaryimage\",\"url\":\"https:\/\/franciscanos.org.br\/noticias\/wp-content\/uploads\/2018\/11\/papa_050618-1.jpg\",\"contentUrl\":\"https:\/\/franciscanos.org.br\/noticias\/wp-content\/uploads\/2018\/11\/papa_050618-1.jpg\",\"width\":820,\"height\":406},{\"@type\":\"WebPage\",\"@id\":\"https:\/\/franciscanos.org.br\/noticias\/papa-pede-estudo-sobre-matrimonios-interconfessionais.html#webpage\",\"url\":\"https:\/\/franciscanos.org.br\/noticias\/papa-pede-estudo-sobre-matrimonios-interconfessionais.html\",\"name\":\"Papa pede estudo sobre matrim\u00f4nios interconfessionais - Not\u00edcias - Franciscanos\",\"isPartOf\":{\"@id\":\"https:\/\/franciscanos.org.br\/noticias\/#website\"},\"primaryImageOfPage\":{\"@id\":\"https:\/\/franciscanos.org.br\/noticias\/papa-pede-estudo-sobre-matrimonios-interconfessionais.html#primaryimage\"},\"datePublished\":\"2018-06-05T09:36:21+00:00\",\"dateModified\":\"2020-06-07T17:56:36+00:00\",\"author\":{\"@id\":\"https:\/\/franciscanos.org.br\/noticias\/#\/schema\/person\/b38fbf43118f02820bd932f2e4b14ad3\"},\"breadcrumb\":{\"@id\":\"https:\/\/franciscanos.org.br\/noticias\/papa-pede-estudo-sobre-matrimonios-interconfessionais.html#breadcrumb\"},\"inLanguage\":\"pt-BR\",\"potentialAction\":[{\"@type\":\"ReadAction\",\"target\":[\"https:\/\/franciscanos.org.br\/noticias\/papa-pede-estudo-sobre-matrimonios-interconfessionais.html\"]}]},{\"@type\":\"BreadcrumbList\",\"@id\":\"https:\/\/franciscanos.org.br\/noticias\/papa-pede-estudo-sobre-matrimonios-interconfessionais.html#breadcrumb\",\"itemListElement\":[{\"@type\":\"ListItem\",\"position\":1,\"name\":\"Home\",\"item\":\"https:\/\/franciscanos.org.br\/noticias\"},{\"@type\":\"ListItem\",\"position\":2,\"name\":\"Papa pede estudo sobre matrim\u00f4nios interconfessionais\"}]},{\"@type\":\"Person\",\"@id\":\"https:\/\/franciscanos.org.br\/noticias\/#\/schema\/person\/b38fbf43118f02820bd932f2e4b14ad3\",\"name\":\"admin\",\"image\":{\"@type\":\"ImageObject\",\"inLanguage\":\"pt-BR\",\"@id\":\"https:\/\/franciscanos.org.br\/noticias\/#\/schema\/person\/image\/\",\"url\":\"https:\/\/secure.gravatar.com\/avatar\/e8495742d34d0ba6448ea1c628263b3e?s=96&d=mm&r=g\",\"contentUrl\":\"https:\/\/secure.gravatar.com\/avatar\/e8495742d34d0ba6448ea1c628263b3e?s=96&d=mm&r=g\",\"caption\":\"admin\"},\"url\":\"https:\/\/franciscanos.org.br\/noticias\/author\/admin\"}]}<\/script>\n<!-- \/ Yoast SEO plugin. -->","yoast_head_json":{"title":"Papa pede estudo sobre matrim\u00f4nios interconfessionais - Not\u00edcias - Franciscanos","robots":{"index":"index","follow":"follow","max-snippet":"max-snippet:-1","max-image-preview":"max-image-preview:large","max-video-preview":"max-video-preview:-1"},"canonical":"https:\/\/franciscanos.org.br\/noticias\/papa-pede-estudo-sobre-matrimonios-interconfessionais.html","og_locale":"pt_BR","og_type":"article","og_title":"Papa pede estudo sobre matrim\u00f4nios interconfessionais - Not\u00edcias - Franciscanos","og_description":"Eucaristia nos matrim\u00f4nios interconfessionais","og_url":"https:\/\/franciscanos.org.br\/noticias\/papa-pede-estudo-sobre-matrimonios-interconfessionais.html","og_site_name":"Not\u00edcias - Franciscanos","article_published_time":"2018-06-05T09:36:21+00:00","article_modified_time":"2020-06-07T17:56:36+00:00","og_image":[{"width":820,"height":406,"url":"https:\/\/franciscanos.org.br\/noticias\/wp-content\/uploads\/2018\/11\/papa_050618-1.jpg","type":"image\/jpeg"}],"author":"admin","twitter_card":"summary_large_image","twitter_misc":{"Escrito por":"admin","Est. tempo de leitura":"2 minutos"},"schema":{"@context":"https:\/\/schema.org","@graph":[{"@type":"WebSite","@id":"https:\/\/franciscanos.org.br\/noticias\/#website","url":"https:\/\/franciscanos.org.br\/noticias\/","name":"Not\u00edcias - Franciscanos","description":"Prov\u00edncia Franciscana da Imaculada Concei\u00e7\u00e3o do Brasil - Ordem dos Frades Menores - OFM","potentialAction":[{"@type":"SearchAction","target":{"@type":"EntryPoint","urlTemplate":"https:\/\/franciscanos.org.br\/noticias\/?s={search_term_string}"},"query-input":"required name=search_term_string"}],"inLanguage":"pt-BR"},{"@type":"ImageObject","inLanguage":"pt-BR","@id":"https:\/\/franciscanos.org.br\/noticias\/papa-pede-estudo-sobre-matrimonios-interconfessionais.html#primaryimage","url":"https:\/\/franciscanos.org.br\/noticias\/wp-content\/uploads\/2018\/11\/papa_050618-1.jpg","contentUrl":"https:\/\/franciscanos.org.br\/noticias\/wp-content\/uploads\/2018\/11\/papa_050618-1.jpg","width":820,"height":406},{"@type":"WebPage","@id":"https:\/\/franciscanos.org.br\/noticias\/papa-pede-estudo-sobre-matrimonios-interconfessionais.html#webpage","url":"https:\/\/franciscanos.org.br\/noticias\/papa-pede-estudo-sobre-matrimonios-interconfessionais.html","name":"Papa pede estudo sobre matrim\u00f4nios interconfessionais - Not\u00edcias - Franciscanos","isPartOf":{"@id":"https:\/\/franciscanos.org.br\/noticias\/#website"},"primaryImageOfPage":{"@id":"https:\/\/franciscanos.org.br\/noticias\/papa-pede-estudo-sobre-matrimonios-interconfessionais.html#primaryimage"},"datePublished":"2018-06-05T09:36:21+00:00","dateModified":"2020-06-07T17:56:36+00:00","author":{"@id":"https:\/\/franciscanos.org.br\/noticias\/#\/schema\/person\/b38fbf43118f02820bd932f2e4b14ad3"},"breadcrumb":{"@id":"https:\/\/franciscanos.org.br\/noticias\/papa-pede-estudo-sobre-matrimonios-interconfessionais.html#breadcrumb"},"inLanguage":"pt-BR","potentialAction":[{"@type":"ReadAction","target":["https:\/\/franciscanos.org.br\/noticias\/papa-pede-estudo-sobre-matrimonios-interconfessionais.html"]}]},{"@type":"BreadcrumbList","@id":"https:\/\/franciscanos.org.br\/noticias\/papa-pede-estudo-sobre-matrimonios-interconfessionais.html#breadcrumb","itemListElement":[{"@type":"ListItem","position":1,"name":"Home","item":"https:\/\/franciscanos.org.br\/noticias"},{"@type":"ListItem","position":2,"name":"Papa pede estudo sobre matrim\u00f4nios interconfessionais"}]},{"@type":"Person","@id":"https:\/\/franciscanos.org.br\/noticias\/#\/schema\/person\/b38fbf43118f02820bd932f2e4b14ad3","name":"admin","image":{"@type":"ImageObject","inLanguage":"pt-BR","@id":"https:\/\/franciscanos.org.br\/noticias\/#\/schema\/person\/image\/","url":"https:\/\/secure.gravatar.com\/avatar\/e8495742d34d0ba6448ea1c628263b3e?s=96&d=mm&r=g","contentUrl":"https:\/\/secure.gravatar.com\/avatar\/e8495742d34d0ba6448ea1c628263b3e?s=96&d=mm&r=g","caption":"admin"},"url":"https:\/\/franciscanos.org.br\/noticias\/author\/admin"}]}},"_links":{"self":[{"href":"https:\/\/franciscanos.org.br\/noticias\/wp-json\/wp\/v2\/posts\/161703"}],"collection":[{"href":"https:\/\/franciscanos.org.br\/noticias\/wp-json\/wp\/v2\/posts"}],"about":[{"href":"https:\/\/franciscanos.org.br\/noticias\/wp-json\/wp\/v2\/types\/post"}],"author":[{"embeddable":true,"href":"https:\/\/franciscanos.org.br\/noticias\/wp-json\/wp\/v2\/users\/1"}],"replies":[{"embeddable":true,"href":"https:\/\/franciscanos.org.br\/noticias\/wp-json\/wp\/v2\/comments?post=161703"}],"version-history":[{"count":2,"href":"https:\/\/franciscanos.org.br\/noticias\/wp-json\/wp\/v2\/posts\/161703\/revisions"}],"predecessor-version":[{"id":224956,"href":"https:\/\/franciscanos.org.br\/noticias\/wp-json\/wp\/v2\/posts\/161703\/revisions\/224956"}],"wp:featuredmedia":[{"embeddable":true,"href":"https:\/\/franciscanos.org.br\/noticias\/wp-json\/wp\/v2\/media\/187415"}],"wp:attachment":[{"href":"https:\/\/franciscanos.org.br\/noticias\/wp-json\/wp\/v2\/media?parent=161703"}],"wp:term":[{"taxonomy":"category","embeddable":true,"href":"https:\/\/franciscanos.org.br\/noticias\/wp-json\/wp\/v2\/categories?post=161703"},{"taxonomy":"post_tag","embeddable":true,"href":"https:\/\/franciscanos.org.br\/noticias\/wp-json\/wp\/v2\/tags?post=161703"}],"curies":[{"name":"wp","href":"https:\/\/api.w.org\/{rel}","templated":true}]}}