{"id":161675,"date":"2018-06-05T01:02:17","date_gmt":"2018-06-05T04:02:17","guid":{"rendered":"http:\/\/franciscanos.org.br\/?p=161675"},"modified":"2019-01-03T11:34:08","modified_gmt":"2019-01-03T13:34:08","slug":"reconhecer-no-olhar-do-outro-nossa-humanidade","status":"publish","type":"post","link":"https:\/\/franciscanos.org.br\/noticias\/reconhecer-no-olhar-do-outro-nossa-humanidade.html","title":{"rendered":"\u201cReconhecer no olhar do outro nossa humanidade\u201d"},"content":{"rendered":"<p><strong><img loading=\"lazy\" class=\"alignright size-full wp-image-193743\" src=\"https:\/\/franciscanos.org.br\/noticias\/wp-content\/uploads\/2018\/06\/trezena_pari_040618.jpg\" alt=\"\" width=\"450\" height=\"591\" srcset=\"https:\/\/franciscanos.org.br\/noticias\/wp-content\/uploads\/2018\/06\/trezena_pari_040618.jpg 450w, https:\/\/franciscanos.org.br\/noticias\/wp-content\/uploads\/2018\/06\/trezena_pari_040618-343x450.jpg 343w, https:\/\/franciscanos.org.br\/noticias\/wp-content\/uploads\/2018\/06\/trezena_pari_040618-150x197.jpg 150w\" sizes=\"(max-width: 450px) 100vw, 450px\" \/>S\u00e3o Paulo (SP) &#8211;<\/strong> Santo Ant\u00f4nio foi um frade muito inteligente e estudioso. Foi um te\u00f3logo eloquente! H\u00e1 aproximadamente 800 anos ele escreveu a seguinte frase: \u201cA humildade \u00e9 a m\u00e3e e a raiz de todas as virtudes. Quem re\u00fane virtudes sem humildade se assemelha a quem transporta p\u00f3 ao vento\u201d. Assim, os fi\u00e9is e devotos deste santo franciscano iniciaram o 5\u00ba dia da Trezena na Par\u00f3quia do Pari em S\u00e3o Paulo que teve como tema: \u201cSanto Ant\u00f4nio o Santo da humildade\u201d. A Celebra\u00e7\u00e3o Eucar\u00edstica aconteceu \u00e0s 19 horas e teve como celebrante o pregador Frei Clauzemir Makximovitz.<\/p>\n<p>Para Frei Clauzemir, faz parte do carisma franciscano buscar as coisas simples, uma vida moderada e tamb\u00e9m optar sempre pelos pobres e preferidos de Deus. \u201cN\u00e3o se trata de deprecia\u00e7\u00e3o das coisas ou de ren\u00fancia como fuga, pelo contr\u00e1rio, trata-se do reconhecimento do verdadeiro valor das coisas e da realidade, de reconhecer que tudo s\u00f3 tem valor enquanto nos aproxima de Deus\u201d, ensinou.<\/p>\n<p>No relato do G\u00eanesis, ao criar o ser humano, Deus mostra toda a sua cria\u00e7\u00e3o e confia o mundo todo e tudo o que existe, n\u00e3o para sua posse, mas para seu cuidado, pois tudo a Deus pertence. \u201cEssa constata\u00e7\u00e3o como ponto de partida, de que tudo a Deus pertence, de que todas as coisas existem sob nossa responsabilidade de cuidado e preserva\u00e7\u00e3o instaura uma nova atitude do ser humano perante a realidade toda, perante mesmo suas conquistas e realiza\u00e7\u00f5es: tudo \u00e9 obra de Deus, o ser humano \u00e9 respons\u00e1vel, co-criador, mas n\u00e3o dono, n\u00e3o dominador sobre o mundo. Reconhecer que mesmo o pr\u00f3prio ser humano n\u00e3o se pertence, mas sua pr\u00f3pria vida, for\u00e7a, capacidades, tudo v\u00eam de Deus\u201d, assinalou.<\/p>\n<p>E prosseguiu afirmando que esse reconhecimento \u00e9 a base do que chamamos humildade! \u201cSer humilde nada mais \u00e9 do que reconhecer nosso lugar na din\u00e2mica da realidade, reconhecer que sozinhos, n\u00f3s n\u00e3o damos conta de nada, que em tudo e para tudo, dependemos de Deus. Dependemos de um Deus bondoso, amigo, que confia no ser humano e lhe dota de dons especiais e capacidades sublimes, mas um Deus que continua invariavelmente sendo fonte e sustenta\u00e7\u00e3o de tudo isso. Se diante de Deus somos incapazes de nos sustentar por n\u00f3s mesmos, diante uns dos outros qual n\u00e3o deve ser nossa atitude sen\u00e3o a mesma, de simplicidade e humildade, pois todos temos a mesma dignidade diante daquele que nos criou e nos sustenta\u201d, destacou.<\/p>\n<p>Segundo ele, a espiritualidade franciscana celebra essa constata\u00e7\u00e3o, ao irmanar toda a cria\u00e7\u00e3o. Chamar o fogo, o vento, a \u00e1gua e a cria\u00e7\u00e3o toda de irm\u00e3os, expressa a tentativa de relacionamento sem domina\u00e7\u00e3o, com base no cuidado e responsabilidade que \u00e9 a voca\u00e7\u00e3o do ser humano.<\/p>\n<p>\u201cSanto Ant\u00f4nio expressa essa espiritualidade da humildade em seu modo de vida simples, despojado, em seu carinho e apre\u00e7o pela cria\u00e7\u00e3o toda, em sua devo\u00e7\u00e3o que vislumbra o rosto de Deus na obra da cria\u00e7\u00e3o. N\u00e3o tem sentido nos sentirmos superiores uns aos outros, pois diante do que realmente importa, todos somos insignificantes, por n\u00f3s mesmos n\u00e3o temos m\u00e9ritos, Deus \u00e9 quem nos dignifica porque nos ama e confia em n\u00f3s\u201d, sublinhou o pregador.<\/p>\n<p>E finalizou: \u201cJesus, no Lava-P\u00e9s torna concreta essa li\u00e7\u00e3o ao mostrar que o servi\u00e7o n\u00e3o humilha, pelo contr\u00e1rio, nos torna mais conscientes e mais pr\u00f3ximos da realidade, da verdadeira rela\u00e7\u00e3o com o divino que habita em n\u00f3s. Quantas vezes nos achamos melhores do que os outros s\u00f3 porque estamos numa situa\u00e7\u00e3o financeira, familiar, at\u00e9 acad\u00eamica mais privilegiada? Como se isso fosse crit\u00e9rio significativo da realidade. Mas n\u00e3o, o que realmente importa \u00e9 nossa condi\u00e7\u00e3o humana, e nela, todos somos iguais, todos somos instrumentos de Deus, todos somos seus filhos amados e queridos. Humildade \u00e9 conseguir olhar para o irm\u00e3o e n\u00e3o ver um concorrente, uma amea\u00e7a ou algu\u00e9m inferior, mas pelo contr\u00e1rio, \u00e9 conseguir se reconhecer no olhar do outro, saudando nossa humanidade t\u00e3o amada por Deus\u201d, ensinou o jovem pregador.<\/p>\n<p>O sexto dia da Trezena (6\/6) \u00a0ter\u00e1 como tema: \u201cSanto Ant\u00f4nio o Santo dos animais\u201d. A celebra\u00e7\u00e3o ser\u00e1 as 19 horas.<\/p>\n","protected":false},"excerpt":{"rendered":"<p>Par\u00f3quia Santo Ant\u00f4nio do Pari<\/p>\n","protected":false},"author":1,"featured_media":193744,"comment_status":"open","ping_status":"open","sticky":false,"template":"","format":"standard","meta":[],"categories":[1],"tags":[287,389],"acf":[],"yoast_head":"<!-- This site is optimized with the Yoast SEO plugin v19.2 - https:\/\/yoast.com\/wordpress\/plugins\/seo\/ -->\n<title>\u201cReconhecer no olhar do outro nossa humanidade\u201d - Not\u00edcias - Franciscanos<\/title>\n<meta name=\"robots\" content=\"index, follow, max-snippet:-1, max-image-preview:large, max-video-preview:-1\" \/>\n<link rel=\"canonical\" href=\"https:\/\/franciscanos.org.br\/noticias\/reconhecer-no-olhar-do-outro-nossa-humanidade.html\" \/>\n<meta property=\"og:locale\" content=\"pt_BR\" \/>\n<meta property=\"og:type\" content=\"article\" \/>\n<meta property=\"og:title\" content=\"\u201cReconhecer no olhar do outro nossa humanidade\u201d - Not\u00edcias - Franciscanos\" \/>\n<meta property=\"og:description\" content=\"Par\u00f3quia Santo Ant\u00f4nio do Pari\" \/>\n<meta property=\"og:url\" content=\"https:\/\/franciscanos.org.br\/noticias\/reconhecer-no-olhar-do-outro-nossa-humanidade.html\" \/>\n<meta property=\"og:site_name\" content=\"Not\u00edcias - Franciscanos\" \/>\n<meta property=\"article:published_time\" content=\"2018-06-05T04:02:17+00:00\" \/>\n<meta property=\"article:modified_time\" content=\"2019-01-03T13:34:08+00:00\" \/>\n<meta property=\"og:image\" content=\"https:\/\/franciscanos.org.br\/noticias\/wp-content\/uploads\/2018\/06\/trezena_pari_040618d.jpg\" \/>\n\t<meta property=\"og:image:width\" content=\"273\" \/>\n\t<meta property=\"og:image:height\" content=\"181\" \/>\n\t<meta property=\"og:image:type\" content=\"image\/jpeg\" \/>\n<meta name=\"author\" content=\"admin\" \/>\n<meta name=\"twitter:card\" content=\"summary_large_image\" \/>\n<meta name=\"twitter:label1\" content=\"Escrito por\" \/>\n\t<meta name=\"twitter:data1\" content=\"admin\" \/>\n\t<meta name=\"twitter:label2\" content=\"Est. tempo de leitura\" \/>\n\t<meta name=\"twitter:data2\" content=\"4 minutos\" \/>\n<script type=\"application\/ld+json\" class=\"yoast-schema-graph\">{\"@context\":\"https:\/\/schema.org\",\"@graph\":[{\"@type\":\"WebSite\",\"@id\":\"https:\/\/franciscanos.org.br\/noticias\/#website\",\"url\":\"https:\/\/franciscanos.org.br\/noticias\/\",\"name\":\"Not\u00edcias - Franciscanos\",\"description\":\"Prov\u00edncia Franciscana da Imaculada Concei\u00e7\u00e3o do Brasil - Ordem dos Frades Menores - OFM\",\"potentialAction\":[{\"@type\":\"SearchAction\",\"target\":{\"@type\":\"EntryPoint\",\"urlTemplate\":\"https:\/\/franciscanos.org.br\/noticias\/?s={search_term_string}\"},\"query-input\":\"required name=search_term_string\"}],\"inLanguage\":\"pt-BR\"},{\"@type\":\"ImageObject\",\"inLanguage\":\"pt-BR\",\"@id\":\"https:\/\/franciscanos.org.br\/noticias\/reconhecer-no-olhar-do-outro-nossa-humanidade.html#primaryimage\",\"url\":\"https:\/\/franciscanos.org.br\/noticias\/wp-content\/uploads\/2018\/06\/trezena_pari_040618d.jpg\",\"contentUrl\":\"https:\/\/franciscanos.org.br\/noticias\/wp-content\/uploads\/2018\/06\/trezena_pari_040618d.jpg\",\"width\":273,\"height\":181},{\"@type\":\"WebPage\",\"@id\":\"https:\/\/franciscanos.org.br\/noticias\/reconhecer-no-olhar-do-outro-nossa-humanidade.html#webpage\",\"url\":\"https:\/\/franciscanos.org.br\/noticias\/reconhecer-no-olhar-do-outro-nossa-humanidade.html\",\"name\":\"\u201cReconhecer no olhar do outro nossa humanidade\u201d - Not\u00edcias - Franciscanos\",\"isPartOf\":{\"@id\":\"https:\/\/franciscanos.org.br\/noticias\/#website\"},\"primaryImageOfPage\":{\"@id\":\"https:\/\/franciscanos.org.br\/noticias\/reconhecer-no-olhar-do-outro-nossa-humanidade.html#primaryimage\"},\"datePublished\":\"2018-06-05T04:02:17+00:00\",\"dateModified\":\"2019-01-03T13:34:08+00:00\",\"author\":{\"@id\":\"https:\/\/franciscanos.org.br\/noticias\/#\/schema\/person\/b38fbf43118f02820bd932f2e4b14ad3\"},\"breadcrumb\":{\"@id\":\"https:\/\/franciscanos.org.br\/noticias\/reconhecer-no-olhar-do-outro-nossa-humanidade.html#breadcrumb\"},\"inLanguage\":\"pt-BR\",\"potentialAction\":[{\"@type\":\"ReadAction\",\"target\":[\"https:\/\/franciscanos.org.br\/noticias\/reconhecer-no-olhar-do-outro-nossa-humanidade.html\"]}]},{\"@type\":\"BreadcrumbList\",\"@id\":\"https:\/\/franciscanos.org.br\/noticias\/reconhecer-no-olhar-do-outro-nossa-humanidade.html#breadcrumb\",\"itemListElement\":[{\"@type\":\"ListItem\",\"position\":1,\"name\":\"Home\",\"item\":\"https:\/\/franciscanos.org.br\/noticias\"},{\"@type\":\"ListItem\",\"position\":2,\"name\":\"\u201cReconhecer no olhar do outro nossa humanidade\u201d\"}]},{\"@type\":\"Person\",\"@id\":\"https:\/\/franciscanos.org.br\/noticias\/#\/schema\/person\/b38fbf43118f02820bd932f2e4b14ad3\",\"name\":\"admin\",\"image\":{\"@type\":\"ImageObject\",\"inLanguage\":\"pt-BR\",\"@id\":\"https:\/\/franciscanos.org.br\/noticias\/#\/schema\/person\/image\/\",\"url\":\"https:\/\/secure.gravatar.com\/avatar\/e8495742d34d0ba6448ea1c628263b3e?s=96&d=mm&r=g\",\"contentUrl\":\"https:\/\/secure.gravatar.com\/avatar\/e8495742d34d0ba6448ea1c628263b3e?s=96&d=mm&r=g\",\"caption\":\"admin\"},\"url\":\"https:\/\/franciscanos.org.br\/noticias\/author\/admin\"}]}<\/script>\n<!-- \/ Yoast SEO plugin. -->","yoast_head_json":{"title":"\u201cReconhecer no olhar do outro nossa humanidade\u201d - Not\u00edcias - Franciscanos","robots":{"index":"index","follow":"follow","max-snippet":"max-snippet:-1","max-image-preview":"max-image-preview:large","max-video-preview":"max-video-preview:-1"},"canonical":"https:\/\/franciscanos.org.br\/noticias\/reconhecer-no-olhar-do-outro-nossa-humanidade.html","og_locale":"pt_BR","og_type":"article","og_title":"\u201cReconhecer no olhar do outro nossa humanidade\u201d - Not\u00edcias - Franciscanos","og_description":"Par\u00f3quia Santo Ant\u00f4nio do Pari","og_url":"https:\/\/franciscanos.org.br\/noticias\/reconhecer-no-olhar-do-outro-nossa-humanidade.html","og_site_name":"Not\u00edcias - Franciscanos","article_published_time":"2018-06-05T04:02:17+00:00","article_modified_time":"2019-01-03T13:34:08+00:00","og_image":[{"width":273,"height":181,"url":"https:\/\/franciscanos.org.br\/noticias\/wp-content\/uploads\/2018\/06\/trezena_pari_040618d.jpg","type":"image\/jpeg"}],"author":"admin","twitter_card":"summary_large_image","twitter_misc":{"Escrito por":"admin","Est. tempo de leitura":"4 minutos"},"schema":{"@context":"https:\/\/schema.org","@graph":[{"@type":"WebSite","@id":"https:\/\/franciscanos.org.br\/noticias\/#website","url":"https:\/\/franciscanos.org.br\/noticias\/","name":"Not\u00edcias - Franciscanos","description":"Prov\u00edncia Franciscana da Imaculada Concei\u00e7\u00e3o do Brasil - Ordem dos Frades Menores - OFM","potentialAction":[{"@type":"SearchAction","target":{"@type":"EntryPoint","urlTemplate":"https:\/\/franciscanos.org.br\/noticias\/?s={search_term_string}"},"query-input":"required name=search_term_string"}],"inLanguage":"pt-BR"},{"@type":"ImageObject","inLanguage":"pt-BR","@id":"https:\/\/franciscanos.org.br\/noticias\/reconhecer-no-olhar-do-outro-nossa-humanidade.html#primaryimage","url":"https:\/\/franciscanos.org.br\/noticias\/wp-content\/uploads\/2018\/06\/trezena_pari_040618d.jpg","contentUrl":"https:\/\/franciscanos.org.br\/noticias\/wp-content\/uploads\/2018\/06\/trezena_pari_040618d.jpg","width":273,"height":181},{"@type":"WebPage","@id":"https:\/\/franciscanos.org.br\/noticias\/reconhecer-no-olhar-do-outro-nossa-humanidade.html#webpage","url":"https:\/\/franciscanos.org.br\/noticias\/reconhecer-no-olhar-do-outro-nossa-humanidade.html","name":"\u201cReconhecer no olhar do outro nossa humanidade\u201d - Not\u00edcias - Franciscanos","isPartOf":{"@id":"https:\/\/franciscanos.org.br\/noticias\/#website"},"primaryImageOfPage":{"@id":"https:\/\/franciscanos.org.br\/noticias\/reconhecer-no-olhar-do-outro-nossa-humanidade.html#primaryimage"},"datePublished":"2018-06-05T04:02:17+00:00","dateModified":"2019-01-03T13:34:08+00:00","author":{"@id":"https:\/\/franciscanos.org.br\/noticias\/#\/schema\/person\/b38fbf43118f02820bd932f2e4b14ad3"},"breadcrumb":{"@id":"https:\/\/franciscanos.org.br\/noticias\/reconhecer-no-olhar-do-outro-nossa-humanidade.html#breadcrumb"},"inLanguage":"pt-BR","potentialAction":[{"@type":"ReadAction","target":["https:\/\/franciscanos.org.br\/noticias\/reconhecer-no-olhar-do-outro-nossa-humanidade.html"]}]},{"@type":"BreadcrumbList","@id":"https:\/\/franciscanos.org.br\/noticias\/reconhecer-no-olhar-do-outro-nossa-humanidade.html#breadcrumb","itemListElement":[{"@type":"ListItem","position":1,"name":"Home","item":"https:\/\/franciscanos.org.br\/noticias"},{"@type":"ListItem","position":2,"name":"\u201cReconhecer no olhar do outro nossa humanidade\u201d"}]},{"@type":"Person","@id":"https:\/\/franciscanos.org.br\/noticias\/#\/schema\/person\/b38fbf43118f02820bd932f2e4b14ad3","name":"admin","image":{"@type":"ImageObject","inLanguage":"pt-BR","@id":"https:\/\/franciscanos.org.br\/noticias\/#\/schema\/person\/image\/","url":"https:\/\/secure.gravatar.com\/avatar\/e8495742d34d0ba6448ea1c628263b3e?s=96&d=mm&r=g","contentUrl":"https:\/\/secure.gravatar.com\/avatar\/e8495742d34d0ba6448ea1c628263b3e?s=96&d=mm&r=g","caption":"admin"},"url":"https:\/\/franciscanos.org.br\/noticias\/author\/admin"}]}},"_links":{"self":[{"href":"https:\/\/franciscanos.org.br\/noticias\/wp-json\/wp\/v2\/posts\/161675"}],"collection":[{"href":"https:\/\/franciscanos.org.br\/noticias\/wp-json\/wp\/v2\/posts"}],"about":[{"href":"https:\/\/franciscanos.org.br\/noticias\/wp-json\/wp\/v2\/types\/post"}],"author":[{"embeddable":true,"href":"https:\/\/franciscanos.org.br\/noticias\/wp-json\/wp\/v2\/users\/1"}],"replies":[{"embeddable":true,"href":"https:\/\/franciscanos.org.br\/noticias\/wp-json\/wp\/v2\/comments?post=161675"}],"version-history":[{"count":0,"href":"https:\/\/franciscanos.org.br\/noticias\/wp-json\/wp\/v2\/posts\/161675\/revisions"}],"wp:featuredmedia":[{"embeddable":true,"href":"https:\/\/franciscanos.org.br\/noticias\/wp-json\/wp\/v2\/media\/193744"}],"wp:attachment":[{"href":"https:\/\/franciscanos.org.br\/noticias\/wp-json\/wp\/v2\/media?parent=161675"}],"wp:term":[{"taxonomy":"category","embeddable":true,"href":"https:\/\/franciscanos.org.br\/noticias\/wp-json\/wp\/v2\/categories?post=161675"},{"taxonomy":"post_tag","embeddable":true,"href":"https:\/\/franciscanos.org.br\/noticias\/wp-json\/wp\/v2\/tags?post=161675"}],"curies":[{"name":"wp","href":"https:\/\/api.w.org\/{rel}","templated":true}]}}