{"id":161616,"date":"2018-06-04T19:00:05","date_gmt":"2018-06-04T22:00:05","guid":{"rendered":"http:\/\/franciscanos.org.br\/?p=161616"},"modified":"2019-08-23T10:59:44","modified_gmt":"2019-08-23T13:59:44","slug":"como-falar-de-justica-em-um-pais-tao-desigual","status":"publish","type":"post","link":"https:\/\/franciscanos.org.br\/noticias\/como-falar-de-justica-em-um-pais-tao-desigual.html","title":{"rendered":"Como falar de justi\u00e7a em um pa\u00eds t\u00e3o desigual?"},"content":{"rendered":"<p><img loading=\"lazy\" src=\"http:\/\/franciscanos.org.br\/wp-content\/uploads\/2018\/06\/trezena_sp_040618.jpg\" alt=\"trezena_sp_040618\" width=\"830\" height=\"500\" \/><\/p>\n<p><strong>Frei Augusto Luiz Gabriel<\/strong><\/p>\n<p><strong>S\u00e3o Paulo (SP) \u2013 <\/strong>A Trezena de Santo Ant\u00f4nio do Convento e Santu\u00e1rio S\u00e3o Francisco de S\u00e3o Paulo, que come\u00e7ou na \u00faltima sexta-feira (1\u00ba de junho), chegou hoje (4\/6) no seu 4\u00ba dia, e teve como tema: \u201cSanto Ant\u00f4nio P\u00e3o da justi\u00e7a\u201d. A Celebra\u00e7\u00e3o Eucar\u00edstica foi presidida por Frei Alvaci Mendes da Luz, p\u00e1roco e reitor do Santu\u00e1rio, \u00e0s 12 horas. Assim como nos dias anteriores, fi\u00e9is e devotos do santo franciscano mais popular do mundo fizeram-se presentes, tornando viva a Igreja de Cristo. \u201cComo falar em justi\u00e7a num pa\u00eds t\u00e3o desigual quanto o nosso?\u201d, questionou o pregador em sua homilia.<\/p>\n<p>\u201cComo falar de justi\u00e7a dentro de contextos sociais, seja na \u00e9poca de Ant\u00f4nio como tamb\u00e9m nos dias atuais, onde o pobre n\u00e3o tem voz nem vez? Como falar em justi\u00e7a num pa\u00eds t\u00e3o desigual quanto o nosso? Como falar em justi\u00e7a se nos ouvimos quase todos os dias que a economia, agricultura&#8230; est\u00e1 bem? Para que tantas planta\u00e7\u00f5es de soja, trigo se geram apenas ac\u00famulos, enquanto muitos passam fome? Se somos um pa\u00eds que \u00e9 o maior produtor de tantas coisas, por que no Brasil existe tanta desigualdade na distribui\u00e7\u00e3o da renda e da justi\u00e7a? Por que tantas pessoas morrem de fome t\u00e3o perto de n\u00f3s? Como falar em justi\u00e7a dentro deste contexto todo?\u201d, questionou Frei Alvaci.<\/p>\n<p>Neste sentido, o frade lembrou que o Evangelho apresenta uma par\u00e1bola do pai que mandou seus filhos trabalhar na vinha. \u201cJesus diz na par\u00e1bola que o pai plantou uma vinha muito bonita. Fez um tanque, cercou, deixou ela bem preparada. E de repente Deus foi mandando alguns para cobrar os frutos desta vinha. Em diversos per\u00edodos da hist\u00f3ria Deus mandou profetas, por\u00e9m nenhum deles foi bem aceito. E o que os donos da vinha fizeram? Mataram uns, bateram noutros&#8230; E Deus tentou at\u00e9 o \u00faltimo momento, quando enviou seu pr\u00f3prio Filho Jesus\u201d, explicou.<\/p>\n<p>Para o frade, o que Cristo fez foi nada mais do que colocar na nossa cabe\u00e7a a vontade de fazer deste lugar um local melhor para vivermos e nos entendermos melhor. \u201cJesus fez uma grande tentativa de dizer para n\u00f3s que \u00e9 poss\u00edvel enxergar o irm\u00e3o, o pobre, aquele que esta a porta do templo, a vi\u00fava. O que \u00e9 isso sen\u00e3o uma tentativa constante de imprimir no ser humano um senso de justi\u00e7a? Foi isso que Jesus fez na sua vida p\u00fablica. E o que aconteceu com ele? A mesma coisa que ocorreu com os profetas e com os que vieram antes dele. Passaram-se dois mil anos e eu acredito que Deus continua apostando na gente, mesmo depois disso tudo\u201d, disse.<\/p>\n<p><img loading=\"lazy\" src=\"http:\/\/franciscanos.org.br\/wp-content\/uploads\/2018\/06\/trezena_sp_040618_1.jpg\" alt=\"trezena_sp_040618_1\" width=\"830\" height=\"400\" \/><\/p>\n<p>Esse acreditar se d\u00e1 nitidamente em pessoas como Frei Ant\u00f4nio, observou o pregador. \u201cAo longo de todo este tempo, homens e mulheres, fazem com que nos lembremos do que Jesus fez e viveu. Ant\u00f4nio relembrou qual era a din\u00e2mica do Reino de Deus. Relembrou o que \u00e9 ser crist\u00e3o no mundo, seja em 1200 ou em 2018. \u00c9 a tentativa constante do Pai em mandar para a vinha pessoas que produzam frutos\u201d, indicou.<\/p>\n<p>\u201cQue possamos ao longo desta Trezena e da nossa vida aprender com Santo Ant\u00f4nio, seguidor de S\u00e3o Francisco, homem fiel ao Evangelho, no mundo de hoje sermos promotores da justi\u00e7a, e tamb\u00e9m daquilo que cremos a partir do Evangelho\u201d, pediu.<\/p>\n<p>Frei Alvaci come\u00e7ou sua homilia informando que a Web TvFranciscanos da Prov\u00edncia Franciscana da Imaculada est\u00e1 fazendo uma s\u00e9rie em v\u00eddeos que apresentam algumas curiosidades de Santo Ant\u00f4nio. No v\u00eddeo de hoje, por exemplo, o tema abordado \u00e9 Santo Ant\u00f4nio e a Palavra de Deus. Frei Ant\u00f4nio era conhecido com o \u201cmartelo dos hereges\u201d, \u201cele \u00e9 considerado o homem e o Santo da Palavra\u201d, destacou o pregador.<\/p>\n<p>Frei Alvaci que viajou depois desta Missa para o Nair\u00f3bi, no Qu\u00eania (\u00c1frica), onde participar\u00e1 do Conselho Plen\u00e1rio da Ordem dos Frades Menores, entre os dias 12 a 28 de junho. Tamb\u00e9m informou que nos pr\u00f3ximos dias da Trezena o pregador ser\u00e1 Frei M\u00e1rio Tagliari, guardi\u00e3o do Convento.<\/p>\n<p>Amanh\u00e3, ter\u00e7a-feira (5\/6) at\u00e9 no s\u00e1bado (9\/6), a Trezena acontecer\u00e1 dentro da Celebra\u00e7\u00e3o Eucar\u00edstica das 15 horas.<\/p>\n<p style=\"text-align: center;\"><strong>CONFIRA MAIS IMAGENS<\/strong><\/p>\n\n","protected":false},"excerpt":{"rendered":"<p>Convento S\u00e3o Francisco<\/p>\n","protected":false},"author":5,"featured_media":199874,"comment_status":"open","ping_status":"open","sticky":false,"template":"","format":"standard","meta":[],"categories":[1],"tags":[312,389],"acf":[],"yoast_head":"<!-- This site is optimized with the Yoast SEO plugin v19.2 - https:\/\/yoast.com\/wordpress\/plugins\/seo\/ -->\n<title>Como falar de justi\u00e7a em um pa\u00eds t\u00e3o desigual? - Not\u00edcias - Franciscanos<\/title>\n<meta name=\"robots\" content=\"index, follow, max-snippet:-1, max-image-preview:large, max-video-preview:-1\" \/>\n<link rel=\"canonical\" href=\"https:\/\/franciscanos.org.br\/noticias\/como-falar-de-justica-em-um-pais-tao-desigual.html\" \/>\n<meta property=\"og:locale\" content=\"pt_BR\" \/>\n<meta property=\"og:type\" content=\"article\" \/>\n<meta property=\"og:title\" content=\"Como falar de justi\u00e7a em um pa\u00eds t\u00e3o desigual? - Not\u00edcias - Franciscanos\" \/>\n<meta property=\"og:description\" content=\"Convento S\u00e3o Francisco\" \/>\n<meta property=\"og:url\" content=\"https:\/\/franciscanos.org.br\/noticias\/como-falar-de-justica-em-um-pais-tao-desigual.html\" \/>\n<meta property=\"og:site_name\" content=\"Not\u00edcias - Franciscanos\" \/>\n<meta property=\"article:published_time\" content=\"2018-06-04T22:00:05+00:00\" \/>\n<meta property=\"article:modified_time\" content=\"2019-08-23T13:59:44+00:00\" \/>\n<meta property=\"og:image\" content=\"https:\/\/franciscanos.org.br\/noticias\/wp-content\/uploads\/2018\/06\/trezena_sp_040618.jpg\" \/>\n\t<meta property=\"og:image:width\" content=\"379\" \/>\n\t<meta property=\"og:image:height\" content=\"252\" \/>\n\t<meta property=\"og:image:type\" content=\"image\/jpeg\" \/>\n<meta name=\"author\" content=\"freiaugusto\" \/>\n<meta name=\"twitter:card\" content=\"summary_large_image\" \/>\n<meta name=\"twitter:label1\" content=\"Escrito por\" \/>\n\t<meta name=\"twitter:data1\" content=\"freiaugusto\" \/>\n\t<meta name=\"twitter:label2\" content=\"Est. tempo de leitura\" \/>\n\t<meta name=\"twitter:data2\" content=\"4 minutos\" \/>\n<script type=\"application\/ld+json\" class=\"yoast-schema-graph\">{\"@context\":\"https:\/\/schema.org\",\"@graph\":[{\"@type\":\"WebSite\",\"@id\":\"https:\/\/franciscanos.org.br\/noticias\/#website\",\"url\":\"https:\/\/franciscanos.org.br\/noticias\/\",\"name\":\"Not\u00edcias - Franciscanos\",\"description\":\"Prov\u00edncia Franciscana da Imaculada Concei\u00e7\u00e3o do Brasil - Ordem dos Frades Menores - OFM\",\"potentialAction\":[{\"@type\":\"SearchAction\",\"target\":{\"@type\":\"EntryPoint\",\"urlTemplate\":\"https:\/\/franciscanos.org.br\/noticias\/?s={search_term_string}\"},\"query-input\":\"required name=search_term_string\"}],\"inLanguage\":\"pt-BR\"},{\"@type\":\"ImageObject\",\"inLanguage\":\"pt-BR\",\"@id\":\"https:\/\/franciscanos.org.br\/noticias\/como-falar-de-justica-em-um-pais-tao-desigual.html#primaryimage\",\"url\":\"https:\/\/franciscanos.org.br\/noticias\/wp-content\/uploads\/2018\/06\/trezena_sp_040618.jpg\",\"contentUrl\":\"https:\/\/franciscanos.org.br\/noticias\/wp-content\/uploads\/2018\/06\/trezena_sp_040618.jpg\",\"width\":379,\"height\":252},{\"@type\":\"WebPage\",\"@id\":\"https:\/\/franciscanos.org.br\/noticias\/como-falar-de-justica-em-um-pais-tao-desigual.html#webpage\",\"url\":\"https:\/\/franciscanos.org.br\/noticias\/como-falar-de-justica-em-um-pais-tao-desigual.html\",\"name\":\"Como falar de justi\u00e7a em um pa\u00eds t\u00e3o desigual? - Not\u00edcias - Franciscanos\",\"isPartOf\":{\"@id\":\"https:\/\/franciscanos.org.br\/noticias\/#website\"},\"primaryImageOfPage\":{\"@id\":\"https:\/\/franciscanos.org.br\/noticias\/como-falar-de-justica-em-um-pais-tao-desigual.html#primaryimage\"},\"datePublished\":\"2018-06-04T22:00:05+00:00\",\"dateModified\":\"2019-08-23T13:59:44+00:00\",\"author\":{\"@id\":\"https:\/\/franciscanos.org.br\/noticias\/#\/schema\/person\/37f88f0d111cd5358b12a6556a99eb91\"},\"breadcrumb\":{\"@id\":\"https:\/\/franciscanos.org.br\/noticias\/como-falar-de-justica-em-um-pais-tao-desigual.html#breadcrumb\"},\"inLanguage\":\"pt-BR\",\"potentialAction\":[{\"@type\":\"ReadAction\",\"target\":[\"https:\/\/franciscanos.org.br\/noticias\/como-falar-de-justica-em-um-pais-tao-desigual.html\"]}]},{\"@type\":\"BreadcrumbList\",\"@id\":\"https:\/\/franciscanos.org.br\/noticias\/como-falar-de-justica-em-um-pais-tao-desigual.html#breadcrumb\",\"itemListElement\":[{\"@type\":\"ListItem\",\"position\":1,\"name\":\"Home\",\"item\":\"https:\/\/franciscanos.org.br\/noticias\"},{\"@type\":\"ListItem\",\"position\":2,\"name\":\"Como falar de justi\u00e7a em um pa\u00eds t\u00e3o desigual?\"}]},{\"@type\":\"Person\",\"@id\":\"https:\/\/franciscanos.org.br\/noticias\/#\/schema\/person\/37f88f0d111cd5358b12a6556a99eb91\",\"name\":\"freiaugusto\",\"image\":{\"@type\":\"ImageObject\",\"inLanguage\":\"pt-BR\",\"@id\":\"https:\/\/franciscanos.org.br\/noticias\/#\/schema\/person\/image\/\",\"url\":\"https:\/\/secure.gravatar.com\/avatar\/9840b940e621801b24f3e6b059efb4b7?s=96&d=mm&r=g\",\"contentUrl\":\"https:\/\/secure.gravatar.com\/avatar\/9840b940e621801b24f3e6b059efb4b7?s=96&d=mm&r=g\",\"caption\":\"freiaugusto\"},\"url\":\"https:\/\/franciscanos.org.br\/noticias\/author\/freiaugusto\"}]}<\/script>\n<!-- \/ Yoast SEO plugin. -->","yoast_head_json":{"title":"Como falar de justi\u00e7a em um pa\u00eds t\u00e3o desigual? - Not\u00edcias - Franciscanos","robots":{"index":"index","follow":"follow","max-snippet":"max-snippet:-1","max-image-preview":"max-image-preview:large","max-video-preview":"max-video-preview:-1"},"canonical":"https:\/\/franciscanos.org.br\/noticias\/como-falar-de-justica-em-um-pais-tao-desigual.html","og_locale":"pt_BR","og_type":"article","og_title":"Como falar de justi\u00e7a em um pa\u00eds t\u00e3o desigual? - Not\u00edcias - Franciscanos","og_description":"Convento S\u00e3o Francisco","og_url":"https:\/\/franciscanos.org.br\/noticias\/como-falar-de-justica-em-um-pais-tao-desigual.html","og_site_name":"Not\u00edcias - Franciscanos","article_published_time":"2018-06-04T22:00:05+00:00","article_modified_time":"2019-08-23T13:59:44+00:00","og_image":[{"width":379,"height":252,"url":"https:\/\/franciscanos.org.br\/noticias\/wp-content\/uploads\/2018\/06\/trezena_sp_040618.jpg","type":"image\/jpeg"}],"author":"freiaugusto","twitter_card":"summary_large_image","twitter_misc":{"Escrito por":"freiaugusto","Est. tempo de leitura":"4 minutos"},"schema":{"@context":"https:\/\/schema.org","@graph":[{"@type":"WebSite","@id":"https:\/\/franciscanos.org.br\/noticias\/#website","url":"https:\/\/franciscanos.org.br\/noticias\/","name":"Not\u00edcias - Franciscanos","description":"Prov\u00edncia Franciscana da Imaculada Concei\u00e7\u00e3o do Brasil - Ordem dos Frades Menores - OFM","potentialAction":[{"@type":"SearchAction","target":{"@type":"EntryPoint","urlTemplate":"https:\/\/franciscanos.org.br\/noticias\/?s={search_term_string}"},"query-input":"required name=search_term_string"}],"inLanguage":"pt-BR"},{"@type":"ImageObject","inLanguage":"pt-BR","@id":"https:\/\/franciscanos.org.br\/noticias\/como-falar-de-justica-em-um-pais-tao-desigual.html#primaryimage","url":"https:\/\/franciscanos.org.br\/noticias\/wp-content\/uploads\/2018\/06\/trezena_sp_040618.jpg","contentUrl":"https:\/\/franciscanos.org.br\/noticias\/wp-content\/uploads\/2018\/06\/trezena_sp_040618.jpg","width":379,"height":252},{"@type":"WebPage","@id":"https:\/\/franciscanos.org.br\/noticias\/como-falar-de-justica-em-um-pais-tao-desigual.html#webpage","url":"https:\/\/franciscanos.org.br\/noticias\/como-falar-de-justica-em-um-pais-tao-desigual.html","name":"Como falar de justi\u00e7a em um pa\u00eds t\u00e3o desigual? - Not\u00edcias - Franciscanos","isPartOf":{"@id":"https:\/\/franciscanos.org.br\/noticias\/#website"},"primaryImageOfPage":{"@id":"https:\/\/franciscanos.org.br\/noticias\/como-falar-de-justica-em-um-pais-tao-desigual.html#primaryimage"},"datePublished":"2018-06-04T22:00:05+00:00","dateModified":"2019-08-23T13:59:44+00:00","author":{"@id":"https:\/\/franciscanos.org.br\/noticias\/#\/schema\/person\/37f88f0d111cd5358b12a6556a99eb91"},"breadcrumb":{"@id":"https:\/\/franciscanos.org.br\/noticias\/como-falar-de-justica-em-um-pais-tao-desigual.html#breadcrumb"},"inLanguage":"pt-BR","potentialAction":[{"@type":"ReadAction","target":["https:\/\/franciscanos.org.br\/noticias\/como-falar-de-justica-em-um-pais-tao-desigual.html"]}]},{"@type":"BreadcrumbList","@id":"https:\/\/franciscanos.org.br\/noticias\/como-falar-de-justica-em-um-pais-tao-desigual.html#breadcrumb","itemListElement":[{"@type":"ListItem","position":1,"name":"Home","item":"https:\/\/franciscanos.org.br\/noticias"},{"@type":"ListItem","position":2,"name":"Como falar de justi\u00e7a em um pa\u00eds t\u00e3o desigual?"}]},{"@type":"Person","@id":"https:\/\/franciscanos.org.br\/noticias\/#\/schema\/person\/37f88f0d111cd5358b12a6556a99eb91","name":"freiaugusto","image":{"@type":"ImageObject","inLanguage":"pt-BR","@id":"https:\/\/franciscanos.org.br\/noticias\/#\/schema\/person\/image\/","url":"https:\/\/secure.gravatar.com\/avatar\/9840b940e621801b24f3e6b059efb4b7?s=96&d=mm&r=g","contentUrl":"https:\/\/secure.gravatar.com\/avatar\/9840b940e621801b24f3e6b059efb4b7?s=96&d=mm&r=g","caption":"freiaugusto"},"url":"https:\/\/franciscanos.org.br\/noticias\/author\/freiaugusto"}]}},"_links":{"self":[{"href":"https:\/\/franciscanos.org.br\/noticias\/wp-json\/wp\/v2\/posts\/161616"}],"collection":[{"href":"https:\/\/franciscanos.org.br\/noticias\/wp-json\/wp\/v2\/posts"}],"about":[{"href":"https:\/\/franciscanos.org.br\/noticias\/wp-json\/wp\/v2\/types\/post"}],"author":[{"embeddable":true,"href":"https:\/\/franciscanos.org.br\/noticias\/wp-json\/wp\/v2\/users\/5"}],"replies":[{"embeddable":true,"href":"https:\/\/franciscanos.org.br\/noticias\/wp-json\/wp\/v2\/comments?post=161616"}],"version-history":[{"count":0,"href":"https:\/\/franciscanos.org.br\/noticias\/wp-json\/wp\/v2\/posts\/161616\/revisions"}],"wp:featuredmedia":[{"embeddable":true,"href":"https:\/\/franciscanos.org.br\/noticias\/wp-json\/wp\/v2\/media\/199874"}],"wp:attachment":[{"href":"https:\/\/franciscanos.org.br\/noticias\/wp-json\/wp\/v2\/media?parent=161616"}],"wp:term":[{"taxonomy":"category","embeddable":true,"href":"https:\/\/franciscanos.org.br\/noticias\/wp-json\/wp\/v2\/categories?post=161616"},{"taxonomy":"post_tag","embeddable":true,"href":"https:\/\/franciscanos.org.br\/noticias\/wp-json\/wp\/v2\/tags?post=161616"}],"curies":[{"name":"wp","href":"https:\/\/api.w.org\/{rel}","templated":true}]}}