{"id":161486,"date":"2018-06-04T10:10:22","date_gmt":"2018-06-04T13:10:22","guid":{"rendered":"http:\/\/franciscanos.org.br\/?p=161486"},"modified":"2019-01-03T12:33:49","modified_gmt":"2019-01-03T14:33:49","slug":"161486","status":"publish","type":"post","link":"https:\/\/franciscanos.org.br\/noticias\/161486.html","title":{"rendered":"Lan\u00e7amentos da semana"},"content":{"rendered":"<h3><strong><a href=\"http:\/\/franciscanos.org.br\/wp-content\/uploads\/2018\/06\/O-SEGREDO-DE-MARIA.jpg\"><img loading=\"lazy\" class=\"alignleft size-full wp-image-161494\" src=\"http:\/\/franciscanos.org.br\/wp-content\/uploads\/2018\/06\/O-SEGREDO-DE-MARIA.jpg\" alt=\"O-SEGREDO-DE-MARIA\" width=\"200\" height=\"333\" \/><\/a>O segredo de Maria<br \/>\n<\/strong><strong>Sobre a escravid\u00e3o da Santa Virgem<\/strong><\/h3>\n<p><strong>Lu\u00eds Maria Grignion de Montfort<\/strong><\/p>\n<p>[Neste op\u00fasculo, Montfort traz algumas reflex\u00f5es sobre como a consagra\u00e7\u00e3o a Maria descrita na obra <em>O Tratado da verdadeira devo\u00e7\u00e3o \u00e0 Sant\u00edssima Virgem<\/em> se concretiza na vida do crist\u00e3o.<\/p>\n<p>Para Lu\u00eds Maria Grignion de Montfort, o segredo para aqueles que procuram a santidade est\u00e1 na postura de submiss\u00e3o que Maria assume diante de Deus, tornando-se escrava dele.<\/p>\n<p>Assim como Maria tornou-se escrava \u2013 e permanece nossa grande protetora junto a seu Filho \u2013, tamb\u00e9m o crist\u00e3o \u00e9 convidado a consagrar-se como escravo incondicional de Maria para dela obter toda a gra\u00e7a.<\/p>\n<p style=\"padding-left: 30px;\"><strong>Louis-Marie Grignion<\/strong><em> nasceu na Fran\u00e7a no ano de 1673. Ap\u00f3s os estudos de Filosofia e Teologia, foi ordenado sacerdote em 1700. Dedicou grande parte de sua atividade sacerdotal a difundir a devo\u00e7\u00e3o \u00e0 Virgem Maria. Logo ap\u00f3s seu falecimento em 1716, sai fama de santidade come\u00e7a a se espalhar na Fran\u00e7a. Foi canonizado pelo Papa Pio XII em 1947. Escreveu diversos textos mariol\u00f3gicos, incluindo, al\u00e9m do Tratado, tamb\u00e9m este Segredo, bem como O Segredo admir\u00e1vel do Sant\u00edssimo Ros\u00e1rio.<\/em><\/p>\n<p><strong>N\u00ba DE P\u00c1GINAS<\/strong><strong>: 56<\/strong><\/p>\n<p>&nbsp;<\/p>\n<h3><strong><a href=\"http:\/\/franciscanos.org.br\/wp-content\/uploads\/2018\/06\/BISPOS-GUERREIROS.jpg\"><img loading=\"lazy\" class=\"alignleft size-full wp-image-161495\" src=\"http:\/\/franciscanos.org.br\/wp-content\/uploads\/2018\/06\/BISPOS-GUERREIROS.jpg\" alt=\"BISPOS-GUERREIROS\" width=\"200\" height=\"297\" \/><\/a>Bispos Guerreiros<br \/>\n<\/strong><strong>Viol\u00eancia e f\u00e9 antes das cruzadas<\/strong><\/h3>\n<p><strong>Leandro Duarte Rust<\/strong><\/p>\n<p>Cl\u00e9rigos e laicos se confundem no ardor da batalha. Mitras e elmos se fundem. N\u00e3o se sabe ao certo o tom das ora\u00e7\u00f5es, por\u00e9m a motiva\u00e7\u00e3o \u00e9 uma s\u00f3: que caiam apenas os inimigos. Mas como discerni-los quando a cor de cada fl\u00e2mula \u00e9 o vermelho-sangue derramado pela for\u00e7a de lan\u00e7as e espadas?<\/p>\n<p>Em\u00a0<em>Bispos Guerreiros &#8211; Viol\u00eancia e f\u00e9 antes das cruzadas<\/em>, a documenta\u00e7\u00e3o medieval e a narrativa que a torna acess\u00edvel v\u00e3o al\u00e9m do bem e do mal, elas nos levam \u00e0s guerras travadas por um episcopado que maneja t\u00e3o bem a palavra quanto a experi\u00eancia militar, a ponto de sacralizar a for\u00e7a letal como o mais puro ato de f\u00e9, golpeando campos e cidades, transformando a viol\u00eancia e a paz, a riqueza e a cren\u00e7a, a pol\u00edtica e a imagem de Deus.<\/p>\n<p>Por meio dos documentos \u00e9 poss\u00edvel observar os encontros e desencontros que desencadearam trajet\u00f3rias de vida inesperadas. Vidas sobre as quais o passado insiste em nos iludir ao apresent\u00e1-las como resultados de um enredo natural, calculado. O tempo e o passado. Advers\u00e1rios implac\u00e1veis de todos n\u00f3s e tamb\u00e9m dos bispos guerreiros. Esses homens marginalizados pela hist\u00f3ria e pela nossa relut\u00e2ncia em decifr\u00e1-los ressurgem gra\u00e7as a um novo prisma: <em>\u201c<\/em><em>o sacerd\u00f3cio se fazia tamb\u00e9m pela espada&#8230;\u201d<\/em>.<\/p>\n<p>Para entendermos melhor a complexidade do entrela\u00e7ado de fios que formava a trama de suas exist\u00eancias, o bispo guerreiro C\u00e1dalo nos toma pela m\u00e3o e nos guia p\u00e1gina a p\u00e1gina neste livro, ora com voz cerimoniosa e pastoral, ora nos convocando para dividir consigo os dramas b\u00e9licos.<\/p>\n<p style=\"padding-left: 30px;\"><em>Nascido em 1981, <\/em><strong>Leandro Duarte Rust<\/strong><em> \u00e9 historiador, tendo conduzido pesquisas no Brasil e nos Estados Unidos. Professor da Universidade Federal de Mato Grosso, \u00e9 o autor dos livros Colunas de S\u00e3o Pedro: a pol\u00edtica papal na Idade M\u00e9dia Central (Annablume, 2011) e A Reforma Papal (1050-1150) (EdUFMT, 2013) e Mitos Papais: pol\u00edtica e imagina\u00e7\u00e3o na hist\u00f3ria (Vozes, 2015).\u00a0<\/em><\/p>\n<p><strong>N\u00ba DE P\u00c1GINAS: 320<\/strong><\/p>\n<p>&nbsp;<\/p>\n<h3><strong><a href=\"http:\/\/franciscanos.org.br\/wp-content\/uploads\/2018\/06\/EU-ERA-BERGOGLIO.jpg\"><img loading=\"lazy\" class=\"alignleft size-full wp-image-161496\" src=\"http:\/\/franciscanos.org.br\/wp-content\/uploads\/2018\/06\/EU-ERA-BERGOGLIO.jpg\" alt=\"EU-ERA-BERGOGLIO\" width=\"200\" height=\"309\" \/><\/a>Eu era Bergoglio, agora sou Francisco<\/strong><\/h3>\n<p><strong>Cristian Martini Grimaldi<\/strong><\/p>\n<p>Bergoglio \u00e9 um homem que fala mais com os gestos do que com as palavras. Foge das teoriza\u00e7\u00f5es, e, quando fala, utiliza geralmente uma linguagem metaf\u00f3rica t\u00edpica das par\u00e1bolas, historietas, experi\u00eancias pessoais, hist\u00f3rias contadas, at\u00e9 cita\u00e7\u00f5es de filmes. Bergoglio \u00e9 um homem pragm\u00e1tico, que d\u00e1 muita import\u00e2ncia ao trabalho manual porque para os pobres, pelos quais ele tanto se empenhou, muitas vezes o trabalho manual \u00e9 a \u00fanica forma de sobreviver numa vida de mis\u00e9ria e priva\u00e7\u00f5es. Tamb\u00e9m \u00e9 um homem de grande for\u00e7a espiritual, um guia, algu\u00e9m que inspira conforto e apoio espiritual a todos os que o conhecem e com ele conviveram.<\/p>\n<p>Como era sua vida em Buenos Aires? Quais eram suas prioridades pastorais e eclesiais? Por que alguns grupos e setores da sociedade lan\u00e7aram sobre ele acusa\u00e7\u00f5es difamat\u00f3rias?<\/p>\n<p>Este livro foi escrito por um jornalista que percorreu as ruas de Buenos Aires e conversou praticamente com todos os conhecidos diretos do papa Francisco, seus colaboradores, amigos e tamb\u00e9m pessoas que, mesmo sem pertencerem ao universo cat\u00f3lico, conheciam seu trabalho , sua vida, suas preocupa\u00e7\u00f5es, iniciativas, valores, princ\u00edpios de trabalho.<\/p>\n<p>Encontram-se aqui in\u00fameros testemunhos e relatos que tra\u00e7am um n\u00edtido retrato falado deste homem \u00fanico e admir\u00e1vel, com suas caracter\u00edsticas pessoais, seu modo de viver, seu estilo de lideran\u00e7a. Revela-se aqui a figura de um pastor no mais elevado sentido do termo, teologicamente falando.<\/p>\n<p>Nestes relatos, entende-se rapidamente a vis\u00e3o mission\u00e1ria e evangelizadora da Igreja de Francisco, chamada a reencontrar seu lugar em um mundo ofuscado por d\u00e9cadas de fechamento e enrijecimento. V\u00ea-se, aqui, claramente, quem \u00e9 o papa Francisco, em suas a\u00e7\u00f5es e em sua vida como cardeal antes de assumir o governo de toda a Igreja Cat\u00f3lica.<\/p>\n<p><strong>N\u00ba DE P\u00c1GINAS: 112<\/strong><\/p>\n<p>&nbsp;<\/p>\n<h3><strong><a href=\"http:\/\/franciscanos.org.br\/wp-content\/uploads\/2018\/06\/JORGE-MARIO.jpg\"><img loading=\"lazy\" class=\"alignleft size-full wp-image-161497\" src=\"http:\/\/franciscanos.org.br\/wp-content\/uploads\/2018\/06\/JORGE-MARIO.jpg\" alt=\"JORGE-MARIO\" width=\"200\" height=\"291\" \/><\/a>Jorge Mario Bergoglio<br \/>\n<\/strong><strong>Uma biografia intelectual<\/strong><\/h3>\n<p><strong>Massimo Borghesi<\/strong><\/p>\n<h3>Neste livro, o autor manifesta uma aproxima\u00e7\u00e3o original a respeito de toda a literatura sobre Francisco. Mediante uma extraordin\u00e1ria capacidade de busca de fontes e de pesquisa, o texto oferece um sistem\u00e1tico aprofundamento do antecedente cultural e das influ\u00eancias intelectuais que contribu\u00edram para formar a personalidade e o \u201cpensamento\u201d de Jorge Mario Bergoglio.<\/h3>\n<p>O livro de Massimo Borghesi n\u00e3o se mistura no mar editorial dedicado ao pontificado de Francisco. Com efeito, trata-se de um estudo muito importante que examina um aspecto essencial, decididamente negligenciado, para a compreens\u00e3o do atual pont\u00edfice: qual seja, a g\u00eanese e o desenvolvimento de seu \u201cpensamento\u201d.<\/p>\n<p>\u00c9 uma contribui\u00e7\u00e3o indispens\u00e1vel para melhor conhecer a personalidade complexa do Papa Francisco, na qual se unem a experi\u00eancia pastoral, a experi\u00eancia m\u00edstica e a intelectual.<\/p>\n<p style=\"padding-left: 30px;\"><strong>Massimo Borghesi<\/strong><em> \u00e9 professor ordin\u00e1rio de Filosofia Moral na Faculdade de Letras e Filosofia da Universidade de Perugia. De 1992 a 1996 foi professor de Hist\u00f3ria da Filosofia Moral na Faculdade de Magist\u00e9rio da Universidade de Lecce. Lecionou Est\u00e9tica, \u00c9tica e Teologia Filos\u00f3fica na Pontif\u00edcia Universidade S\u00e3o Boaventura em Roma, onde foi Diretor da \u201cCattedra Bonaventuriana\u201d de 2000 a 2002. Foi ainda docente de Filosofia e Religi\u00e3o na Pontif\u00edcia Universidade Urbaniana e membro do conselho pontif\u00edcio e do comit\u00ea editorial de editoras e revistas.<\/em><\/p>\n<p><strong>N\u00ba DE P\u00c1GINAS<\/strong><strong>: 304<\/strong><\/p>\n<p>&nbsp;<\/p>\n<h3><strong><a href=\"http:\/\/franciscanos.org.br\/wp-content\/uploads\/2018\/06\/INVENCAO-1.jpg\"><img loading=\"lazy\" class=\"alignleft size-full wp-image-161498\" src=\"http:\/\/franciscanos.org.br\/wp-content\/uploads\/2018\/06\/INVENCAO-1.jpg\" alt=\"INVENCAO-1\" width=\"200\" height=\"315\" \/><\/a>A inven\u00e7\u00e3o do cotidiano<br \/>\n<\/strong><strong>1. Artes de fazer<\/strong><\/h3>\n<p><strong>Michel de Certeau<\/strong><\/p>\n<p>Com capa nova, neste livro Certeau trabalha o fundamento b\u00e1sico do conceito cotidiano. Aborda a quest\u00e3o da linguagem comum, chegando \u00e0 linguagem cient\u00edfica.<\/p>\n<p>Na pr\u00e1tica do cotidiano trabalham autores como Freud, Wittgenstein, Foucault, Bordieux e Kant.<\/p>\n<p><strong>N\u00ba DE P\u00c1GINAS: 320<\/strong><\/p>\n<p>&nbsp;<\/p>\n<p>&nbsp;<\/p>\n<p>&nbsp;<\/p>\n<p>&nbsp;<\/p>\n<h3><strong><a href=\"http:\/\/franciscanos.org.br\/wp-content\/uploads\/2018\/06\/INVENCAO-2.jpg\"><img loading=\"lazy\" class=\"alignleft size-full wp-image-161499\" src=\"http:\/\/franciscanos.org.br\/wp-content\/uploads\/2018\/06\/INVENCAO-2.jpg\" alt=\"INVENCAO-2\" width=\"200\" height=\"314\" \/><\/a>A inven\u00e7\u00e3o do cotidiano<br \/>\n<\/strong><strong>2. Morar, cozinhar<\/strong><\/h3>\n<p><strong>Michel de Certeau, Luce Giard<\/strong><em> e <\/em><strong>Pierre Mayo<\/strong><em>l (orgs.)<\/em><\/p>\n<p>Com capa nova, este livro apresenta uma tentativa de elaborar uma &#8220;ci\u00eancia pr\u00e1tica do singular&#8221;, onde se mostre a criatividade e inventividade do homem comum. Seria uma ci\u00eancia que sabe maravilhar-se com a inventividade das pessoas comuns, cujas maneiras fazem dos espa\u00e7os p\u00fablico e privado um mundo em que d\u00e1 gosto viver.<\/p>\n<p>Neste segundo tomo, apresenta-se o morar e o cozinhar na casa de uma fam\u00edlia prolet\u00e1ria da cidade de Lyon. Al\u00e9m da parte anal\u00edtica e expositiva, a obra comporta di\u00e1logos e entrevistas com as personagens desse microuniverso.<\/p>\n<p><strong>N\u00ba DE P\u00c1GINAS: 376<\/strong><\/p>\n<p><strong>\u00a0<\/strong><\/p>\n","protected":false},"excerpt":{"rendered":"<p>Editora Vozes<\/p>\n","protected":false},"author":1,"featured_media":193749,"comment_status":"open","ping_status":"open","sticky":false,"template":"","format":"standard","meta":[],"categories":[1],"tags":[238],"acf":[],"yoast_head":"<!-- This site is optimized with the Yoast SEO plugin v19.2 - https:\/\/yoast.com\/wordpress\/plugins\/seo\/ -->\n<title>Lan\u00e7amentos da semana - Not\u00edcias - Franciscanos<\/title>\n<meta name=\"robots\" content=\"index, follow, max-snippet:-1, max-image-preview:large, max-video-preview:-1\" \/>\n<link rel=\"canonical\" href=\"https:\/\/franciscanos.org.br\/noticias\/161486.html\" \/>\n<meta property=\"og:locale\" content=\"pt_BR\" \/>\n<meta property=\"og:type\" content=\"article\" \/>\n<meta property=\"og:title\" content=\"Lan\u00e7amentos da semana - Not\u00edcias - Franciscanos\" \/>\n<meta property=\"og:description\" content=\"Editora Vozes\" \/>\n<meta property=\"og:url\" content=\"https:\/\/franciscanos.org.br\/noticias\/161486.html\" \/>\n<meta property=\"og:site_name\" content=\"Not\u00edcias - Franciscanos\" \/>\n<meta property=\"article:published_time\" content=\"2018-06-04T13:10:22+00:00\" \/>\n<meta property=\"article:modified_time\" content=\"2019-01-03T14:33:49+00:00\" \/>\n<meta property=\"og:image\" content=\"https:\/\/franciscanos.org.br\/noticias\/wp-content\/uploads\/2018\/06\/maria_livro.jpg\" \/>\n\t<meta property=\"og:image:width\" content=\"273\" \/>\n\t<meta property=\"og:image:height\" content=\"181\" \/>\n\t<meta property=\"og:image:type\" content=\"image\/jpeg\" \/>\n<meta name=\"author\" content=\"admin\" \/>\n<meta name=\"twitter:card\" content=\"summary_large_image\" \/>\n<meta name=\"twitter:label1\" content=\"Escrito por\" \/>\n\t<meta name=\"twitter:data1\" content=\"admin\" \/>\n\t<meta name=\"twitter:label2\" content=\"Est. tempo de leitura\" \/>\n\t<meta name=\"twitter:data2\" content=\"7 minutos\" \/>\n<script type=\"application\/ld+json\" class=\"yoast-schema-graph\">{\"@context\":\"https:\/\/schema.org\",\"@graph\":[{\"@type\":\"WebSite\",\"@id\":\"https:\/\/franciscanos.org.br\/noticias\/#website\",\"url\":\"https:\/\/franciscanos.org.br\/noticias\/\",\"name\":\"Not\u00edcias - Franciscanos\",\"description\":\"Prov\u00edncia Franciscana da Imaculada Concei\u00e7\u00e3o do Brasil - Ordem dos Frades Menores - OFM\",\"potentialAction\":[{\"@type\":\"SearchAction\",\"target\":{\"@type\":\"EntryPoint\",\"urlTemplate\":\"https:\/\/franciscanos.org.br\/noticias\/?s={search_term_string}\"},\"query-input\":\"required name=search_term_string\"}],\"inLanguage\":\"pt-BR\"},{\"@type\":\"ImageObject\",\"inLanguage\":\"pt-BR\",\"@id\":\"https:\/\/franciscanos.org.br\/noticias\/161486.html#primaryimage\",\"url\":\"https:\/\/franciscanos.org.br\/noticias\/wp-content\/uploads\/2018\/06\/maria_livro.jpg\",\"contentUrl\":\"https:\/\/franciscanos.org.br\/noticias\/wp-content\/uploads\/2018\/06\/maria_livro.jpg\",\"width\":273,\"height\":181},{\"@type\":\"WebPage\",\"@id\":\"https:\/\/franciscanos.org.br\/noticias\/161486.html#webpage\",\"url\":\"https:\/\/franciscanos.org.br\/noticias\/161486.html\",\"name\":\"Lan\u00e7amentos da semana - Not\u00edcias - Franciscanos\",\"isPartOf\":{\"@id\":\"https:\/\/franciscanos.org.br\/noticias\/#website\"},\"primaryImageOfPage\":{\"@id\":\"https:\/\/franciscanos.org.br\/noticias\/161486.html#primaryimage\"},\"datePublished\":\"2018-06-04T13:10:22+00:00\",\"dateModified\":\"2019-01-03T14:33:49+00:00\",\"author\":{\"@id\":\"https:\/\/franciscanos.org.br\/noticias\/#\/schema\/person\/b38fbf43118f02820bd932f2e4b14ad3\"},\"breadcrumb\":{\"@id\":\"https:\/\/franciscanos.org.br\/noticias\/161486.html#breadcrumb\"},\"inLanguage\":\"pt-BR\",\"potentialAction\":[{\"@type\":\"ReadAction\",\"target\":[\"https:\/\/franciscanos.org.br\/noticias\/161486.html\"]}]},{\"@type\":\"BreadcrumbList\",\"@id\":\"https:\/\/franciscanos.org.br\/noticias\/161486.html#breadcrumb\",\"itemListElement\":[{\"@type\":\"ListItem\",\"position\":1,\"name\":\"Home\",\"item\":\"https:\/\/franciscanos.org.br\/noticias\"},{\"@type\":\"ListItem\",\"position\":2,\"name\":\"Lan\u00e7amentos da semana\"}]},{\"@type\":\"Person\",\"@id\":\"https:\/\/franciscanos.org.br\/noticias\/#\/schema\/person\/b38fbf43118f02820bd932f2e4b14ad3\",\"name\":\"admin\",\"image\":{\"@type\":\"ImageObject\",\"inLanguage\":\"pt-BR\",\"@id\":\"https:\/\/franciscanos.org.br\/noticias\/#\/schema\/person\/image\/\",\"url\":\"https:\/\/secure.gravatar.com\/avatar\/e8495742d34d0ba6448ea1c628263b3e?s=96&d=mm&r=g\",\"contentUrl\":\"https:\/\/secure.gravatar.com\/avatar\/e8495742d34d0ba6448ea1c628263b3e?s=96&d=mm&r=g\",\"caption\":\"admin\"},\"url\":\"https:\/\/franciscanos.org.br\/noticias\/author\/admin\"}]}<\/script>\n<!-- \/ Yoast SEO plugin. -->","yoast_head_json":{"title":"Lan\u00e7amentos da semana - Not\u00edcias - Franciscanos","robots":{"index":"index","follow":"follow","max-snippet":"max-snippet:-1","max-image-preview":"max-image-preview:large","max-video-preview":"max-video-preview:-1"},"canonical":"https:\/\/franciscanos.org.br\/noticias\/161486.html","og_locale":"pt_BR","og_type":"article","og_title":"Lan\u00e7amentos da semana - Not\u00edcias - Franciscanos","og_description":"Editora Vozes","og_url":"https:\/\/franciscanos.org.br\/noticias\/161486.html","og_site_name":"Not\u00edcias - Franciscanos","article_published_time":"2018-06-04T13:10:22+00:00","article_modified_time":"2019-01-03T14:33:49+00:00","og_image":[{"width":273,"height":181,"url":"https:\/\/franciscanos.org.br\/noticias\/wp-content\/uploads\/2018\/06\/maria_livro.jpg","type":"image\/jpeg"}],"author":"admin","twitter_card":"summary_large_image","twitter_misc":{"Escrito por":"admin","Est. tempo de leitura":"7 minutos"},"schema":{"@context":"https:\/\/schema.org","@graph":[{"@type":"WebSite","@id":"https:\/\/franciscanos.org.br\/noticias\/#website","url":"https:\/\/franciscanos.org.br\/noticias\/","name":"Not\u00edcias - Franciscanos","description":"Prov\u00edncia Franciscana da Imaculada Concei\u00e7\u00e3o do Brasil - Ordem dos Frades Menores - OFM","potentialAction":[{"@type":"SearchAction","target":{"@type":"EntryPoint","urlTemplate":"https:\/\/franciscanos.org.br\/noticias\/?s={search_term_string}"},"query-input":"required name=search_term_string"}],"inLanguage":"pt-BR"},{"@type":"ImageObject","inLanguage":"pt-BR","@id":"https:\/\/franciscanos.org.br\/noticias\/161486.html#primaryimage","url":"https:\/\/franciscanos.org.br\/noticias\/wp-content\/uploads\/2018\/06\/maria_livro.jpg","contentUrl":"https:\/\/franciscanos.org.br\/noticias\/wp-content\/uploads\/2018\/06\/maria_livro.jpg","width":273,"height":181},{"@type":"WebPage","@id":"https:\/\/franciscanos.org.br\/noticias\/161486.html#webpage","url":"https:\/\/franciscanos.org.br\/noticias\/161486.html","name":"Lan\u00e7amentos da semana - Not\u00edcias - Franciscanos","isPartOf":{"@id":"https:\/\/franciscanos.org.br\/noticias\/#website"},"primaryImageOfPage":{"@id":"https:\/\/franciscanos.org.br\/noticias\/161486.html#primaryimage"},"datePublished":"2018-06-04T13:10:22+00:00","dateModified":"2019-01-03T14:33:49+00:00","author":{"@id":"https:\/\/franciscanos.org.br\/noticias\/#\/schema\/person\/b38fbf43118f02820bd932f2e4b14ad3"},"breadcrumb":{"@id":"https:\/\/franciscanos.org.br\/noticias\/161486.html#breadcrumb"},"inLanguage":"pt-BR","potentialAction":[{"@type":"ReadAction","target":["https:\/\/franciscanos.org.br\/noticias\/161486.html"]}]},{"@type":"BreadcrumbList","@id":"https:\/\/franciscanos.org.br\/noticias\/161486.html#breadcrumb","itemListElement":[{"@type":"ListItem","position":1,"name":"Home","item":"https:\/\/franciscanos.org.br\/noticias"},{"@type":"ListItem","position":2,"name":"Lan\u00e7amentos da semana"}]},{"@type":"Person","@id":"https:\/\/franciscanos.org.br\/noticias\/#\/schema\/person\/b38fbf43118f02820bd932f2e4b14ad3","name":"admin","image":{"@type":"ImageObject","inLanguage":"pt-BR","@id":"https:\/\/franciscanos.org.br\/noticias\/#\/schema\/person\/image\/","url":"https:\/\/secure.gravatar.com\/avatar\/e8495742d34d0ba6448ea1c628263b3e?s=96&d=mm&r=g","contentUrl":"https:\/\/secure.gravatar.com\/avatar\/e8495742d34d0ba6448ea1c628263b3e?s=96&d=mm&r=g","caption":"admin"},"url":"https:\/\/franciscanos.org.br\/noticias\/author\/admin"}]}},"_links":{"self":[{"href":"https:\/\/franciscanos.org.br\/noticias\/wp-json\/wp\/v2\/posts\/161486"}],"collection":[{"href":"https:\/\/franciscanos.org.br\/noticias\/wp-json\/wp\/v2\/posts"}],"about":[{"href":"https:\/\/franciscanos.org.br\/noticias\/wp-json\/wp\/v2\/types\/post"}],"author":[{"embeddable":true,"href":"https:\/\/franciscanos.org.br\/noticias\/wp-json\/wp\/v2\/users\/1"}],"replies":[{"embeddable":true,"href":"https:\/\/franciscanos.org.br\/noticias\/wp-json\/wp\/v2\/comments?post=161486"}],"version-history":[{"count":0,"href":"https:\/\/franciscanos.org.br\/noticias\/wp-json\/wp\/v2\/posts\/161486\/revisions"}],"wp:featuredmedia":[{"embeddable":true,"href":"https:\/\/franciscanos.org.br\/noticias\/wp-json\/wp\/v2\/media\/193749"}],"wp:attachment":[{"href":"https:\/\/franciscanos.org.br\/noticias\/wp-json\/wp\/v2\/media?parent=161486"}],"wp:term":[{"taxonomy":"category","embeddable":true,"href":"https:\/\/franciscanos.org.br\/noticias\/wp-json\/wp\/v2\/categories?post=161486"},{"taxonomy":"post_tag","embeddable":true,"href":"https:\/\/franciscanos.org.br\/noticias\/wp-json\/wp\/v2\/tags?post=161486"}],"curies":[{"name":"wp","href":"https:\/\/api.w.org\/{rel}","templated":true}]}}