{"id":161477,"date":"2018-06-04T09:34:45","date_gmt":"2018-06-04T12:34:45","guid":{"rendered":"http:\/\/franciscanos.org.br\/?p=161477"},"modified":"2020-06-07T14:58:30","modified_gmt":"2020-06-07T17:58:30","slug":"papa-recebe-jornalistas-e-igreja-luterana-nesta-segunda","status":"publish","type":"post","link":"https:\/\/franciscanos.org.br\/noticias\/papa-recebe-jornalistas-e-igreja-luterana-nesta-segunda.html","title":{"rendered":"Audi\u00eancia com jornalistas e luteranos"},"content":{"rendered":"<p><img loading=\"lazy\" src=\"http:\/\/franciscanos.org.br\/wp-content\/uploads\/2018\/06\/papa_040618G.jpg\" alt=\"papa_040618G\" width=\"830\" height=\"401\" \/><\/p>\n<p><strong>Cidade do Vaticano &#8211;<\/strong> O Papa Francisco recebeu em audi\u00eancia, nesta segunda-feira (04\/06), na Sala Clementina, no Vaticano, cerca de setenta membros da delega\u00e7\u00e3o do Pr\u00eamio Internacional de Jornalismo \u201cBiagio Agnes\u201d, \u201cum dos mais conhecidos jornalistas italianos, defensor do servi\u00e7o p\u00fablico, que muitas vezes interveio no papel de jornalista como garante de informa\u00e7\u00f5es corretas, confi\u00e1veis, aut\u00eanticas e oportunas\u201d.<\/p>\n<p>O Papa os convidou a se comprometerem \u201ccom uma comunica\u00e7\u00e3o que saiba colocar a verdade antes dos interesses pessoais ou de corpora\u00e7\u00f5es. Observando o que \u00e9 produzido pela ind\u00fastria cultural, com este pr\u00eamio voc\u00eas indicam para a sociedade os jornalistas que se destacam pela responsabilidade no exerc\u00edcio da profiss\u00e3o.&#8221;<\/p>\n<p>\u201cDe fato, ser jornalista tem a ver com a forma\u00e7\u00e3o das pessoas, de sua vis\u00e3o do mundo e seus comportamentos em rela\u00e7\u00e3o aos eventos. \u00c9 um trabalho exigente, que neste momento est\u00e1 passando por um per\u00edodo marcado pela converg\u00eancia digital e pela transforma\u00e7\u00e3o dos meios de comunica\u00e7\u00e3o.\u201d<\/p>\n<p>Francisco sublinhou que muitas vezes v\u00ea durante suas viagens apost\u00f3licas ou outros encontros, \u201cuma diferen\u00e7a nos m\u00e9todos de produ\u00e7\u00e3o: desde as cl\u00e1ssicas equipes de TV at\u00e9 os jovens que com um telefone celular conseguem redigir uma not\u00edcia para um portal. Ou de r\u00e1dios tradicionais a verdadeiras entrevistas feitas com um celular&#8221;.<\/p>\n<p>&#8220;Tudo isso mostra que estamos realmente vivendo uma transforma\u00e7\u00e3o premente de formas e linguagens da informa\u00e7\u00e3o. \u00c9 dif\u00edcil entrar nesse processo de transforma\u00e7\u00e3o, mas \u00e9 cada vez mais necess\u00e1rio se quisermos continuar sendo educadores das novas gera\u00e7\u00f5es. Disse que \u00e9 dif\u00edcil e acrescento que \u00e9 necess\u00e1ria uma vigil\u00e2ncia s\u00e1bia\u201d.<\/p>\n<p>Citando um trecho da Enc\u00edclica \u2018Laudato si\u2019 o Papa afirmou que \u201cas din\u00e2micas dos meios de comunica\u00e7\u00e3o e do mundo digital, [\u2026] quando se tornam onipresentes, n\u00e3o favorecem o desenvolvimento da capacidade de viver com sabedoria, pensar em profundidade, amar com generosidade. Neste contexto, os grandes s\u00e1bios do passado correriam o risco de ver sufocada a sua sabedoria no meio do ru\u00eddo dispersivo da informa\u00e7\u00e3o\u201d.<\/p>\n<p>\u201cN\u00e3o existem receitas\u201d, frisou o Papa destacando tr\u00eas palavras: periferias, verdade e esperan\u00e7a.<\/p>\n<p><strong>Periferias<\/strong><br \/>\n&#8220;Muitas vezes, os pontos nevr\u00e1lgicos da produ\u00e7\u00e3o de not\u00edcias se encontram nos grandes centros. Mas isso nunca deve nos fazer esquecer as hist\u00f3rias de pessoas que vivem distantes, longe, nas periferias.&#8221;<\/p>\n<p>\u201cS\u00e3o hist\u00f3rias \u00e0s vezes de sofrimento e degrada\u00e7\u00e3o; outras vezes s\u00e3o hist\u00f3rias de grande solidariedade que podem ajudar a todos a olhar para a realidade de forma renovada.\u201d<\/p>\n<p><strong>Verdade<\/strong><br \/>\n&#8220;Todos sabemos que um jornalista \u00e9 chamado a escrever o que pensa, o que corresponde \u00e0 sua consciente e respons\u00e1vel compreens\u00e3o de um evento. \u00c9 necess\u00e1rio ser exigente consigo mesmo para n\u00e3o cair na armadilha das l\u00f3gicas de contraposi\u00e7\u00e3o por interesses ou ideologias.\u201d<\/p>\n<p>\u201cHoje, num mundo onde tudo \u00e9 r\u00e1pido, \u00e9 cada vez mais urgente recorrer \u00e0 dolorosa e \u00e1rdua lei da pesquisa aprofundada, do confronto e, se necess\u00e1rio, tamb\u00e9m do calar em vez de ferir uma pessoa ou um grupo de pessoas ou deslegitimar um fato. Eu sei que \u00e9 dif\u00edcil, mas a hist\u00f3ria de uma vida se entende no final, e isso deve nos ajudar a nos tornar corajosos e prof\u00e9ticos.\u201d<\/p>\n<p><strong>Esperan\u00e7a<\/strong><br \/>\n\u201cN\u00e3o se trata de contar um mundo sem problemas: seria uma ilus\u00e3o. Trata-se de abrir espa\u00e7os de esperan\u00e7a, denunciando situa\u00e7\u00f5es de degrada\u00e7\u00e3o e desespero.\u201d<\/p>\n<p>&#8220;Um jornalista n\u00e3o deveria se sentir bem pelo simples fato de ter relatado, de acordo com sua responsabilidade livre e consciente, um evento. \u00c9 chamado a manter aberta uma \u00e1rea de sa\u00edda, de significado, de esperan\u00e7a\u201d, concluiu o Papa.<\/p>\n<p>&nbsp;<\/p>\n<h3>O ecumenismo \u00e9 sempre mais uma necessidade e um desejo<\/h3>\n<p>A semana do Papa Francisco come\u00e7ou com o tema do ecumenismo. O Pont\u00edfice recebeu no Vaticano uma delega\u00e7\u00e3o da Igreja Evang\u00e9lica Luterana Alem\u00e3, guiada pelo bispo Ulrich.<br \/>\nEm seu discurso, Francisco recordou \u201ccom alegria\u201d os momentos vividos juntos no ano passado por ocasi\u00e3o da Comemora\u00e7\u00e3o comum da Reforma.<br \/>\n\u201cGra\u00e7as a Deus, constatamos que os 500 anos de hist\u00f3ria que nos contrapuseram \u2013 \u00e0s vezes muito dolorosa e em conflito \u2013, deixaram espa\u00e7o nos \u00faltimos 50 anos a uma crescente comunh\u00e3o.\u201d<\/p>\n<p><img loading=\"lazy\" src=\"http:\/\/franciscanos.org.br\/wp-content\/uploads\/2018\/06\/papa2_040618.jpg\" alt=\"papa2_040618\" width=\"830\" height=\"400\" \/><br \/>\n<strong>L\u00f3gica do Evangelho<\/strong><br \/>\nOs encontros fraternos, acrescentou o Papa, foram realizados segundo a l\u00f3gica do Evangelho e n\u00e3o de estrat\u00e9gias humanas \u2013 o que permitiu superar antigos preconceitos de ambas as partes.<br \/>\nFrancisco destacou que a Comemora\u00e7\u00e3o da Reforma confirmou que o ecumenismo continuar\u00e1 a marcar o caminho conjunto, pois est\u00e1 se tornando sempre mais uma necessidade e um desejo.<br \/>\n\u201cN\u00e3o podemos nos esquecer de partir da ora\u00e7\u00e3o, para que n\u00e3o sejam os projetos humanos a indicar o caminho, mas o Esp\u00edrito Santo.\u201d<\/p>\n<p><strong>Ecumenismo de sangue e da caridade<\/strong><br \/>\nO Papa voltou a falar do ecumenismo de sangue e do ecumenismo da caridade. Cat\u00f3licos e luteranos s\u00e3o chamados antes de tudo a se amarem intensamente, mas s\u00e3o chamados tamb\u00e9m a aliviar juntos as mis\u00e9rias dos necessitados e dos perseguidos.<\/p>\n<p>\u201cOs sofrimentos de tantos irm\u00e3os oprimidos por causa da f\u00e9 em Jesus s\u00e3o tamb\u00e9m um premente convite a alcan\u00e7ar uma unidade sempre mais concreta e vis\u00edvel entre n\u00f3s.\u201d<\/p>\n<p><strong>Di\u00e1logo teol\u00f3gico<\/strong><br \/>\nFrancisco encorajou o di\u00e1logo teol\u00f3gico, propondo como temas a Igreja, a Eucaristia e o minist\u00e9rio eclesial. Pediu ainda que o ecumenismo n\u00e3o seja elitista, mas envolva o mais poss\u00edvel os in\u00fameros irm\u00e3os e irm\u00e3s na f\u00e9, \u201ccrescendo como comunidade de disc\u00edpulos que rezam, amam e anunciam\u201d.<\/p>\n<p>\u201cQue o Senhor nos acompanhe, para que o nosso ser crist\u00e3o seja mais centralizado Nele e corajoso na miss\u00e3o; para que o cuidado pastoral se enrique\u00e7a de servi\u00e7o\u201d, concluiu o Pont\u00edfice.<\/p>\n<hr \/>\n<p>Fonte: Vatican News<\/p>\n","protected":false},"excerpt":{"rendered":"<p>Papa Francisco<\/p>\n","protected":false},"author":1,"featured_media":217424,"comment_status":"open","ping_status":"open","sticky":false,"template":"","format":"standard","meta":[],"categories":[1428],"tags":[863,1657],"acf":[],"yoast_head":"<!-- This site is optimized with the Yoast SEO plugin v19.2 - https:\/\/yoast.com\/wordpress\/plugins\/seo\/ -->\n<title>Audi\u00eancia com jornalistas e luteranos - Not\u00edcias - Franciscanos<\/title>\n<meta name=\"robots\" content=\"index, follow, max-snippet:-1, max-image-preview:large, max-video-preview:-1\" \/>\n<link rel=\"canonical\" href=\"https:\/\/franciscanos.org.br\/noticias\/papa-recebe-jornalistas-e-igreja-luterana-nesta-segunda.html\" \/>\n<meta property=\"og:locale\" content=\"pt_BR\" \/>\n<meta property=\"og:type\" content=\"article\" \/>\n<meta property=\"og:title\" content=\"Audi\u00eancia com jornalistas e luteranos - Not\u00edcias - Franciscanos\" \/>\n<meta property=\"og:description\" content=\"Papa Francisco\" \/>\n<meta property=\"og:url\" content=\"https:\/\/franciscanos.org.br\/noticias\/papa-recebe-jornalistas-e-igreja-luterana-nesta-segunda.html\" \/>\n<meta property=\"og:site_name\" content=\"Not\u00edcias - Franciscanos\" \/>\n<meta property=\"article:published_time\" content=\"2018-06-04T12:34:45+00:00\" \/>\n<meta property=\"article:modified_time\" content=\"2020-06-07T17:58:30+00:00\" \/>\n<meta property=\"og:image\" content=\"https:\/\/franciscanos.org.br\/noticias\/wp-content\/uploads\/2018\/06\/papa_040618G.jpg\" \/>\n\t<meta property=\"og:image:width\" content=\"273\" \/>\n\t<meta property=\"og:image:height\" content=\"181\" \/>\n\t<meta property=\"og:image:type\" content=\"image\/jpeg\" \/>\n<meta name=\"author\" content=\"admin\" \/>\n<meta name=\"twitter:card\" content=\"summary_large_image\" \/>\n<meta name=\"twitter:label1\" content=\"Escrito por\" \/>\n\t<meta name=\"twitter:data1\" content=\"admin\" \/>\n\t<meta name=\"twitter:label2\" content=\"Est. tempo de leitura\" \/>\n\t<meta name=\"twitter:data2\" content=\"5 minutos\" \/>\n<script type=\"application\/ld+json\" class=\"yoast-schema-graph\">{\"@context\":\"https:\/\/schema.org\",\"@graph\":[{\"@type\":\"WebSite\",\"@id\":\"https:\/\/franciscanos.org.br\/noticias\/#website\",\"url\":\"https:\/\/franciscanos.org.br\/noticias\/\",\"name\":\"Not\u00edcias - Franciscanos\",\"description\":\"Prov\u00edncia Franciscana da Imaculada Concei\u00e7\u00e3o do Brasil - Ordem dos Frades Menores - OFM\",\"potentialAction\":[{\"@type\":\"SearchAction\",\"target\":{\"@type\":\"EntryPoint\",\"urlTemplate\":\"https:\/\/franciscanos.org.br\/noticias\/?s={search_term_string}\"},\"query-input\":\"required name=search_term_string\"}],\"inLanguage\":\"pt-BR\"},{\"@type\":\"ImageObject\",\"inLanguage\":\"pt-BR\",\"@id\":\"https:\/\/franciscanos.org.br\/noticias\/papa-recebe-jornalistas-e-igreja-luterana-nesta-segunda.html#primaryimage\",\"url\":\"https:\/\/franciscanos.org.br\/noticias\/wp-content\/uploads\/2018\/06\/papa_040618G.jpg\",\"contentUrl\":\"https:\/\/franciscanos.org.br\/noticias\/wp-content\/uploads\/2018\/06\/papa_040618G.jpg\",\"width\":273,\"height\":181},{\"@type\":\"WebPage\",\"@id\":\"https:\/\/franciscanos.org.br\/noticias\/papa-recebe-jornalistas-e-igreja-luterana-nesta-segunda.html#webpage\",\"url\":\"https:\/\/franciscanos.org.br\/noticias\/papa-recebe-jornalistas-e-igreja-luterana-nesta-segunda.html\",\"name\":\"Audi\u00eancia com jornalistas e luteranos - Not\u00edcias - Franciscanos\",\"isPartOf\":{\"@id\":\"https:\/\/franciscanos.org.br\/noticias\/#website\"},\"primaryImageOfPage\":{\"@id\":\"https:\/\/franciscanos.org.br\/noticias\/papa-recebe-jornalistas-e-igreja-luterana-nesta-segunda.html#primaryimage\"},\"datePublished\":\"2018-06-04T12:34:45+00:00\",\"dateModified\":\"2020-06-07T17:58:30+00:00\",\"author\":{\"@id\":\"https:\/\/franciscanos.org.br\/noticias\/#\/schema\/person\/b38fbf43118f02820bd932f2e4b14ad3\"},\"breadcrumb\":{\"@id\":\"https:\/\/franciscanos.org.br\/noticias\/papa-recebe-jornalistas-e-igreja-luterana-nesta-segunda.html#breadcrumb\"},\"inLanguage\":\"pt-BR\",\"potentialAction\":[{\"@type\":\"ReadAction\",\"target\":[\"https:\/\/franciscanos.org.br\/noticias\/papa-recebe-jornalistas-e-igreja-luterana-nesta-segunda.html\"]}]},{\"@type\":\"BreadcrumbList\",\"@id\":\"https:\/\/franciscanos.org.br\/noticias\/papa-recebe-jornalistas-e-igreja-luterana-nesta-segunda.html#breadcrumb\",\"itemListElement\":[{\"@type\":\"ListItem\",\"position\":1,\"name\":\"Home\",\"item\":\"https:\/\/franciscanos.org.br\/noticias\"},{\"@type\":\"ListItem\",\"position\":2,\"name\":\"Audi\u00eancia com jornalistas e luteranos\"}]},{\"@type\":\"Person\",\"@id\":\"https:\/\/franciscanos.org.br\/noticias\/#\/schema\/person\/b38fbf43118f02820bd932f2e4b14ad3\",\"name\":\"admin\",\"image\":{\"@type\":\"ImageObject\",\"inLanguage\":\"pt-BR\",\"@id\":\"https:\/\/franciscanos.org.br\/noticias\/#\/schema\/person\/image\/\",\"url\":\"https:\/\/secure.gravatar.com\/avatar\/e8495742d34d0ba6448ea1c628263b3e?s=96&d=mm&r=g\",\"contentUrl\":\"https:\/\/secure.gravatar.com\/avatar\/e8495742d34d0ba6448ea1c628263b3e?s=96&d=mm&r=g\",\"caption\":\"admin\"},\"url\":\"https:\/\/franciscanos.org.br\/noticias\/author\/admin\"}]}<\/script>\n<!-- \/ Yoast SEO plugin. -->","yoast_head_json":{"title":"Audi\u00eancia com jornalistas e luteranos - Not\u00edcias - Franciscanos","robots":{"index":"index","follow":"follow","max-snippet":"max-snippet:-1","max-image-preview":"max-image-preview:large","max-video-preview":"max-video-preview:-1"},"canonical":"https:\/\/franciscanos.org.br\/noticias\/papa-recebe-jornalistas-e-igreja-luterana-nesta-segunda.html","og_locale":"pt_BR","og_type":"article","og_title":"Audi\u00eancia com jornalistas e luteranos - Not\u00edcias - Franciscanos","og_description":"Papa Francisco","og_url":"https:\/\/franciscanos.org.br\/noticias\/papa-recebe-jornalistas-e-igreja-luterana-nesta-segunda.html","og_site_name":"Not\u00edcias - Franciscanos","article_published_time":"2018-06-04T12:34:45+00:00","article_modified_time":"2020-06-07T17:58:30+00:00","og_image":[{"width":273,"height":181,"url":"https:\/\/franciscanos.org.br\/noticias\/wp-content\/uploads\/2018\/06\/papa_040618G.jpg","type":"image\/jpeg"}],"author":"admin","twitter_card":"summary_large_image","twitter_misc":{"Escrito por":"admin","Est. tempo de leitura":"5 minutos"},"schema":{"@context":"https:\/\/schema.org","@graph":[{"@type":"WebSite","@id":"https:\/\/franciscanos.org.br\/noticias\/#website","url":"https:\/\/franciscanos.org.br\/noticias\/","name":"Not\u00edcias - Franciscanos","description":"Prov\u00edncia Franciscana da Imaculada Concei\u00e7\u00e3o do Brasil - Ordem dos Frades Menores - OFM","potentialAction":[{"@type":"SearchAction","target":{"@type":"EntryPoint","urlTemplate":"https:\/\/franciscanos.org.br\/noticias\/?s={search_term_string}"},"query-input":"required name=search_term_string"}],"inLanguage":"pt-BR"},{"@type":"ImageObject","inLanguage":"pt-BR","@id":"https:\/\/franciscanos.org.br\/noticias\/papa-recebe-jornalistas-e-igreja-luterana-nesta-segunda.html#primaryimage","url":"https:\/\/franciscanos.org.br\/noticias\/wp-content\/uploads\/2018\/06\/papa_040618G.jpg","contentUrl":"https:\/\/franciscanos.org.br\/noticias\/wp-content\/uploads\/2018\/06\/papa_040618G.jpg","width":273,"height":181},{"@type":"WebPage","@id":"https:\/\/franciscanos.org.br\/noticias\/papa-recebe-jornalistas-e-igreja-luterana-nesta-segunda.html#webpage","url":"https:\/\/franciscanos.org.br\/noticias\/papa-recebe-jornalistas-e-igreja-luterana-nesta-segunda.html","name":"Audi\u00eancia com jornalistas e luteranos - Not\u00edcias - Franciscanos","isPartOf":{"@id":"https:\/\/franciscanos.org.br\/noticias\/#website"},"primaryImageOfPage":{"@id":"https:\/\/franciscanos.org.br\/noticias\/papa-recebe-jornalistas-e-igreja-luterana-nesta-segunda.html#primaryimage"},"datePublished":"2018-06-04T12:34:45+00:00","dateModified":"2020-06-07T17:58:30+00:00","author":{"@id":"https:\/\/franciscanos.org.br\/noticias\/#\/schema\/person\/b38fbf43118f02820bd932f2e4b14ad3"},"breadcrumb":{"@id":"https:\/\/franciscanos.org.br\/noticias\/papa-recebe-jornalistas-e-igreja-luterana-nesta-segunda.html#breadcrumb"},"inLanguage":"pt-BR","potentialAction":[{"@type":"ReadAction","target":["https:\/\/franciscanos.org.br\/noticias\/papa-recebe-jornalistas-e-igreja-luterana-nesta-segunda.html"]}]},{"@type":"BreadcrumbList","@id":"https:\/\/franciscanos.org.br\/noticias\/papa-recebe-jornalistas-e-igreja-luterana-nesta-segunda.html#breadcrumb","itemListElement":[{"@type":"ListItem","position":1,"name":"Home","item":"https:\/\/franciscanos.org.br\/noticias"},{"@type":"ListItem","position":2,"name":"Audi\u00eancia com jornalistas e luteranos"}]},{"@type":"Person","@id":"https:\/\/franciscanos.org.br\/noticias\/#\/schema\/person\/b38fbf43118f02820bd932f2e4b14ad3","name":"admin","image":{"@type":"ImageObject","inLanguage":"pt-BR","@id":"https:\/\/franciscanos.org.br\/noticias\/#\/schema\/person\/image\/","url":"https:\/\/secure.gravatar.com\/avatar\/e8495742d34d0ba6448ea1c628263b3e?s=96&d=mm&r=g","contentUrl":"https:\/\/secure.gravatar.com\/avatar\/e8495742d34d0ba6448ea1c628263b3e?s=96&d=mm&r=g","caption":"admin"},"url":"https:\/\/franciscanos.org.br\/noticias\/author\/admin"}]}},"_links":{"self":[{"href":"https:\/\/franciscanos.org.br\/noticias\/wp-json\/wp\/v2\/posts\/161477"}],"collection":[{"href":"https:\/\/franciscanos.org.br\/noticias\/wp-json\/wp\/v2\/posts"}],"about":[{"href":"https:\/\/franciscanos.org.br\/noticias\/wp-json\/wp\/v2\/types\/post"}],"author":[{"embeddable":true,"href":"https:\/\/franciscanos.org.br\/noticias\/wp-json\/wp\/v2\/users\/1"}],"replies":[{"embeddable":true,"href":"https:\/\/franciscanos.org.br\/noticias\/wp-json\/wp\/v2\/comments?post=161477"}],"version-history":[{"count":2,"href":"https:\/\/franciscanos.org.br\/noticias\/wp-json\/wp\/v2\/posts\/161477\/revisions"}],"predecessor-version":[{"id":224958,"href":"https:\/\/franciscanos.org.br\/noticias\/wp-json\/wp\/v2\/posts\/161477\/revisions\/224958"}],"wp:featuredmedia":[{"embeddable":true,"href":"https:\/\/franciscanos.org.br\/noticias\/wp-json\/wp\/v2\/media\/217424"}],"wp:attachment":[{"href":"https:\/\/franciscanos.org.br\/noticias\/wp-json\/wp\/v2\/media?parent=161477"}],"wp:term":[{"taxonomy":"category","embeddable":true,"href":"https:\/\/franciscanos.org.br\/noticias\/wp-json\/wp\/v2\/categories?post=161477"},{"taxonomy":"post_tag","embeddable":true,"href":"https:\/\/franciscanos.org.br\/noticias\/wp-json\/wp\/v2\/tags?post=161477"}],"curies":[{"name":"wp","href":"https:\/\/api.w.org\/{rel}","templated":true}]}}