{"id":161430,"date":"2018-06-04T01:08:17","date_gmt":"2018-06-04T04:08:17","guid":{"rendered":"http:\/\/franciscanos.org.br\/?p=161430"},"modified":"2019-08-23T11:00:10","modified_gmt":"2019-08-23T14:00:10","slug":"a-novidade-arrebatadora-do-evangelho-de-jesus-cristo","status":"publish","type":"post","link":"https:\/\/franciscanos.org.br\/noticias\/a-novidade-arrebatadora-do-evangelho-de-jesus-cristo.html","title":{"rendered":"A novidade arrebatadora do Evangelho de Cristo"},"content":{"rendered":"<p><strong>Frei Augusto Luiz Gabriel<\/strong><\/p>\n<p><strong>S\u00e3o Paulo (SP) \u2013<\/strong>\u00a0Realizou-se neste domingo, 3 de junho, o 4\u00ba dia da Trezena de Santo Ant\u00f4nio da Par\u00f3quia do Pari, em S\u00e3o Paulo (SP). O tema \u201cSanto Ant\u00f4nio o Santo do Evangelho\u201d norteou as reflex\u00f5es do pregador Frei Clauzemir Makximovitz, que tamb\u00e9m foi o presidente da Celebra\u00e7\u00e3o Eucar\u00edstica das 18 horas.<\/p>\n<p>Em sua homilia, o frade explicou que Santo Ant\u00f4nio \u00e9 conhecido como o &#8220;Doutor do Evangelho&#8221;, e diz a tradi\u00e7\u00e3o que se de uma hora para outra todas as B\u00edblias existentes fossem destru\u00eddas, ele seria capaz de reescrev\u00ea-las de cor. \u201cTamanha era a intimidade de Ant\u00f4nio com a Palavra de Deus. Suas prega\u00e7\u00f5es eram envolventes, e apontavam, tal qual seu testemunho de vida, para um Deus pr\u00f3ximo de n\u00f3s, um Deus que ama, que cuida, que participa de nossas vidas. At\u00e9 nisso Ant\u00f4nio quis imitar a Jesus: quando o jovem de Nazar\u00e9 falava \u00e0s multid\u00f5es, apresentava um Deus pr\u00f3ximo a eles. Jesus n\u00e3o falava novidades ou proferia grandes tratados, mas falava de Deus de forma simples<em>,\u00a0<\/em>de tal modo que o povo que o ouvia, compreendia e se sentia pr\u00f3ximo de Deus. Essa \u00e9 a grande novidade apontada por Jesus: Deus n\u00e3o \u00e9 um ser distante e estranho \u00e0s nossas vidas, mas algu\u00e9m que ama, se importa e participa como nosso companheiro. Isso \u00e9 Boa Nova. Isso \u00e9 Evangelho!\u201d, ensinou o pregador Frei Clauzemir.<\/p>\n<p><img loading=\"lazy\" class=\"alignleft wp-image-161432 \" src=\"http:\/\/franciscanos.org.br\/wp-content\/uploads\/2018\/06\/trezena_pari_030618.jpg\" alt=\"trezena_pari_030618\" width=\"387\" height=\"302\" \/>\u201cSanto Ant\u00f4nio \u00e9 chamado Santo do Evangelho porque procurou viver em sua vida essa novidade arrebatadora, de um Deus pelo qual vale a pena entregar tudo. Sua vida dava testemunho disso, da\u00ed sua santidade. E nossa vida, d\u00e1 testemunho do qu\u00ea? Nossas atitudes, escolhas, nossos posicionamentos, d\u00e3o testemunho de um Deus amoroso e misericordioso no qual cremos? Ou o Evangelho ainda \u00e9 estranho para n\u00f3s, que nos dizemos crist\u00e3os?\u201d, questionou o jovem frade.<\/p>\n<p>E concluiu: \u201cSe n\u00f3s cremos num Deus presente, misericordioso e bondoso, como nos anuncia Jesus Cristo, nossa vida precisa ser de tal forma que quem olhe para n\u00f3s perceba essa Boa Nova incrustada em nossas atitudes, dando sentido \u00e0s nossas escolhas e sendo crit\u00e9rio em nossos posicionamentos. Caso contr\u00e1rio, permanecemos estranhos ao Evangelho que dizemos conhecer e proclamar\u201d, finalizou.<\/p>\n<p>Como j\u00e1 \u00e9 de costume, neste dia tamb\u00e9m foi realizada a \u201centrega da festa\u201d aos organizadores. Ou seja, uma semana antes das festas externas come\u00e7arem a acontecer, a comiss\u00e3o respons\u00e1vel foi chamada at\u00e9 o altar e recebeu uma b\u00ean\u00e7\u00e3o de envio da assembleia e do celebrante Frei Clauzemir, pelo o bom \u00eaxito da festa.<\/p>\n<p>Neste dia 4 de junho, a Trezena acontecer\u00e1 \u00e0s 19 horas e ter\u00e1 o tema: \u201cSanto Ant\u00f4nio o Santo da Humildade\u201d.<\/p>\n","protected":false},"excerpt":{"rendered":"<p>Par\u00f3quia Santo Ant\u00f4nio do Pari<\/p>\n","protected":false},"author":5,"featured_media":199984,"comment_status":"open","ping_status":"open","sticky":false,"template":"","format":"standard","meta":[],"categories":[1],"tags":[287,389],"acf":[],"yoast_head":"<!-- This site is optimized with the Yoast SEO plugin v19.2 - https:\/\/yoast.com\/wordpress\/plugins\/seo\/ -->\n<title>A novidade arrebatadora do Evangelho de Cristo - Not\u00edcias - Franciscanos<\/title>\n<meta name=\"robots\" content=\"index, follow, max-snippet:-1, max-image-preview:large, max-video-preview:-1\" \/>\n<link rel=\"canonical\" href=\"https:\/\/franciscanos.org.br\/noticias\/a-novidade-arrebatadora-do-evangelho-de-jesus-cristo.html\" \/>\n<meta property=\"og:locale\" content=\"pt_BR\" \/>\n<meta property=\"og:type\" content=\"article\" \/>\n<meta property=\"og:title\" content=\"A novidade arrebatadora do Evangelho de Cristo - Not\u00edcias - Franciscanos\" \/>\n<meta property=\"og:description\" content=\"Par\u00f3quia Santo Ant\u00f4nio do Pari\" \/>\n<meta property=\"og:url\" content=\"https:\/\/franciscanos.org.br\/noticias\/a-novidade-arrebatadora-do-evangelho-de-jesus-cristo.html\" \/>\n<meta property=\"og:site_name\" content=\"Not\u00edcias - Franciscanos\" \/>\n<meta property=\"article:published_time\" content=\"2018-06-04T04:08:17+00:00\" \/>\n<meta property=\"article:modified_time\" content=\"2019-08-23T14:00:10+00:00\" \/>\n<meta property=\"og:image\" content=\"https:\/\/franciscanos.org.br\/noticias\/wp-content\/uploads\/2018\/06\/trezena_pari_030618_min.jpg\" \/>\n\t<meta property=\"og:image:width\" content=\"273\" \/>\n\t<meta property=\"og:image:height\" content=\"181\" \/>\n\t<meta property=\"og:image:type\" content=\"image\/jpeg\" \/>\n<meta name=\"author\" content=\"freiaugusto\" \/>\n<meta name=\"twitter:card\" content=\"summary_large_image\" \/>\n<meta name=\"twitter:label1\" content=\"Escrito por\" \/>\n\t<meta name=\"twitter:data1\" content=\"freiaugusto\" \/>\n\t<meta name=\"twitter:label2\" content=\"Est. tempo de leitura\" \/>\n\t<meta name=\"twitter:data2\" content=\"2 minutos\" \/>\n<script type=\"application\/ld+json\" class=\"yoast-schema-graph\">{\"@context\":\"https:\/\/schema.org\",\"@graph\":[{\"@type\":\"WebSite\",\"@id\":\"https:\/\/franciscanos.org.br\/noticias\/#website\",\"url\":\"https:\/\/franciscanos.org.br\/noticias\/\",\"name\":\"Not\u00edcias - Franciscanos\",\"description\":\"Prov\u00edncia Franciscana da Imaculada Concei\u00e7\u00e3o do Brasil - Ordem dos Frades Menores - OFM\",\"potentialAction\":[{\"@type\":\"SearchAction\",\"target\":{\"@type\":\"EntryPoint\",\"urlTemplate\":\"https:\/\/franciscanos.org.br\/noticias\/?s={search_term_string}\"},\"query-input\":\"required name=search_term_string\"}],\"inLanguage\":\"pt-BR\"},{\"@type\":\"ImageObject\",\"inLanguage\":\"pt-BR\",\"@id\":\"https:\/\/franciscanos.org.br\/noticias\/a-novidade-arrebatadora-do-evangelho-de-jesus-cristo.html#primaryimage\",\"url\":\"https:\/\/franciscanos.org.br\/noticias\/wp-content\/uploads\/2018\/06\/trezena_pari_030618_min.jpg\",\"contentUrl\":\"https:\/\/franciscanos.org.br\/noticias\/wp-content\/uploads\/2018\/06\/trezena_pari_030618_min.jpg\",\"width\":273,\"height\":181},{\"@type\":\"WebPage\",\"@id\":\"https:\/\/franciscanos.org.br\/noticias\/a-novidade-arrebatadora-do-evangelho-de-jesus-cristo.html#webpage\",\"url\":\"https:\/\/franciscanos.org.br\/noticias\/a-novidade-arrebatadora-do-evangelho-de-jesus-cristo.html\",\"name\":\"A novidade arrebatadora do Evangelho de Cristo - Not\u00edcias - Franciscanos\",\"isPartOf\":{\"@id\":\"https:\/\/franciscanos.org.br\/noticias\/#website\"},\"primaryImageOfPage\":{\"@id\":\"https:\/\/franciscanos.org.br\/noticias\/a-novidade-arrebatadora-do-evangelho-de-jesus-cristo.html#primaryimage\"},\"datePublished\":\"2018-06-04T04:08:17+00:00\",\"dateModified\":\"2019-08-23T14:00:10+00:00\",\"author\":{\"@id\":\"https:\/\/franciscanos.org.br\/noticias\/#\/schema\/person\/37f88f0d111cd5358b12a6556a99eb91\"},\"breadcrumb\":{\"@id\":\"https:\/\/franciscanos.org.br\/noticias\/a-novidade-arrebatadora-do-evangelho-de-jesus-cristo.html#breadcrumb\"},\"inLanguage\":\"pt-BR\",\"potentialAction\":[{\"@type\":\"ReadAction\",\"target\":[\"https:\/\/franciscanos.org.br\/noticias\/a-novidade-arrebatadora-do-evangelho-de-jesus-cristo.html\"]}]},{\"@type\":\"BreadcrumbList\",\"@id\":\"https:\/\/franciscanos.org.br\/noticias\/a-novidade-arrebatadora-do-evangelho-de-jesus-cristo.html#breadcrumb\",\"itemListElement\":[{\"@type\":\"ListItem\",\"position\":1,\"name\":\"Home\",\"item\":\"https:\/\/franciscanos.org.br\/noticias\"},{\"@type\":\"ListItem\",\"position\":2,\"name\":\"A novidade arrebatadora do Evangelho de Cristo\"}]},{\"@type\":\"Person\",\"@id\":\"https:\/\/franciscanos.org.br\/noticias\/#\/schema\/person\/37f88f0d111cd5358b12a6556a99eb91\",\"name\":\"freiaugusto\",\"image\":{\"@type\":\"ImageObject\",\"inLanguage\":\"pt-BR\",\"@id\":\"https:\/\/franciscanos.org.br\/noticias\/#\/schema\/person\/image\/\",\"url\":\"https:\/\/secure.gravatar.com\/avatar\/9840b940e621801b24f3e6b059efb4b7?s=96&d=mm&r=g\",\"contentUrl\":\"https:\/\/secure.gravatar.com\/avatar\/9840b940e621801b24f3e6b059efb4b7?s=96&d=mm&r=g\",\"caption\":\"freiaugusto\"},\"url\":\"https:\/\/franciscanos.org.br\/noticias\/author\/freiaugusto\"}]}<\/script>\n<!-- \/ Yoast SEO plugin. -->","yoast_head_json":{"title":"A novidade arrebatadora do Evangelho de Cristo - Not\u00edcias - Franciscanos","robots":{"index":"index","follow":"follow","max-snippet":"max-snippet:-1","max-image-preview":"max-image-preview:large","max-video-preview":"max-video-preview:-1"},"canonical":"https:\/\/franciscanos.org.br\/noticias\/a-novidade-arrebatadora-do-evangelho-de-jesus-cristo.html","og_locale":"pt_BR","og_type":"article","og_title":"A novidade arrebatadora do Evangelho de Cristo - Not\u00edcias - Franciscanos","og_description":"Par\u00f3quia Santo Ant\u00f4nio do Pari","og_url":"https:\/\/franciscanos.org.br\/noticias\/a-novidade-arrebatadora-do-evangelho-de-jesus-cristo.html","og_site_name":"Not\u00edcias - Franciscanos","article_published_time":"2018-06-04T04:08:17+00:00","article_modified_time":"2019-08-23T14:00:10+00:00","og_image":[{"width":273,"height":181,"url":"https:\/\/franciscanos.org.br\/noticias\/wp-content\/uploads\/2018\/06\/trezena_pari_030618_min.jpg","type":"image\/jpeg"}],"author":"freiaugusto","twitter_card":"summary_large_image","twitter_misc":{"Escrito por":"freiaugusto","Est. tempo de leitura":"2 minutos"},"schema":{"@context":"https:\/\/schema.org","@graph":[{"@type":"WebSite","@id":"https:\/\/franciscanos.org.br\/noticias\/#website","url":"https:\/\/franciscanos.org.br\/noticias\/","name":"Not\u00edcias - Franciscanos","description":"Prov\u00edncia Franciscana da Imaculada Concei\u00e7\u00e3o do Brasil - Ordem dos Frades Menores - OFM","potentialAction":[{"@type":"SearchAction","target":{"@type":"EntryPoint","urlTemplate":"https:\/\/franciscanos.org.br\/noticias\/?s={search_term_string}"},"query-input":"required name=search_term_string"}],"inLanguage":"pt-BR"},{"@type":"ImageObject","inLanguage":"pt-BR","@id":"https:\/\/franciscanos.org.br\/noticias\/a-novidade-arrebatadora-do-evangelho-de-jesus-cristo.html#primaryimage","url":"https:\/\/franciscanos.org.br\/noticias\/wp-content\/uploads\/2018\/06\/trezena_pari_030618_min.jpg","contentUrl":"https:\/\/franciscanos.org.br\/noticias\/wp-content\/uploads\/2018\/06\/trezena_pari_030618_min.jpg","width":273,"height":181},{"@type":"WebPage","@id":"https:\/\/franciscanos.org.br\/noticias\/a-novidade-arrebatadora-do-evangelho-de-jesus-cristo.html#webpage","url":"https:\/\/franciscanos.org.br\/noticias\/a-novidade-arrebatadora-do-evangelho-de-jesus-cristo.html","name":"A novidade arrebatadora do Evangelho de Cristo - Not\u00edcias - Franciscanos","isPartOf":{"@id":"https:\/\/franciscanos.org.br\/noticias\/#website"},"primaryImageOfPage":{"@id":"https:\/\/franciscanos.org.br\/noticias\/a-novidade-arrebatadora-do-evangelho-de-jesus-cristo.html#primaryimage"},"datePublished":"2018-06-04T04:08:17+00:00","dateModified":"2019-08-23T14:00:10+00:00","author":{"@id":"https:\/\/franciscanos.org.br\/noticias\/#\/schema\/person\/37f88f0d111cd5358b12a6556a99eb91"},"breadcrumb":{"@id":"https:\/\/franciscanos.org.br\/noticias\/a-novidade-arrebatadora-do-evangelho-de-jesus-cristo.html#breadcrumb"},"inLanguage":"pt-BR","potentialAction":[{"@type":"ReadAction","target":["https:\/\/franciscanos.org.br\/noticias\/a-novidade-arrebatadora-do-evangelho-de-jesus-cristo.html"]}]},{"@type":"BreadcrumbList","@id":"https:\/\/franciscanos.org.br\/noticias\/a-novidade-arrebatadora-do-evangelho-de-jesus-cristo.html#breadcrumb","itemListElement":[{"@type":"ListItem","position":1,"name":"Home","item":"https:\/\/franciscanos.org.br\/noticias"},{"@type":"ListItem","position":2,"name":"A novidade arrebatadora do Evangelho de Cristo"}]},{"@type":"Person","@id":"https:\/\/franciscanos.org.br\/noticias\/#\/schema\/person\/37f88f0d111cd5358b12a6556a99eb91","name":"freiaugusto","image":{"@type":"ImageObject","inLanguage":"pt-BR","@id":"https:\/\/franciscanos.org.br\/noticias\/#\/schema\/person\/image\/","url":"https:\/\/secure.gravatar.com\/avatar\/9840b940e621801b24f3e6b059efb4b7?s=96&d=mm&r=g","contentUrl":"https:\/\/secure.gravatar.com\/avatar\/9840b940e621801b24f3e6b059efb4b7?s=96&d=mm&r=g","caption":"freiaugusto"},"url":"https:\/\/franciscanos.org.br\/noticias\/author\/freiaugusto"}]}},"_links":{"self":[{"href":"https:\/\/franciscanos.org.br\/noticias\/wp-json\/wp\/v2\/posts\/161430"}],"collection":[{"href":"https:\/\/franciscanos.org.br\/noticias\/wp-json\/wp\/v2\/posts"}],"about":[{"href":"https:\/\/franciscanos.org.br\/noticias\/wp-json\/wp\/v2\/types\/post"}],"author":[{"embeddable":true,"href":"https:\/\/franciscanos.org.br\/noticias\/wp-json\/wp\/v2\/users\/5"}],"replies":[{"embeddable":true,"href":"https:\/\/franciscanos.org.br\/noticias\/wp-json\/wp\/v2\/comments?post=161430"}],"version-history":[{"count":0,"href":"https:\/\/franciscanos.org.br\/noticias\/wp-json\/wp\/v2\/posts\/161430\/revisions"}],"wp:featuredmedia":[{"embeddable":true,"href":"https:\/\/franciscanos.org.br\/noticias\/wp-json\/wp\/v2\/media\/199984"}],"wp:attachment":[{"href":"https:\/\/franciscanos.org.br\/noticias\/wp-json\/wp\/v2\/media?parent=161430"}],"wp:term":[{"taxonomy":"category","embeddable":true,"href":"https:\/\/franciscanos.org.br\/noticias\/wp-json\/wp\/v2\/categories?post=161430"},{"taxonomy":"post_tag","embeddable":true,"href":"https:\/\/franciscanos.org.br\/noticias\/wp-json\/wp\/v2\/tags?post=161430"}],"curies":[{"name":"wp","href":"https:\/\/api.w.org\/{rel}","templated":true}]}}