{"id":161363,"date":"2018-06-03T20:08:53","date_gmt":"2018-06-03T23:08:53","guid":{"rendered":"http:\/\/franciscanos.org.br\/?p=161363"},"modified":"2019-10-30T13:41:55","modified_gmt":"2019-10-30T16:41:55","slug":"a-maior-lei-e-o-amor-ao-proximo","status":"publish","type":"post","link":"https:\/\/franciscanos.org.br\/noticias\/a-maior-lei-e-o-amor-ao-proximo.html","title":{"rendered":"3\u00ba dia da Trezena: &#8220;A maior lei \u00e9 o amor ao pr\u00f3ximo&#8221;"},"content":{"rendered":"<p><img loading=\"lazy\" src=\"http:\/\/franciscanos.org.br\/wp-content\/uploads\/2018\/06\/trezena_sp_030618.jpg\" alt=\"trezena_sp_030618\" width=\"830\" height=\"500\" \/><\/p>\n<p><strong>Frei Augusto Luiz Gabriel<\/strong><\/p>\n<p><strong>S\u00e3o Paulo (SP)\u00a0\u2013<\/strong> No terceiro dia (3\/6) da Trezena de Santo Ant\u00f4nio, no Convento e Santu\u00e1rio S\u00e3o Francisco, no centro de S\u00e3o Paulo (SP), o p\u00e1roco e pregador Frei Alvaci Mendes da Luz abordou o tema \u201cP\u00e3o da Palavra\u201d. O frade presidiu a Celebra\u00e7\u00e3o Eucar\u00edstica, que teve in\u00edcio \u00e0s 10h30 e lotou a Igreja de fi\u00e9is e devotos do santo franciscano mais popular no mundo inteiro, que costumeiramente participam das celebra\u00e7\u00f5es dominicais. O Santu\u00e1rio \u00e9 dedicado a S\u00e3o Francisco, mas nestes dias o Santo de Assis fraternalmente cede espa\u00e7o para as devo\u00e7\u00f5es populares e bem franciscanas a Santo Ant\u00f4nio.<\/p>\n<p>Frei Alvaci, que tamb\u00e9m \u00e9 o Reitor do Santu\u00e1rio e Coordenador do Pr\u00f3-Voca\u00e7\u00f5es e Miss\u00f5es Franciscanas da Prov\u00edncia da Imaculada Concei\u00e7\u00e3o, partiu do Evangelho do 9\u00ba Domingo do Tempo Comum para fazer a sua reflex\u00e3o: \u201cQue possamos aprender com Santo Ant\u00f4nio a n\u00e3o nos tornarmos escravos das nossas leis. Amemos de fato o que fazemos e vivemos, mas amemos acima de tudo o pr\u00f3ximo. Est\u00e1 \u00e9 a maior lei!\u201d, observou o pregador.<\/p>\n<p><strong>SANTO ANT\u00d4NIO E O P\u00c3O DA PALAVRA<\/strong><\/p>\n<p><img loading=\"lazy\" class=\"alignleft wp-image-161366 \" src=\"http:\/\/franciscanos.org.br\/wp-content\/uploads\/2018\/06\/trezena_sp_030618_1.jpg\" alt=\"trezena_sp_030618_1\" width=\"349\" height=\"207\" \/>Na homilia, o frade come\u00e7ou falando sobre o tema escolhido para este 3\u00ba dia da Trezena e disse: \u201cNeste ano escolhemos o tema geral para a Trezena que \u00e9 Santo Ant\u00f4nio e o P\u00e3o dos Pobres. Aqui, nesta Igreja, h\u00e1 mais de 200 anos foi criada uma casa dos pobres, onde s\u00e3o distribu\u00eddos p\u00e3es \u00e0s pessoas mais simples. At\u00e9 hoje a tradi\u00e7\u00e3o se mant\u00e9m. Esta devo\u00e7\u00e3o nasceu da vontade de Ant\u00f4nio de ajudar a todos\u201d, ressaltou.<\/p>\n<p>Pela Palavra de Deus, o santo franciscano t\u00e3o devotado no mundo todo, combatia qualquer mal-entendido. Seus belos serm\u00f5es, sempre duros contra o mal do pecado social, convidava a todos \u00e0 pr\u00e1tica da Palavra de Deus. \u00c9 por isso que, em sua imagem, Frei Ant\u00f4nio traz consigo a B\u00edblia. Afinal, ela foi para ele n\u00e3o s\u00f3 mat\u00e9ria de estudo, mas foi luz para a sua vida franciscana.<\/p>\n<p>\u201cComo n\u00f3s j\u00e1 sabemos, Ant\u00f4nio \u00e9 Doutor da Igreja. No seu tempo foi um grande orador. E dentro do tema de hoje \u2013 P\u00e3o da Palavra \u2013 vemos que Ant\u00f4nio desde sempre foi o homem da palavra. Mas, olha s\u00f3 que interessante, \u00e9 dele tamb\u00e9m a conhecida frase: \u2018Cessem as palavras e falem as obras\u2019. Ele sabia muito bem que palavra e a a\u00e7\u00e3o tem que combinar. N\u00e3o d\u00e1 certo s\u00f3 falar bonito e n\u00e3o fazer nada, as duas coisas precisam ser combinadas. E vemos que na vida dele isso foi uma concilia\u00e7\u00e3o perfeita a ponto de se tornar um Doutor da Igreja, da palavra e da doa\u00e7\u00e3o\u201d, destacou o pregador!<\/p>\n<p>Segundo ele, j\u00e1 se passaram quase 800 anos e n\u00f3s estamos aqui lembrando este santo homem. \u201cEle foi homem como a gente, com todos os medos, pecados, anseios, ang\u00fastias, tristezas, inseguran\u00e7as&#8230; homem igual a todo mundo! Por\u00e9m, como franciscano ele tentou fazer bem a sua parte e conseguiu conciliar de forma extraordin\u00e1ria o pregar e o agir\u201d, ensinou Frei Alvaci.<\/p>\n<p><strong>A MAIOR LEI \u00c9 O AMOR AO PR\u00d3XIMO<\/strong><\/p>\n<p><img loading=\"lazy\" class=\"alignright wp-image-161369 size-full\" src=\"http:\/\/franciscanos.org.br\/wp-content\/uploads\/2018\/06\/trezena_sp_030618_2.jpg\" alt=\"trezena_sp_030618_2\" width=\"300\" height=\"450\" \/>Discorrendo sobre a liturgia do 9\u00ba Domingo do Tempo Comum, o celebrante disse que Jesus apresenta uma ressalva e pede para ter cuidado: \u201cCuidem! N\u00e3o vos torneis escravos das leis que voc\u00eas criaram. Vemos na liturgia a preocupa\u00e7\u00e3o do povo judeu com o s\u00e1bado. A obriga\u00e7\u00e3o deles \u00e9 que no s\u00e1bado n\u00e3o se devia fazer nada. At\u00e9 hoje \u00e9 assim, e no tempo de Jesus era mais ainda. Eles tinham 39 preceitos que deviam ser obedecidos, por\u00e9m, raramente algu\u00e9m chegava ao final de um dia de s\u00e1bado sem ter pecado em algum daqueles preceitos. Eram obriga\u00e7\u00f5es que se desdobravam em outras tantas que n\u00e3o dava para se fazer quase nada\u201d, ressaltou.<\/p>\n<p>\u201cNa primeira leitura ouvimos que o povo estava se tornado escravo de si mesmo. E tamb\u00e9m ouvimos que era necess\u00e1rio reservar um dia para que todos descansassem, at\u00e9 mesmo os animais. Todos precisam descansar no dia reservado ao Senhor. Passado muito tempo, Jesus percebeu que eles tinham se tornado escravos do dia do s\u00e1bado, das leis que eles mesmos criaram. E a\u00ed inv\u00e9s de descansar todo mundo se tornava pecador. Era uma leia rigorista demais e Jesus n\u00e3o gosta disso\u201d, afirmou o frade.<\/p>\n<p>Segundo o frade, tudo o que fere o ser humano n\u00e3o \u00e9 bom pra Jesus. \u201cVemos no Evangelho que Jesus faz uma pergunta para as pessoas que eram r\u00edgidas no cumprimento da Lei: \u00e9 permitido fazer o bem ou fazer o mal no dia do s\u00e1bado? \u00c9 permitido ajudar algu\u00e9m ou n\u00e3o ajudar? Jesus curou o homem da m\u00e3o seca na frente de todo mundo para dizer que o ser humano \u00e9 muito mais importante do que as leis que s\u00e3o criadas em torno do <em>\u201cpode ou n\u00e3o pode\u201d<\/em>. N\u00e3o podemos nos tornar escravos dos nossos pr\u00f3prios rigorismos. Vemos isso tamb\u00e9m dentro da nossa Igreja, e isso deixa Jesus muito triste. \u00c9 obvio que \u00e9 permitido fazer o bem em qualquer dia\u201d, assinalou.<\/p>\n<p>E concluiu: \u201cMuito cuidado! Se nos apegamos a estes rigores e legalismos, n\u00e3o conseguiremos fazer nada. Que possamos aprender com Santo Ant\u00f4nio a n\u00e3o nos tornarmos escravos das nossas leis. Que amemos de fato o que fazemos e vivemos, mas amemos acima de tudo o pr\u00f3ximo. Est\u00e1 \u00e9 a maior lei! Que Jesus nos ajude a cada dia mais sermos homens e mulheres crentes que acreditam no que vivem e fazem\u201d, finalizou.\u201d<\/p>\n<p><img loading=\"lazy\" src=\"http:\/\/franciscanos.org.br\/wp-content\/uploads\/2018\/06\/trezena_sp_030618_3.jpg\" alt=\"trezena_sp_030618_3\" width=\"830\" height=\"400\" \/><\/p>\n<p>Ap\u00f3s a comunh\u00e3o o celebrante aben\u00e7oou as alian\u00e7as do casal Diego e Bruna. Tamb\u00e9m convidou a assembleia reunida para cantar os parab\u00e9ns a Pedro, aniversariante da semana. Frei Alexandre Rohling, que ajudou na anima\u00e7\u00e3o da celebra\u00e7\u00e3o tocando percuss\u00e3o, anunciou que nos pr\u00f3ximos dias Frei Alvaci viaja para o Nair\u00f3bi na Qu\u00eania (\u00c1frica) para participar do Conselho Plen\u00e1rio da Ordem entre os dias 12 a 28 de junho, e rezou uma Ave Maria. No final da celebra\u00e7\u00e3o, Frei Alvaci com o relic\u00e1rio de Santo Ant\u00f4nio \u00e0s m\u00e3os aben\u00e7oou e aspergiu com \u00e1gua benta os presentes.<\/p>\n<p>Amanh\u00e3, 4 de junho, a celebra\u00e7\u00e3o do 4\u00ba dia da Trezena de Santo Ant\u00f4nio ser\u00e1 ao meio dia (12h) e o tema que nortear\u00e1 as reflex\u00f5es \u00e9: &#8220;Santo Ant\u00f4nio p\u00e3o da justi\u00e7a&#8221;.<\/p>\n","protected":false},"excerpt":{"rendered":"<p>Convento S\u00e3o Francisco<\/p>\n","protected":false},"author":5,"featured_media":199828,"comment_status":"open","ping_status":"open","sticky":false,"template":"","format":"standard","meta":[],"categories":[1],"tags":[312,389],"acf":[],"yoast_head":"<!-- This site is optimized with the Yoast SEO plugin v19.2 - https:\/\/yoast.com\/wordpress\/plugins\/seo\/ -->\n<title>3\u00ba dia da Trezena: &quot;A maior lei \u00e9 o amor ao pr\u00f3ximo&quot; - Not\u00edcias - Franciscanos<\/title>\n<meta name=\"robots\" content=\"index, follow, max-snippet:-1, max-image-preview:large, max-video-preview:-1\" \/>\n<link rel=\"canonical\" href=\"https:\/\/franciscanos.org.br\/noticias\/a-maior-lei-e-o-amor-ao-proximo.html\" \/>\n<meta property=\"og:locale\" content=\"pt_BR\" \/>\n<meta property=\"og:type\" content=\"article\" \/>\n<meta property=\"og:title\" content=\"3\u00ba dia da Trezena: &quot;A maior lei \u00e9 o amor ao pr\u00f3ximo&quot; - Not\u00edcias - Franciscanos\" \/>\n<meta property=\"og:description\" content=\"Convento S\u00e3o Francisco\" \/>\n<meta property=\"og:url\" content=\"https:\/\/franciscanos.org.br\/noticias\/a-maior-lei-e-o-amor-ao-proximo.html\" \/>\n<meta property=\"og:site_name\" content=\"Not\u00edcias - Franciscanos\" \/>\n<meta property=\"article:published_time\" content=\"2018-06-03T23:08:53+00:00\" \/>\n<meta property=\"article:modified_time\" content=\"2019-10-30T16:41:55+00:00\" \/>\n<meta property=\"og:image\" content=\"https:\/\/franciscanos.org.br\/noticias\/wp-content\/uploads\/2018\/06\/trezena_sp_030618.jpg\" \/>\n\t<meta property=\"og:image:width\" content=\"379\" \/>\n\t<meta property=\"og:image:height\" content=\"252\" \/>\n\t<meta property=\"og:image:type\" content=\"image\/jpeg\" \/>\n<meta name=\"author\" content=\"freiaugusto\" \/>\n<meta name=\"twitter:card\" content=\"summary_large_image\" \/>\n<meta name=\"twitter:label1\" content=\"Escrito por\" \/>\n\t<meta name=\"twitter:data1\" content=\"freiaugusto\" \/>\n\t<meta name=\"twitter:label2\" content=\"Est. tempo de leitura\" \/>\n\t<meta name=\"twitter:data2\" content=\"6 minutos\" \/>\n<script type=\"application\/ld+json\" class=\"yoast-schema-graph\">{\"@context\":\"https:\/\/schema.org\",\"@graph\":[{\"@type\":\"WebSite\",\"@id\":\"https:\/\/franciscanos.org.br\/noticias\/#website\",\"url\":\"https:\/\/franciscanos.org.br\/noticias\/\",\"name\":\"Not\u00edcias - Franciscanos\",\"description\":\"Prov\u00edncia Franciscana da Imaculada Concei\u00e7\u00e3o do Brasil - Ordem dos Frades Menores - OFM\",\"potentialAction\":[{\"@type\":\"SearchAction\",\"target\":{\"@type\":\"EntryPoint\",\"urlTemplate\":\"https:\/\/franciscanos.org.br\/noticias\/?s={search_term_string}\"},\"query-input\":\"required name=search_term_string\"}],\"inLanguage\":\"pt-BR\"},{\"@type\":\"ImageObject\",\"inLanguage\":\"pt-BR\",\"@id\":\"https:\/\/franciscanos.org.br\/noticias\/a-maior-lei-e-o-amor-ao-proximo.html#primaryimage\",\"url\":\"https:\/\/franciscanos.org.br\/noticias\/wp-content\/uploads\/2018\/06\/trezena_sp_030618.jpg\",\"contentUrl\":\"https:\/\/franciscanos.org.br\/noticias\/wp-content\/uploads\/2018\/06\/trezena_sp_030618.jpg\",\"width\":379,\"height\":252},{\"@type\":\"WebPage\",\"@id\":\"https:\/\/franciscanos.org.br\/noticias\/a-maior-lei-e-o-amor-ao-proximo.html#webpage\",\"url\":\"https:\/\/franciscanos.org.br\/noticias\/a-maior-lei-e-o-amor-ao-proximo.html\",\"name\":\"3\u00ba dia da Trezena: \\\"A maior lei \u00e9 o amor ao pr\u00f3ximo\\\" - Not\u00edcias - Franciscanos\",\"isPartOf\":{\"@id\":\"https:\/\/franciscanos.org.br\/noticias\/#website\"},\"primaryImageOfPage\":{\"@id\":\"https:\/\/franciscanos.org.br\/noticias\/a-maior-lei-e-o-amor-ao-proximo.html#primaryimage\"},\"datePublished\":\"2018-06-03T23:08:53+00:00\",\"dateModified\":\"2019-10-30T16:41:55+00:00\",\"author\":{\"@id\":\"https:\/\/franciscanos.org.br\/noticias\/#\/schema\/person\/37f88f0d111cd5358b12a6556a99eb91\"},\"breadcrumb\":{\"@id\":\"https:\/\/franciscanos.org.br\/noticias\/a-maior-lei-e-o-amor-ao-proximo.html#breadcrumb\"},\"inLanguage\":\"pt-BR\",\"potentialAction\":[{\"@type\":\"ReadAction\",\"target\":[\"https:\/\/franciscanos.org.br\/noticias\/a-maior-lei-e-o-amor-ao-proximo.html\"]}]},{\"@type\":\"BreadcrumbList\",\"@id\":\"https:\/\/franciscanos.org.br\/noticias\/a-maior-lei-e-o-amor-ao-proximo.html#breadcrumb\",\"itemListElement\":[{\"@type\":\"ListItem\",\"position\":1,\"name\":\"Home\",\"item\":\"https:\/\/franciscanos.org.br\/noticias\"},{\"@type\":\"ListItem\",\"position\":2,\"name\":\"3\u00ba dia da Trezena: &#8220;A maior lei \u00e9 o amor ao pr\u00f3ximo&#8221;\"}]},{\"@type\":\"Person\",\"@id\":\"https:\/\/franciscanos.org.br\/noticias\/#\/schema\/person\/37f88f0d111cd5358b12a6556a99eb91\",\"name\":\"freiaugusto\",\"image\":{\"@type\":\"ImageObject\",\"inLanguage\":\"pt-BR\",\"@id\":\"https:\/\/franciscanos.org.br\/noticias\/#\/schema\/person\/image\/\",\"url\":\"https:\/\/secure.gravatar.com\/avatar\/9840b940e621801b24f3e6b059efb4b7?s=96&d=mm&r=g\",\"contentUrl\":\"https:\/\/secure.gravatar.com\/avatar\/9840b940e621801b24f3e6b059efb4b7?s=96&d=mm&r=g\",\"caption\":\"freiaugusto\"},\"url\":\"https:\/\/franciscanos.org.br\/noticias\/author\/freiaugusto\"}]}<\/script>\n<!-- \/ Yoast SEO plugin. -->","yoast_head_json":{"title":"3\u00ba dia da Trezena: \"A maior lei \u00e9 o amor ao pr\u00f3ximo\" - Not\u00edcias - Franciscanos","robots":{"index":"index","follow":"follow","max-snippet":"max-snippet:-1","max-image-preview":"max-image-preview:large","max-video-preview":"max-video-preview:-1"},"canonical":"https:\/\/franciscanos.org.br\/noticias\/a-maior-lei-e-o-amor-ao-proximo.html","og_locale":"pt_BR","og_type":"article","og_title":"3\u00ba dia da Trezena: \"A maior lei \u00e9 o amor ao pr\u00f3ximo\" - Not\u00edcias - Franciscanos","og_description":"Convento S\u00e3o Francisco","og_url":"https:\/\/franciscanos.org.br\/noticias\/a-maior-lei-e-o-amor-ao-proximo.html","og_site_name":"Not\u00edcias - Franciscanos","article_published_time":"2018-06-03T23:08:53+00:00","article_modified_time":"2019-10-30T16:41:55+00:00","og_image":[{"width":379,"height":252,"url":"https:\/\/franciscanos.org.br\/noticias\/wp-content\/uploads\/2018\/06\/trezena_sp_030618.jpg","type":"image\/jpeg"}],"author":"freiaugusto","twitter_card":"summary_large_image","twitter_misc":{"Escrito por":"freiaugusto","Est. tempo de leitura":"6 minutos"},"schema":{"@context":"https:\/\/schema.org","@graph":[{"@type":"WebSite","@id":"https:\/\/franciscanos.org.br\/noticias\/#website","url":"https:\/\/franciscanos.org.br\/noticias\/","name":"Not\u00edcias - Franciscanos","description":"Prov\u00edncia Franciscana da Imaculada Concei\u00e7\u00e3o do Brasil - Ordem dos Frades Menores - OFM","potentialAction":[{"@type":"SearchAction","target":{"@type":"EntryPoint","urlTemplate":"https:\/\/franciscanos.org.br\/noticias\/?s={search_term_string}"},"query-input":"required name=search_term_string"}],"inLanguage":"pt-BR"},{"@type":"ImageObject","inLanguage":"pt-BR","@id":"https:\/\/franciscanos.org.br\/noticias\/a-maior-lei-e-o-amor-ao-proximo.html#primaryimage","url":"https:\/\/franciscanos.org.br\/noticias\/wp-content\/uploads\/2018\/06\/trezena_sp_030618.jpg","contentUrl":"https:\/\/franciscanos.org.br\/noticias\/wp-content\/uploads\/2018\/06\/trezena_sp_030618.jpg","width":379,"height":252},{"@type":"WebPage","@id":"https:\/\/franciscanos.org.br\/noticias\/a-maior-lei-e-o-amor-ao-proximo.html#webpage","url":"https:\/\/franciscanos.org.br\/noticias\/a-maior-lei-e-o-amor-ao-proximo.html","name":"3\u00ba dia da Trezena: \"A maior lei \u00e9 o amor ao pr\u00f3ximo\" - Not\u00edcias - Franciscanos","isPartOf":{"@id":"https:\/\/franciscanos.org.br\/noticias\/#website"},"primaryImageOfPage":{"@id":"https:\/\/franciscanos.org.br\/noticias\/a-maior-lei-e-o-amor-ao-proximo.html#primaryimage"},"datePublished":"2018-06-03T23:08:53+00:00","dateModified":"2019-10-30T16:41:55+00:00","author":{"@id":"https:\/\/franciscanos.org.br\/noticias\/#\/schema\/person\/37f88f0d111cd5358b12a6556a99eb91"},"breadcrumb":{"@id":"https:\/\/franciscanos.org.br\/noticias\/a-maior-lei-e-o-amor-ao-proximo.html#breadcrumb"},"inLanguage":"pt-BR","potentialAction":[{"@type":"ReadAction","target":["https:\/\/franciscanos.org.br\/noticias\/a-maior-lei-e-o-amor-ao-proximo.html"]}]},{"@type":"BreadcrumbList","@id":"https:\/\/franciscanos.org.br\/noticias\/a-maior-lei-e-o-amor-ao-proximo.html#breadcrumb","itemListElement":[{"@type":"ListItem","position":1,"name":"Home","item":"https:\/\/franciscanos.org.br\/noticias"},{"@type":"ListItem","position":2,"name":"3\u00ba dia da Trezena: &#8220;A maior lei \u00e9 o amor ao pr\u00f3ximo&#8221;"}]},{"@type":"Person","@id":"https:\/\/franciscanos.org.br\/noticias\/#\/schema\/person\/37f88f0d111cd5358b12a6556a99eb91","name":"freiaugusto","image":{"@type":"ImageObject","inLanguage":"pt-BR","@id":"https:\/\/franciscanos.org.br\/noticias\/#\/schema\/person\/image\/","url":"https:\/\/secure.gravatar.com\/avatar\/9840b940e621801b24f3e6b059efb4b7?s=96&d=mm&r=g","contentUrl":"https:\/\/secure.gravatar.com\/avatar\/9840b940e621801b24f3e6b059efb4b7?s=96&d=mm&r=g","caption":"freiaugusto"},"url":"https:\/\/franciscanos.org.br\/noticias\/author\/freiaugusto"}]}},"_links":{"self":[{"href":"https:\/\/franciscanos.org.br\/noticias\/wp-json\/wp\/v2\/posts\/161363"}],"collection":[{"href":"https:\/\/franciscanos.org.br\/noticias\/wp-json\/wp\/v2\/posts"}],"about":[{"href":"https:\/\/franciscanos.org.br\/noticias\/wp-json\/wp\/v2\/types\/post"}],"author":[{"embeddable":true,"href":"https:\/\/franciscanos.org.br\/noticias\/wp-json\/wp\/v2\/users\/5"}],"replies":[{"embeddable":true,"href":"https:\/\/franciscanos.org.br\/noticias\/wp-json\/wp\/v2\/comments?post=161363"}],"version-history":[{"count":0,"href":"https:\/\/franciscanos.org.br\/noticias\/wp-json\/wp\/v2\/posts\/161363\/revisions"}],"wp:featuredmedia":[{"embeddable":true,"href":"https:\/\/franciscanos.org.br\/noticias\/wp-json\/wp\/v2\/media\/199828"}],"wp:attachment":[{"href":"https:\/\/franciscanos.org.br\/noticias\/wp-json\/wp\/v2\/media?parent=161363"}],"wp:term":[{"taxonomy":"category","embeddable":true,"href":"https:\/\/franciscanos.org.br\/noticias\/wp-json\/wp\/v2\/categories?post=161363"},{"taxonomy":"post_tag","embeddable":true,"href":"https:\/\/franciscanos.org.br\/noticias\/wp-json\/wp\/v2\/tags?post=161363"}],"curies":[{"name":"wp","href":"https:\/\/api.w.org\/{rel}","templated":true}]}}