{"id":161310,"date":"2018-06-03T15:09:57","date_gmt":"2018-06-03T18:09:57","guid":{"rendered":"http:\/\/franciscanos.org.br\/?p=161310"},"modified":"2019-05-03T09:43:13","modified_gmt":"2019-05-03T12:43:13","slug":"kuzma-se-enganam-aqueles-que-acham-que-os-leigos-querem-ocupar-um-espaco-que-nao-lhes-pertence","status":"publish","type":"post","link":"https:\/\/franciscanos.org.br\/noticias\/kuzma-se-enganam-aqueles-que-acham-que-os-leigos-querem-ocupar-um-espaco-que-nao-lhes-pertence.html","title":{"rendered":"Kuzma: &#8216;Se enganam os que acham que os leigos querem ocupar espa\u00e7o que n\u00e3o lhes pertence&#8217;"},"content":{"rendered":"<p><img loading=\"lazy\" src=\"http:\/\/franciscanos.org.br\/wp-content\/uploads\/2018\/06\/trezena_030618_7.jpg\" alt=\"trezena_030618_7\" width=\"830\" height=\"818\" \/><\/p>\n<p><strong>Moacir Beggo\u00a0\u00a0 <\/strong><\/p>\n<p><strong>\u00a0<\/strong><strong>Rio de Janeiro (SP)<\/strong> &#8211;\u00a0O terceiro dia da Trezena de Santo Ant\u00f4nio, no Convento Santo Ant\u00f4nio do Largo da Carioca (RJ), reservou aos seus fi\u00e9is um momento especial, tendo em vista o <em>Ano do Laicato<\/em> na Igreja do Brasil, para ouvir uma prega\u00e7\u00e3o sobre a voca\u00e7\u00e3o e a miss\u00e3o do leigo na Igreja, a tem\u00e1tica proposta para o dia.<\/p>\n<p>O domingo, 3 de junho, amanheceu nublado, mas a &#8220;cara feia&#8221; do tempo s\u00f3 ficou fora da igreja do Convento. No seu interior, o mestre e doutor em Teologia Cesar Augusto Kuzma (*), representante dos leigos na Comiss\u00e3o do Laicato da CNBB e convidado pelo presidente da Celebra\u00e7\u00e3o Eucar\u00edstica, Frei Neylor Tonin, deixou mais claro este tema que toda a Igreja do Brasil est\u00e1 debru\u00e7ada. &#8220;\u00c9 a primeira vez que venho aqui, e venho com bastante alegria, com bastante entusiasmo. Agrade\u00e7o ao Frei Neylor pelo convite e tamb\u00e9m agrade\u00e7o a voc\u00eas a oportunidade e tamb\u00e9m a paci\u00eancia de poder me ouvir por alguns instantes e podermos juntos partilhar um pouco sobre a voca\u00e7\u00e3o, sobre a miss\u00e3o do leigo, a import\u00e2ncia que n\u00f3s temos no \u00e2mbito eclesial, no \u00e2mbito da miss\u00e3o, mas principalmente em vista do chamado maior que n\u00f3s temos, que \u00e9 o chamado na sociedade, que \u00e9 o chamado de agir no mundo, onde n\u00f3s podemos ser luz, fermento e ser sal na terra&#8221;, situou o pregador.<\/p>\n<p>&#8220;Se n\u00f3s pegamos, por exemplo, a 1\u00aa Leitura (Dt 5,12-15), onde se coloca a quest\u00e3o do trabalho &#8211; e hoje temos todos uma din\u00e2mica e uma problem\u00e1tica em vista do trabalho e da falta de oportunidade, da falta de espa\u00e7os, onde as pessoas n\u00e3o t\u00eam onde buscar o seu sustento, uma realidade que cresce muito n\u00e3o apenas no nosso pa\u00eds, mas no mundo todo &#8211; e traduzimos isso para o trabalho em n\u00edvel de Igreja, a gente pode pensar: o que nos \u00e9 dado fazer, o que nos \u00e9 permitido trabalhar, construir e como \u00e9 que n\u00f3s nos encontramos diante disso?&#8221;, questionou.<\/p>\n<p><img loading=\"lazy\" src=\"http:\/\/franciscanos.org.br\/wp-content\/uploads\/2018\/06\/trezena_030618_2.jpg\" alt=\"trezena_030618_2\" width=\"830\" height=\"568\" \/><\/p>\n<p>Na 2\u00aa leitura (2Cor 4,6-11), o professor lembrou algumas quest\u00f5es e o conflito que traz ao exercer e viver a f\u00e9. &#8220;A\u00ed, olhando a leitura, me deparava com a dificuldade de ser leigo hoje, de viver a sua f\u00e9, de testemunhar a sua f\u00e9, de maneira cr\u00edtica, de maneira pr\u00e1tica, de maneira a construir algo. E aqui n\u00f3s temos a grande maioria como leigos e leigas &#8211; e voc\u00eas devem saber e concordar comigo que n\u00e3o \u00e9 uma voca\u00e7\u00e3o f\u00e1cil. \u00c9 uma voca\u00e7\u00e3o que voc\u00ea tem que argumentar a sua import\u00e2ncia, argumentar a sua exist\u00eancia. Muitas vezes nos querem leigos apenas submissos que recebem e acolhem passivamente aquilo que nos \u00e9 dado e, quando n\u00f3s ousamos dizer algo, ou fazer algo, n\u00f3s somos cerceados ou limitados na nossa a\u00e7\u00e3o. E tem uma frase na segunda leitura que diz muito sobre o papel, a voca\u00e7\u00e3o e aquilo que os leigos sofrem, quando se diz assim do vers\u00edculo 8 em diante: <em>&#8216;Somos afligidos de todos os lados, mas n\u00e3o vencidos pela ang\u00fastia; postos entre os maiores apuros, mas sem perder a esperan\u00e7a; perseguidos, mas n\u00e3o desamparados; derrubados, mas n\u00e3o aniquilados; por toda parte e sempre levamos em n\u00f3s mesmos os sofrimentos mortais de Jesus, para que tamb\u00e9m a vida de Jesus seja manifestada em nossos corpos<\/em>&#8216;&#8221;, ilustrou, lembrando que o<em> Ano do Laicato<\/em> na Igreja do Brasil come\u00e7ou em meados de novembro do ano passado e vai at\u00e9 novembro desse ano, quando teremos a Festa de Cristo Rei, que \u00e9 um dia dedicado \u00e0 voca\u00e7\u00e3o e miss\u00e3o dos leigos na Igreja.<\/p>\n<p>&#8220;Trazer o <em>Ano do Laicato<\/em> para a Igreja do Brasil n\u00e3o foi uma tarefa f\u00e1cil. Foi uma tarefa muito dif\u00edcil, mas tivemos em n\u00edvel de Igreja mundial o ano que celebrou a voca\u00e7\u00e3o sacerdotal; tivemos em n\u00edvel mundial o ano que celebrou a vida consagrada, mas n\u00e3o tivemos na Igreja em n\u00edvel mundial um ano que celebrasse e pensasse a voca\u00e7\u00e3o do leigos e leigas&#8221;, explicou, detalhando como foi criado esse Ano com apoio de alguns bispos e da Comiss\u00e3o do Laicato, da qual ele faz parte, e da necessidade de se produzir um documento.<\/p>\n<p><img loading=\"lazy\" src=\"http:\/\/franciscanos.org.br\/wp-content\/uploads\/2018\/06\/trezena_030618_6.jpg\" alt=\"trezena_030618_6\" width=\"830\" height=\"411\" \/><\/p>\n<p>O documento foi produzido e publicado em 2016 com o t\u00edtulo que traz como tem\u00e1tica &#8220;Leigos e leigas, sujeitos na Igreja, sujeitos no mundo&#8221;. &#8220;Na ocasi\u00e3o do lan\u00e7amento pude fazer uma palestra aos bispos em Aparecida, e, na minha fala, argumentei a import\u00e2ncia do Documento e a import\u00e2ncia do Ano dizendo que n\u00e3o \u00e9 f\u00e1cil ser leigo. Na nossa frente muitas portas est\u00e3o fechadas, na nossa frente muitos rostos se viram contra n\u00f3s, muitas m\u00e3os que deveriam ser estendidas se fecham, mas mesmo assim os leigos continuam atuando, mesmo assim os leigos continuam persistindo, resistindo, sendo for\u00e7a e esperan\u00e7a da Igreja no mundo. E se enganam aqueles que acham que os leigos querem ocupar um espa\u00e7o que n\u00e3o lhes pertence. Os leigos, por sua vez, querem ocupar um espa\u00e7o que que lhes pertence por direito e que \u00e9 garantido pela voca\u00e7\u00e3o batismal, onde pelo batismo nos tornamos semelhantes a Cristo. Assumimos o nosso minist\u00e9rio, assumimos a nossa voca\u00e7\u00e3o, somos sacerdotes com Ele, somos profetas com Ele e passamos a organizar o mundo a partir Dele. Isso que compete a voca\u00e7\u00e3o e miss\u00e3o dos leigos na Igreja, onde h\u00e1 uma dignidade que lhe \u00e9 pr\u00f3pria, onde n\u00f3s n\u00e3o estamos apenas como aqueles que servem e que est\u00e3o abaixo, mas lutamos e buscamos uma Igreja que possa ser Igreja na sua totalidade, onde leigos e padres, onde leigos e religiosos, onde toda Igreja possa se formar e possa se valer como povo de Deus&#8221;, enfatizou.<\/p>\n<p>Segundo o pregador, ao falar que s\u00e3o dignos e perguntar qual a import\u00e2ncia, qual \u00e9 a relev\u00e2ncia, qual a miss\u00e3o dessa voca\u00e7\u00e3o, os leigos devem ter isso bastante claro.<\/p>\n<p>&#8220;Ent\u00e3o, n\u00e3o estamos mais numa expectativa de apenas receber, mas tamb\u00e9m de oferecer, e oferecemos de cora\u00e7\u00e3o livre, oferecemos de cora\u00e7\u00e3o aberto. E esse \u00e9 um chamado importante que nos garante e \u00e9 valioso para a nossa voca\u00e7\u00e3o&#8221;, ensinou.<\/p>\n<p><img loading=\"lazy\" src=\"http:\/\/franciscanos.org.br\/wp-content\/uploads\/2018\/06\/trezena_030618_5.jpg\" alt=\"trezena_030618_5\" width=\"830\" height=\"1107\" \/><\/p>\n<p>Segundo Cesar, dentro dessa perspectiva do Ano do Laicato, que foi colocada pelo documento da CNBB, que tem como <strong>n\u00famero 105,<\/strong> se fala que existe para a voca\u00e7\u00e3o do leigo uma autonomia, e essa autonomia exige uma busca de maturidade. &#8220;Quando falamos numa autonomia no viver do leigo n\u00e3o quer dizer que o leigo agora, como qualquer outra voca\u00e7\u00e3o, faz aquilo que bem entender, mas para n\u00f3s a autonomia se alia e caminha junto com aquilo que \u00e9 pedido como a busca da maturidade&#8221;, ponderou o mestre.<\/p>\n<p>&#8220;O que eu creio e para o que estou crendo? Como vivo minha f\u00e9 e para quem eu ofere\u00e7o minha pr\u00f3pria f\u00e9? O que busco diante da comunidade mas tamb\u00e9m o que ofere\u00e7o junto com a minha pr\u00f3pria comunidade?\u00a0 Se o mundo a\u00ed fora hoje exige ou nos possibilita uma postura individualista do ser, o ser crist\u00e3o, o viver a f\u00e9 nos impede de qualquer atitude individualista, porque n\u00f3s compartilhamos o mesmo P\u00e3o, compartilhamos e ouvimos a mesma Palavra, vivemos na mesma realidade e, juntos, de m\u00e3os dadas, assumimos o nosso compromisso diante do mundo. Nenhuma miss\u00e3o \u00e9 individual, como nenhuma esperan\u00e7a \u00e9 individual. Toda miss\u00e3o se faz coletiva porque tudo que esperamos tamb\u00e9m \u00e9 uma esperan\u00e7a coletiva. Esperamos com todos e agimos com todos, para todos e al\u00e9m de todos&#8221;, acrescentou.<\/p>\n<p>O pregador contou que est\u00e1 terminando um texto que vai trabalhar um pouco a \u00f3tica respons\u00e1vel do crist\u00e3o na sociedade e partiu de duas perguntas: 1\u00aa) O que eu posso esperar diante do mundo que me cerca, que me desafia, diante das certezas e incertezas da pr\u00f3pria vida? &#8220;S\u00f3 que essa pergunta \u00e9 uma pergunta dita no \u00e2mbito muito amplo, mas para n\u00f3s, que somos crist\u00e3os, antes de perguntar o que eu posso esperar, devo ter uma outra pergunta: O que me \u00e9 dado esperar sendo que a f\u00e9 \u00e9 uma resposta, um chamado maior? E se eu acolho aquilo que me \u00e9 dado esperar, eu devo ter outra pergunta: Com quem eu devo esperar, olhando o lado comunit\u00e1rio, o lado da comunidade, o lado que se faz presente e fiel dentro dessa palavra de Deus que se revela. Ent\u00e3o, dizendo assim em poucas palavras aquilo que compete \u00e0 voca\u00e7\u00e3o e \u00e0 miss\u00e3o dos leigos na Igreja. Diria que a voca\u00e7\u00e3o e miss\u00e3o dos leigos na Igreja \u00e9 deixar-se tocar pela gra\u00e7a que vem do pr\u00f3prio Cristo. Deixar-se moldar por aquilo que Cristo oferece a voc\u00ea e passar a viver os seus passos, o seu dia a dia, rumo a esse horizonte, rumo a essa pessoa, rumo a esse desfecho&#8221;, definiu.<\/p>\n<p><img loading=\"lazy\" src=\"http:\/\/franciscanos.org.br\/wp-content\/uploads\/2018\/06\/trezena_030618_3.jpg\" alt=\"trezena_030618_3\" width=\"830\" height=\"486\" \/><\/p>\n<p>&#8220;N\u00f3s n\u00e3o estamos buscando m\u00e9rito mas estamos buscando servir, n\u00e3o estamos buscando apenas um reconhecimento mas um espa\u00e7o para poder atuar, um espa\u00e7o para poder falar, onde possamos ser sal e possamos ser luz, assim como foi Jesus, que tamb\u00e9m era leigo, assim como foi Maria, que tamb\u00e9m era leiga, assim como Francisco de Assis, que tamb\u00e9m foi leigo&#8221;, argumentou.<\/p>\n<p>Segundo ele, a natureza da Igreja \u00e9 uma natureza laical porque somos todos povo de Deus. &#8220;Se no Evangelho Jesus pergunta e questiona aquilo que \u00e9 apenas oferecido ao sacerdote no aspecto institucional da religi\u00e3o, para n\u00f3s, enquanto crist\u00e3os, nada \u00e9 exclusivo aos sacerdotes, porque o que nos vale, o que nos garante, \u00e9 que n\u00f3s somos uma Igreja que \u00e9 povo de Deus. E a mesma voca\u00e7\u00e3o que n\u00f3s somos chamados como leigos, aqueles que s\u00e3o chamados ao sacerd\u00f3cio tamb\u00e9m t\u00eam a mesma dignidade e repartimos todos o mesmo P\u00e3o e nos fortalecemos todos numa mesma comunidade&#8221;, enfatizou.<\/p>\n<p>Concluindo, Cesar convidou a todos &#8220;a agradecer a voca\u00e7\u00e3o que nos \u00e9 dada e nos colocar em prontid\u00e3o, nos colocar em servi\u00e7o, em resist\u00eancia, mas tamb\u00e9m em resili\u00eancia naquilo que nos \u00e9 dado a esperar, naquilo que podemos esperar com todos e com os outros em prol da constru\u00e7\u00e3o de uma sociedade mais justa, mais fraterna, mais irm\u00e3 e mais humana&#8221;.<\/p>\n<p>No final da Missa, o celebrante deu a b\u00ean\u00e7\u00e3o de Santo Ant\u00f4nio, Frei Erick de Ara\u00fajo Lazaro aspergiu com \u00e1gua benta p\u00e3es, l\u00edrios e os fi\u00e9is.<\/p>\n<p>Nesta segunda-feira, no 4\u00ba dia da Trezena, o tema \u00e9 a proposta do Papa Francisco: &#8220;Igreja em sa\u00edda&#8221;.<\/p>\n<hr \/>\n<h6 style=\"padding-left: 30px;\">\u00a0(*) CESAR AUGUSTO KUZMA \u00e9 mestre e doutor em Teologia pela Pontif\u00edcia Universidade Cat\u00f3lica do Rio de Janeiro \u2013 PUC-Rio e bacharel em Teologia pela Pontif\u00edcia Universidade Cat\u00f3lica do Paran\u00e1 \u2013 PUCPR. Professor de Teologia Sistem\u00e1tica no Departamento de Teologia da PUC-Rio \u2013 Gradua\u00e7\u00e3o e P\u00f3s-Gradua\u00e7\u00e3o.\u00a0 Desenvolve projetos de pesquisa nas \u00e1reas de Escatologia, Eclesiologia\/Laicato e Pastoral, correlacionando as \u00e1reas de escatologia, eclesiologia e cristologia. Procura sempre discernir a partir da vis\u00e3o do crist\u00e3o-Leigo e sua situa\u00e7\u00e3o na Igreja e na sociedade.\u00a0 Trabalha como assessor teol\u00f3gico-pastoral no Conselho Episcopal Latino-americano \u2013 Celam (Departamento de Voca\u00e7\u00f5es e Minist\u00e9rios), na Confer\u00eancia Nacional dos Bispos do Brasil \u2013 CNBB (Comiss\u00e3o do Laicato), na Confer\u00eancia dos Religiosos do Brasil \u2013 CRB, no Conselho Nacional do Laicato do Brasil \u2013 CNLB e em algumas Dioceses, tamb\u00e9m em grupos, movimentos, pastorais e comunidades eclesiais de base. \u00c9 o atual presidente da Sociedade de Teologia e Ci\u00eancias da Religi\u00e3o \u2013 SOTER para 2016-2019. \u00c9 palestrante e conferencista em diversas institui\u00e7\u00f5es.<\/h6>\n","protected":false},"excerpt":{"rendered":"<p>Convento Santo Ant\u00f4nio do Largo da Carioca<\/p>\n","protected":false},"author":1,"featured_media":204296,"comment_status":"open","ping_status":"open","sticky":false,"template":"","format":"standard","meta":[],"categories":[1],"tags":[401,389],"acf":[],"yoast_head":"<!-- This site is optimized with the Yoast SEO plugin v19.2 - https:\/\/yoast.com\/wordpress\/plugins\/seo\/ -->\n<title>Kuzma: &#039;Se enganam os que acham que os leigos querem ocupar espa\u00e7o que n\u00e3o lhes pertence&#039; - Not\u00edcias - Franciscanos<\/title>\n<meta name=\"robots\" content=\"index, follow, max-snippet:-1, max-image-preview:large, max-video-preview:-1\" \/>\n<link rel=\"canonical\" href=\"https:\/\/franciscanos.org.br\/noticias\/kuzma-se-enganam-aqueles-que-acham-que-os-leigos-querem-ocupar-um-espaco-que-nao-lhes-pertence.html\" \/>\n<meta property=\"og:locale\" content=\"pt_BR\" \/>\n<meta property=\"og:type\" content=\"article\" \/>\n<meta property=\"og:title\" content=\"Kuzma: &#039;Se enganam os que acham que os leigos querem ocupar espa\u00e7o que n\u00e3o lhes pertence&#039; - Not\u00edcias - Franciscanos\" \/>\n<meta property=\"og:description\" content=\"Convento Santo Ant\u00f4nio do Largo da Carioca\" \/>\n<meta property=\"og:url\" content=\"https:\/\/franciscanos.org.br\/noticias\/kuzma-se-enganam-aqueles-que-acham-que-os-leigos-querem-ocupar-um-espaco-que-nao-lhes-pertence.html\" \/>\n<meta property=\"og:site_name\" content=\"Not\u00edcias - Franciscanos\" \/>\n<meta property=\"article:published_time\" content=\"2018-06-03T18:09:57+00:00\" \/>\n<meta property=\"article:modified_time\" content=\"2019-05-03T12:43:13+00:00\" \/>\n<meta property=\"og:image\" content=\"https:\/\/franciscanos.org.br\/noticias\/wp-content\/uploads\/2018\/06\/trezena_030618_7.jpg\" \/>\n\t<meta property=\"og:image:width\" content=\"273\" \/>\n\t<meta property=\"og:image:height\" content=\"181\" \/>\n\t<meta property=\"og:image:type\" content=\"image\/jpeg\" \/>\n<meta name=\"author\" content=\"admin\" \/>\n<meta name=\"twitter:card\" content=\"summary_large_image\" \/>\n<meta name=\"twitter:label1\" content=\"Escrito por\" \/>\n\t<meta name=\"twitter:data1\" content=\"admin\" \/>\n\t<meta name=\"twitter:label2\" content=\"Est. tempo de leitura\" \/>\n\t<meta name=\"twitter:data2\" content=\"10 minutos\" \/>\n<script type=\"application\/ld+json\" class=\"yoast-schema-graph\">{\"@context\":\"https:\/\/schema.org\",\"@graph\":[{\"@type\":\"WebSite\",\"@id\":\"https:\/\/franciscanos.org.br\/noticias\/#website\",\"url\":\"https:\/\/franciscanos.org.br\/noticias\/\",\"name\":\"Not\u00edcias - Franciscanos\",\"description\":\"Prov\u00edncia Franciscana da Imaculada Concei\u00e7\u00e3o do Brasil - Ordem dos Frades Menores - OFM\",\"potentialAction\":[{\"@type\":\"SearchAction\",\"target\":{\"@type\":\"EntryPoint\",\"urlTemplate\":\"https:\/\/franciscanos.org.br\/noticias\/?s={search_term_string}\"},\"query-input\":\"required name=search_term_string\"}],\"inLanguage\":\"pt-BR\"},{\"@type\":\"ImageObject\",\"inLanguage\":\"pt-BR\",\"@id\":\"https:\/\/franciscanos.org.br\/noticias\/kuzma-se-enganam-aqueles-que-acham-que-os-leigos-querem-ocupar-um-espaco-que-nao-lhes-pertence.html#primaryimage\",\"url\":\"https:\/\/franciscanos.org.br\/noticias\/wp-content\/uploads\/2018\/06\/trezena_030618_7.jpg\",\"contentUrl\":\"https:\/\/franciscanos.org.br\/noticias\/wp-content\/uploads\/2018\/06\/trezena_030618_7.jpg\",\"width\":273,\"height\":181},{\"@type\":\"WebPage\",\"@id\":\"https:\/\/franciscanos.org.br\/noticias\/kuzma-se-enganam-aqueles-que-acham-que-os-leigos-querem-ocupar-um-espaco-que-nao-lhes-pertence.html#webpage\",\"url\":\"https:\/\/franciscanos.org.br\/noticias\/kuzma-se-enganam-aqueles-que-acham-que-os-leigos-querem-ocupar-um-espaco-que-nao-lhes-pertence.html\",\"name\":\"Kuzma: 'Se enganam os que acham que os leigos querem ocupar espa\u00e7o que n\u00e3o lhes pertence' - Not\u00edcias - Franciscanos\",\"isPartOf\":{\"@id\":\"https:\/\/franciscanos.org.br\/noticias\/#website\"},\"primaryImageOfPage\":{\"@id\":\"https:\/\/franciscanos.org.br\/noticias\/kuzma-se-enganam-aqueles-que-acham-que-os-leigos-querem-ocupar-um-espaco-que-nao-lhes-pertence.html#primaryimage\"},\"datePublished\":\"2018-06-03T18:09:57+00:00\",\"dateModified\":\"2019-05-03T12:43:13+00:00\",\"author\":{\"@id\":\"https:\/\/franciscanos.org.br\/noticias\/#\/schema\/person\/b38fbf43118f02820bd932f2e4b14ad3\"},\"breadcrumb\":{\"@id\":\"https:\/\/franciscanos.org.br\/noticias\/kuzma-se-enganam-aqueles-que-acham-que-os-leigos-querem-ocupar-um-espaco-que-nao-lhes-pertence.html#breadcrumb\"},\"inLanguage\":\"pt-BR\",\"potentialAction\":[{\"@type\":\"ReadAction\",\"target\":[\"https:\/\/franciscanos.org.br\/noticias\/kuzma-se-enganam-aqueles-que-acham-que-os-leigos-querem-ocupar-um-espaco-que-nao-lhes-pertence.html\"]}]},{\"@type\":\"BreadcrumbList\",\"@id\":\"https:\/\/franciscanos.org.br\/noticias\/kuzma-se-enganam-aqueles-que-acham-que-os-leigos-querem-ocupar-um-espaco-que-nao-lhes-pertence.html#breadcrumb\",\"itemListElement\":[{\"@type\":\"ListItem\",\"position\":1,\"name\":\"Home\",\"item\":\"https:\/\/franciscanos.org.br\/noticias\"},{\"@type\":\"ListItem\",\"position\":2,\"name\":\"Kuzma: &#8216;Se enganam os que acham que os leigos querem ocupar espa\u00e7o que n\u00e3o lhes pertence&#8217;\"}]},{\"@type\":\"Person\",\"@id\":\"https:\/\/franciscanos.org.br\/noticias\/#\/schema\/person\/b38fbf43118f02820bd932f2e4b14ad3\",\"name\":\"admin\",\"image\":{\"@type\":\"ImageObject\",\"inLanguage\":\"pt-BR\",\"@id\":\"https:\/\/franciscanos.org.br\/noticias\/#\/schema\/person\/image\/\",\"url\":\"https:\/\/secure.gravatar.com\/avatar\/e8495742d34d0ba6448ea1c628263b3e?s=96&d=mm&r=g\",\"contentUrl\":\"https:\/\/secure.gravatar.com\/avatar\/e8495742d34d0ba6448ea1c628263b3e?s=96&d=mm&r=g\",\"caption\":\"admin\"},\"url\":\"https:\/\/franciscanos.org.br\/noticias\/author\/admin\"}]}<\/script>\n<!-- \/ Yoast SEO plugin. -->","yoast_head_json":{"title":"Kuzma: 'Se enganam os que acham que os leigos querem ocupar espa\u00e7o que n\u00e3o lhes pertence' - Not\u00edcias - Franciscanos","robots":{"index":"index","follow":"follow","max-snippet":"max-snippet:-1","max-image-preview":"max-image-preview:large","max-video-preview":"max-video-preview:-1"},"canonical":"https:\/\/franciscanos.org.br\/noticias\/kuzma-se-enganam-aqueles-que-acham-que-os-leigos-querem-ocupar-um-espaco-que-nao-lhes-pertence.html","og_locale":"pt_BR","og_type":"article","og_title":"Kuzma: 'Se enganam os que acham que os leigos querem ocupar espa\u00e7o que n\u00e3o lhes pertence' - Not\u00edcias - Franciscanos","og_description":"Convento Santo Ant\u00f4nio do Largo da Carioca","og_url":"https:\/\/franciscanos.org.br\/noticias\/kuzma-se-enganam-aqueles-que-acham-que-os-leigos-querem-ocupar-um-espaco-que-nao-lhes-pertence.html","og_site_name":"Not\u00edcias - Franciscanos","article_published_time":"2018-06-03T18:09:57+00:00","article_modified_time":"2019-05-03T12:43:13+00:00","og_image":[{"width":273,"height":181,"url":"https:\/\/franciscanos.org.br\/noticias\/wp-content\/uploads\/2018\/06\/trezena_030618_7.jpg","type":"image\/jpeg"}],"author":"admin","twitter_card":"summary_large_image","twitter_misc":{"Escrito por":"admin","Est. tempo de leitura":"10 minutos"},"schema":{"@context":"https:\/\/schema.org","@graph":[{"@type":"WebSite","@id":"https:\/\/franciscanos.org.br\/noticias\/#website","url":"https:\/\/franciscanos.org.br\/noticias\/","name":"Not\u00edcias - Franciscanos","description":"Prov\u00edncia Franciscana da Imaculada Concei\u00e7\u00e3o do Brasil - Ordem dos Frades Menores - OFM","potentialAction":[{"@type":"SearchAction","target":{"@type":"EntryPoint","urlTemplate":"https:\/\/franciscanos.org.br\/noticias\/?s={search_term_string}"},"query-input":"required name=search_term_string"}],"inLanguage":"pt-BR"},{"@type":"ImageObject","inLanguage":"pt-BR","@id":"https:\/\/franciscanos.org.br\/noticias\/kuzma-se-enganam-aqueles-que-acham-que-os-leigos-querem-ocupar-um-espaco-que-nao-lhes-pertence.html#primaryimage","url":"https:\/\/franciscanos.org.br\/noticias\/wp-content\/uploads\/2018\/06\/trezena_030618_7.jpg","contentUrl":"https:\/\/franciscanos.org.br\/noticias\/wp-content\/uploads\/2018\/06\/trezena_030618_7.jpg","width":273,"height":181},{"@type":"WebPage","@id":"https:\/\/franciscanos.org.br\/noticias\/kuzma-se-enganam-aqueles-que-acham-que-os-leigos-querem-ocupar-um-espaco-que-nao-lhes-pertence.html#webpage","url":"https:\/\/franciscanos.org.br\/noticias\/kuzma-se-enganam-aqueles-que-acham-que-os-leigos-querem-ocupar-um-espaco-que-nao-lhes-pertence.html","name":"Kuzma: 'Se enganam os que acham que os leigos querem ocupar espa\u00e7o que n\u00e3o lhes pertence' - Not\u00edcias - Franciscanos","isPartOf":{"@id":"https:\/\/franciscanos.org.br\/noticias\/#website"},"primaryImageOfPage":{"@id":"https:\/\/franciscanos.org.br\/noticias\/kuzma-se-enganam-aqueles-que-acham-que-os-leigos-querem-ocupar-um-espaco-que-nao-lhes-pertence.html#primaryimage"},"datePublished":"2018-06-03T18:09:57+00:00","dateModified":"2019-05-03T12:43:13+00:00","author":{"@id":"https:\/\/franciscanos.org.br\/noticias\/#\/schema\/person\/b38fbf43118f02820bd932f2e4b14ad3"},"breadcrumb":{"@id":"https:\/\/franciscanos.org.br\/noticias\/kuzma-se-enganam-aqueles-que-acham-que-os-leigos-querem-ocupar-um-espaco-que-nao-lhes-pertence.html#breadcrumb"},"inLanguage":"pt-BR","potentialAction":[{"@type":"ReadAction","target":["https:\/\/franciscanos.org.br\/noticias\/kuzma-se-enganam-aqueles-que-acham-que-os-leigos-querem-ocupar-um-espaco-que-nao-lhes-pertence.html"]}]},{"@type":"BreadcrumbList","@id":"https:\/\/franciscanos.org.br\/noticias\/kuzma-se-enganam-aqueles-que-acham-que-os-leigos-querem-ocupar-um-espaco-que-nao-lhes-pertence.html#breadcrumb","itemListElement":[{"@type":"ListItem","position":1,"name":"Home","item":"https:\/\/franciscanos.org.br\/noticias"},{"@type":"ListItem","position":2,"name":"Kuzma: &#8216;Se enganam os que acham que os leigos querem ocupar espa\u00e7o que n\u00e3o lhes pertence&#8217;"}]},{"@type":"Person","@id":"https:\/\/franciscanos.org.br\/noticias\/#\/schema\/person\/b38fbf43118f02820bd932f2e4b14ad3","name":"admin","image":{"@type":"ImageObject","inLanguage":"pt-BR","@id":"https:\/\/franciscanos.org.br\/noticias\/#\/schema\/person\/image\/","url":"https:\/\/secure.gravatar.com\/avatar\/e8495742d34d0ba6448ea1c628263b3e?s=96&d=mm&r=g","contentUrl":"https:\/\/secure.gravatar.com\/avatar\/e8495742d34d0ba6448ea1c628263b3e?s=96&d=mm&r=g","caption":"admin"},"url":"https:\/\/franciscanos.org.br\/noticias\/author\/admin"}]}},"_links":{"self":[{"href":"https:\/\/franciscanos.org.br\/noticias\/wp-json\/wp\/v2\/posts\/161310"}],"collection":[{"href":"https:\/\/franciscanos.org.br\/noticias\/wp-json\/wp\/v2\/posts"}],"about":[{"href":"https:\/\/franciscanos.org.br\/noticias\/wp-json\/wp\/v2\/types\/post"}],"author":[{"embeddable":true,"href":"https:\/\/franciscanos.org.br\/noticias\/wp-json\/wp\/v2\/users\/1"}],"replies":[{"embeddable":true,"href":"https:\/\/franciscanos.org.br\/noticias\/wp-json\/wp\/v2\/comments?post=161310"}],"version-history":[{"count":0,"href":"https:\/\/franciscanos.org.br\/noticias\/wp-json\/wp\/v2\/posts\/161310\/revisions"}],"wp:featuredmedia":[{"embeddable":true,"href":"https:\/\/franciscanos.org.br\/noticias\/wp-json\/wp\/v2\/media\/204296"}],"wp:attachment":[{"href":"https:\/\/franciscanos.org.br\/noticias\/wp-json\/wp\/v2\/media?parent=161310"}],"wp:term":[{"taxonomy":"category","embeddable":true,"href":"https:\/\/franciscanos.org.br\/noticias\/wp-json\/wp\/v2\/categories?post=161310"},{"taxonomy":"post_tag","embeddable":true,"href":"https:\/\/franciscanos.org.br\/noticias\/wp-json\/wp\/v2\/tags?post=161310"}],"curies":[{"name":"wp","href":"https:\/\/api.w.org\/{rel}","templated":true}]}}