{"id":161272,"date":"2018-06-03T02:35:26","date_gmt":"2018-06-03T05:35:26","guid":{"rendered":"http:\/\/franciscanos.org.br\/?p=161272"},"modified":"2019-01-03T12:42:07","modified_gmt":"2019-01-03T14:42:07","slug":"o-santo-da-caridade-servico-entrega-e-doacao","status":"publish","type":"post","link":"https:\/\/franciscanos.org.br\/noticias\/o-santo-da-caridade-servico-entrega-e-doacao.html","title":{"rendered":"O Santo da Caridade: &#8220;Servi\u00e7o, entrega e doa\u00e7\u00e3o&#8221;"},"content":{"rendered":"<p><strong>S\u00e3o Paulo (SP) &#8211;<\/strong> No terceiro dia (02\/06) da Trezena de Santo Ant\u00f4nio na Par\u00f3quia Santo Ant\u00f4nio do Pari em S\u00e3o Paulo (SP), o pregador, Frei Clauzemir Makximovitz, que veio de Lages (SC) falou sobre o tema: \u201cO Santo da Caridade\u201d. Segundo\u00a0ele, caridade est\u00e1 na din\u00e2mica do Amor, que s\u00f3 tem sentido quando gratuito. \u201cAmor verdadeiro n\u00e3o depende de ser correspondido, reconhecido ou valorizado, isso porque amor n\u00e3o tem nada a ver com sentimentalismo, mas sim com servi\u00e7o, entrega e doa\u00e7\u00e3o\u201d, explicou o jovem frade.<\/p>\n<p>Segundo ele, a vida franciscana que tanto encantou o jovem Fernando, ent\u00e3o membro da ordem agostiniana, tem um forte acento na gratuidade de Deus. Santo Ant\u00f4nio, antes de ser franciscano, j\u00e1 estava na vida religiosa, teve uma forma\u00e7\u00e3o significativa na Ordem de Santo Agostinho, aprofundando-se no estudo da B\u00edblia e das obras patr\u00edsticas.<\/p>\n<p>\u201cMas ele viu na missionariedade, no despojamento e simplicidade dos franciscanos, algo que ele tamb\u00e9m queria viver. Entrou na ordem franciscana, recebeu o nome de Ant\u00f4nio, e adotou uma vida de muita simplicidade e total entrega a Deus. Essa entrega s\u00f3 \u00e9 poss\u00edvel quando assumimos em nossa vida a din\u00e2mica da gratuidade, caso contr\u00e1rio, ela se torna artificial e pesada demais\u201d, destacou.<\/p>\n<p><img loading=\"lazy\" class=\"alignleft wp-image-161279 \" src=\"http:\/\/franciscanos.org.br\/wp-content\/uploads\/2018\/06\/trezena_pari_1.jpg\" alt=\"trezena_pari_1\" width=\"283\" height=\"470\" \/>\u201cPara n\u00f3s ainda \u00e9 dif\u00edcil compreendermos rela\u00e7\u00f5es baseadas na gratuidade. Somos quase que completamente movidos pelos conceitos de troca e de recompensa. Fazemos da nossa vida um grande com\u00e9rcio, com os outros e com Deus. E isso n\u00e3o pode ser assim. Quase que negamos o amor de Deus e sua a\u00e7\u00e3o real, concreta em nossas vidas. Negamos porque n\u00e3o entendemos que esse Amor \u00e9 sempre gratuito. Oferecer alguma coisa ao outro sem esperar nada em troca, seja nosso tempo, nossa aten\u00e7\u00e3o, nosso respeito. Mesmo nos gestos de caridade que exercitamos, como dar esmola, por exemplo, somente se trata de verdadeira caridade, quando gratuita, ou seja, com a expectativa do reconhecimento ou da gratid\u00e3o. E n\u00f3s n\u00e3o somos capazes disso, sempre ficamos na expectativa de alguma coisa, nem que seja um olhar agradecido em retorno\u201d, ressaltou o pregador.<\/p>\n<p>Segundo ele, quando nos relacionamos com Deus, \u00e9 a mesma coisa. \u201cAchamos que nossos gestos de bondade v\u00e3o nos fazer ganhar os favores de Deus, mas isso n\u00e3o passa de uma tentativa de fazermos com\u00e9rcio com Deus, o que n\u00e3o tem sentido. Tudo o que temos e somos pertence a Deus, n\u00e3o a n\u00f3s, Ele nos concede esses dons para o nosso cuidado, n\u00e3o para nossa posse. Reconhecer isso \u00e9 o primeiro passo para entender a din\u00e2mica da gratuidade das a\u00e7\u00f5es divinas, e para que a Caridade se torne poss\u00edvel em nossas a\u00e7\u00f5es. Caridade est\u00e1 na din\u00e2mica do Amor, que s\u00f3 tem sentido quando gratuito\u201d, disse Frei Clauzemir.<\/p>\n<p>E conclui dizendo: \u201cAmor verdadeiro n\u00e3o depende de ser correspondido, reconhecido ou valorizado, isso porque amor n\u00e3o tem nada a ver com sentimentalismo, mas sim com servi\u00e7o, entrega e doa\u00e7\u00e3o. Deus nos ama n\u00e3o porque mere\u00e7amos ser amados, ou porque o amemos de volta&#8230; Deus nos ama simplesmente porque Ele \u00e9 bom. E Caridade \u00e9 esse Amor! Ant\u00f4nio, quando ainda se chamava Fernando, se deparou com a entrega m\u00e1xima de alguns frades que foram martirizados, e se sentiu extasiado, chamado a viver tamb\u00e9m essa entrega e doa\u00e7\u00e3o em sua vida. Como podemos doar a nossa vida assim, gratuitamente? Comecemos pelos pequenos gestos, de partilha, de doa\u00e7\u00e3o. Oferecendo o que temos tamb\u00e9m de precioso, nosso tempo, nossos sonhos, nossos sorrisos e nossa companhia, \u00e0queles que tanto necessitam. Al\u00e9m, claro, do aux\u00edlio material que podemos prover aos mais pobres que n\u00f3s. Afinal, tudo a Deus pertence, o que recebemos foi para o cuidado, n\u00e3o para a posse\u201d, finalizou.<\/p>\n<p>Neste domingo (03\/06) a Trezena acontecer\u00e1 \u00e0s 18 horas e contar\u00e1 com o tema: \u201cO santo do Evangelho\u201d.<\/p>\n","protected":false},"excerpt":{"rendered":"<p>Santo Ant\u00f4nio do Pari<\/p>\n","protected":false},"author":1,"featured_media":193744,"comment_status":"open","ping_status":"open","sticky":false,"template":"","format":"standard","meta":[],"categories":[1],"tags":[287,389],"acf":[],"yoast_head":"<!-- This site is optimized with the Yoast SEO plugin v19.2 - https:\/\/yoast.com\/wordpress\/plugins\/seo\/ -->\n<title>O Santo da Caridade: &quot;Servi\u00e7o, entrega e doa\u00e7\u00e3o&quot; - Not\u00edcias - Franciscanos<\/title>\n<meta name=\"robots\" content=\"index, follow, max-snippet:-1, max-image-preview:large, max-video-preview:-1\" \/>\n<link rel=\"canonical\" href=\"https:\/\/franciscanos.org.br\/noticias\/o-santo-da-caridade-servico-entrega-e-doacao.html\" \/>\n<meta property=\"og:locale\" content=\"pt_BR\" \/>\n<meta property=\"og:type\" content=\"article\" \/>\n<meta property=\"og:title\" content=\"O Santo da Caridade: &quot;Servi\u00e7o, entrega e doa\u00e7\u00e3o&quot; - Not\u00edcias - Franciscanos\" \/>\n<meta property=\"og:description\" content=\"Santo Ant\u00f4nio do Pari\" \/>\n<meta property=\"og:url\" content=\"https:\/\/franciscanos.org.br\/noticias\/o-santo-da-caridade-servico-entrega-e-doacao.html\" \/>\n<meta property=\"og:site_name\" content=\"Not\u00edcias - Franciscanos\" \/>\n<meta property=\"article:published_time\" content=\"2018-06-03T05:35:26+00:00\" \/>\n<meta property=\"article:modified_time\" content=\"2019-01-03T14:42:07+00:00\" \/>\n<meta property=\"og:image\" content=\"https:\/\/franciscanos.org.br\/noticias\/wp-content\/uploads\/2018\/06\/trezena_pari_040618d.jpg\" \/>\n\t<meta property=\"og:image:width\" content=\"273\" \/>\n\t<meta property=\"og:image:height\" content=\"181\" \/>\n\t<meta property=\"og:image:type\" content=\"image\/jpeg\" \/>\n<meta name=\"author\" content=\"admin\" \/>\n<meta name=\"twitter:card\" content=\"summary_large_image\" \/>\n<meta name=\"twitter:label1\" content=\"Escrito por\" \/>\n\t<meta name=\"twitter:data1\" content=\"admin\" \/>\n\t<meta name=\"twitter:label2\" content=\"Est. tempo de leitura\" \/>\n\t<meta name=\"twitter:data2\" content=\"3 minutos\" \/>\n<script type=\"application\/ld+json\" class=\"yoast-schema-graph\">{\"@context\":\"https:\/\/schema.org\",\"@graph\":[{\"@type\":\"WebSite\",\"@id\":\"https:\/\/franciscanos.org.br\/noticias\/#website\",\"url\":\"https:\/\/franciscanos.org.br\/noticias\/\",\"name\":\"Not\u00edcias - Franciscanos\",\"description\":\"Prov\u00edncia Franciscana da Imaculada Concei\u00e7\u00e3o do Brasil - Ordem dos Frades Menores - OFM\",\"potentialAction\":[{\"@type\":\"SearchAction\",\"target\":{\"@type\":\"EntryPoint\",\"urlTemplate\":\"https:\/\/franciscanos.org.br\/noticias\/?s={search_term_string}\"},\"query-input\":\"required name=search_term_string\"}],\"inLanguage\":\"pt-BR\"},{\"@type\":\"ImageObject\",\"inLanguage\":\"pt-BR\",\"@id\":\"https:\/\/franciscanos.org.br\/noticias\/o-santo-da-caridade-servico-entrega-e-doacao.html#primaryimage\",\"url\":\"https:\/\/franciscanos.org.br\/noticias\/wp-content\/uploads\/2018\/06\/trezena_pari_040618d.jpg\",\"contentUrl\":\"https:\/\/franciscanos.org.br\/noticias\/wp-content\/uploads\/2018\/06\/trezena_pari_040618d.jpg\",\"width\":273,\"height\":181},{\"@type\":\"WebPage\",\"@id\":\"https:\/\/franciscanos.org.br\/noticias\/o-santo-da-caridade-servico-entrega-e-doacao.html#webpage\",\"url\":\"https:\/\/franciscanos.org.br\/noticias\/o-santo-da-caridade-servico-entrega-e-doacao.html\",\"name\":\"O Santo da Caridade: \\\"Servi\u00e7o, entrega e doa\u00e7\u00e3o\\\" - Not\u00edcias - Franciscanos\",\"isPartOf\":{\"@id\":\"https:\/\/franciscanos.org.br\/noticias\/#website\"},\"primaryImageOfPage\":{\"@id\":\"https:\/\/franciscanos.org.br\/noticias\/o-santo-da-caridade-servico-entrega-e-doacao.html#primaryimage\"},\"datePublished\":\"2018-06-03T05:35:26+00:00\",\"dateModified\":\"2019-01-03T14:42:07+00:00\",\"author\":{\"@id\":\"https:\/\/franciscanos.org.br\/noticias\/#\/schema\/person\/b38fbf43118f02820bd932f2e4b14ad3\"},\"breadcrumb\":{\"@id\":\"https:\/\/franciscanos.org.br\/noticias\/o-santo-da-caridade-servico-entrega-e-doacao.html#breadcrumb\"},\"inLanguage\":\"pt-BR\",\"potentialAction\":[{\"@type\":\"ReadAction\",\"target\":[\"https:\/\/franciscanos.org.br\/noticias\/o-santo-da-caridade-servico-entrega-e-doacao.html\"]}]},{\"@type\":\"BreadcrumbList\",\"@id\":\"https:\/\/franciscanos.org.br\/noticias\/o-santo-da-caridade-servico-entrega-e-doacao.html#breadcrumb\",\"itemListElement\":[{\"@type\":\"ListItem\",\"position\":1,\"name\":\"Home\",\"item\":\"https:\/\/franciscanos.org.br\/noticias\"},{\"@type\":\"ListItem\",\"position\":2,\"name\":\"O Santo da Caridade: &#8220;Servi\u00e7o, entrega e doa\u00e7\u00e3o&#8221;\"}]},{\"@type\":\"Person\",\"@id\":\"https:\/\/franciscanos.org.br\/noticias\/#\/schema\/person\/b38fbf43118f02820bd932f2e4b14ad3\",\"name\":\"admin\",\"image\":{\"@type\":\"ImageObject\",\"inLanguage\":\"pt-BR\",\"@id\":\"https:\/\/franciscanos.org.br\/noticias\/#\/schema\/person\/image\/\",\"url\":\"https:\/\/secure.gravatar.com\/avatar\/e8495742d34d0ba6448ea1c628263b3e?s=96&d=mm&r=g\",\"contentUrl\":\"https:\/\/secure.gravatar.com\/avatar\/e8495742d34d0ba6448ea1c628263b3e?s=96&d=mm&r=g\",\"caption\":\"admin\"},\"url\":\"https:\/\/franciscanos.org.br\/noticias\/author\/admin\"}]}<\/script>\n<!-- \/ Yoast SEO plugin. -->","yoast_head_json":{"title":"O Santo da Caridade: \"Servi\u00e7o, entrega e doa\u00e7\u00e3o\" - Not\u00edcias - Franciscanos","robots":{"index":"index","follow":"follow","max-snippet":"max-snippet:-1","max-image-preview":"max-image-preview:large","max-video-preview":"max-video-preview:-1"},"canonical":"https:\/\/franciscanos.org.br\/noticias\/o-santo-da-caridade-servico-entrega-e-doacao.html","og_locale":"pt_BR","og_type":"article","og_title":"O Santo da Caridade: \"Servi\u00e7o, entrega e doa\u00e7\u00e3o\" - Not\u00edcias - Franciscanos","og_description":"Santo Ant\u00f4nio do Pari","og_url":"https:\/\/franciscanos.org.br\/noticias\/o-santo-da-caridade-servico-entrega-e-doacao.html","og_site_name":"Not\u00edcias - Franciscanos","article_published_time":"2018-06-03T05:35:26+00:00","article_modified_time":"2019-01-03T14:42:07+00:00","og_image":[{"width":273,"height":181,"url":"https:\/\/franciscanos.org.br\/noticias\/wp-content\/uploads\/2018\/06\/trezena_pari_040618d.jpg","type":"image\/jpeg"}],"author":"admin","twitter_card":"summary_large_image","twitter_misc":{"Escrito por":"admin","Est. tempo de leitura":"3 minutos"},"schema":{"@context":"https:\/\/schema.org","@graph":[{"@type":"WebSite","@id":"https:\/\/franciscanos.org.br\/noticias\/#website","url":"https:\/\/franciscanos.org.br\/noticias\/","name":"Not\u00edcias - Franciscanos","description":"Prov\u00edncia Franciscana da Imaculada Concei\u00e7\u00e3o do Brasil - Ordem dos Frades Menores - OFM","potentialAction":[{"@type":"SearchAction","target":{"@type":"EntryPoint","urlTemplate":"https:\/\/franciscanos.org.br\/noticias\/?s={search_term_string}"},"query-input":"required name=search_term_string"}],"inLanguage":"pt-BR"},{"@type":"ImageObject","inLanguage":"pt-BR","@id":"https:\/\/franciscanos.org.br\/noticias\/o-santo-da-caridade-servico-entrega-e-doacao.html#primaryimage","url":"https:\/\/franciscanos.org.br\/noticias\/wp-content\/uploads\/2018\/06\/trezena_pari_040618d.jpg","contentUrl":"https:\/\/franciscanos.org.br\/noticias\/wp-content\/uploads\/2018\/06\/trezena_pari_040618d.jpg","width":273,"height":181},{"@type":"WebPage","@id":"https:\/\/franciscanos.org.br\/noticias\/o-santo-da-caridade-servico-entrega-e-doacao.html#webpage","url":"https:\/\/franciscanos.org.br\/noticias\/o-santo-da-caridade-servico-entrega-e-doacao.html","name":"O Santo da Caridade: \"Servi\u00e7o, entrega e doa\u00e7\u00e3o\" - Not\u00edcias - Franciscanos","isPartOf":{"@id":"https:\/\/franciscanos.org.br\/noticias\/#website"},"primaryImageOfPage":{"@id":"https:\/\/franciscanos.org.br\/noticias\/o-santo-da-caridade-servico-entrega-e-doacao.html#primaryimage"},"datePublished":"2018-06-03T05:35:26+00:00","dateModified":"2019-01-03T14:42:07+00:00","author":{"@id":"https:\/\/franciscanos.org.br\/noticias\/#\/schema\/person\/b38fbf43118f02820bd932f2e4b14ad3"},"breadcrumb":{"@id":"https:\/\/franciscanos.org.br\/noticias\/o-santo-da-caridade-servico-entrega-e-doacao.html#breadcrumb"},"inLanguage":"pt-BR","potentialAction":[{"@type":"ReadAction","target":["https:\/\/franciscanos.org.br\/noticias\/o-santo-da-caridade-servico-entrega-e-doacao.html"]}]},{"@type":"BreadcrumbList","@id":"https:\/\/franciscanos.org.br\/noticias\/o-santo-da-caridade-servico-entrega-e-doacao.html#breadcrumb","itemListElement":[{"@type":"ListItem","position":1,"name":"Home","item":"https:\/\/franciscanos.org.br\/noticias"},{"@type":"ListItem","position":2,"name":"O Santo da Caridade: &#8220;Servi\u00e7o, entrega e doa\u00e7\u00e3o&#8221;"}]},{"@type":"Person","@id":"https:\/\/franciscanos.org.br\/noticias\/#\/schema\/person\/b38fbf43118f02820bd932f2e4b14ad3","name":"admin","image":{"@type":"ImageObject","inLanguage":"pt-BR","@id":"https:\/\/franciscanos.org.br\/noticias\/#\/schema\/person\/image\/","url":"https:\/\/secure.gravatar.com\/avatar\/e8495742d34d0ba6448ea1c628263b3e?s=96&d=mm&r=g","contentUrl":"https:\/\/secure.gravatar.com\/avatar\/e8495742d34d0ba6448ea1c628263b3e?s=96&d=mm&r=g","caption":"admin"},"url":"https:\/\/franciscanos.org.br\/noticias\/author\/admin"}]}},"_links":{"self":[{"href":"https:\/\/franciscanos.org.br\/noticias\/wp-json\/wp\/v2\/posts\/161272"}],"collection":[{"href":"https:\/\/franciscanos.org.br\/noticias\/wp-json\/wp\/v2\/posts"}],"about":[{"href":"https:\/\/franciscanos.org.br\/noticias\/wp-json\/wp\/v2\/types\/post"}],"author":[{"embeddable":true,"href":"https:\/\/franciscanos.org.br\/noticias\/wp-json\/wp\/v2\/users\/1"}],"replies":[{"embeddable":true,"href":"https:\/\/franciscanos.org.br\/noticias\/wp-json\/wp\/v2\/comments?post=161272"}],"version-history":[{"count":0,"href":"https:\/\/franciscanos.org.br\/noticias\/wp-json\/wp\/v2\/posts\/161272\/revisions"}],"wp:featuredmedia":[{"embeddable":true,"href":"https:\/\/franciscanos.org.br\/noticias\/wp-json\/wp\/v2\/media\/193744"}],"wp:attachment":[{"href":"https:\/\/franciscanos.org.br\/noticias\/wp-json\/wp\/v2\/media?parent=161272"}],"wp:term":[{"taxonomy":"category","embeddable":true,"href":"https:\/\/franciscanos.org.br\/noticias\/wp-json\/wp\/v2\/categories?post=161272"},{"taxonomy":"post_tag","embeddable":true,"href":"https:\/\/franciscanos.org.br\/noticias\/wp-json\/wp\/v2\/tags?post=161272"}],"curies":[{"name":"wp","href":"https:\/\/api.w.org\/{rel}","templated":true}]}}