{"id":161262,"date":"2018-06-01T20:00:39","date_gmt":"2018-06-01T23:00:39","guid":{"rendered":"http:\/\/franciscanos.org.br\/?p=161262"},"modified":"2019-01-03T12:50:22","modified_gmt":"2019-01-03T14:50:22","slug":"santo-antonio-e-nosso-modelo-e-inspirador","status":"publish","type":"post","link":"https:\/\/franciscanos.org.br\/noticias\/santo-antonio-e-nosso-modelo-e-inspirador.html","title":{"rendered":"Santo Ant\u00f4nio \u00e9 nosso modelo e inspirador"},"content":{"rendered":"<p><strong><img loading=\"lazy\" class=\"alignleft wp-image-193767 size-full\" src=\"https:\/\/franciscanos.org.br\/noticias\/wp-content\/uploads\/2018\/06\/trezena_010618.jpg\" alt=\"\" width=\"500\" height=\"526\" srcset=\"https:\/\/franciscanos.org.br\/noticias\/wp-content\/uploads\/2018\/06\/trezena_010618.jpg 500w, https:\/\/franciscanos.org.br\/noticias\/wp-content\/uploads\/2018\/06\/trezena_010618-428x450.jpg 428w, https:\/\/franciscanos.org.br\/noticias\/wp-content\/uploads\/2018\/06\/trezena_010618-150x158.jpg 150w\" sizes=\"(max-width: 500px) 100vw, 500px\" \/>S\u00e3o Paulo (SP) \u2013<\/strong>\u00a0O segundo dia (1\u00ba de junho) da Trezena de Santo Ant\u00f4nio na Par\u00f3quia Santo Ant\u00f4nio do Pari em S\u00e3o Paulo (SP), teve como tema: Santo Ant\u00f4nio o santo da reconcilia\u00e7\u00e3o. A santa missa teve como celebrante o pregador Frei Clauzemir Makximovitz. Fi\u00e9is e devotos do santo franciscano mais popular no mundo todo marcaram presen\u00e7a na celebra\u00e7\u00e3o das 19 horas.<\/p>\n<p>Segundo Frei Clauzemir, Santo Ant\u00f4nio vivia e evidenciava muito claramente uma experi\u00eancia \u00edntima de Deus. \u201cVivia os valores de simplicidade e despojamento de forma muito intensa, e dava testemunho da import\u00e2ncia que um cora\u00e7\u00e3o leve e misericordioso tem na vida de cada um. Nosso cora\u00e7\u00e3o n\u00e3o permanece leve quando acumulamos nele sentimentos que nos fazem mal, e a m\u00e1goa talvez seja um dos mais nocivos do qual temos dificuldade em nos livrar. Isso porque o perd\u00e3o \u00e9 algo cada vez mais desafiador. Em parte porque confundimos o que, de fato \u00e9 o perd\u00e3o. Achamos que perdoar significa esquecer o que aconteceu e agir como se nada tivesse acontecido\u2026 mas isso nada tem a ver com o verdadeiro perd\u00e3o, ao contr\u00e1rio, assume tra\u00e7os de desonestidade simplesmente ignorarmos algo que aconteceu e mudou determinada rela\u00e7\u00e3o que t\u00ednhamos\u201d, enfatizou o pregador.<\/p>\n<p>\u201cSeja uma amizade, um relacionamento conjugal, uma rela\u00e7\u00e3o de trabalho: quando acontece algo como uma trai\u00e7\u00e3o, que fere a confian\u00e7a desse relacionamento, esquecer, ignorar nunca \u00e9 a solu\u00e7\u00e3o! Perdoar tem muito mais a ver com um processo de reconstru\u00e7\u00e3o! Justamente por isso d\u00e1 trabalho, \u00e9 desafiador. Trata-se de reconhecermos o mal que houve, sem o valorizarmos demais, mas com honestidade de seu impacto em n\u00f3s mesmos, admitindo nossa fragilidade e a fragilidade do outro. Da\u00ed sim, com essa nova compreens\u00e3o de n\u00f3s e do outro, uma compreens\u00e3o mais realista, mais completa e verdadeira, podemos reconstruir uma rela\u00e7\u00e3o \u2013 de amizade, conjugal, profissional, etc. \u2013 que ser\u00e1 mais forte, mais verdadeira at\u00e9, a fim de superar o mal enfrentado. Isso \u00e9 perdoar! N\u00e3o tem nada a ver com vingan\u00e7a, com repara\u00e7\u00e3o, nem com justi\u00e7a! Em primeira m\u00e3o, perd\u00e3o tem a ver com amor\u201d, ensinou o jovem frade que atualmente reside e trabalha no Convento Patroc\u00ednio S\u00e3o Jos\u00e9 de Lages (SC).<\/p>\n<p>E concluiu: \u201cDeus nos perdoa n\u00e3o porque n\u00f3s tenhamos reparado nosso erro, ou porque mere\u00e7amos ser perdoados. Deus nos perdoa porque Ele \u00e9 bom! Nesse perd\u00e3o, nesse amor, encontramos for\u00e7a para repararmos o que podemos, para mudarmos nossa vida e nos tornarmos pessoas melhores, mas o perd\u00e3o sempre vem na din\u00e2mica da gratuidade e do amor em Deus. Essa busca por tornar nosso cora\u00e7\u00e3o mais semelhante ao de Deus, mais misericordioso e mais capaz de perdoar de verdade, \u00e9 tamb\u00e9m a busca pela santidade, na qual Santo Ant\u00f4nio \u00e9 nosso modelo e inspirador\u201d, finalizou Frei Clauzemir.<\/p>\n<p>A Trezena que come\u00e7ou no dia 31 de maio vai at\u00e9 dia 12 de junho e culmina com a grande festa do padroeiro no dia 13 de junho. De segunda a sexta feira as celebra\u00e7\u00f5es s\u00e3o \u00e0s 19h. Hoje s\u00e1bado (02\/06), ser\u00e1 \u00e0s 16h. E aos domingos \u00e0s 18h.\u00a0Tamb\u00e9m no canal do YouTube da Prov\u00edncia Franciscana da Imaculada, TvFranciscanos, diariamente est\u00e1 sendo lan\u00e7ado em v\u00eddeo um curiosidade sobre Santo Ant\u00f4nio. Acompanhe!<\/p>\n","protected":false},"excerpt":{"rendered":"<p>Par\u00f3quia Santo Ant\u00f4nio do Pari<\/p>\n","protected":false},"author":1,"featured_media":193766,"comment_status":"open","ping_status":"open","sticky":false,"template":"","format":"standard","meta":[],"categories":[1],"tags":[389],"acf":[],"yoast_head":"<!-- This site is optimized with the Yoast SEO plugin v19.2 - https:\/\/yoast.com\/wordpress\/plugins\/seo\/ -->\n<title>Santo Ant\u00f4nio \u00e9 nosso modelo e inspirador - Not\u00edcias - Franciscanos<\/title>\n<meta name=\"robots\" content=\"index, follow, max-snippet:-1, max-image-preview:large, max-video-preview:-1\" \/>\n<link rel=\"canonical\" href=\"https:\/\/franciscanos.org.br\/noticias\/santo-antonio-e-nosso-modelo-e-inspirador.html\" \/>\n<meta property=\"og:locale\" content=\"pt_BR\" \/>\n<meta property=\"og:type\" content=\"article\" \/>\n<meta property=\"og:title\" content=\"Santo Ant\u00f4nio \u00e9 nosso modelo e inspirador - Not\u00edcias - Franciscanos\" \/>\n<meta property=\"og:description\" content=\"Par\u00f3quia Santo Ant\u00f4nio do Pari\" \/>\n<meta property=\"og:url\" content=\"https:\/\/franciscanos.org.br\/noticias\/santo-antonio-e-nosso-modelo-e-inspirador.html\" \/>\n<meta property=\"og:site_name\" content=\"Not\u00edcias - Franciscanos\" \/>\n<meta property=\"article:published_time\" content=\"2018-06-01T23:00:39+00:00\" \/>\n<meta property=\"article:modified_time\" content=\"2019-01-03T14:50:22+00:00\" \/>\n<meta property=\"og:image\" content=\"https:\/\/franciscanos.org.br\/noticias\/wp-content\/uploads\/2018\/06\/trezena_010618d.jpg\" \/>\n\t<meta property=\"og:image:width\" content=\"273\" \/>\n\t<meta property=\"og:image:height\" content=\"181\" \/>\n\t<meta property=\"og:image:type\" content=\"image\/jpeg\" \/>\n<meta name=\"author\" content=\"admin\" \/>\n<meta name=\"twitter:card\" content=\"summary_large_image\" \/>\n<meta name=\"twitter:label1\" content=\"Escrito por\" \/>\n\t<meta name=\"twitter:data1\" content=\"admin\" \/>\n\t<meta name=\"twitter:label2\" content=\"Est. tempo de leitura\" \/>\n\t<meta name=\"twitter:data2\" content=\"3 minutos\" \/>\n<script type=\"application\/ld+json\" class=\"yoast-schema-graph\">{\"@context\":\"https:\/\/schema.org\",\"@graph\":[{\"@type\":\"WebSite\",\"@id\":\"https:\/\/franciscanos.org.br\/noticias\/#website\",\"url\":\"https:\/\/franciscanos.org.br\/noticias\/\",\"name\":\"Not\u00edcias - Franciscanos\",\"description\":\"Prov\u00edncia Franciscana da Imaculada Concei\u00e7\u00e3o do Brasil - Ordem dos Frades Menores - OFM\",\"potentialAction\":[{\"@type\":\"SearchAction\",\"target\":{\"@type\":\"EntryPoint\",\"urlTemplate\":\"https:\/\/franciscanos.org.br\/noticias\/?s={search_term_string}\"},\"query-input\":\"required name=search_term_string\"}],\"inLanguage\":\"pt-BR\"},{\"@type\":\"ImageObject\",\"inLanguage\":\"pt-BR\",\"@id\":\"https:\/\/franciscanos.org.br\/noticias\/santo-antonio-e-nosso-modelo-e-inspirador.html#primaryimage\",\"url\":\"https:\/\/franciscanos.org.br\/noticias\/wp-content\/uploads\/2018\/06\/trezena_010618d.jpg\",\"contentUrl\":\"https:\/\/franciscanos.org.br\/noticias\/wp-content\/uploads\/2018\/06\/trezena_010618d.jpg\",\"width\":273,\"height\":181},{\"@type\":\"WebPage\",\"@id\":\"https:\/\/franciscanos.org.br\/noticias\/santo-antonio-e-nosso-modelo-e-inspirador.html#webpage\",\"url\":\"https:\/\/franciscanos.org.br\/noticias\/santo-antonio-e-nosso-modelo-e-inspirador.html\",\"name\":\"Santo Ant\u00f4nio \u00e9 nosso modelo e inspirador - Not\u00edcias - Franciscanos\",\"isPartOf\":{\"@id\":\"https:\/\/franciscanos.org.br\/noticias\/#website\"},\"primaryImageOfPage\":{\"@id\":\"https:\/\/franciscanos.org.br\/noticias\/santo-antonio-e-nosso-modelo-e-inspirador.html#primaryimage\"},\"datePublished\":\"2018-06-01T23:00:39+00:00\",\"dateModified\":\"2019-01-03T14:50:22+00:00\",\"author\":{\"@id\":\"https:\/\/franciscanos.org.br\/noticias\/#\/schema\/person\/b38fbf43118f02820bd932f2e4b14ad3\"},\"breadcrumb\":{\"@id\":\"https:\/\/franciscanos.org.br\/noticias\/santo-antonio-e-nosso-modelo-e-inspirador.html#breadcrumb\"},\"inLanguage\":\"pt-BR\",\"potentialAction\":[{\"@type\":\"ReadAction\",\"target\":[\"https:\/\/franciscanos.org.br\/noticias\/santo-antonio-e-nosso-modelo-e-inspirador.html\"]}]},{\"@type\":\"BreadcrumbList\",\"@id\":\"https:\/\/franciscanos.org.br\/noticias\/santo-antonio-e-nosso-modelo-e-inspirador.html#breadcrumb\",\"itemListElement\":[{\"@type\":\"ListItem\",\"position\":1,\"name\":\"Home\",\"item\":\"https:\/\/franciscanos.org.br\/noticias\"},{\"@type\":\"ListItem\",\"position\":2,\"name\":\"Santo Ant\u00f4nio \u00e9 nosso modelo e inspirador\"}]},{\"@type\":\"Person\",\"@id\":\"https:\/\/franciscanos.org.br\/noticias\/#\/schema\/person\/b38fbf43118f02820bd932f2e4b14ad3\",\"name\":\"admin\",\"image\":{\"@type\":\"ImageObject\",\"inLanguage\":\"pt-BR\",\"@id\":\"https:\/\/franciscanos.org.br\/noticias\/#\/schema\/person\/image\/\",\"url\":\"https:\/\/secure.gravatar.com\/avatar\/e8495742d34d0ba6448ea1c628263b3e?s=96&d=mm&r=g\",\"contentUrl\":\"https:\/\/secure.gravatar.com\/avatar\/e8495742d34d0ba6448ea1c628263b3e?s=96&d=mm&r=g\",\"caption\":\"admin\"},\"url\":\"https:\/\/franciscanos.org.br\/noticias\/author\/admin\"}]}<\/script>\n<!-- \/ Yoast SEO plugin. -->","yoast_head_json":{"title":"Santo Ant\u00f4nio \u00e9 nosso modelo e inspirador - Not\u00edcias - Franciscanos","robots":{"index":"index","follow":"follow","max-snippet":"max-snippet:-1","max-image-preview":"max-image-preview:large","max-video-preview":"max-video-preview:-1"},"canonical":"https:\/\/franciscanos.org.br\/noticias\/santo-antonio-e-nosso-modelo-e-inspirador.html","og_locale":"pt_BR","og_type":"article","og_title":"Santo Ant\u00f4nio \u00e9 nosso modelo e inspirador - Not\u00edcias - Franciscanos","og_description":"Par\u00f3quia Santo Ant\u00f4nio do Pari","og_url":"https:\/\/franciscanos.org.br\/noticias\/santo-antonio-e-nosso-modelo-e-inspirador.html","og_site_name":"Not\u00edcias - Franciscanos","article_published_time":"2018-06-01T23:00:39+00:00","article_modified_time":"2019-01-03T14:50:22+00:00","og_image":[{"width":273,"height":181,"url":"https:\/\/franciscanos.org.br\/noticias\/wp-content\/uploads\/2018\/06\/trezena_010618d.jpg","type":"image\/jpeg"}],"author":"admin","twitter_card":"summary_large_image","twitter_misc":{"Escrito por":"admin","Est. tempo de leitura":"3 minutos"},"schema":{"@context":"https:\/\/schema.org","@graph":[{"@type":"WebSite","@id":"https:\/\/franciscanos.org.br\/noticias\/#website","url":"https:\/\/franciscanos.org.br\/noticias\/","name":"Not\u00edcias - Franciscanos","description":"Prov\u00edncia Franciscana da Imaculada Concei\u00e7\u00e3o do Brasil - Ordem dos Frades Menores - OFM","potentialAction":[{"@type":"SearchAction","target":{"@type":"EntryPoint","urlTemplate":"https:\/\/franciscanos.org.br\/noticias\/?s={search_term_string}"},"query-input":"required name=search_term_string"}],"inLanguage":"pt-BR"},{"@type":"ImageObject","inLanguage":"pt-BR","@id":"https:\/\/franciscanos.org.br\/noticias\/santo-antonio-e-nosso-modelo-e-inspirador.html#primaryimage","url":"https:\/\/franciscanos.org.br\/noticias\/wp-content\/uploads\/2018\/06\/trezena_010618d.jpg","contentUrl":"https:\/\/franciscanos.org.br\/noticias\/wp-content\/uploads\/2018\/06\/trezena_010618d.jpg","width":273,"height":181},{"@type":"WebPage","@id":"https:\/\/franciscanos.org.br\/noticias\/santo-antonio-e-nosso-modelo-e-inspirador.html#webpage","url":"https:\/\/franciscanos.org.br\/noticias\/santo-antonio-e-nosso-modelo-e-inspirador.html","name":"Santo Ant\u00f4nio \u00e9 nosso modelo e inspirador - Not\u00edcias - Franciscanos","isPartOf":{"@id":"https:\/\/franciscanos.org.br\/noticias\/#website"},"primaryImageOfPage":{"@id":"https:\/\/franciscanos.org.br\/noticias\/santo-antonio-e-nosso-modelo-e-inspirador.html#primaryimage"},"datePublished":"2018-06-01T23:00:39+00:00","dateModified":"2019-01-03T14:50:22+00:00","author":{"@id":"https:\/\/franciscanos.org.br\/noticias\/#\/schema\/person\/b38fbf43118f02820bd932f2e4b14ad3"},"breadcrumb":{"@id":"https:\/\/franciscanos.org.br\/noticias\/santo-antonio-e-nosso-modelo-e-inspirador.html#breadcrumb"},"inLanguage":"pt-BR","potentialAction":[{"@type":"ReadAction","target":["https:\/\/franciscanos.org.br\/noticias\/santo-antonio-e-nosso-modelo-e-inspirador.html"]}]},{"@type":"BreadcrumbList","@id":"https:\/\/franciscanos.org.br\/noticias\/santo-antonio-e-nosso-modelo-e-inspirador.html#breadcrumb","itemListElement":[{"@type":"ListItem","position":1,"name":"Home","item":"https:\/\/franciscanos.org.br\/noticias"},{"@type":"ListItem","position":2,"name":"Santo Ant\u00f4nio \u00e9 nosso modelo e inspirador"}]},{"@type":"Person","@id":"https:\/\/franciscanos.org.br\/noticias\/#\/schema\/person\/b38fbf43118f02820bd932f2e4b14ad3","name":"admin","image":{"@type":"ImageObject","inLanguage":"pt-BR","@id":"https:\/\/franciscanos.org.br\/noticias\/#\/schema\/person\/image\/","url":"https:\/\/secure.gravatar.com\/avatar\/e8495742d34d0ba6448ea1c628263b3e?s=96&d=mm&r=g","contentUrl":"https:\/\/secure.gravatar.com\/avatar\/e8495742d34d0ba6448ea1c628263b3e?s=96&d=mm&r=g","caption":"admin"},"url":"https:\/\/franciscanos.org.br\/noticias\/author\/admin"}]}},"_links":{"self":[{"href":"https:\/\/franciscanos.org.br\/noticias\/wp-json\/wp\/v2\/posts\/161262"}],"collection":[{"href":"https:\/\/franciscanos.org.br\/noticias\/wp-json\/wp\/v2\/posts"}],"about":[{"href":"https:\/\/franciscanos.org.br\/noticias\/wp-json\/wp\/v2\/types\/post"}],"author":[{"embeddable":true,"href":"https:\/\/franciscanos.org.br\/noticias\/wp-json\/wp\/v2\/users\/1"}],"replies":[{"embeddable":true,"href":"https:\/\/franciscanos.org.br\/noticias\/wp-json\/wp\/v2\/comments?post=161262"}],"version-history":[{"count":0,"href":"https:\/\/franciscanos.org.br\/noticias\/wp-json\/wp\/v2\/posts\/161262\/revisions"}],"wp:featuredmedia":[{"embeddable":true,"href":"https:\/\/franciscanos.org.br\/noticias\/wp-json\/wp\/v2\/media\/193766"}],"wp:attachment":[{"href":"https:\/\/franciscanos.org.br\/noticias\/wp-json\/wp\/v2\/media?parent=161262"}],"wp:term":[{"taxonomy":"category","embeddable":true,"href":"https:\/\/franciscanos.org.br\/noticias\/wp-json\/wp\/v2\/categories?post=161262"},{"taxonomy":"post_tag","embeddable":true,"href":"https:\/\/franciscanos.org.br\/noticias\/wp-json\/wp\/v2\/tags?post=161262"}],"curies":[{"name":"wp","href":"https:\/\/api.w.org\/{rel}","templated":true}]}}