{"id":161236,"date":"2018-05-31T18:00:47","date_gmt":"2018-05-31T21:00:47","guid":{"rendered":"http:\/\/franciscanos.org.br\/?p=161236"},"modified":"2019-02-08T13:22:03","modified_gmt":"2019-02-08T15:22:03","slug":"missa-de-corpus-christi-marca-inicio-da-trezena-de-santo-antonio","status":"publish","type":"post","link":"https:\/\/franciscanos.org.br\/noticias\/missa-de-corpus-christi-marca-inicio-da-trezena-de-santo-antonio.html","title":{"rendered":"Missa de Corpus Christi marca in\u00edcio da Trezena"},"content":{"rendered":"<p><img loading=\"lazy\" class=\"alignnone wp-image-199985 \" src=\"https:\/\/franciscanos.org.br\/noticias\/wp-content\/uploads\/2018\/05\/destaque_primeiro.jpg\" alt=\"\" width=\"890\" height=\"536\" srcset=\"https:\/\/franciscanos.org.br\/noticias\/wp-content\/uploads\/2018\/05\/destaque_primeiro.jpg 830w, https:\/\/franciscanos.org.br\/noticias\/wp-content\/uploads\/2018\/05\/destaque_primeiro-450x271.jpg 450w, https:\/\/franciscanos.org.br\/noticias\/wp-content\/uploads\/2018\/05\/destaque_primeiro-768x463.jpg 768w, https:\/\/franciscanos.org.br\/noticias\/wp-content\/uploads\/2018\/05\/destaque_primeiro-150x90.jpg 150w\" sizes=\"(max-width: 890px) 100vw, 890px\" \/><\/p>\n<p><strong>S\u00e3o Paulo (SP) \u2013<\/strong>\u00a0Nessa quinta-feira, 31 de maio, solenidade do Sant\u00edssimo Corpo de Sangue de Nosso Senhor, teve in\u00edcio a Trezena em prepara\u00e7\u00e3o para a festa de Santo Ant\u00f4nio tamb\u00e9m em nossa par\u00f3quia Santo Ant\u00f4nio do Pari, em S\u00e3o Paulo, SP. A comunidade se mobilizou, e, de forma singela mas muito bela produziu os tapetes que enfeitaram o corredor central da Igreja, tamb\u00e9m em sintonia com o s\u00ednodo arquidiocesano que estamos celebrando. Presidida pelo p\u00e1roco, Frei Germano, a missa foi concelebrada por Frei Jos\u00e9 Francisco, Frei Gustavo Medella e Frei Clauzemir.<\/p>\n<p>Convidado a animar as prega\u00e7\u00f5es da trezena, Frei Clauzemir, ressaltou na sua homilia o valor da Eucaristia como alimento de quem quer caminhar em uma vida de santidade.\u00a0 \u00c9 uma grande alegria iniciar a trezena de Santo Ant\u00f4nio em uma data em que a f\u00e9 assume manifestar-se na beleza. Belas n\u00e3o s\u00e3o apenas a liturgia, os cantos e as ora\u00e7\u00f5es, mas os tapetes representam a concretude de uma devo\u00e7\u00e3o t\u00e3o popular quanto significativa ao povo. E essa\u00a0<img loading=\"lazy\" class=\"alignleft wp-image-193777 size-full\" src=\"https:\/\/franciscanos.org.br\/noticias\/wp-content\/uploads\/2018\/05\/clauzemir.jpg\" alt=\"\" width=\"500\" height=\"716\" srcset=\"https:\/\/franciscanos.org.br\/noticias\/wp-content\/uploads\/2018\/05\/clauzemir.jpg 500w, https:\/\/franciscanos.org.br\/noticias\/wp-content\/uploads\/2018\/05\/clauzemir-314x450.jpg 314w, https:\/\/franciscanos.org.br\/noticias\/wp-content\/uploads\/2018\/05\/clauzemir-150x215.jpg 150w\" sizes=\"(max-width: 500px) 100vw, 500px\" \/>devo\u00e7\u00e3o, essa f\u00e9 t\u00e3o popular em seu modo de ser, \u00e9 muito pr\u00f3xima da f\u00e9 na intercess\u00e3o de Santo Ant\u00f4nio, t\u00e3o rogado em situa\u00e7\u00f5es bem concretas, desde o achar algo perdido, ou o pedido ao santo casamenteiro, at\u00e9 seu apelo como santo do p\u00e3o dos pobres. Entretanto, os santos n\u00e3o devem ser encarados \u00fanica nem primeiramente como intercessores. N\u00e3o \u00e9 isso que os faz santos.\u00a0 Antes de tudo, eles para n\u00f3s s\u00e3o modelo, s\u00e3o sinais de que \u00e9 poss\u00edvel aproximar nossa vida do sonho de Deus. Esse apelo a santidade, dirigido a todos e a cada um de n\u00f3s, n\u00e3o tem nada a ver com \u201cfazer m\u00e1gica\u201d ou ter grandes sinais em sua vida. Santidade tem muito mais a ver com perseveran\u00e7a, tem a ver com o desafio de se manter honesto quando\u00a0ningu\u00e9m est\u00e1 olhando nem vai ficar sabendo, tem a ver com o sentido de procurarmos sermos bons, caridosos, mesmo quando nada receberemos em troca, nem mesmo reconhecimento ou gratid\u00e3o. Santidade tem a ver com perseverar mesmo com os desafios de nossa rotina, nosso trabalho, nossa vida quotidiana. Nesse desafio, n\u00e3o damos conta sozinhos, por isso Deus \u00e9 nosso aux\u00edlio e nossa for\u00e7a. E \u00e9 para esse caminhar, que a Eucaristia \u00e9 alimento especial. \u201cA Eucaristia n\u00e3o \u00e9 pr\u00eamio para os perfeitos, mas rem\u00e9dio generoso e um alimento para os fracos\u201d (<em>Evangelii Gaudium<\/em> 47). Aqueles que querem perseverar em seu caminho, buscando a santidade na vida quotidiana, assumindo suas atividades com empenho, lutando para construir um mundo melhor, encontram nessa doa\u00e7\u00e3o m\u00e1xima de nosso Deus, alimento e for\u00e7a para continuar. Olhemos para a Eucaristia com devo\u00e7\u00e3o, com f\u00e9 e tamb\u00e9m com fome, com vontade e necessidade dessa for\u00e7a para bem caminharmos. Olhemos para a Eucaristia com respeito, com adora\u00e7\u00e3o, mas n\u00e3o com medo, pois nosso Deus antes de juiz, \u00e9 Pai amoroso, acolhe antes de qualquer coisa aqueles que a Ele recorrem com o cora\u00e7\u00e3o enternecido de quem muito nos ama.<\/p>\n<p>Ap\u00f3s a Comunh\u00e3o e antes da prociss\u00e3o e b\u00ean\u00e7\u00e3o com o Sant\u00edssimo, fez-se a ora\u00e7\u00e3o do Respons\u00f3rio de Santo Ant\u00f4nio, a fim de marcar tamb\u00e9m os pedidos de cada um para essa Trezena que se iniciava. Aos p\u00e9s de nosso Deus, exposto humildemente \u00e0 nossa adora\u00e7\u00e3o, apresentamos nossas inten\u00e7\u00f5es sob a intercess\u00e3o e exemplo de Santo Ant\u00f4nio!<\/p>\n","protected":false},"excerpt":{"rendered":"<p>Par\u00f3quia Santo Ant\u00f4nio do Pari<\/p>\n","protected":false},"author":1,"featured_media":193778,"comment_status":"open","ping_status":"open","sticky":false,"template":"","format":"standard","meta":[],"categories":[1],"tags":[287,280,389],"acf":[],"yoast_head":"<!-- This site is optimized with the Yoast SEO plugin v19.2 - https:\/\/yoast.com\/wordpress\/plugins\/seo\/ -->\n<title>Missa de Corpus Christi marca in\u00edcio da Trezena - Not\u00edcias - Franciscanos<\/title>\n<meta name=\"robots\" content=\"index, follow, max-snippet:-1, max-image-preview:large, max-video-preview:-1\" \/>\n<link rel=\"canonical\" href=\"https:\/\/franciscanos.org.br\/noticias\/missa-de-corpus-christi-marca-inicio-da-trezena-de-santo-antonio.html\" \/>\n<meta property=\"og:locale\" content=\"pt_BR\" \/>\n<meta property=\"og:type\" content=\"article\" \/>\n<meta property=\"og:title\" content=\"Missa de Corpus Christi marca in\u00edcio da Trezena - Not\u00edcias - Franciscanos\" \/>\n<meta property=\"og:description\" content=\"Par\u00f3quia Santo Ant\u00f4nio do Pari\" \/>\n<meta property=\"og:url\" content=\"https:\/\/franciscanos.org.br\/noticias\/missa-de-corpus-christi-marca-inicio-da-trezena-de-santo-antonio.html\" \/>\n<meta property=\"og:site_name\" content=\"Not\u00edcias - Franciscanos\" \/>\n<meta property=\"article:published_time\" content=\"2018-05-31T21:00:47+00:00\" \/>\n<meta property=\"article:modified_time\" content=\"2019-02-08T15:22:03+00:00\" \/>\n<meta property=\"og:image\" content=\"https:\/\/franciscanos.org.br\/noticias\/wp-content\/uploads\/2018\/05\/clauzemir_d.jpg\" \/>\n\t<meta property=\"og:image:width\" content=\"273\" \/>\n\t<meta property=\"og:image:height\" content=\"181\" \/>\n\t<meta property=\"og:image:type\" content=\"image\/jpeg\" \/>\n<meta name=\"author\" content=\"admin\" \/>\n<meta name=\"twitter:card\" content=\"summary_large_image\" \/>\n<meta name=\"twitter:label1\" content=\"Escrito por\" \/>\n\t<meta name=\"twitter:data1\" content=\"admin\" \/>\n\t<meta name=\"twitter:label2\" content=\"Est. tempo de leitura\" \/>\n\t<meta name=\"twitter:data2\" content=\"3 minutos\" \/>\n<script type=\"application\/ld+json\" class=\"yoast-schema-graph\">{\"@context\":\"https:\/\/schema.org\",\"@graph\":[{\"@type\":\"WebSite\",\"@id\":\"https:\/\/franciscanos.org.br\/noticias\/#website\",\"url\":\"https:\/\/franciscanos.org.br\/noticias\/\",\"name\":\"Not\u00edcias - Franciscanos\",\"description\":\"Prov\u00edncia Franciscana da Imaculada Concei\u00e7\u00e3o do Brasil - Ordem dos Frades Menores - OFM\",\"potentialAction\":[{\"@type\":\"SearchAction\",\"target\":{\"@type\":\"EntryPoint\",\"urlTemplate\":\"https:\/\/franciscanos.org.br\/noticias\/?s={search_term_string}\"},\"query-input\":\"required name=search_term_string\"}],\"inLanguage\":\"pt-BR\"},{\"@type\":\"ImageObject\",\"inLanguage\":\"pt-BR\",\"@id\":\"https:\/\/franciscanos.org.br\/noticias\/missa-de-corpus-christi-marca-inicio-da-trezena-de-santo-antonio.html#primaryimage\",\"url\":\"https:\/\/franciscanos.org.br\/noticias\/wp-content\/uploads\/2018\/05\/clauzemir_d.jpg\",\"contentUrl\":\"https:\/\/franciscanos.org.br\/noticias\/wp-content\/uploads\/2018\/05\/clauzemir_d.jpg\",\"width\":273,\"height\":181},{\"@type\":\"WebPage\",\"@id\":\"https:\/\/franciscanos.org.br\/noticias\/missa-de-corpus-christi-marca-inicio-da-trezena-de-santo-antonio.html#webpage\",\"url\":\"https:\/\/franciscanos.org.br\/noticias\/missa-de-corpus-christi-marca-inicio-da-trezena-de-santo-antonio.html\",\"name\":\"Missa de Corpus Christi marca in\u00edcio da Trezena - Not\u00edcias - Franciscanos\",\"isPartOf\":{\"@id\":\"https:\/\/franciscanos.org.br\/noticias\/#website\"},\"primaryImageOfPage\":{\"@id\":\"https:\/\/franciscanos.org.br\/noticias\/missa-de-corpus-christi-marca-inicio-da-trezena-de-santo-antonio.html#primaryimage\"},\"datePublished\":\"2018-05-31T21:00:47+00:00\",\"dateModified\":\"2019-02-08T15:22:03+00:00\",\"author\":{\"@id\":\"https:\/\/franciscanos.org.br\/noticias\/#\/schema\/person\/b38fbf43118f02820bd932f2e4b14ad3\"},\"breadcrumb\":{\"@id\":\"https:\/\/franciscanos.org.br\/noticias\/missa-de-corpus-christi-marca-inicio-da-trezena-de-santo-antonio.html#breadcrumb\"},\"inLanguage\":\"pt-BR\",\"potentialAction\":[{\"@type\":\"ReadAction\",\"target\":[\"https:\/\/franciscanos.org.br\/noticias\/missa-de-corpus-christi-marca-inicio-da-trezena-de-santo-antonio.html\"]}]},{\"@type\":\"BreadcrumbList\",\"@id\":\"https:\/\/franciscanos.org.br\/noticias\/missa-de-corpus-christi-marca-inicio-da-trezena-de-santo-antonio.html#breadcrumb\",\"itemListElement\":[{\"@type\":\"ListItem\",\"position\":1,\"name\":\"Home\",\"item\":\"https:\/\/franciscanos.org.br\/noticias\"},{\"@type\":\"ListItem\",\"position\":2,\"name\":\"Missa de Corpus Christi marca in\u00edcio da Trezena\"}]},{\"@type\":\"Person\",\"@id\":\"https:\/\/franciscanos.org.br\/noticias\/#\/schema\/person\/b38fbf43118f02820bd932f2e4b14ad3\",\"name\":\"admin\",\"image\":{\"@type\":\"ImageObject\",\"inLanguage\":\"pt-BR\",\"@id\":\"https:\/\/franciscanos.org.br\/noticias\/#\/schema\/person\/image\/\",\"url\":\"https:\/\/secure.gravatar.com\/avatar\/e8495742d34d0ba6448ea1c628263b3e?s=96&d=mm&r=g\",\"contentUrl\":\"https:\/\/secure.gravatar.com\/avatar\/e8495742d34d0ba6448ea1c628263b3e?s=96&d=mm&r=g\",\"caption\":\"admin\"},\"url\":\"https:\/\/franciscanos.org.br\/noticias\/author\/admin\"}]}<\/script>\n<!-- \/ Yoast SEO plugin. -->","yoast_head_json":{"title":"Missa de Corpus Christi marca in\u00edcio da Trezena - Not\u00edcias - Franciscanos","robots":{"index":"index","follow":"follow","max-snippet":"max-snippet:-1","max-image-preview":"max-image-preview:large","max-video-preview":"max-video-preview:-1"},"canonical":"https:\/\/franciscanos.org.br\/noticias\/missa-de-corpus-christi-marca-inicio-da-trezena-de-santo-antonio.html","og_locale":"pt_BR","og_type":"article","og_title":"Missa de Corpus Christi marca in\u00edcio da Trezena - Not\u00edcias - Franciscanos","og_description":"Par\u00f3quia Santo Ant\u00f4nio do Pari","og_url":"https:\/\/franciscanos.org.br\/noticias\/missa-de-corpus-christi-marca-inicio-da-trezena-de-santo-antonio.html","og_site_name":"Not\u00edcias - Franciscanos","article_published_time":"2018-05-31T21:00:47+00:00","article_modified_time":"2019-02-08T15:22:03+00:00","og_image":[{"width":273,"height":181,"url":"https:\/\/franciscanos.org.br\/noticias\/wp-content\/uploads\/2018\/05\/clauzemir_d.jpg","type":"image\/jpeg"}],"author":"admin","twitter_card":"summary_large_image","twitter_misc":{"Escrito por":"admin","Est. tempo de leitura":"3 minutos"},"schema":{"@context":"https:\/\/schema.org","@graph":[{"@type":"WebSite","@id":"https:\/\/franciscanos.org.br\/noticias\/#website","url":"https:\/\/franciscanos.org.br\/noticias\/","name":"Not\u00edcias - Franciscanos","description":"Prov\u00edncia Franciscana da Imaculada Concei\u00e7\u00e3o do Brasil - Ordem dos Frades Menores - OFM","potentialAction":[{"@type":"SearchAction","target":{"@type":"EntryPoint","urlTemplate":"https:\/\/franciscanos.org.br\/noticias\/?s={search_term_string}"},"query-input":"required name=search_term_string"}],"inLanguage":"pt-BR"},{"@type":"ImageObject","inLanguage":"pt-BR","@id":"https:\/\/franciscanos.org.br\/noticias\/missa-de-corpus-christi-marca-inicio-da-trezena-de-santo-antonio.html#primaryimage","url":"https:\/\/franciscanos.org.br\/noticias\/wp-content\/uploads\/2018\/05\/clauzemir_d.jpg","contentUrl":"https:\/\/franciscanos.org.br\/noticias\/wp-content\/uploads\/2018\/05\/clauzemir_d.jpg","width":273,"height":181},{"@type":"WebPage","@id":"https:\/\/franciscanos.org.br\/noticias\/missa-de-corpus-christi-marca-inicio-da-trezena-de-santo-antonio.html#webpage","url":"https:\/\/franciscanos.org.br\/noticias\/missa-de-corpus-christi-marca-inicio-da-trezena-de-santo-antonio.html","name":"Missa de Corpus Christi marca in\u00edcio da Trezena - Not\u00edcias - Franciscanos","isPartOf":{"@id":"https:\/\/franciscanos.org.br\/noticias\/#website"},"primaryImageOfPage":{"@id":"https:\/\/franciscanos.org.br\/noticias\/missa-de-corpus-christi-marca-inicio-da-trezena-de-santo-antonio.html#primaryimage"},"datePublished":"2018-05-31T21:00:47+00:00","dateModified":"2019-02-08T15:22:03+00:00","author":{"@id":"https:\/\/franciscanos.org.br\/noticias\/#\/schema\/person\/b38fbf43118f02820bd932f2e4b14ad3"},"breadcrumb":{"@id":"https:\/\/franciscanos.org.br\/noticias\/missa-de-corpus-christi-marca-inicio-da-trezena-de-santo-antonio.html#breadcrumb"},"inLanguage":"pt-BR","potentialAction":[{"@type":"ReadAction","target":["https:\/\/franciscanos.org.br\/noticias\/missa-de-corpus-christi-marca-inicio-da-trezena-de-santo-antonio.html"]}]},{"@type":"BreadcrumbList","@id":"https:\/\/franciscanos.org.br\/noticias\/missa-de-corpus-christi-marca-inicio-da-trezena-de-santo-antonio.html#breadcrumb","itemListElement":[{"@type":"ListItem","position":1,"name":"Home","item":"https:\/\/franciscanos.org.br\/noticias"},{"@type":"ListItem","position":2,"name":"Missa de Corpus Christi marca in\u00edcio da Trezena"}]},{"@type":"Person","@id":"https:\/\/franciscanos.org.br\/noticias\/#\/schema\/person\/b38fbf43118f02820bd932f2e4b14ad3","name":"admin","image":{"@type":"ImageObject","inLanguage":"pt-BR","@id":"https:\/\/franciscanos.org.br\/noticias\/#\/schema\/person\/image\/","url":"https:\/\/secure.gravatar.com\/avatar\/e8495742d34d0ba6448ea1c628263b3e?s=96&d=mm&r=g","contentUrl":"https:\/\/secure.gravatar.com\/avatar\/e8495742d34d0ba6448ea1c628263b3e?s=96&d=mm&r=g","caption":"admin"},"url":"https:\/\/franciscanos.org.br\/noticias\/author\/admin"}]}},"_links":{"self":[{"href":"https:\/\/franciscanos.org.br\/noticias\/wp-json\/wp\/v2\/posts\/161236"}],"collection":[{"href":"https:\/\/franciscanos.org.br\/noticias\/wp-json\/wp\/v2\/posts"}],"about":[{"href":"https:\/\/franciscanos.org.br\/noticias\/wp-json\/wp\/v2\/types\/post"}],"author":[{"embeddable":true,"href":"https:\/\/franciscanos.org.br\/noticias\/wp-json\/wp\/v2\/users\/1"}],"replies":[{"embeddable":true,"href":"https:\/\/franciscanos.org.br\/noticias\/wp-json\/wp\/v2\/comments?post=161236"}],"version-history":[{"count":0,"href":"https:\/\/franciscanos.org.br\/noticias\/wp-json\/wp\/v2\/posts\/161236\/revisions"}],"wp:featuredmedia":[{"embeddable":true,"href":"https:\/\/franciscanos.org.br\/noticias\/wp-json\/wp\/v2\/media\/193778"}],"wp:attachment":[{"href":"https:\/\/franciscanos.org.br\/noticias\/wp-json\/wp\/v2\/media?parent=161236"}],"wp:term":[{"taxonomy":"category","embeddable":true,"href":"https:\/\/franciscanos.org.br\/noticias\/wp-json\/wp\/v2\/categories?post=161236"},{"taxonomy":"post_tag","embeddable":true,"href":"https:\/\/franciscanos.org.br\/noticias\/wp-json\/wp\/v2\/tags?post=161236"}],"curies":[{"name":"wp","href":"https:\/\/api.w.org\/{rel}","templated":true}]}}