{"id":161142,"date":"2018-06-02T14:55:50","date_gmt":"2018-06-02T17:55:50","guid":{"rendered":"http:\/\/franciscanos.org.br\/?p=161142"},"modified":"2019-05-03T09:39:07","modified_gmt":"2019-05-03T12:39:07","slug":"santo-antonio-ensina-como-chegar-mais-perto-de-deus","status":"publish","type":"post","link":"https:\/\/franciscanos.org.br\/noticias\/santo-antonio-ensina-como-chegar-mais-perto-de-deus.html","title":{"rendered":"Santo Ant\u00f4nio ensina como chegar mais perto de Deus"},"content":{"rendered":"<p><img loading=\"lazy\" src=\"http:\/\/franciscanos.org.br\/wp-content\/uploads\/2018\/06\/trezena_segundo_020618.jpg\" alt=\"trezena_segundo_020618\" width=\"830\" height=\"623\" \/><\/p>\n<p><strong>Moacir Beggo<\/strong><\/p>\n<p><strong>\u00a0Rio de Janeiro (RJ)<\/strong> &#8211; O segundo dia da Trezena de Santo Ant\u00f4nio, neste s\u00e1bado (2 de junho), no Convento Santo Ant\u00f4nio do Largo da Carioca (RJ), foi celebrado durante a Eucaristia presidida por Frei Hermenegildo Curbani e coube ao jovem Frei Erick de Ara\u00fajo Lazaro, que est\u00e1 no Ano Mission\u00e1rio antes da Teologia, fazer a prega\u00e7\u00e3o tendo como tema &#8220;Santo Ant\u00f4nio, chamado \u00e0 identidade&#8221;.<\/p>\n<p>Frei Roger Brun\u00f3rio fez a acolhida dos fi\u00e9is no in\u00edcio da Celebra\u00e7\u00e3o que come\u00e7ou \u00e0s 10 horas e lembrou que Frei Hermenegildo \u00e9 vig\u00e1rio paroquial em S\u00e3o Jo\u00e3o de Meriti, na Baixada Fluminense, onde est\u00e1 uma das fraternidades franciscanas da Prov\u00edncia da Imaculada. Outras est\u00e3o em Duque de Caxias, em Nil\u00f3polis, em Niter\u00f3i, na Rocinha, em Petr\u00f3polis e no Largo da Carioca com o Convento Santo Ant\u00f4nio, que est\u00e1 celebrando neste ano 410 anos do lan\u00e7amento de sua pedra fundamental.<\/p>\n<p>Na prociss\u00e3o de entrada, Frei Erick de Ara\u00fajo Lazaro carregou a cruz \u00e0 frente, vindo atr\u00e1s os estandartes de Santo Ant\u00f4nio, o andor e as colaboradoras do Convento, ministras, membros do povo e o presidente da Celebra\u00e7\u00e3o.<\/p>\n<p><img loading=\"lazy\" src=\"http:\/\/franciscanos.org.br\/wp-content\/uploads\/2018\/06\/trezena_segundo_020618_6.jpg\" alt=\"trezena_segundo_020618_6\" width=\"830\" height=\"623\" \/><\/p>\n<p>Para o pregador, n\u00e3o \u00e9 dif\u00edcil identificar Santo Ant\u00f4nio. &#8220;Basta olhar para sua imagem e perceber alguns elementos que s\u00e3o claros da sua identidade: o Menino Jesus, o l\u00edrio nos bra\u00e7os, a Palavra de Deus nas suas m\u00e3os, o h\u00e1bito marrom&#8221;, disse.<\/p>\n<p>Mas, para Santo Ant\u00f4nio chegar a essa identidade, a esses elementos, segundo o frade pregador, ele fez uma experi\u00eancia crist\u00e3, que come\u00e7ou no ber\u00e7o com seus pais e se tornou maior quando estudou Teologia e se especializou nas Sagradas Escrituras. &#8220;Ele n\u00e3o fez isso para ter um t\u00edtulo de doutor, mas para se aproximar-se do Cristo, aproximar-se ainda mais de Deus&#8221;, acrescentou.<\/p>\n<p>&#8220;E essa proximidade com Deus fica bem vis\u00edvel quando, na sua cela, Nossa Senhora aparece e lhe entrega o Menino Jesus. Aos frades que viram esse milagre, ele pediu que contassem depois de sua morte. Essa proximidade com o Menino Deus, essa amizade com Nosso Senhor, todos somos convidados a fazer. Somos batizados, crismados e confirmamos nossa f\u00e9 no Esp\u00edrito Santo. Dentro de n\u00f3s devemos ter a certeza de que Jesus caminha conosco. \u00c9 necess\u00e1rio que a gente fa\u00e7a a experi\u00eancia de Cristo, que eu deixe ele estar dentro de mim&#8221;, ensinou.<\/p>\n<p><img loading=\"lazy\" src=\"http:\/\/franciscanos.org.br\/wp-content\/uploads\/2018\/06\/trezena_segundo_020618_3.jpg\" alt=\"trezena_segundo_020618_3\" width=\"830\" height=\"480\" \/><\/p>\n<p>Segundo o frade, essa experi\u00eancia muitas vezes para em \u00e1guas rasas. Nas primeiras dificuldades, o mundo desaba. &#8220;Deus me abandonou, Deus n\u00e3o est\u00e1 ao meu lado, por que Deus deixou uma coisa dessa acontecer na minha vida? Ou seja, falta ir mais fundo nessa experi\u00eancia&#8221;, indicou, lembrando que Santo Ant\u00f4nio sofria uma doen\u00e7a chamada hidropsia, que \u00e9 o ac\u00famulo de \u00e1gua nos membros do corpo. &#8220;Mas ele n\u00e3o se deixava abater nas andan\u00e7as e prega\u00e7\u00f5es&#8221;. Para Frei Erick, Santo Ant\u00f4nio tinha a alegria do Ressuscitado. &#8220;O Papa Francisco diz que o crist\u00e3o n\u00e3o deve ter cara de sexta-feira santa. Cara triste, sofrida, amargurada. Mas precisa ter a alegria do domingo de P\u00e1scoa, a alegria do Ressuscitado. Essa \u00e9 a alegria do crist\u00e3o. N\u00e3o h\u00e1 motivo para se entristecer. N\u00e3o h\u00e1 problemas que v\u00e3o tirar nossa alegria porque a gente serve esse Deus com alegria&#8221;, indicou.<\/p>\n<p><img loading=\"lazy\" class=\"alignright size-full wp-image-161146\" src=\"http:\/\/franciscanos.org.br\/wp-content\/uploads\/2018\/06\/trezena_segundo_020618_7.jpg\" alt=\"trezena_segundo_020618_7\" width=\"400\" height=\"409\" \/>A identidade crist\u00e3, a identidade de Santo Ant\u00f4nio, \u00e9 a alegria. Assim deve ser o crist\u00e3o. &#8220;O convite do tema de hoje, o convite dessa experi\u00eancia crist\u00e3 que Santo Ant\u00f4nio faz a cada um de n\u00f3s, \u00e9 isso: experimentarmos de fato e acreditarmos que Deus se faz presente em nossa vida, que Deus caminha com gente. Eu sempre costumo usar a analogia de uma crian\u00e7a. Quando o pai coloca a crian\u00e7a no alto e diz: &#8216;Pula que o pai segura; pula que o pai pega&#8217;, a crian\u00e7a n\u00e3o tem medo. Ela confia no Pai. Ela acredita que n\u00e3o vai cair no ch\u00e3o. E Deus faz a mesma coisa conosco. Basta a gente confiar verdadeiramente e se jogar nos bra\u00e7os de Deus. A gente pode ter a certeza, assim como a crian\u00e7a acredita no pai, que Deus n\u00e3o ir\u00e1 nos deixar cair. Estar\u00e1 de bra\u00e7os abertos para nos acolher. Mas n\u00f3s precisamos abrir o nosso cora\u00e7\u00e3o para fazer essa experi\u00eancia do Evangelho&#8221;, ressaltou.<\/p>\n<p>&#8220;Que a partir dessa Trezena, que a partir dessa experi\u00eancia crist\u00e3, como devotos de Santo Ant\u00f4nio, possamos ter no nosso colo Jesus Cristo sentado!&#8221;, conclui Frei Erick.<\/p>\n<p>No final da Missa, o celebrante deu a b\u00ean\u00e7\u00e3o de Santo Ant\u00f4nio, e aspergiu com \u00e1gua benta p\u00e3es, l\u00edrios e os fi\u00e9is. Uma paroquiana ganhou no sorteio da festa uma TV e quem n\u00e3o ganhou poder\u00e1 levar a imagem de Santo Ant\u00f4nio que vem no andor todo dia na prociss\u00e3o de entrada.<\/p>\n<p>Neste domingo, tamb\u00e9m \u00e0s 10 horas, a Trezena ter\u00e1 como tema &#8220;Santo Ant\u00f4nio, a miss\u00e3o dos leigos&#8221; no terceiro dia.<\/p>\n","protected":false},"excerpt":{"rendered":"<p>Convento Santo Ant\u00f4nio do Largo da Carioca<\/p>\n","protected":false},"author":1,"featured_media":204293,"comment_status":"open","ping_status":"open","sticky":false,"template":"","format":"standard","meta":[],"categories":[1],"tags":[401,389],"acf":[],"yoast_head":"<!-- This site is optimized with the Yoast SEO plugin v19.2 - https:\/\/yoast.com\/wordpress\/plugins\/seo\/ -->\n<title>Santo Ant\u00f4nio ensina como chegar mais perto de Deus - Not\u00edcias - Franciscanos<\/title>\n<meta name=\"robots\" content=\"index, follow, max-snippet:-1, max-image-preview:large, max-video-preview:-1\" \/>\n<link rel=\"canonical\" href=\"https:\/\/franciscanos.org.br\/noticias\/santo-antonio-ensina-como-chegar-mais-perto-de-deus.html\" \/>\n<meta property=\"og:locale\" content=\"pt_BR\" \/>\n<meta property=\"og:type\" content=\"article\" \/>\n<meta property=\"og:title\" content=\"Santo Ant\u00f4nio ensina como chegar mais perto de Deus - Not\u00edcias - Franciscanos\" \/>\n<meta property=\"og:description\" content=\"Convento Santo Ant\u00f4nio do Largo da Carioca\" \/>\n<meta property=\"og:url\" content=\"https:\/\/franciscanos.org.br\/noticias\/santo-antonio-ensina-como-chegar-mais-perto-de-deus.html\" \/>\n<meta property=\"og:site_name\" content=\"Not\u00edcias - Franciscanos\" \/>\n<meta property=\"article:published_time\" content=\"2018-06-02T17:55:50+00:00\" \/>\n<meta property=\"article:modified_time\" content=\"2019-05-03T12:39:07+00:00\" \/>\n<meta property=\"og:image\" content=\"https:\/\/franciscanos.org.br\/noticias\/wp-content\/uploads\/2018\/06\/trezena_segundo_020618.jpg\" \/>\n\t<meta property=\"og:image:width\" content=\"273\" \/>\n\t<meta property=\"og:image:height\" content=\"181\" \/>\n\t<meta property=\"og:image:type\" content=\"image\/jpeg\" \/>\n<meta name=\"author\" content=\"admin\" \/>\n<meta name=\"twitter:card\" content=\"summary_large_image\" \/>\n<meta name=\"twitter:label1\" content=\"Escrito por\" \/>\n\t<meta name=\"twitter:data1\" content=\"admin\" \/>\n\t<meta name=\"twitter:label2\" content=\"Est. tempo de leitura\" \/>\n\t<meta name=\"twitter:data2\" content=\"4 minutos\" \/>\n<script type=\"application\/ld+json\" class=\"yoast-schema-graph\">{\"@context\":\"https:\/\/schema.org\",\"@graph\":[{\"@type\":\"WebSite\",\"@id\":\"https:\/\/franciscanos.org.br\/noticias\/#website\",\"url\":\"https:\/\/franciscanos.org.br\/noticias\/\",\"name\":\"Not\u00edcias - Franciscanos\",\"description\":\"Prov\u00edncia Franciscana da Imaculada Concei\u00e7\u00e3o do Brasil - Ordem dos Frades Menores - OFM\",\"potentialAction\":[{\"@type\":\"SearchAction\",\"target\":{\"@type\":\"EntryPoint\",\"urlTemplate\":\"https:\/\/franciscanos.org.br\/noticias\/?s={search_term_string}\"},\"query-input\":\"required name=search_term_string\"}],\"inLanguage\":\"pt-BR\"},{\"@type\":\"ImageObject\",\"inLanguage\":\"pt-BR\",\"@id\":\"https:\/\/franciscanos.org.br\/noticias\/santo-antonio-ensina-como-chegar-mais-perto-de-deus.html#primaryimage\",\"url\":\"https:\/\/franciscanos.org.br\/noticias\/wp-content\/uploads\/2018\/06\/trezena_segundo_020618.jpg\",\"contentUrl\":\"https:\/\/franciscanos.org.br\/noticias\/wp-content\/uploads\/2018\/06\/trezena_segundo_020618.jpg\",\"width\":273,\"height\":181},{\"@type\":\"WebPage\",\"@id\":\"https:\/\/franciscanos.org.br\/noticias\/santo-antonio-ensina-como-chegar-mais-perto-de-deus.html#webpage\",\"url\":\"https:\/\/franciscanos.org.br\/noticias\/santo-antonio-ensina-como-chegar-mais-perto-de-deus.html\",\"name\":\"Santo Ant\u00f4nio ensina como chegar mais perto de Deus - Not\u00edcias - Franciscanos\",\"isPartOf\":{\"@id\":\"https:\/\/franciscanos.org.br\/noticias\/#website\"},\"primaryImageOfPage\":{\"@id\":\"https:\/\/franciscanos.org.br\/noticias\/santo-antonio-ensina-como-chegar-mais-perto-de-deus.html#primaryimage\"},\"datePublished\":\"2018-06-02T17:55:50+00:00\",\"dateModified\":\"2019-05-03T12:39:07+00:00\",\"author\":{\"@id\":\"https:\/\/franciscanos.org.br\/noticias\/#\/schema\/person\/b38fbf43118f02820bd932f2e4b14ad3\"},\"breadcrumb\":{\"@id\":\"https:\/\/franciscanos.org.br\/noticias\/santo-antonio-ensina-como-chegar-mais-perto-de-deus.html#breadcrumb\"},\"inLanguage\":\"pt-BR\",\"potentialAction\":[{\"@type\":\"ReadAction\",\"target\":[\"https:\/\/franciscanos.org.br\/noticias\/santo-antonio-ensina-como-chegar-mais-perto-de-deus.html\"]}]},{\"@type\":\"BreadcrumbList\",\"@id\":\"https:\/\/franciscanos.org.br\/noticias\/santo-antonio-ensina-como-chegar-mais-perto-de-deus.html#breadcrumb\",\"itemListElement\":[{\"@type\":\"ListItem\",\"position\":1,\"name\":\"Home\",\"item\":\"https:\/\/franciscanos.org.br\/noticias\"},{\"@type\":\"ListItem\",\"position\":2,\"name\":\"Santo Ant\u00f4nio ensina como chegar mais perto de Deus\"}]},{\"@type\":\"Person\",\"@id\":\"https:\/\/franciscanos.org.br\/noticias\/#\/schema\/person\/b38fbf43118f02820bd932f2e4b14ad3\",\"name\":\"admin\",\"image\":{\"@type\":\"ImageObject\",\"inLanguage\":\"pt-BR\",\"@id\":\"https:\/\/franciscanos.org.br\/noticias\/#\/schema\/person\/image\/\",\"url\":\"https:\/\/secure.gravatar.com\/avatar\/e8495742d34d0ba6448ea1c628263b3e?s=96&d=mm&r=g\",\"contentUrl\":\"https:\/\/secure.gravatar.com\/avatar\/e8495742d34d0ba6448ea1c628263b3e?s=96&d=mm&r=g\",\"caption\":\"admin\"},\"url\":\"https:\/\/franciscanos.org.br\/noticias\/author\/admin\"}]}<\/script>\n<!-- \/ Yoast SEO plugin. -->","yoast_head_json":{"title":"Santo Ant\u00f4nio ensina como chegar mais perto de Deus - Not\u00edcias - Franciscanos","robots":{"index":"index","follow":"follow","max-snippet":"max-snippet:-1","max-image-preview":"max-image-preview:large","max-video-preview":"max-video-preview:-1"},"canonical":"https:\/\/franciscanos.org.br\/noticias\/santo-antonio-ensina-como-chegar-mais-perto-de-deus.html","og_locale":"pt_BR","og_type":"article","og_title":"Santo Ant\u00f4nio ensina como chegar mais perto de Deus - Not\u00edcias - Franciscanos","og_description":"Convento Santo Ant\u00f4nio do Largo da Carioca","og_url":"https:\/\/franciscanos.org.br\/noticias\/santo-antonio-ensina-como-chegar-mais-perto-de-deus.html","og_site_name":"Not\u00edcias - Franciscanos","article_published_time":"2018-06-02T17:55:50+00:00","article_modified_time":"2019-05-03T12:39:07+00:00","og_image":[{"width":273,"height":181,"url":"https:\/\/franciscanos.org.br\/noticias\/wp-content\/uploads\/2018\/06\/trezena_segundo_020618.jpg","type":"image\/jpeg"}],"author":"admin","twitter_card":"summary_large_image","twitter_misc":{"Escrito por":"admin","Est. tempo de leitura":"4 minutos"},"schema":{"@context":"https:\/\/schema.org","@graph":[{"@type":"WebSite","@id":"https:\/\/franciscanos.org.br\/noticias\/#website","url":"https:\/\/franciscanos.org.br\/noticias\/","name":"Not\u00edcias - Franciscanos","description":"Prov\u00edncia Franciscana da Imaculada Concei\u00e7\u00e3o do Brasil - Ordem dos Frades Menores - OFM","potentialAction":[{"@type":"SearchAction","target":{"@type":"EntryPoint","urlTemplate":"https:\/\/franciscanos.org.br\/noticias\/?s={search_term_string}"},"query-input":"required name=search_term_string"}],"inLanguage":"pt-BR"},{"@type":"ImageObject","inLanguage":"pt-BR","@id":"https:\/\/franciscanos.org.br\/noticias\/santo-antonio-ensina-como-chegar-mais-perto-de-deus.html#primaryimage","url":"https:\/\/franciscanos.org.br\/noticias\/wp-content\/uploads\/2018\/06\/trezena_segundo_020618.jpg","contentUrl":"https:\/\/franciscanos.org.br\/noticias\/wp-content\/uploads\/2018\/06\/trezena_segundo_020618.jpg","width":273,"height":181},{"@type":"WebPage","@id":"https:\/\/franciscanos.org.br\/noticias\/santo-antonio-ensina-como-chegar-mais-perto-de-deus.html#webpage","url":"https:\/\/franciscanos.org.br\/noticias\/santo-antonio-ensina-como-chegar-mais-perto-de-deus.html","name":"Santo Ant\u00f4nio ensina como chegar mais perto de Deus - Not\u00edcias - Franciscanos","isPartOf":{"@id":"https:\/\/franciscanos.org.br\/noticias\/#website"},"primaryImageOfPage":{"@id":"https:\/\/franciscanos.org.br\/noticias\/santo-antonio-ensina-como-chegar-mais-perto-de-deus.html#primaryimage"},"datePublished":"2018-06-02T17:55:50+00:00","dateModified":"2019-05-03T12:39:07+00:00","author":{"@id":"https:\/\/franciscanos.org.br\/noticias\/#\/schema\/person\/b38fbf43118f02820bd932f2e4b14ad3"},"breadcrumb":{"@id":"https:\/\/franciscanos.org.br\/noticias\/santo-antonio-ensina-como-chegar-mais-perto-de-deus.html#breadcrumb"},"inLanguage":"pt-BR","potentialAction":[{"@type":"ReadAction","target":["https:\/\/franciscanos.org.br\/noticias\/santo-antonio-ensina-como-chegar-mais-perto-de-deus.html"]}]},{"@type":"BreadcrumbList","@id":"https:\/\/franciscanos.org.br\/noticias\/santo-antonio-ensina-como-chegar-mais-perto-de-deus.html#breadcrumb","itemListElement":[{"@type":"ListItem","position":1,"name":"Home","item":"https:\/\/franciscanos.org.br\/noticias"},{"@type":"ListItem","position":2,"name":"Santo Ant\u00f4nio ensina como chegar mais perto de Deus"}]},{"@type":"Person","@id":"https:\/\/franciscanos.org.br\/noticias\/#\/schema\/person\/b38fbf43118f02820bd932f2e4b14ad3","name":"admin","image":{"@type":"ImageObject","inLanguage":"pt-BR","@id":"https:\/\/franciscanos.org.br\/noticias\/#\/schema\/person\/image\/","url":"https:\/\/secure.gravatar.com\/avatar\/e8495742d34d0ba6448ea1c628263b3e?s=96&d=mm&r=g","contentUrl":"https:\/\/secure.gravatar.com\/avatar\/e8495742d34d0ba6448ea1c628263b3e?s=96&d=mm&r=g","caption":"admin"},"url":"https:\/\/franciscanos.org.br\/noticias\/author\/admin"}]}},"_links":{"self":[{"href":"https:\/\/franciscanos.org.br\/noticias\/wp-json\/wp\/v2\/posts\/161142"}],"collection":[{"href":"https:\/\/franciscanos.org.br\/noticias\/wp-json\/wp\/v2\/posts"}],"about":[{"href":"https:\/\/franciscanos.org.br\/noticias\/wp-json\/wp\/v2\/types\/post"}],"author":[{"embeddable":true,"href":"https:\/\/franciscanos.org.br\/noticias\/wp-json\/wp\/v2\/users\/1"}],"replies":[{"embeddable":true,"href":"https:\/\/franciscanos.org.br\/noticias\/wp-json\/wp\/v2\/comments?post=161142"}],"version-history":[{"count":0,"href":"https:\/\/franciscanos.org.br\/noticias\/wp-json\/wp\/v2\/posts\/161142\/revisions"}],"wp:featuredmedia":[{"embeddable":true,"href":"https:\/\/franciscanos.org.br\/noticias\/wp-json\/wp\/v2\/media\/204293"}],"wp:attachment":[{"href":"https:\/\/franciscanos.org.br\/noticias\/wp-json\/wp\/v2\/media?parent=161142"}],"wp:term":[{"taxonomy":"category","embeddable":true,"href":"https:\/\/franciscanos.org.br\/noticias\/wp-json\/wp\/v2\/categories?post=161142"},{"taxonomy":"post_tag","embeddable":true,"href":"https:\/\/franciscanos.org.br\/noticias\/wp-json\/wp\/v2\/tags?post=161142"}],"curies":[{"name":"wp","href":"https:\/\/api.w.org\/{rel}","templated":true}]}}