{"id":161061,"date":"2018-06-01T20:13:07","date_gmt":"2018-06-01T23:13:07","guid":{"rendered":"http:\/\/franciscanos.org.br\/?p=161061"},"modified":"2019-08-23T11:00:42","modified_gmt":"2019-08-23T14:00:42","slug":"santo-antonio-o-pao-dos-pobres","status":"publish","type":"post","link":"https:\/\/franciscanos.org.br\/noticias\/santo-antonio-o-pao-dos-pobres.html","title":{"rendered":"Como Santo Ant\u00f4nio fez a multiplica\u00e7\u00e3o dos p\u00e3es dos pobres"},"content":{"rendered":"<p><img loading=\"lazy\" src=\"http:\/\/franciscanos.org.br\/wp-content\/uploads\/2018\/06\/trezena_sp_010618.jpg\" alt=\"trezena_sp_010618\" width=\"830\" height=\"500\" \/><\/p>\n<p><strong>Frei Augusto Luiz Gabriel<\/strong><\/p>\n<p><strong><span class=\"m_4705522957524571038s2\">S\u00e3o Paulo (SP) &#8211;<\/span>\u00a0<\/strong>O dia 1\u00ba de junho j\u00e1 era esperado pelos paroquianos e amigos da Par\u00f3quia, Convento e Santu\u00e1rio S\u00e3o Francisco em S\u00e3o Paulo (SP). Esta data marca o in\u00edcio das celebra\u00e7\u00f5es da\u00a0Trezena e a Festa de Santo Ant\u00f4nio, santo franciscano mais venerado no mundo inteiro.Tamb\u00e9m,\u00a0na primeira sexta-feira do m\u00eas,\u00a0a Igreja recorda a devo\u00e7\u00e3o ao Sagrado Cora\u00e7\u00e3o de Jesus. O p\u00e1roco e reitor do Santu\u00e1rio, Frei Alvaci Mendes da Luz, foi o presidente da\u00a0Celebra\u00e7\u00e3o\u00a0Eucar\u00edstica das 15 horas e o pregador do dia. Segundo ele, o\u00a0Santu\u00e1rio \u00e9 dedicado a S\u00e3o Francisco, mas o santo\u00a0que faz a\u00a0maior\u00a0festa\u00a0\u00e9 Santo Ant\u00f4nio.<\/p>\n<p>No Brasil ele \u00e9 o \u201csanto casamenteiro\u201d. Mas Santo Ant\u00f4nio se tornou conhecido no mundo inteiro por\u00a0um outro\u00a0motivo: o dom da palavra. Estudioso e sempre em busca de conhecimento, com o passar do tempo acabou por desenvolver uma grande habilidade de pregar o Evangelho de Jesus Cristo e, por esse motivo, foi proclamado \u201cDoutor da Igreja\u201d.\u00a0E, neste ano,\u00a0o\u00a0tema central que nortear\u00e1\u00a0durante os treze dias as\u00a0reflex\u00f5es\u00a0no Santu\u00e1rio\u00a0\u00e9 \u201cSanto Ant\u00f4nio e\u00a0o p\u00e3o dos pobres\u201d.\u00a0Al\u00e9m de Frei Alvaci,\u00a0Frei M\u00e1rio\u00a0Tagliari, Frei Gustavo Medella e Frei Diego Melo tamb\u00e9m ser\u00e3o os pregadores dos pr\u00f3ximos dias\u00a0da Trezena.<\/p>\n<p><strong>1\u00ba DIA:\u00a0P\u00c3O\u00a0DA UNI\u00c3O QUE GERA A PARTILHA<\/strong><\/p>\n<p><img loading=\"lazy\" src=\"http:\/\/franciscanos.org.br\/wp-content\/uploads\/2018\/06\/trezena_sp_010618_1.jpg\" alt=\"trezena_sp_010618_1\" width=\"830\" height=\"400\" \/><\/p>\n<p>O tema p\u00e3o dos pobres, explicou o celebrante,\u00a0 \u00e9 uma devo\u00e7\u00e3o antiga a\u00a0Santo Ant\u00f4nio e por isso os 13 dias ganharam subtemas:\u00a0p\u00e3o da fraternidade, p\u00e3o da partilha, da uni\u00e3o, da solidariedade, da verdade, da f\u00e9, da voca\u00e7\u00e3o&#8230; &#8220;P\u00e3o que vai muito al\u00e9m da farinha\u00a0de trigo ou do dinheiro que colocamos\u00a0no altar de Santo Ant\u00f4nio para comprar o p\u00e3o dos pobres\u201d,\u00a0explicou\u00a0o celebrante.\u00a0O tema\u00a0escolhido para o\u00a0primeiro\u00a0dia foi o \u201cP\u00e3o\u00a0da Uni\u00e3o\u201d: \u201c\u00c9\u00a0s\u00f3 com uni\u00e3o que \u00e9 poss\u00edvel existir partilha. \u00c9 s\u00f3 com uni\u00e3o que \u00e9 poss\u00edvel nos vermos no irm\u00e3o. \u00c9 s\u00f3 com uni\u00e3o que o p\u00e3o \u00e9 multiplicado\u201d, repetiu o celebrante.<\/p>\n<p>\u201cDizem que Frei Ant\u00f4nio gostava de ajudar o m\u00e1ximo de pobres e pessoas que batiam \u00e0 porta do convento. E, certa vez, ele doou todos os p\u00e3es do convento, inclusive os que os frades iriam comer naquele dia. O frei que cuidava da padaria ficou preocupado e perguntou para Frei Ant\u00f4nio o que eles iriam comer, e Frei Ant\u00f4nio disse para o frade dar\u00a0novamente uma\u00a0olhadinha\u00a0nas\u00a0cestas de p\u00e3es da\u00a0cozinha. Milagrosamente, as cestas estavam cheias de p\u00e3es que serviram para alimentar os frades e os pobres. Este, o p\u00e3o dos pobres, \u00e9 um dos primeiros milagres atribu\u00eddos a Santo Ant\u00f4nio\u201d, contou Frei Alvaci.<\/p>\n<p><strong>SANTO ANT\u00d4NIO E OS FRUTOS PARA O REINO DE DEUS<\/strong><\/p>\n<p>Para Frei Alvaci, o Evangelho do dia, coincidentemente com o tema da Trezena, apresenta um Jesus que tinha fome. \u201cPor que ser\u00e1 que o evangelista S\u00e3o Marcos escreveu que naquela manh\u00e3 Jesus estava com fome? Chegando\u00a0em\u00a0Bet\u00e2nia, Ele viu de longe uma figueira cheia de folhas\u00a0e, ao se aproximar, viu que\u00a0ela n\u00e3o tinha produzido nada e foi embora. Talvez lembrando daqueles ego\u00edstas l\u00e1 do templo que eram cheios de folhas mas n\u00e3o produziam nada. O Evangelho continua e nos d\u00e1 uma li\u00e7\u00e3o bonita: se voc\u00eas tiverem f\u00e9, tudo aquilo que voc\u00eas pedirem acontecer\u00e1. N\u00f3s somos esta figueira\u00a0plantada \u00e0 beira do caminho no qual Jesus\u200b passa constantemente querendo colher algum fruto, querendo saciar sua fome de um Reino que precisa acontecer aqui. A fome de Jesus n\u00e3o \u00e9 f\u00edsica, \u00e9 fome de que todos os homens e mulheres sejam enxergados por quem acredita Nele. \u00c9 fome de um Reino de Deus que n\u00e3o aconteceu h\u00e1 2000 mil anos porque tem muita figueira plantada no meio do caminho, cheia de folhas, mas que n\u00e3o produz nada. N\u00f3s, \u00e0s vezes, somos cheios de folhas, bonitos por fora,\u00a0 mas n\u00e3o\u00a0produzimos\u00a0um\u00a0figo sequer\u201d,\u00a0enfatizou o p\u00e1roco.<\/p>\n<p><img loading=\"lazy\" src=\"http:\/\/franciscanos.org.br\/wp-content\/uploads\/2018\/06\/trezena_sp_010618_2.jpg\" alt=\"trezena_sp_010618_2\" width=\"830\" height=\"400\" \/><\/p>\n<p>Frei Alvaci ainda acrescentou: \u201cAs folhas s\u00e3o as preocupa\u00e7\u00f5es conosco mesmos. As \u00e1rvores n\u00e3o produzem frutos para si, mas sim para os outros. A folha \u00e9 \u00fanico meio de sobreviv\u00eancia de qualquer planta, ou seja, se n\u00e3o produzirmos nada para aqueles que passam \u00e0 beira do caminho, ser\u00e1 dif\u00edcil o Reino de Deus acontecer. Jesus est\u00e1 esperando que muitas figueiras deem frutos. \u00c9 preciso produzir alguma coisa para este mundo de Deus ser um lugar diferente\u201d, acrescentou.<\/p>\n<p>Para ele, Santo Ant\u00f4nio era um ser humano igual a todos n\u00f3s e deu fruto,\u00a0muitos frutos. &#8220;A pergunta que fica para n\u00f3s \u00e9 a seguinte: Que tipo de fruto a minha religi\u00e3o produz para o mundo em que eu vivo? Que possamos aproveitar esta Trezena e fazermos uma profunda reflex\u00e3o a cerca de nossa f\u00e9. Que Santo Ant\u00f4nio, o grande santo das coisas perdidas, do p\u00e3o dos pobres, o santo casamenteiro ajude a cada um de n\u00f3s a buscar o nosso lugar nesta Igreja, a buscar os\u00a0nossos frutos \u00e0 beira\u00a0da estrada. Sejamos instrumentos de uni\u00e3o,\u00a0de paz, do bem e, sobretudo, do\u00a0Reino de Deus\u201d,\u00a0concluiu\u00a0Frei Alvaci.<\/p>\n<p>No final\u00a0da celebra\u00e7\u00e3o, o celebrante\u00a0conduziu a b\u00ean\u00e7\u00e3o de Santo Ant\u00f4nio, e aspergiu com \u00e1gua benta os presentes. Em seguida, como de costume fez o sorteio do Almanaque de Santo Ant\u00f4nio de 2019 e tamb\u00e9m de uma B\u00edblia,\u00a0doa\u00e7\u00e3o da Editora Vozes.<\/p>\n<p><strong><span class=\"m_4705522957524571038s2\">MAIS INFORMA\u00c7\u00d5ES<\/span><\/strong><\/p>\n<p><img loading=\"lazy\" class=\"alignleft size-full wp-image-161068\" src=\"http:\/\/franciscanos.org.br\/wp-content\/uploads\/2018\/06\/trezena_sp_010618_3.jpg\" alt=\"trezena_sp_010618_3\" width=\"300\" height=\"400\" \/>A Trezena\u00a0que come\u00e7ou hoje, 1\u00ba de junho, vai at\u00e9 dia 13 de junho,\u00a0ocorre diariamente\u00a0\u00e0s 15h, exceto nos dias 3 e 10\/06, que ser\u00e1 \u00e0s 10h30,\u00a0e\u00a0nos\u00a0dias 4 e 11\/06\u00a0que ser\u00e1 \u00e0s 12h.\u00a0Tamb\u00e9m no canal da <a href=\"http:\/\/www.youtube.com\/user\/tvfranciscanos\"><strong>TvFranciscanos, <\/strong>diariamente est\u00e1 sendo lan\u00e7ado um v\u00eddeo com uma curiosidade sobre Santo Ant\u00f4nio.<\/a> Acompanhe!<\/p>\n<p><strong>9\u00a0de Junho \u2013 Festa Junina<\/strong><br \/>\ndas\u00a011h00 \u00e0s\u00a019h00<\/p>\n<p><strong>10 de Junho \u2013 Macarronada no Convento<\/strong><br \/>\ndas\u00a011h00 \u00e0s 15h00<\/p>\n<p><strong>10 de Junho \u2013 Prociss\u00e3o de Santo Ant\u00f4nio<\/strong><br \/>\n10 horas: Concentra\u00e7\u00e3o em frente \u00e0 Igreja de Santo Ant\u00f4nio, na Pra\u00e7a do Patriarca, com prociss\u00e3o at\u00e9 o Santu\u00e1rio S\u00e3o Francisco, seguida de missa \u00e0s 10h30.<\/p>\n<p><strong>13 de Junho \u2013 Festa de Santo de Ant\u00f4nio<\/strong><br \/>\nMissas: 6h30, 7h30, 9h, 10h30, 12h, 13h30, 15h, 16h30 e 18h;<br \/>\nB\u00ean\u00e7\u00e3os durante todo o dia.\u00a0Comidas t\u00edpicas. Bolo de Santo Ant\u00f4nio. P\u00e3o de Santo Ant\u00f4nio. Stand vocacional. Artesanato e artigos religiosos,\u00a0e muito mais&#8230;<\/p>\n","protected":false},"excerpt":{"rendered":"<p>Convento S\u00e3o Francisco<\/p>\n","protected":false},"author":5,"featured_media":199719,"comment_status":"open","ping_status":"open","sticky":false,"template":"","format":"standard","meta":[],"categories":[1],"tags":[312,389],"acf":[],"yoast_head":"<!-- This site is optimized with the Yoast SEO plugin v19.2 - https:\/\/yoast.com\/wordpress\/plugins\/seo\/ -->\n<title>Como Santo Ant\u00f4nio fez a multiplica\u00e7\u00e3o dos p\u00e3es dos pobres - Not\u00edcias - Franciscanos<\/title>\n<meta name=\"robots\" content=\"index, follow, max-snippet:-1, max-image-preview:large, max-video-preview:-1\" \/>\n<link rel=\"canonical\" href=\"https:\/\/franciscanos.org.br\/noticias\/santo-antonio-o-pao-dos-pobres.html\" \/>\n<meta property=\"og:locale\" content=\"pt_BR\" \/>\n<meta property=\"og:type\" content=\"article\" \/>\n<meta property=\"og:title\" content=\"Como Santo Ant\u00f4nio fez a multiplica\u00e7\u00e3o dos p\u00e3es dos pobres - Not\u00edcias - Franciscanos\" \/>\n<meta property=\"og:description\" content=\"Convento S\u00e3o Francisco\" \/>\n<meta property=\"og:url\" content=\"https:\/\/franciscanos.org.br\/noticias\/santo-antonio-o-pao-dos-pobres.html\" \/>\n<meta property=\"og:site_name\" content=\"Not\u00edcias - Franciscanos\" \/>\n<meta property=\"article:published_time\" content=\"2018-06-01T23:13:07+00:00\" \/>\n<meta property=\"article:modified_time\" content=\"2019-08-23T14:00:42+00:00\" \/>\n<meta property=\"og:image\" content=\"https:\/\/franciscanos.org.br\/noticias\/wp-content\/uploads\/2018\/06\/trezena_010618_1.jpg\" \/>\n\t<meta property=\"og:image:width\" content=\"379\" \/>\n\t<meta property=\"og:image:height\" content=\"252\" \/>\n\t<meta property=\"og:image:type\" content=\"image\/jpeg\" \/>\n<meta name=\"author\" content=\"freiaugusto\" \/>\n<meta name=\"twitter:card\" content=\"summary_large_image\" \/>\n<meta name=\"twitter:label1\" content=\"Escrito por\" \/>\n\t<meta name=\"twitter:data1\" content=\"freiaugusto\" \/>\n\t<meta name=\"twitter:label2\" content=\"Est. tempo de leitura\" \/>\n\t<meta name=\"twitter:data2\" content=\"6 minutos\" \/>\n<script type=\"application\/ld+json\" class=\"yoast-schema-graph\">{\"@context\":\"https:\/\/schema.org\",\"@graph\":[{\"@type\":\"WebSite\",\"@id\":\"https:\/\/franciscanos.org.br\/noticias\/#website\",\"url\":\"https:\/\/franciscanos.org.br\/noticias\/\",\"name\":\"Not\u00edcias - Franciscanos\",\"description\":\"Prov\u00edncia Franciscana da Imaculada Concei\u00e7\u00e3o do Brasil - Ordem dos Frades Menores - OFM\",\"potentialAction\":[{\"@type\":\"SearchAction\",\"target\":{\"@type\":\"EntryPoint\",\"urlTemplate\":\"https:\/\/franciscanos.org.br\/noticias\/?s={search_term_string}\"},\"query-input\":\"required name=search_term_string\"}],\"inLanguage\":\"pt-BR\"},{\"@type\":\"ImageObject\",\"inLanguage\":\"pt-BR\",\"@id\":\"https:\/\/franciscanos.org.br\/noticias\/santo-antonio-o-pao-dos-pobres.html#primaryimage\",\"url\":\"https:\/\/franciscanos.org.br\/noticias\/wp-content\/uploads\/2018\/06\/trezena_010618_1.jpg\",\"contentUrl\":\"https:\/\/franciscanos.org.br\/noticias\/wp-content\/uploads\/2018\/06\/trezena_010618_1.jpg\",\"width\":379,\"height\":252},{\"@type\":\"WebPage\",\"@id\":\"https:\/\/franciscanos.org.br\/noticias\/santo-antonio-o-pao-dos-pobres.html#webpage\",\"url\":\"https:\/\/franciscanos.org.br\/noticias\/santo-antonio-o-pao-dos-pobres.html\",\"name\":\"Como Santo Ant\u00f4nio fez a multiplica\u00e7\u00e3o dos p\u00e3es dos pobres - Not\u00edcias - Franciscanos\",\"isPartOf\":{\"@id\":\"https:\/\/franciscanos.org.br\/noticias\/#website\"},\"primaryImageOfPage\":{\"@id\":\"https:\/\/franciscanos.org.br\/noticias\/santo-antonio-o-pao-dos-pobres.html#primaryimage\"},\"datePublished\":\"2018-06-01T23:13:07+00:00\",\"dateModified\":\"2019-08-23T14:00:42+00:00\",\"author\":{\"@id\":\"https:\/\/franciscanos.org.br\/noticias\/#\/schema\/person\/37f88f0d111cd5358b12a6556a99eb91\"},\"breadcrumb\":{\"@id\":\"https:\/\/franciscanos.org.br\/noticias\/santo-antonio-o-pao-dos-pobres.html#breadcrumb\"},\"inLanguage\":\"pt-BR\",\"potentialAction\":[{\"@type\":\"ReadAction\",\"target\":[\"https:\/\/franciscanos.org.br\/noticias\/santo-antonio-o-pao-dos-pobres.html\"]}]},{\"@type\":\"BreadcrumbList\",\"@id\":\"https:\/\/franciscanos.org.br\/noticias\/santo-antonio-o-pao-dos-pobres.html#breadcrumb\",\"itemListElement\":[{\"@type\":\"ListItem\",\"position\":1,\"name\":\"Home\",\"item\":\"https:\/\/franciscanos.org.br\/noticias\"},{\"@type\":\"ListItem\",\"position\":2,\"name\":\"Como Santo Ant\u00f4nio fez a multiplica\u00e7\u00e3o dos p\u00e3es dos pobres\"}]},{\"@type\":\"Person\",\"@id\":\"https:\/\/franciscanos.org.br\/noticias\/#\/schema\/person\/37f88f0d111cd5358b12a6556a99eb91\",\"name\":\"freiaugusto\",\"image\":{\"@type\":\"ImageObject\",\"inLanguage\":\"pt-BR\",\"@id\":\"https:\/\/franciscanos.org.br\/noticias\/#\/schema\/person\/image\/\",\"url\":\"https:\/\/secure.gravatar.com\/avatar\/9840b940e621801b24f3e6b059efb4b7?s=96&d=mm&r=g\",\"contentUrl\":\"https:\/\/secure.gravatar.com\/avatar\/9840b940e621801b24f3e6b059efb4b7?s=96&d=mm&r=g\",\"caption\":\"freiaugusto\"},\"url\":\"https:\/\/franciscanos.org.br\/noticias\/author\/freiaugusto\"}]}<\/script>\n<!-- \/ Yoast SEO plugin. -->","yoast_head_json":{"title":"Como Santo Ant\u00f4nio fez a multiplica\u00e7\u00e3o dos p\u00e3es dos pobres - Not\u00edcias - Franciscanos","robots":{"index":"index","follow":"follow","max-snippet":"max-snippet:-1","max-image-preview":"max-image-preview:large","max-video-preview":"max-video-preview:-1"},"canonical":"https:\/\/franciscanos.org.br\/noticias\/santo-antonio-o-pao-dos-pobres.html","og_locale":"pt_BR","og_type":"article","og_title":"Como Santo Ant\u00f4nio fez a multiplica\u00e7\u00e3o dos p\u00e3es dos pobres - Not\u00edcias - Franciscanos","og_description":"Convento S\u00e3o Francisco","og_url":"https:\/\/franciscanos.org.br\/noticias\/santo-antonio-o-pao-dos-pobres.html","og_site_name":"Not\u00edcias - Franciscanos","article_published_time":"2018-06-01T23:13:07+00:00","article_modified_time":"2019-08-23T14:00:42+00:00","og_image":[{"width":379,"height":252,"url":"https:\/\/franciscanos.org.br\/noticias\/wp-content\/uploads\/2018\/06\/trezena_010618_1.jpg","type":"image\/jpeg"}],"author":"freiaugusto","twitter_card":"summary_large_image","twitter_misc":{"Escrito por":"freiaugusto","Est. tempo de leitura":"6 minutos"},"schema":{"@context":"https:\/\/schema.org","@graph":[{"@type":"WebSite","@id":"https:\/\/franciscanos.org.br\/noticias\/#website","url":"https:\/\/franciscanos.org.br\/noticias\/","name":"Not\u00edcias - Franciscanos","description":"Prov\u00edncia Franciscana da Imaculada Concei\u00e7\u00e3o do Brasil - Ordem dos Frades Menores - OFM","potentialAction":[{"@type":"SearchAction","target":{"@type":"EntryPoint","urlTemplate":"https:\/\/franciscanos.org.br\/noticias\/?s={search_term_string}"},"query-input":"required name=search_term_string"}],"inLanguage":"pt-BR"},{"@type":"ImageObject","inLanguage":"pt-BR","@id":"https:\/\/franciscanos.org.br\/noticias\/santo-antonio-o-pao-dos-pobres.html#primaryimage","url":"https:\/\/franciscanos.org.br\/noticias\/wp-content\/uploads\/2018\/06\/trezena_010618_1.jpg","contentUrl":"https:\/\/franciscanos.org.br\/noticias\/wp-content\/uploads\/2018\/06\/trezena_010618_1.jpg","width":379,"height":252},{"@type":"WebPage","@id":"https:\/\/franciscanos.org.br\/noticias\/santo-antonio-o-pao-dos-pobres.html#webpage","url":"https:\/\/franciscanos.org.br\/noticias\/santo-antonio-o-pao-dos-pobres.html","name":"Como Santo Ant\u00f4nio fez a multiplica\u00e7\u00e3o dos p\u00e3es dos pobres - Not\u00edcias - Franciscanos","isPartOf":{"@id":"https:\/\/franciscanos.org.br\/noticias\/#website"},"primaryImageOfPage":{"@id":"https:\/\/franciscanos.org.br\/noticias\/santo-antonio-o-pao-dos-pobres.html#primaryimage"},"datePublished":"2018-06-01T23:13:07+00:00","dateModified":"2019-08-23T14:00:42+00:00","author":{"@id":"https:\/\/franciscanos.org.br\/noticias\/#\/schema\/person\/37f88f0d111cd5358b12a6556a99eb91"},"breadcrumb":{"@id":"https:\/\/franciscanos.org.br\/noticias\/santo-antonio-o-pao-dos-pobres.html#breadcrumb"},"inLanguage":"pt-BR","potentialAction":[{"@type":"ReadAction","target":["https:\/\/franciscanos.org.br\/noticias\/santo-antonio-o-pao-dos-pobres.html"]}]},{"@type":"BreadcrumbList","@id":"https:\/\/franciscanos.org.br\/noticias\/santo-antonio-o-pao-dos-pobres.html#breadcrumb","itemListElement":[{"@type":"ListItem","position":1,"name":"Home","item":"https:\/\/franciscanos.org.br\/noticias"},{"@type":"ListItem","position":2,"name":"Como Santo Ant\u00f4nio fez a multiplica\u00e7\u00e3o dos p\u00e3es dos pobres"}]},{"@type":"Person","@id":"https:\/\/franciscanos.org.br\/noticias\/#\/schema\/person\/37f88f0d111cd5358b12a6556a99eb91","name":"freiaugusto","image":{"@type":"ImageObject","inLanguage":"pt-BR","@id":"https:\/\/franciscanos.org.br\/noticias\/#\/schema\/person\/image\/","url":"https:\/\/secure.gravatar.com\/avatar\/9840b940e621801b24f3e6b059efb4b7?s=96&d=mm&r=g","contentUrl":"https:\/\/secure.gravatar.com\/avatar\/9840b940e621801b24f3e6b059efb4b7?s=96&d=mm&r=g","caption":"freiaugusto"},"url":"https:\/\/franciscanos.org.br\/noticias\/author\/freiaugusto"}]}},"_links":{"self":[{"href":"https:\/\/franciscanos.org.br\/noticias\/wp-json\/wp\/v2\/posts\/161061"}],"collection":[{"href":"https:\/\/franciscanos.org.br\/noticias\/wp-json\/wp\/v2\/posts"}],"about":[{"href":"https:\/\/franciscanos.org.br\/noticias\/wp-json\/wp\/v2\/types\/post"}],"author":[{"embeddable":true,"href":"https:\/\/franciscanos.org.br\/noticias\/wp-json\/wp\/v2\/users\/5"}],"replies":[{"embeddable":true,"href":"https:\/\/franciscanos.org.br\/noticias\/wp-json\/wp\/v2\/comments?post=161061"}],"version-history":[{"count":0,"href":"https:\/\/franciscanos.org.br\/noticias\/wp-json\/wp\/v2\/posts\/161061\/revisions"}],"wp:featuredmedia":[{"embeddable":true,"href":"https:\/\/franciscanos.org.br\/noticias\/wp-json\/wp\/v2\/media\/199719"}],"wp:attachment":[{"href":"https:\/\/franciscanos.org.br\/noticias\/wp-json\/wp\/v2\/media?parent=161061"}],"wp:term":[{"taxonomy":"category","embeddable":true,"href":"https:\/\/franciscanos.org.br\/noticias\/wp-json\/wp\/v2\/categories?post=161061"},{"taxonomy":"post_tag","embeddable":true,"href":"https:\/\/franciscanos.org.br\/noticias\/wp-json\/wp\/v2\/tags?post=161061"}],"curies":[{"name":"wp","href":"https:\/\/api.w.org\/{rel}","templated":true}]}}