{"id":161004,"date":"2018-06-01T17:03:06","date_gmt":"2018-06-01T20:03:06","guid":{"rendered":"http:\/\/franciscanos.org.br\/?p=161004"},"modified":"2019-05-03T09:35:25","modified_gmt":"2019-05-03T12:35:25","slug":"santo-antonio-e-do-largo-da-carioca","status":"publish","type":"post","link":"https:\/\/franciscanos.org.br\/noticias\/santo-antonio-e-do-largo-da-carioca.html","title":{"rendered":"Santo Ant\u00f4nio \u00e9 do Largo da Carioca"},"content":{"rendered":"<p><img loading=\"lazy\" src=\"http:\/\/franciscanos.org.br\/wp-content\/uploads\/2018\/06\/trezena_010618_1.jpg\" alt=\"trezena_010618_1\" width=\"830\" height=\"530\" \/><\/p>\n<p><strong>Moacir Beggo<\/strong><\/p>\n<p><strong>\u00a0<\/strong><strong>Rio de Janeiro (RJ)<\/strong> &#8211; Nos pr\u00f3ximos treze dias, no Rio de Janeiro, as festividades mais tradicionais da cidade para Santo Ant\u00f4nio, o santo mais popular em todo o mundo, ser\u00e3o no Convento Santo Ant\u00f4nio, com a 336\u00aa Trezena e Festa em honra ao santo franciscano. O Papa Leao XIII disse: &#8220;\u00c9 importante amar Santo Ant\u00f4nio. Cuidai que os outros tamb\u00e9m o amem. Santo Ant\u00f4nio n\u00e3o \u00e9 apenas de P\u00e1dua, \u00e9 do mundo inteiro&#8230;&#8221;. E Frei Neylor Tonin, o pregador do primeiro dia nesta sexta-feira (1\u00ba de junho), acrescentou: &#8220;E do largo da Carioca&#8221;.<\/p>\n<p>A cada dia, a Trezena ter\u00e1 um pregador diferente. Por isso, numa cerim\u00f4nia singela e significativa, o guardi\u00e3o do Convento, Frei Jos\u00e9 Pereira, investiu Frei Neylor com o &#8216;poder da prega\u00e7\u00e3o&#8217;, um gesto que servir\u00e1 para todos os pregadores. &#8220;\u00c9 uma alegria estar aqui. Na verdade, estou tremendo um pouco. O latim tem uma express\u00e3o &#8216;com <em>timore et tremore&#8217; <\/em>(com temor e tremor). Tremor porque estamos diante de Deus. N\u00e3o s\u00f3 tiramos as sand\u00e1lias, n\u00e3o s\u00f3 nos prostramos por terra, mas n\u00f3s tamb\u00e9m sentimos temor e tremor. E \u00e9 o que estou sentindo agora. Quando recebi as palavras da investidura de Frei Jos\u00e9, quando ele me colocou esta estola, na verdade eu estava sendo missionado por Deus&#8221;, revelou Frei Neylor.<\/p>\n<p>Frei Roger Brun\u00f3rio fez a acolhida dos fi\u00e9is no in\u00edcio da Celebra\u00e7\u00e3o que come\u00e7ou ao meio-dia: &#8220;Estamos todos animados e felizes, n\u00e3o \u00e9? Porque quem vem para a casa de Deus, vem para ficar melhor. Sejam bem-vindos. N\u00f3s, franciscanos, queremos dar o melhor que temos, o melhor que Convento tem, para que a festa e a Trezena aconte\u00e7am&#8221;, animou o frade.<\/p>\n<p><img loading=\"lazy\" src=\"http:\/\/franciscanos.org.br\/wp-content\/uploads\/2018\/06\/trezena_010618_2.jpg\" alt=\"trezena_010618_2\" width=\"830\" height=\"486\" \/><\/p>\n<p>Na prociss\u00e3o de entrada, Frei Erick de Ara\u00fajo Lazaro carregou a cruz \u00e0 frente, vindo atr\u00e1s os estandartes de Santo Ant\u00f4nio, o andor e as colaboradoras do Convento, ministras, membros do povo e o presidente da Celebra\u00e7\u00e3o, Frei Jos\u00e9, e os concelebrantes, Frei Neylor e Frei Od\u00e9cio Lima, frade da Cust\u00f3dia do Sagrado Cora\u00e7\u00e3o de Jesus e capel\u00e3o chefe da Marinha. No meio de um feriado prolongado, o povo lotou a igreja do Convento para render gra\u00e7as ao Santo franciscano.<\/p>\n<p>Mas o pregador lembrou que todos na igreja n\u00e3o podiam esquecer que estavam ali por causa do &#8220;centro espiritual e definitivo de nossa vida&#8221;, que \u00e9 Jesus. &#8220;Ele \u00e9 o caminho, a verdade e a vida. Apenas que n\u00f3s, nessa 336\u00aa Trezena, estamos invocando e pedindo a companhia de Santo Ant\u00f4nio. N\u00f3s queremos nos encontrar com Jesus e com Deus na companhia de Santo Ant\u00f4nio. Essa \u00e9 a raz\u00e3o da Trezena. N\u00e3o queremos parar em Santo Ant\u00f4nio. N\u00f3s queremos, com ele, chegar a Deus e a Jesus&#8221;, frisou.<\/p>\n<p>Neste primeiro dia, Frei Neylor achou importante falar da vida do santo. Mostrou um volume com 2.054 p\u00e1ginas, onde se relatam seis biografias de Santo Ant\u00f4nio escritas no s\u00e9culo 13, nos primeiros 100 anos da vida e morte do santo. &#8220;Aqui est\u00e3o todos os milagres e serm\u00f5es do santo&#8221;, disse, lembrando que a primeira biografia de Santo Ant\u00f4nio se chama &#8220;Ass\u00eddua&#8221; (ou Primeira vida), escrita em 1232 ou 1233, e, com base, nela contou que o Santo nasceu em 1195, provavelmente no dia 15 de agosto, recebendo o nome de batismo de Fernando. &#8220;Filho de nobres, aos 15 anos entrou para a Ordem de Santo Agostinho. Mas quis Deus que o testemunho dos m\u00e1rtires franciscanos no Marrocos levasse Santo Ant\u00f4nio a escolher o mart\u00edrio vestindo o h\u00e1bito de S\u00e3o Francisco de Assis. Teve excelente forma\u00e7\u00e3o intelectual, pregando o Evangelho na It\u00e1lia e na Fran\u00e7a. Morreu com apenas 36 anos, no dia 13 de junho de 1231, e foi sepultado em P\u00e1dua. Ao morrer, os moradores de P\u00e1dua j\u00e1 o consideravam santo. Um ano depois foi canonizado pelo Papa Greg\u00f3rio IX, na Catedral de Spoleto&#8221;, recordou.<\/p>\n<p><img loading=\"lazy\" src=\"http:\/\/franciscanos.org.br\/wp-content\/uploads\/2018\/06\/trezena_11.jpg\" alt=\"trezena_11\" width=\"830\" height=\"1107\" \/><\/p>\n<p>&#8220;Isso s\u00e3o apenas alguns dados biogr\u00e1ficos. Claro que n\u00e3o se fala da intensidade da santidade de Santo Ant\u00f4nio, mas se delineia como foi essa vida t\u00e3o curta. Uma coisa quero ressaltar: Santo Ant\u00f4nio \u00e9 portugu\u00eas. A gente diz Santo Ant\u00f4nio de P\u00e1dua, pensa na It\u00e1lia e se esquece de Portugal&#8221;, ponderou. &#8220;Portugal deu tr\u00eas coisas importantes para o mundo: embora tivesse levado a espada, levou a Cruz onde conquistou, os ideais do Evangelho; em segundo lugar, deu ao mundo Nossa Senhora de F\u00e1tima; e, em terceiro lugar, Santo Ant\u00f4nio foi o grande presente que Portugal deu ao mundo&#8221;, anotou.<\/p>\n<p>Frei Neylor recordou que Santo Ant\u00f4nio \u00e9 o santo mais popular no Ocidente. &#8220;Nenhum\u00a0 santo &#8216;bate&#8217; Santo Ant\u00f4nio&#8221;, cravou, citando que s\u00f3 para falar em termos de Dioceses, mais 30 s\u00e3o dedicadas a Santo Ant\u00f4nio. \u00c9 assim com Par\u00f3quias, conventos, padarias, etc.<\/p>\n<p><img loading=\"lazy\" class=\"alignright wp-image-161009 \" src=\"http:\/\/franciscanos.org.br\/wp-content\/uploads\/2018\/06\/neylor_010618.jpg\" alt=\"neylor_010618\" width=\"218\" height=\"291\" \/>Frei Neylor se voltou para a imagem do Santo no altar central e rezou:<\/p>\n<p style=\"padding-left: 30px;\">&#8220;Querido Santo Ant\u00f4nio, nosso Padroeiro, tu foste um eloquente orador, tu foste um incans\u00e1vel homem do Evangelho, desde 1608 a\u00ed est\u00e1s olhando para n\u00f3s. J\u00e1 se passaram,\u00a0 diante de seus olhos, milh\u00f5es de pessoas; hoje, quem est\u00e1 olhando para ti somos n\u00f3s . Olha por n\u00f3s, fica conosco, toma-nos pela m\u00e3o. Assim como tiveste essa intimidade com Jesus Menino, n\u00f3s queremos ter a intimidade de estar perto de ti e seguir-te e receber a tua b\u00ean\u00e7\u00e3o. Expulsa de n\u00f3s, querido Santo Ant\u00f4nio, todos os males, e n\u00f3s te agradecemos e seremos fi\u00e9is e admiradores de tua pessoa e de tua santidade. E se n\u00f3s, Santo Ant\u00f4nio, n\u00e3o podemos traduzir em melhores palavras a admira\u00e7\u00e3o que temos por ti, n\u00f3s ao menos podemos fazer soar dentro de nossa igreja, para coroar estas palavras e exaltar tua biografia, um caloroso aplauso&#8221;\u00a0 .<\/p>\n<p>No final da Celebra\u00e7\u00e3o, ap\u00f3s a b\u00ean\u00e7\u00e3o dos p\u00e3es e l\u00edrios, Frei Jos\u00e9 chamou o casal Regina e Heber Resende, para receber a b\u00ean\u00e7\u00e3o pelos 32 anos de matrim\u00f4nio.<\/p>\n<p>Como ocorre em todos os anos, a Pia Uni\u00e3o de Santo Ant\u00f4nio e da Ordem Franciscana Secular montaram barracas de distribui\u00e7\u00e3o de p\u00e3es, flores, salgados e doces na entrada do Convento para receber com muita alegria os fi\u00e9is devotos.<\/p>\n<p>Uma fiel devota \u00e9 Nilza Ferreira, que n\u00e3o quis mostrar o rosto, mas deixou fotografar o\u00a0 livrinho da Trezena que usa n\u00e3o sabe h\u00e1 quantos anos. &#8220;Venho aqui sempre, especialmente durante a Trezena. Sou muito devota de Santo Ant\u00f4nio&#8221;, disse, n\u00e3o largando o velho e surrado livrinho <em>(veja foto abaixo).<\/em><\/p>\n<p><img loading=\"lazy\" src=\"http:\/\/franciscanos.org.br\/wp-content\/uploads\/2018\/06\/trezena_010618_5.jpg\" alt=\"trezena_010618_5\" width=\"830\" height=\"499\" \/><\/p>\n<p>Neste s\u00e1bado, \u00e0s 10 horas, o segundo dia da Trezena ter\u00e1 como tema &#8220;Santo Ant\u00f4nio, chamado \u00e0 identidade&#8221;.<\/p>\n<p>&nbsp;<\/p>\n","protected":false},"excerpt":{"rendered":"<p>Trezena no Convento Santo Ant\u00f4nio <\/p>\n","protected":false},"author":1,"featured_media":204289,"comment_status":"open","ping_status":"open","sticky":false,"template":"","format":"standard","meta":[],"categories":[1],"tags":[401,389],"acf":[],"yoast_head":"<!-- This site is optimized with the Yoast SEO plugin v19.2 - https:\/\/yoast.com\/wordpress\/plugins\/seo\/ -->\n<title>Santo Ant\u00f4nio \u00e9 do Largo da Carioca - Not\u00edcias - Franciscanos<\/title>\n<meta name=\"robots\" content=\"index, follow, max-snippet:-1, max-image-preview:large, max-video-preview:-1\" \/>\n<link rel=\"canonical\" href=\"https:\/\/franciscanos.org.br\/noticias\/santo-antonio-e-do-largo-da-carioca.html\" \/>\n<meta property=\"og:locale\" content=\"pt_BR\" \/>\n<meta property=\"og:type\" content=\"article\" \/>\n<meta property=\"og:title\" content=\"Santo Ant\u00f4nio \u00e9 do Largo da Carioca - Not\u00edcias - Franciscanos\" \/>\n<meta property=\"og:description\" content=\"Trezena no Convento Santo Ant\u00f4nio\" \/>\n<meta property=\"og:url\" content=\"https:\/\/franciscanos.org.br\/noticias\/santo-antonio-e-do-largo-da-carioca.html\" \/>\n<meta property=\"og:site_name\" content=\"Not\u00edcias - Franciscanos\" \/>\n<meta property=\"article:published_time\" content=\"2018-06-01T20:03:06+00:00\" \/>\n<meta property=\"article:modified_time\" content=\"2019-05-03T12:35:25+00:00\" \/>\n<meta property=\"og:image\" content=\"https:\/\/franciscanos.org.br\/noticias\/wp-content\/uploads\/2018\/06\/trezena_010618_1-1.jpg\" \/>\n\t<meta property=\"og:image:width\" content=\"273\" \/>\n\t<meta property=\"og:image:height\" content=\"181\" \/>\n\t<meta property=\"og:image:type\" content=\"image\/jpeg\" \/>\n<meta name=\"author\" content=\"admin\" \/>\n<meta name=\"twitter:card\" content=\"summary_large_image\" \/>\n<meta name=\"twitter:label1\" content=\"Escrito por\" \/>\n\t<meta name=\"twitter:data1\" content=\"admin\" \/>\n\t<meta name=\"twitter:label2\" content=\"Est. tempo de leitura\" \/>\n\t<meta name=\"twitter:data2\" content=\"6 minutos\" \/>\n<script type=\"application\/ld+json\" class=\"yoast-schema-graph\">{\"@context\":\"https:\/\/schema.org\",\"@graph\":[{\"@type\":\"WebSite\",\"@id\":\"https:\/\/franciscanos.org.br\/noticias\/#website\",\"url\":\"https:\/\/franciscanos.org.br\/noticias\/\",\"name\":\"Not\u00edcias - Franciscanos\",\"description\":\"Prov\u00edncia Franciscana da Imaculada Concei\u00e7\u00e3o do Brasil - Ordem dos Frades Menores - OFM\",\"potentialAction\":[{\"@type\":\"SearchAction\",\"target\":{\"@type\":\"EntryPoint\",\"urlTemplate\":\"https:\/\/franciscanos.org.br\/noticias\/?s={search_term_string}\"},\"query-input\":\"required name=search_term_string\"}],\"inLanguage\":\"pt-BR\"},{\"@type\":\"ImageObject\",\"inLanguage\":\"pt-BR\",\"@id\":\"https:\/\/franciscanos.org.br\/noticias\/santo-antonio-e-do-largo-da-carioca.html#primaryimage\",\"url\":\"https:\/\/franciscanos.org.br\/noticias\/wp-content\/uploads\/2018\/06\/trezena_010618_1-1.jpg\",\"contentUrl\":\"https:\/\/franciscanos.org.br\/noticias\/wp-content\/uploads\/2018\/06\/trezena_010618_1-1.jpg\",\"width\":273,\"height\":181},{\"@type\":\"WebPage\",\"@id\":\"https:\/\/franciscanos.org.br\/noticias\/santo-antonio-e-do-largo-da-carioca.html#webpage\",\"url\":\"https:\/\/franciscanos.org.br\/noticias\/santo-antonio-e-do-largo-da-carioca.html\",\"name\":\"Santo Ant\u00f4nio \u00e9 do Largo da Carioca - Not\u00edcias - Franciscanos\",\"isPartOf\":{\"@id\":\"https:\/\/franciscanos.org.br\/noticias\/#website\"},\"primaryImageOfPage\":{\"@id\":\"https:\/\/franciscanos.org.br\/noticias\/santo-antonio-e-do-largo-da-carioca.html#primaryimage\"},\"datePublished\":\"2018-06-01T20:03:06+00:00\",\"dateModified\":\"2019-05-03T12:35:25+00:00\",\"author\":{\"@id\":\"https:\/\/franciscanos.org.br\/noticias\/#\/schema\/person\/b38fbf43118f02820bd932f2e4b14ad3\"},\"breadcrumb\":{\"@id\":\"https:\/\/franciscanos.org.br\/noticias\/santo-antonio-e-do-largo-da-carioca.html#breadcrumb\"},\"inLanguage\":\"pt-BR\",\"potentialAction\":[{\"@type\":\"ReadAction\",\"target\":[\"https:\/\/franciscanos.org.br\/noticias\/santo-antonio-e-do-largo-da-carioca.html\"]}]},{\"@type\":\"BreadcrumbList\",\"@id\":\"https:\/\/franciscanos.org.br\/noticias\/santo-antonio-e-do-largo-da-carioca.html#breadcrumb\",\"itemListElement\":[{\"@type\":\"ListItem\",\"position\":1,\"name\":\"Home\",\"item\":\"https:\/\/franciscanos.org.br\/noticias\"},{\"@type\":\"ListItem\",\"position\":2,\"name\":\"Santo Ant\u00f4nio \u00e9 do Largo da Carioca\"}]},{\"@type\":\"Person\",\"@id\":\"https:\/\/franciscanos.org.br\/noticias\/#\/schema\/person\/b38fbf43118f02820bd932f2e4b14ad3\",\"name\":\"admin\",\"image\":{\"@type\":\"ImageObject\",\"inLanguage\":\"pt-BR\",\"@id\":\"https:\/\/franciscanos.org.br\/noticias\/#\/schema\/person\/image\/\",\"url\":\"https:\/\/secure.gravatar.com\/avatar\/e8495742d34d0ba6448ea1c628263b3e?s=96&d=mm&r=g\",\"contentUrl\":\"https:\/\/secure.gravatar.com\/avatar\/e8495742d34d0ba6448ea1c628263b3e?s=96&d=mm&r=g\",\"caption\":\"admin\"},\"url\":\"https:\/\/franciscanos.org.br\/noticias\/author\/admin\"}]}<\/script>\n<!-- \/ Yoast SEO plugin. -->","yoast_head_json":{"title":"Santo Ant\u00f4nio \u00e9 do Largo da Carioca - Not\u00edcias - Franciscanos","robots":{"index":"index","follow":"follow","max-snippet":"max-snippet:-1","max-image-preview":"max-image-preview:large","max-video-preview":"max-video-preview:-1"},"canonical":"https:\/\/franciscanos.org.br\/noticias\/santo-antonio-e-do-largo-da-carioca.html","og_locale":"pt_BR","og_type":"article","og_title":"Santo Ant\u00f4nio \u00e9 do Largo da Carioca - Not\u00edcias - Franciscanos","og_description":"Trezena no Convento Santo Ant\u00f4nio","og_url":"https:\/\/franciscanos.org.br\/noticias\/santo-antonio-e-do-largo-da-carioca.html","og_site_name":"Not\u00edcias - Franciscanos","article_published_time":"2018-06-01T20:03:06+00:00","article_modified_time":"2019-05-03T12:35:25+00:00","og_image":[{"width":273,"height":181,"url":"https:\/\/franciscanos.org.br\/noticias\/wp-content\/uploads\/2018\/06\/trezena_010618_1-1.jpg","type":"image\/jpeg"}],"author":"admin","twitter_card":"summary_large_image","twitter_misc":{"Escrito por":"admin","Est. tempo de leitura":"6 minutos"},"schema":{"@context":"https:\/\/schema.org","@graph":[{"@type":"WebSite","@id":"https:\/\/franciscanos.org.br\/noticias\/#website","url":"https:\/\/franciscanos.org.br\/noticias\/","name":"Not\u00edcias - Franciscanos","description":"Prov\u00edncia Franciscana da Imaculada Concei\u00e7\u00e3o do Brasil - Ordem dos Frades Menores - OFM","potentialAction":[{"@type":"SearchAction","target":{"@type":"EntryPoint","urlTemplate":"https:\/\/franciscanos.org.br\/noticias\/?s={search_term_string}"},"query-input":"required name=search_term_string"}],"inLanguage":"pt-BR"},{"@type":"ImageObject","inLanguage":"pt-BR","@id":"https:\/\/franciscanos.org.br\/noticias\/santo-antonio-e-do-largo-da-carioca.html#primaryimage","url":"https:\/\/franciscanos.org.br\/noticias\/wp-content\/uploads\/2018\/06\/trezena_010618_1-1.jpg","contentUrl":"https:\/\/franciscanos.org.br\/noticias\/wp-content\/uploads\/2018\/06\/trezena_010618_1-1.jpg","width":273,"height":181},{"@type":"WebPage","@id":"https:\/\/franciscanos.org.br\/noticias\/santo-antonio-e-do-largo-da-carioca.html#webpage","url":"https:\/\/franciscanos.org.br\/noticias\/santo-antonio-e-do-largo-da-carioca.html","name":"Santo Ant\u00f4nio \u00e9 do Largo da Carioca - Not\u00edcias - Franciscanos","isPartOf":{"@id":"https:\/\/franciscanos.org.br\/noticias\/#website"},"primaryImageOfPage":{"@id":"https:\/\/franciscanos.org.br\/noticias\/santo-antonio-e-do-largo-da-carioca.html#primaryimage"},"datePublished":"2018-06-01T20:03:06+00:00","dateModified":"2019-05-03T12:35:25+00:00","author":{"@id":"https:\/\/franciscanos.org.br\/noticias\/#\/schema\/person\/b38fbf43118f02820bd932f2e4b14ad3"},"breadcrumb":{"@id":"https:\/\/franciscanos.org.br\/noticias\/santo-antonio-e-do-largo-da-carioca.html#breadcrumb"},"inLanguage":"pt-BR","potentialAction":[{"@type":"ReadAction","target":["https:\/\/franciscanos.org.br\/noticias\/santo-antonio-e-do-largo-da-carioca.html"]}]},{"@type":"BreadcrumbList","@id":"https:\/\/franciscanos.org.br\/noticias\/santo-antonio-e-do-largo-da-carioca.html#breadcrumb","itemListElement":[{"@type":"ListItem","position":1,"name":"Home","item":"https:\/\/franciscanos.org.br\/noticias"},{"@type":"ListItem","position":2,"name":"Santo Ant\u00f4nio \u00e9 do Largo da Carioca"}]},{"@type":"Person","@id":"https:\/\/franciscanos.org.br\/noticias\/#\/schema\/person\/b38fbf43118f02820bd932f2e4b14ad3","name":"admin","image":{"@type":"ImageObject","inLanguage":"pt-BR","@id":"https:\/\/franciscanos.org.br\/noticias\/#\/schema\/person\/image\/","url":"https:\/\/secure.gravatar.com\/avatar\/e8495742d34d0ba6448ea1c628263b3e?s=96&d=mm&r=g","contentUrl":"https:\/\/secure.gravatar.com\/avatar\/e8495742d34d0ba6448ea1c628263b3e?s=96&d=mm&r=g","caption":"admin"},"url":"https:\/\/franciscanos.org.br\/noticias\/author\/admin"}]}},"_links":{"self":[{"href":"https:\/\/franciscanos.org.br\/noticias\/wp-json\/wp\/v2\/posts\/161004"}],"collection":[{"href":"https:\/\/franciscanos.org.br\/noticias\/wp-json\/wp\/v2\/posts"}],"about":[{"href":"https:\/\/franciscanos.org.br\/noticias\/wp-json\/wp\/v2\/types\/post"}],"author":[{"embeddable":true,"href":"https:\/\/franciscanos.org.br\/noticias\/wp-json\/wp\/v2\/users\/1"}],"replies":[{"embeddable":true,"href":"https:\/\/franciscanos.org.br\/noticias\/wp-json\/wp\/v2\/comments?post=161004"}],"version-history":[{"count":0,"href":"https:\/\/franciscanos.org.br\/noticias\/wp-json\/wp\/v2\/posts\/161004\/revisions"}],"wp:featuredmedia":[{"embeddable":true,"href":"https:\/\/franciscanos.org.br\/noticias\/wp-json\/wp\/v2\/media\/204289"}],"wp:attachment":[{"href":"https:\/\/franciscanos.org.br\/noticias\/wp-json\/wp\/v2\/media?parent=161004"}],"wp:term":[{"taxonomy":"category","embeddable":true,"href":"https:\/\/franciscanos.org.br\/noticias\/wp-json\/wp\/v2\/categories?post=161004"},{"taxonomy":"post_tag","embeddable":true,"href":"https:\/\/franciscanos.org.br\/noticias\/wp-json\/wp\/v2\/tags?post=161004"}],"curies":[{"name":"wp","href":"https:\/\/api.w.org\/{rel}","templated":true}]}}