{"id":160991,"date":"2018-06-01T09:08:35","date_gmt":"2018-06-01T12:08:35","guid":{"rendered":"http:\/\/franciscanos.org.br\/?p=160991"},"modified":"2020-06-07T15:02:26","modified_gmt":"2020-06-07T18:02:26","slug":"o-mundo-contemporaneo-e-um-mundo-de-escravos","status":"publish","type":"post","link":"https:\/\/franciscanos.org.br\/noticias\/o-mundo-contemporaneo-e-um-mundo-de-escravos.html","title":{"rendered":"Papa: O mundo contempor\u00e2neo \u00e9 &#8216;um mundo de escravos&#8217;"},"content":{"rendered":"<p><img loading=\"lazy\" src=\"http:\/\/franciscanos.org.br\/wp-content\/uploads\/2018\/06\/marta_010618.jpg\" alt=\"marta_010618\" width=\"820\" height=\"374\" \/><\/p>\n<p><strong>Cidade do Vaticano<\/strong> &#8211; Hoje assistimos a uma \u201cgrande persegui\u00e7\u00e3o\u201d n\u00e3o somente em rela\u00e7\u00e3o aos crist\u00e3os, mas tamb\u00e9m contra toda homem e mulher, \u201catrav\u00e9s das coloniza\u00e7\u00f5es culturais, das guerras, da fome e da escravid\u00e3o\u201d, porque o mundo contempor\u00e2neo \u00e9 \u201cum mundo de escravos\u201d: esta foi a reflex\u00e3o do Papa Francisco na homilia da Missa celebrada na manh\u00e3 de sexta-feira (1\u00ba\/06) na Casa Santa Marta.<\/p>\n<p><strong>A persegui\u00e7\u00e3o \u00e9 parte da vida crist\u00e3<\/strong><\/p>\n<p>Falando sobre a Primeira Leitura, de S\u00e3o Pedro Ap\u00f3stolo, em que se afirma que a persegui\u00e7\u00e3o aos crist\u00e3os nos primeiros s\u00e9culos eclodiu como um inc\u00eandio, o Papa explicou que se trata de \u201cparte da vida crist\u00e3\u201d, uma \u201cbem-aventuran\u00e7a\u201d: Jesus foi perseguido por \u201ccausa de sua fidelidade ao Pai\u201d.<\/p>\n<p>A persegui\u00e7\u00e3o \u00e9 um pouco como o \u201car\u201d do qual vive o crist\u00e3o inclusive hoje, porque hoje existem muitos, muitos m\u00e1rtires, muitos perseguidos por amor a Cristo. Em muitos pa\u00edses, os crist\u00e3os n\u00e3o t\u00eam direitos. Se voc\u00ea carrega uma cruz, vai para a pris\u00e3o e h\u00e1 pessoas presas; h\u00e1 pessoas condenadas a morrer por serem crist\u00e3s hoje. Houve pessoas mortas e o n\u00famero \u00e9 mais alto do que os m\u00e1rtires dos primeiros tempos. Mais alto! Mas isso n\u00e3o faz not\u00edcia. E por isso os telejornais, os jornais n\u00e3o publicam essas coisas. Mas os crist\u00e3os s\u00e3o perseguidos.<\/p>\n<p><strong>Persegui\u00e7\u00f5es ao homem e \u00e0 mulher, imagem de Deus<\/strong><\/p>\n<p>Francisco observou que hoje existe tamb\u00e9m outra persegui\u00e7\u00e3o: \u201ca cada homem e mulher porque s\u00e3o imagens vivas de Deus\u201d.<\/p>\n<p>Por tr\u00e1s de cada persegui\u00e7\u00e3o, seja aos crist\u00e3os, seja aos humanos, est\u00e1 o diabo, est\u00e1 o dem\u00f4nio que tenta destruir a confiss\u00e3o de Cristo nos crist\u00e3os e a imagem de Deus no homem e na mulher. Desde o in\u00edcio, tentou fazer isso \u2013 como podemos ler no Livro do G\u00eanesis \u2013, destruir aquela harmonia entre homem e mulher que o Senhor criou, aquela harmonia que deriva do ser imagem e semelhan\u00e7a de Deus. E conseguiu fazer. Conseguiu fazer com a mentira, a sedu\u00e7\u00e3o\u2026 Com as armas que ele utiliza. Sempre faz assim. Mas tamb\u00e9m hoje tem uma for\u00e7a, eu diria essa f\u00faria contra o homem e a mullher porque, do cont\u00e1rio, n\u00e3o se explica esta onda crescente de destrui\u00e7\u00f5es ao homem e \u00e0 mulher, ao humano.<\/p>\n<p><strong>O diabo provoca fome, explora\u00e7\u00e3o, coliniza\u00e7\u00f5es culturais e guerras<\/strong><\/p>\n<p>O Pont\u00edfice pensa na fome, uma &#8220;injusti\u00e7a&#8221; que &#8220;destr\u00f3i o homem e a mulher porque n\u00e3o t\u00eam o que comer&#8221;, ainda que exista &#8220;muita comida&#8221; no mundo. Depois falou da explora\u00e7\u00e3o do ser humano, das diferentes formas de escravid\u00e3o e recorda como recentemente viu uma filmagem &#8220;escondida&#8221; em uma pris\u00e3o onde est\u00e3o recolhidos migrantes, submetidos \u00e0 &#8220;torturas&#8221;, a formas de &#8220;destrui\u00e7\u00e3o&#8221; para &#8220;escravizar&#8221;. E constata que isso acontece &#8220;depois de 70 anos da declara\u00e7\u00e3o dos direitos humanos&#8221;.<br \/>\nEnt\u00e3o ele reflete sobre as coloniza\u00e7\u00f5es culturais, &#8220;quando &#8211; explica &#8211; os imp\u00e9rios imp\u00f5e disposi\u00e7\u00f5es de sua cultura contra a independ\u00eancia, contra a cultura do povo, impondo coisas que n\u00e3o s\u00e3o humanas para destruir\u201d, para &#8220;a morte&#8221;.<\/p>\n<p>Francisco observa que o que o diabo quer \u00e9 precisamente &#8220;a destrui\u00e7\u00e3o da dignidade&#8221; e &#8220;por isso persegue&#8221;: &#8220;E no final, podemos pensar nas guerras como um instrumento de destrui\u00e7\u00e3o de pessoas, da imagem de Deus. Mas tamb\u00e9m nas pessoas que fazem as guerras, que planejam as guerras para ter poder sobre os outros. H\u00e1 pessoas que trabalham em muitas ind\u00fastrias de armas para destruir a humanidade, para destruir a imagem do homem e da mulher, tanto f\u00edsica como moralmente, como culturalmente. &#8216;Mas, padre, esses n\u00e3o s\u00e3o crist\u00e3os. Por que s\u00e3o perseguidos?&#8217; &#8211; &#8220;Sim, s\u00e3o a imagem de Deus. E por isso o diabo os persegue&#8221;. E os imp\u00e9rios continuam as persegui\u00e7\u00f5es hoje. N\u00f3s n\u00e3o devemos nos permitir ser ing\u00eanuos. Hoje, no mundo, n\u00e3o s\u00f3 os crist\u00e3os s\u00e3o perseguidos; os seres humanos, o homem e a mulher, porque o pai de toda persegui\u00e7\u00e3o n\u00e3o tolera que sejam a imagem e semelhan\u00e7a de Deus. E ataca e destr\u00f3i essa imagem. N\u00e3o \u00e9 f\u00e1cil entender isso; \u00e9 preciso muita ora\u00e7\u00e3o para entend\u00ea-lo.<\/p>\n<hr \/>\n<p><em>Fonte: Vatican News<\/em><\/p>\n","protected":false},"excerpt":{"rendered":"<p>Missa em Santa Marta<\/p>\n","protected":false},"author":1,"featured_media":213091,"comment_status":"open","ping_status":"open","sticky":false,"template":"","format":"standard","meta":[],"categories":[1428],"tags":[1586],"acf":[],"yoast_head":"<!-- This site is optimized with the Yoast SEO plugin v19.2 - https:\/\/yoast.com\/wordpress\/plugins\/seo\/ -->\n<title>Papa: O mundo contempor\u00e2neo \u00e9 &#039;um mundo de escravos&#039; - Not\u00edcias - Franciscanos<\/title>\n<meta name=\"robots\" content=\"index, follow, max-snippet:-1, max-image-preview:large, max-video-preview:-1\" \/>\n<link rel=\"canonical\" href=\"https:\/\/franciscanos.org.br\/noticias\/o-mundo-contemporaneo-e-um-mundo-de-escravos.html\" \/>\n<meta property=\"og:locale\" content=\"pt_BR\" \/>\n<meta property=\"og:type\" content=\"article\" \/>\n<meta property=\"og:title\" content=\"Papa: O mundo contempor\u00e2neo \u00e9 &#039;um mundo de escravos&#039; - Not\u00edcias - Franciscanos\" \/>\n<meta property=\"og:description\" content=\"Missa em Santa Marta\" \/>\n<meta property=\"og:url\" content=\"https:\/\/franciscanos.org.br\/noticias\/o-mundo-contemporaneo-e-um-mundo-de-escravos.html\" \/>\n<meta property=\"og:site_name\" content=\"Not\u00edcias - Franciscanos\" \/>\n<meta property=\"article:published_time\" content=\"2018-06-01T12:08:35+00:00\" \/>\n<meta property=\"article:modified_time\" content=\"2020-06-07T18:02:26+00:00\" \/>\n<meta property=\"og:image\" content=\"https:\/\/franciscanos.org.br\/noticias\/wp-content\/uploads\/2018\/06\/marta_010618.jpg\" \/>\n\t<meta property=\"og:image:width\" content=\"273\" \/>\n\t<meta property=\"og:image:height\" content=\"181\" \/>\n\t<meta property=\"og:image:type\" content=\"image\/jpeg\" \/>\n<meta name=\"author\" content=\"admin\" \/>\n<meta name=\"twitter:card\" content=\"summary_large_image\" \/>\n<meta name=\"twitter:label1\" content=\"Escrito por\" \/>\n\t<meta name=\"twitter:data1\" content=\"admin\" \/>\n\t<meta name=\"twitter:label2\" content=\"Est. tempo de leitura\" \/>\n\t<meta name=\"twitter:data2\" content=\"4 minutos\" \/>\n<script type=\"application\/ld+json\" class=\"yoast-schema-graph\">{\"@context\":\"https:\/\/schema.org\",\"@graph\":[{\"@type\":\"WebSite\",\"@id\":\"https:\/\/franciscanos.org.br\/noticias\/#website\",\"url\":\"https:\/\/franciscanos.org.br\/noticias\/\",\"name\":\"Not\u00edcias - Franciscanos\",\"description\":\"Prov\u00edncia Franciscana da Imaculada Concei\u00e7\u00e3o do Brasil - Ordem dos Frades Menores - OFM\",\"potentialAction\":[{\"@type\":\"SearchAction\",\"target\":{\"@type\":\"EntryPoint\",\"urlTemplate\":\"https:\/\/franciscanos.org.br\/noticias\/?s={search_term_string}\"},\"query-input\":\"required name=search_term_string\"}],\"inLanguage\":\"pt-BR\"},{\"@type\":\"ImageObject\",\"inLanguage\":\"pt-BR\",\"@id\":\"https:\/\/franciscanos.org.br\/noticias\/o-mundo-contemporaneo-e-um-mundo-de-escravos.html#primaryimage\",\"url\":\"https:\/\/franciscanos.org.br\/noticias\/wp-content\/uploads\/2018\/06\/marta_010618.jpg\",\"contentUrl\":\"https:\/\/franciscanos.org.br\/noticias\/wp-content\/uploads\/2018\/06\/marta_010618.jpg\",\"width\":273,\"height\":181},{\"@type\":\"WebPage\",\"@id\":\"https:\/\/franciscanos.org.br\/noticias\/o-mundo-contemporaneo-e-um-mundo-de-escravos.html#webpage\",\"url\":\"https:\/\/franciscanos.org.br\/noticias\/o-mundo-contemporaneo-e-um-mundo-de-escravos.html\",\"name\":\"Papa: O mundo contempor\u00e2neo \u00e9 'um mundo de escravos' - Not\u00edcias - Franciscanos\",\"isPartOf\":{\"@id\":\"https:\/\/franciscanos.org.br\/noticias\/#website\"},\"primaryImageOfPage\":{\"@id\":\"https:\/\/franciscanos.org.br\/noticias\/o-mundo-contemporaneo-e-um-mundo-de-escravos.html#primaryimage\"},\"datePublished\":\"2018-06-01T12:08:35+00:00\",\"dateModified\":\"2020-06-07T18:02:26+00:00\",\"author\":{\"@id\":\"https:\/\/franciscanos.org.br\/noticias\/#\/schema\/person\/b38fbf43118f02820bd932f2e4b14ad3\"},\"breadcrumb\":{\"@id\":\"https:\/\/franciscanos.org.br\/noticias\/o-mundo-contemporaneo-e-um-mundo-de-escravos.html#breadcrumb\"},\"inLanguage\":\"pt-BR\",\"potentialAction\":[{\"@type\":\"ReadAction\",\"target\":[\"https:\/\/franciscanos.org.br\/noticias\/o-mundo-contemporaneo-e-um-mundo-de-escravos.html\"]}]},{\"@type\":\"BreadcrumbList\",\"@id\":\"https:\/\/franciscanos.org.br\/noticias\/o-mundo-contemporaneo-e-um-mundo-de-escravos.html#breadcrumb\",\"itemListElement\":[{\"@type\":\"ListItem\",\"position\":1,\"name\":\"Home\",\"item\":\"https:\/\/franciscanos.org.br\/noticias\"},{\"@type\":\"ListItem\",\"position\":2,\"name\":\"Papa: O mundo contempor\u00e2neo \u00e9 &#8216;um mundo de escravos&#8217;\"}]},{\"@type\":\"Person\",\"@id\":\"https:\/\/franciscanos.org.br\/noticias\/#\/schema\/person\/b38fbf43118f02820bd932f2e4b14ad3\",\"name\":\"admin\",\"image\":{\"@type\":\"ImageObject\",\"inLanguage\":\"pt-BR\",\"@id\":\"https:\/\/franciscanos.org.br\/noticias\/#\/schema\/person\/image\/\",\"url\":\"https:\/\/secure.gravatar.com\/avatar\/e8495742d34d0ba6448ea1c628263b3e?s=96&d=mm&r=g\",\"contentUrl\":\"https:\/\/secure.gravatar.com\/avatar\/e8495742d34d0ba6448ea1c628263b3e?s=96&d=mm&r=g\",\"caption\":\"admin\"},\"url\":\"https:\/\/franciscanos.org.br\/noticias\/author\/admin\"}]}<\/script>\n<!-- \/ Yoast SEO plugin. -->","yoast_head_json":{"title":"Papa: O mundo contempor\u00e2neo \u00e9 'um mundo de escravos' - Not\u00edcias - Franciscanos","robots":{"index":"index","follow":"follow","max-snippet":"max-snippet:-1","max-image-preview":"max-image-preview:large","max-video-preview":"max-video-preview:-1"},"canonical":"https:\/\/franciscanos.org.br\/noticias\/o-mundo-contemporaneo-e-um-mundo-de-escravos.html","og_locale":"pt_BR","og_type":"article","og_title":"Papa: O mundo contempor\u00e2neo \u00e9 'um mundo de escravos' - Not\u00edcias - Franciscanos","og_description":"Missa em Santa Marta","og_url":"https:\/\/franciscanos.org.br\/noticias\/o-mundo-contemporaneo-e-um-mundo-de-escravos.html","og_site_name":"Not\u00edcias - Franciscanos","article_published_time":"2018-06-01T12:08:35+00:00","article_modified_time":"2020-06-07T18:02:26+00:00","og_image":[{"width":273,"height":181,"url":"https:\/\/franciscanos.org.br\/noticias\/wp-content\/uploads\/2018\/06\/marta_010618.jpg","type":"image\/jpeg"}],"author":"admin","twitter_card":"summary_large_image","twitter_misc":{"Escrito por":"admin","Est. tempo de leitura":"4 minutos"},"schema":{"@context":"https:\/\/schema.org","@graph":[{"@type":"WebSite","@id":"https:\/\/franciscanos.org.br\/noticias\/#website","url":"https:\/\/franciscanos.org.br\/noticias\/","name":"Not\u00edcias - Franciscanos","description":"Prov\u00edncia Franciscana da Imaculada Concei\u00e7\u00e3o do Brasil - Ordem dos Frades Menores - OFM","potentialAction":[{"@type":"SearchAction","target":{"@type":"EntryPoint","urlTemplate":"https:\/\/franciscanos.org.br\/noticias\/?s={search_term_string}"},"query-input":"required name=search_term_string"}],"inLanguage":"pt-BR"},{"@type":"ImageObject","inLanguage":"pt-BR","@id":"https:\/\/franciscanos.org.br\/noticias\/o-mundo-contemporaneo-e-um-mundo-de-escravos.html#primaryimage","url":"https:\/\/franciscanos.org.br\/noticias\/wp-content\/uploads\/2018\/06\/marta_010618.jpg","contentUrl":"https:\/\/franciscanos.org.br\/noticias\/wp-content\/uploads\/2018\/06\/marta_010618.jpg","width":273,"height":181},{"@type":"WebPage","@id":"https:\/\/franciscanos.org.br\/noticias\/o-mundo-contemporaneo-e-um-mundo-de-escravos.html#webpage","url":"https:\/\/franciscanos.org.br\/noticias\/o-mundo-contemporaneo-e-um-mundo-de-escravos.html","name":"Papa: O mundo contempor\u00e2neo \u00e9 'um mundo de escravos' - Not\u00edcias - Franciscanos","isPartOf":{"@id":"https:\/\/franciscanos.org.br\/noticias\/#website"},"primaryImageOfPage":{"@id":"https:\/\/franciscanos.org.br\/noticias\/o-mundo-contemporaneo-e-um-mundo-de-escravos.html#primaryimage"},"datePublished":"2018-06-01T12:08:35+00:00","dateModified":"2020-06-07T18:02:26+00:00","author":{"@id":"https:\/\/franciscanos.org.br\/noticias\/#\/schema\/person\/b38fbf43118f02820bd932f2e4b14ad3"},"breadcrumb":{"@id":"https:\/\/franciscanos.org.br\/noticias\/o-mundo-contemporaneo-e-um-mundo-de-escravos.html#breadcrumb"},"inLanguage":"pt-BR","potentialAction":[{"@type":"ReadAction","target":["https:\/\/franciscanos.org.br\/noticias\/o-mundo-contemporaneo-e-um-mundo-de-escravos.html"]}]},{"@type":"BreadcrumbList","@id":"https:\/\/franciscanos.org.br\/noticias\/o-mundo-contemporaneo-e-um-mundo-de-escravos.html#breadcrumb","itemListElement":[{"@type":"ListItem","position":1,"name":"Home","item":"https:\/\/franciscanos.org.br\/noticias"},{"@type":"ListItem","position":2,"name":"Papa: O mundo contempor\u00e2neo \u00e9 &#8216;um mundo de escravos&#8217;"}]},{"@type":"Person","@id":"https:\/\/franciscanos.org.br\/noticias\/#\/schema\/person\/b38fbf43118f02820bd932f2e4b14ad3","name":"admin","image":{"@type":"ImageObject","inLanguage":"pt-BR","@id":"https:\/\/franciscanos.org.br\/noticias\/#\/schema\/person\/image\/","url":"https:\/\/secure.gravatar.com\/avatar\/e8495742d34d0ba6448ea1c628263b3e?s=96&d=mm&r=g","contentUrl":"https:\/\/secure.gravatar.com\/avatar\/e8495742d34d0ba6448ea1c628263b3e?s=96&d=mm&r=g","caption":"admin"},"url":"https:\/\/franciscanos.org.br\/noticias\/author\/admin"}]}},"_links":{"self":[{"href":"https:\/\/franciscanos.org.br\/noticias\/wp-json\/wp\/v2\/posts\/160991"}],"collection":[{"href":"https:\/\/franciscanos.org.br\/noticias\/wp-json\/wp\/v2\/posts"}],"about":[{"href":"https:\/\/franciscanos.org.br\/noticias\/wp-json\/wp\/v2\/types\/post"}],"author":[{"embeddable":true,"href":"https:\/\/franciscanos.org.br\/noticias\/wp-json\/wp\/v2\/users\/1"}],"replies":[{"embeddable":true,"href":"https:\/\/franciscanos.org.br\/noticias\/wp-json\/wp\/v2\/comments?post=160991"}],"version-history":[{"count":1,"href":"https:\/\/franciscanos.org.br\/noticias\/wp-json\/wp\/v2\/posts\/160991\/revisions"}],"predecessor-version":[{"id":224960,"href":"https:\/\/franciscanos.org.br\/noticias\/wp-json\/wp\/v2\/posts\/160991\/revisions\/224960"}],"wp:featuredmedia":[{"embeddable":true,"href":"https:\/\/franciscanos.org.br\/noticias\/wp-json\/wp\/v2\/media\/213091"}],"wp:attachment":[{"href":"https:\/\/franciscanos.org.br\/noticias\/wp-json\/wp\/v2\/media?parent=160991"}],"wp:term":[{"taxonomy":"category","embeddable":true,"href":"https:\/\/franciscanos.org.br\/noticias\/wp-json\/wp\/v2\/categories?post=160991"},{"taxonomy":"post_tag","embeddable":true,"href":"https:\/\/franciscanos.org.br\/noticias\/wp-json\/wp\/v2\/tags?post=160991"}],"curies":[{"name":"wp","href":"https:\/\/api.w.org\/{rel}","templated":true}]}}