{"id":160896,"date":"2018-05-30T11:11:43","date_gmt":"2018-05-30T14:11:43","guid":{"rendered":"http:\/\/franciscanos.org.br\/?p=160896"},"modified":"2019-07-03T13:10:56","modified_gmt":"2019-07-03T16:10:56","slug":"fe-e-partilha-no-encontro-de-benfeitores-em-ituporanga","status":"publish","type":"post","link":"https:\/\/franciscanos.org.br\/noticias\/fe-e-partilha-no-encontro-de-benfeitores-em-ituporanga.html","title":{"rendered":"F\u00e9 e partilha no Encontro de benfeitores em SC"},"content":{"rendered":"<p><img loading=\"lazy\" src=\"http:\/\/franciscanos.org.br\/wp-content\/uploads\/2018\/05\/benfeitores_300518G.jpg\" alt=\"benfeitores_300518G\" width=\"830\" height=\"420\" \/><br \/>\n<strong>Frei Alexandre Rohling<\/strong><\/p>\n<p><strong>Ituporanga (SC)<\/strong> &#8211; No dia 27 de maio foi realizado o Encontro Regional de benfeitores franciscanos. Foram muitas as recorda\u00e7\u00f5es deste maravilhoso lugar, o Semin\u00e1rio S\u00e3o Francisco, na cidade de Ituporanga (SC). Atualmente, ele \u00e9 local de forma\u00e7\u00e3o do Ensino M\u00e9dio e Aspirantado dos nossos jovens vocacionados \u00e0 vida religiosa franciscana.\u00a0Os benfeitores ficaram encantados com a beleza do lugar e acolhida dos confrades e seminaristas.<\/p>\n<p>Os que chegavam eram recebidos com abra\u00e7o fraterno e levados ao refeit\u00f3rio pra um saboroso caf\u00e9 da manh\u00e3. \u00c0s 9h30 ouvimos as badaladas do sino, que chamava para a Santa Missa da Solenidade da Sant\u00edssima Trindade. Frei Robson Scudela presidiu a celebra\u00e7\u00e3o e acolheu todos os benfeitores, falando da import\u00e2ncia da ajuda dada ao Semin\u00e1rio. Ele disse que os seminaristas sempre rezam por aqueles que lhes ajudam generosamente.<\/p>\n<p>Ap\u00f3s a missa, fomos ao teatro, onde refletimos juntos sobre a ora\u00e7\u00e3o atribu\u00edda a S\u00e3o Francisco de Assis: ora\u00e7\u00e3o pela paz. J\u00e1 era quase 13h quando fomos ao refeit\u00f3rio e partilhamos um delicioso almo\u00e7o preparado pelas colaboradoras do Semin\u00e1rio: Ivonete e Elza.<\/p>\n<p>\u00c0 tarde fizemos a foto oficial e fomos ao pomar degustar deliciosas tangerinas. Ainda em tempo, fomos \u00e0 gruta do Semin\u00e1rio para rezar uma Ave Maria pela nossa p\u00e1tria e pelo povo brasileiro.<br \/>\n&#8220;Na inaugura\u00e7\u00e3o deste semin\u00e1rio conheci meu marido e gosto de ajudar os franciscanos, pois estes meninos deixam suas fam\u00edlias, suas cidades e vem para c\u00e1 estudar. Sinto-me na responsabilidade de sempre ajudar a cuidar destes meninos&#8221;, afirmou a benfeitora Ivonete Apar\u00edcio.<\/p>\n<p>Deus seja louvado por mais este dia em que Francisco de Assis nos ensinou muito sobre sua vida e caminhada no seguimento de Nosso Senhor Jesus Cristo. Nossa fam\u00edlia espera por voc\u00ea! Seja um benfeitor franciscano!<\/p>\n","protected":false},"excerpt":{"rendered":"<p>Pr\u00f3-Voca\u00e7\u00f5es e Miss\u00f5es Franciscanas<\/p>\n","protected":false},"author":1,"featured_media":207168,"comment_status":"open","ping_status":"open","sticky":false,"template":"","format":"standard","meta":[],"categories":[1],"tags":[254],"acf":[],"yoast_head":"<!-- This site is optimized with the Yoast SEO plugin v19.2 - https:\/\/yoast.com\/wordpress\/plugins\/seo\/ -->\n<title>F\u00e9 e partilha no Encontro de benfeitores em SC - Not\u00edcias - Franciscanos<\/title>\n<meta name=\"robots\" content=\"index, follow, max-snippet:-1, max-image-preview:large, max-video-preview:-1\" \/>\n<link rel=\"canonical\" href=\"https:\/\/franciscanos.org.br\/noticias\/fe-e-partilha-no-encontro-de-benfeitores-em-ituporanga.html\" \/>\n<meta property=\"og:locale\" content=\"pt_BR\" \/>\n<meta property=\"og:type\" content=\"article\" \/>\n<meta property=\"og:title\" content=\"F\u00e9 e partilha no Encontro de benfeitores em SC - Not\u00edcias - Franciscanos\" \/>\n<meta property=\"og:description\" content=\"Pr\u00f3-Voca\u00e7\u00f5es e Miss\u00f5es Franciscanas\" \/>\n<meta property=\"og:url\" content=\"https:\/\/franciscanos.org.br\/noticias\/fe-e-partilha-no-encontro-de-benfeitores-em-ituporanga.html\" \/>\n<meta property=\"og:site_name\" content=\"Not\u00edcias - Franciscanos\" \/>\n<meta property=\"article:published_time\" content=\"2018-05-30T14:11:43+00:00\" \/>\n<meta property=\"article:modified_time\" content=\"2019-07-03T16:10:56+00:00\" \/>\n<meta property=\"og:image\" content=\"https:\/\/franciscanos.org.br\/noticias\/wp-content\/uploads\/2018\/05\/benfeitores_300518G.jpg\" \/>\n\t<meta property=\"og:image:width\" content=\"273\" \/>\n\t<meta property=\"og:image:height\" content=\"181\" \/>\n\t<meta property=\"og:image:type\" content=\"image\/jpeg\" \/>\n<meta name=\"author\" content=\"admin\" \/>\n<meta name=\"twitter:card\" content=\"summary_large_image\" \/>\n<meta name=\"twitter:label1\" content=\"Escrito por\" \/>\n\t<meta name=\"twitter:data1\" content=\"admin\" \/>\n\t<meta name=\"twitter:label2\" content=\"Est. tempo de leitura\" \/>\n\t<meta name=\"twitter:data2\" content=\"2 minutos\" \/>\n<script type=\"application\/ld+json\" class=\"yoast-schema-graph\">{\"@context\":\"https:\/\/schema.org\",\"@graph\":[{\"@type\":\"WebSite\",\"@id\":\"https:\/\/franciscanos.org.br\/noticias\/#website\",\"url\":\"https:\/\/franciscanos.org.br\/noticias\/\",\"name\":\"Not\u00edcias - Franciscanos\",\"description\":\"Prov\u00edncia Franciscana da Imaculada Concei\u00e7\u00e3o do Brasil - Ordem dos Frades Menores - OFM\",\"potentialAction\":[{\"@type\":\"SearchAction\",\"target\":{\"@type\":\"EntryPoint\",\"urlTemplate\":\"https:\/\/franciscanos.org.br\/noticias\/?s={search_term_string}\"},\"query-input\":\"required name=search_term_string\"}],\"inLanguage\":\"pt-BR\"},{\"@type\":\"ImageObject\",\"inLanguage\":\"pt-BR\",\"@id\":\"https:\/\/franciscanos.org.br\/noticias\/fe-e-partilha-no-encontro-de-benfeitores-em-ituporanga.html#primaryimage\",\"url\":\"https:\/\/franciscanos.org.br\/noticias\/wp-content\/uploads\/2018\/05\/benfeitores_300518G.jpg\",\"contentUrl\":\"https:\/\/franciscanos.org.br\/noticias\/wp-content\/uploads\/2018\/05\/benfeitores_300518G.jpg\",\"width\":273,\"height\":181},{\"@type\":\"WebPage\",\"@id\":\"https:\/\/franciscanos.org.br\/noticias\/fe-e-partilha-no-encontro-de-benfeitores-em-ituporanga.html#webpage\",\"url\":\"https:\/\/franciscanos.org.br\/noticias\/fe-e-partilha-no-encontro-de-benfeitores-em-ituporanga.html\",\"name\":\"F\u00e9 e partilha no Encontro de benfeitores em SC - Not\u00edcias - Franciscanos\",\"isPartOf\":{\"@id\":\"https:\/\/franciscanos.org.br\/noticias\/#website\"},\"primaryImageOfPage\":{\"@id\":\"https:\/\/franciscanos.org.br\/noticias\/fe-e-partilha-no-encontro-de-benfeitores-em-ituporanga.html#primaryimage\"},\"datePublished\":\"2018-05-30T14:11:43+00:00\",\"dateModified\":\"2019-07-03T16:10:56+00:00\",\"author\":{\"@id\":\"https:\/\/franciscanos.org.br\/noticias\/#\/schema\/person\/b38fbf43118f02820bd932f2e4b14ad3\"},\"breadcrumb\":{\"@id\":\"https:\/\/franciscanos.org.br\/noticias\/fe-e-partilha-no-encontro-de-benfeitores-em-ituporanga.html#breadcrumb\"},\"inLanguage\":\"pt-BR\",\"potentialAction\":[{\"@type\":\"ReadAction\",\"target\":[\"https:\/\/franciscanos.org.br\/noticias\/fe-e-partilha-no-encontro-de-benfeitores-em-ituporanga.html\"]}]},{\"@type\":\"BreadcrumbList\",\"@id\":\"https:\/\/franciscanos.org.br\/noticias\/fe-e-partilha-no-encontro-de-benfeitores-em-ituporanga.html#breadcrumb\",\"itemListElement\":[{\"@type\":\"ListItem\",\"position\":1,\"name\":\"Home\",\"item\":\"https:\/\/franciscanos.org.br\/noticias\"},{\"@type\":\"ListItem\",\"position\":2,\"name\":\"F\u00e9 e partilha no Encontro de benfeitores em SC\"}]},{\"@type\":\"Person\",\"@id\":\"https:\/\/franciscanos.org.br\/noticias\/#\/schema\/person\/b38fbf43118f02820bd932f2e4b14ad3\",\"name\":\"admin\",\"image\":{\"@type\":\"ImageObject\",\"inLanguage\":\"pt-BR\",\"@id\":\"https:\/\/franciscanos.org.br\/noticias\/#\/schema\/person\/image\/\",\"url\":\"https:\/\/secure.gravatar.com\/avatar\/e8495742d34d0ba6448ea1c628263b3e?s=96&d=mm&r=g\",\"contentUrl\":\"https:\/\/secure.gravatar.com\/avatar\/e8495742d34d0ba6448ea1c628263b3e?s=96&d=mm&r=g\",\"caption\":\"admin\"},\"url\":\"https:\/\/franciscanos.org.br\/noticias\/author\/admin\"}]}<\/script>\n<!-- \/ Yoast SEO plugin. -->","yoast_head_json":{"title":"F\u00e9 e partilha no Encontro de benfeitores em SC - Not\u00edcias - Franciscanos","robots":{"index":"index","follow":"follow","max-snippet":"max-snippet:-1","max-image-preview":"max-image-preview:large","max-video-preview":"max-video-preview:-1"},"canonical":"https:\/\/franciscanos.org.br\/noticias\/fe-e-partilha-no-encontro-de-benfeitores-em-ituporanga.html","og_locale":"pt_BR","og_type":"article","og_title":"F\u00e9 e partilha no Encontro de benfeitores em SC - Not\u00edcias - Franciscanos","og_description":"Pr\u00f3-Voca\u00e7\u00f5es e Miss\u00f5es Franciscanas","og_url":"https:\/\/franciscanos.org.br\/noticias\/fe-e-partilha-no-encontro-de-benfeitores-em-ituporanga.html","og_site_name":"Not\u00edcias - Franciscanos","article_published_time":"2018-05-30T14:11:43+00:00","article_modified_time":"2019-07-03T16:10:56+00:00","og_image":[{"width":273,"height":181,"url":"https:\/\/franciscanos.org.br\/noticias\/wp-content\/uploads\/2018\/05\/benfeitores_300518G.jpg","type":"image\/jpeg"}],"author":"admin","twitter_card":"summary_large_image","twitter_misc":{"Escrito por":"admin","Est. tempo de leitura":"2 minutos"},"schema":{"@context":"https:\/\/schema.org","@graph":[{"@type":"WebSite","@id":"https:\/\/franciscanos.org.br\/noticias\/#website","url":"https:\/\/franciscanos.org.br\/noticias\/","name":"Not\u00edcias - Franciscanos","description":"Prov\u00edncia Franciscana da Imaculada Concei\u00e7\u00e3o do Brasil - Ordem dos Frades Menores - OFM","potentialAction":[{"@type":"SearchAction","target":{"@type":"EntryPoint","urlTemplate":"https:\/\/franciscanos.org.br\/noticias\/?s={search_term_string}"},"query-input":"required name=search_term_string"}],"inLanguage":"pt-BR"},{"@type":"ImageObject","inLanguage":"pt-BR","@id":"https:\/\/franciscanos.org.br\/noticias\/fe-e-partilha-no-encontro-de-benfeitores-em-ituporanga.html#primaryimage","url":"https:\/\/franciscanos.org.br\/noticias\/wp-content\/uploads\/2018\/05\/benfeitores_300518G.jpg","contentUrl":"https:\/\/franciscanos.org.br\/noticias\/wp-content\/uploads\/2018\/05\/benfeitores_300518G.jpg","width":273,"height":181},{"@type":"WebPage","@id":"https:\/\/franciscanos.org.br\/noticias\/fe-e-partilha-no-encontro-de-benfeitores-em-ituporanga.html#webpage","url":"https:\/\/franciscanos.org.br\/noticias\/fe-e-partilha-no-encontro-de-benfeitores-em-ituporanga.html","name":"F\u00e9 e partilha no Encontro de benfeitores em SC - Not\u00edcias - Franciscanos","isPartOf":{"@id":"https:\/\/franciscanos.org.br\/noticias\/#website"},"primaryImageOfPage":{"@id":"https:\/\/franciscanos.org.br\/noticias\/fe-e-partilha-no-encontro-de-benfeitores-em-ituporanga.html#primaryimage"},"datePublished":"2018-05-30T14:11:43+00:00","dateModified":"2019-07-03T16:10:56+00:00","author":{"@id":"https:\/\/franciscanos.org.br\/noticias\/#\/schema\/person\/b38fbf43118f02820bd932f2e4b14ad3"},"breadcrumb":{"@id":"https:\/\/franciscanos.org.br\/noticias\/fe-e-partilha-no-encontro-de-benfeitores-em-ituporanga.html#breadcrumb"},"inLanguage":"pt-BR","potentialAction":[{"@type":"ReadAction","target":["https:\/\/franciscanos.org.br\/noticias\/fe-e-partilha-no-encontro-de-benfeitores-em-ituporanga.html"]}]},{"@type":"BreadcrumbList","@id":"https:\/\/franciscanos.org.br\/noticias\/fe-e-partilha-no-encontro-de-benfeitores-em-ituporanga.html#breadcrumb","itemListElement":[{"@type":"ListItem","position":1,"name":"Home","item":"https:\/\/franciscanos.org.br\/noticias"},{"@type":"ListItem","position":2,"name":"F\u00e9 e partilha no Encontro de benfeitores em SC"}]},{"@type":"Person","@id":"https:\/\/franciscanos.org.br\/noticias\/#\/schema\/person\/b38fbf43118f02820bd932f2e4b14ad3","name":"admin","image":{"@type":"ImageObject","inLanguage":"pt-BR","@id":"https:\/\/franciscanos.org.br\/noticias\/#\/schema\/person\/image\/","url":"https:\/\/secure.gravatar.com\/avatar\/e8495742d34d0ba6448ea1c628263b3e?s=96&d=mm&r=g","contentUrl":"https:\/\/secure.gravatar.com\/avatar\/e8495742d34d0ba6448ea1c628263b3e?s=96&d=mm&r=g","caption":"admin"},"url":"https:\/\/franciscanos.org.br\/noticias\/author\/admin"}]}},"_links":{"self":[{"href":"https:\/\/franciscanos.org.br\/noticias\/wp-json\/wp\/v2\/posts\/160896"}],"collection":[{"href":"https:\/\/franciscanos.org.br\/noticias\/wp-json\/wp\/v2\/posts"}],"about":[{"href":"https:\/\/franciscanos.org.br\/noticias\/wp-json\/wp\/v2\/types\/post"}],"author":[{"embeddable":true,"href":"https:\/\/franciscanos.org.br\/noticias\/wp-json\/wp\/v2\/users\/1"}],"replies":[{"embeddable":true,"href":"https:\/\/franciscanos.org.br\/noticias\/wp-json\/wp\/v2\/comments?post=160896"}],"version-history":[{"count":0,"href":"https:\/\/franciscanos.org.br\/noticias\/wp-json\/wp\/v2\/posts\/160896\/revisions"}],"wp:featuredmedia":[{"embeddable":true,"href":"https:\/\/franciscanos.org.br\/noticias\/wp-json\/wp\/v2\/media\/207168"}],"wp:attachment":[{"href":"https:\/\/franciscanos.org.br\/noticias\/wp-json\/wp\/v2\/media?parent=160896"}],"wp:term":[{"taxonomy":"category","embeddable":true,"href":"https:\/\/franciscanos.org.br\/noticias\/wp-json\/wp\/v2\/categories?post=160896"},{"taxonomy":"post_tag","embeddable":true,"href":"https:\/\/franciscanos.org.br\/noticias\/wp-json\/wp\/v2\/tags?post=160896"}],"curies":[{"name":"wp","href":"https:\/\/api.w.org\/{rel}","templated":true}]}}