{"id":160859,"date":"2018-05-30T09:13:12","date_gmt":"2018-05-30T12:13:12","guid":{"rendered":"http:\/\/franciscanos.org.br\/?p=160859"},"modified":"2019-04-26T10:13:22","modified_gmt":"2019-04-26T13:13:22","slug":"frei-marcio-de-araujo-terra-o-outro-francisco-no-meio-dos-prediletos-de-deus","status":"publish","type":"post","link":"https:\/\/franciscanos.org.br\/noticias\/frei-marcio-de-araujo-terra-o-outro-francisco-no-meio-dos-prediletos-de-deus.html","title":{"rendered":"Um ano depois de sua morte, Frei M\u00e1rcio Terra ganha biografia"},"content":{"rendered":"<p><img loading=\"lazy\" src=\"http:\/\/franciscanos.org.br\/wp-content\/uploads\/2018\/05\/livro_300518.jpg\" alt=\"livro_300518\" width=\"830\" height=\"437\" \/><\/p>\n<p><strong>Vila Velha (ES)<\/strong> &#8211; Um ano depois do seu falecimento, Frei M\u00e1rcio de Ara\u00fajo Terra\u00a0ganhou na noite de ontem, 29 de maio, o seu livro biogr\u00e1fico, escrito por Alexsandra Tomazelli Sart\u00f3rio. Al\u00e9m de paroquianos, amigos, estiveram presente jovens\u00a0resgatados no Projeto Nosso Guri (Pastoral do Menor), onde trabalharam Frei M\u00e1rcio e a autora.<\/p>\n<p>A Prov\u00edncia da Imaculada, juntamente com os familiares e amigos, fizeram mem\u00f3ria de um ano de falecimento de Frei M\u00e1rcio. Em 2016, aos 67 anos, depois de retornar da Miss\u00e3o de Angola, onde foi mission\u00e1rio por 15 anos, o frade foi\u00a0transferido para a comunidade da Rocinha (RJ) como vig\u00e1rio paroquial. Ali sofreu uma queda e veio a falecer no dia 29 de maio do ano passado.<\/p>\n<p>\u201cFrei M\u00e1rcio de Ara\u00fajo Terra, o outro Francisco no meio dos prediletos de Deus\u201d \u00e9 o t\u00edtulo dado pela autora para esta biografia, testemunha da aut\u00eantica e prof\u00e9tica vida do frade.<\/p>\n<p>O lan\u00e7amento foi na \u00e1rea externa do Santu\u00e1rio do Divino Esp\u00edrito Santo, em Vila Velha (ES), onde foram expostas cartas, escritos, livros e objetos pessoais do frade. Todos os objetos expressavam, de algum maneira, a trajet\u00f3ria do religioso, sua busca, sua prefer\u00eancia e miss\u00e3o. O que mais chamou a aten\u00e7\u00e3o das pessoas, dentro de um pacote transparente, foi uma velha e simples bolsa, ainda suja, usada por Frei M\u00e1rcio no Projeto Nosso Guri.<\/p>\n<p>&#8220;Frei M\u00e1rcio n\u00e3o andou longe de Jesus e de Francisco. Amava a todos. Servia a todos. Mas viveu a radicalidade da pobreza no meio das crian\u00e7as e adolescentes de rua. Desposou esta causa e a ela foi fiel a vida inteira. Viveu a alegria do servi\u00e7o aos pequenos mais necessitados. Saltou estruturas para viver a vida desestruturada das crian\u00e7as for\u00e7adas a aceitar a rua como casa e a droga como mata-fome. Sabia que a pobreza maior era o desamor. Por isso amava com paix\u00e3o os maltrapilhos da fome e da viol\u00eancia e do desprezo&#8221;, escreve Frei Clar\u00eancio Neotti na apresenta\u00e7\u00e3o.<\/p>\n<p>Frei Clar\u00eancio, o vig\u00e1rio paroquial do Santu\u00e1rio e incans\u00e1vel escritor, deu sua colabora\u00e7\u00e3o no projeto editorial de Alexsandra, revisando a obra e assessorando a autora. \u201cFrei M\u00e1rcio foi um homem coerente e sincero. Podemos\u00a0at\u00e9 discordar das muitas atividades audaciosas dele. Mas uma coisa temos que declarar: Frei M\u00e1rcio era coerente e sincero no pensar, no falar e no fazer\u201d, disse Frei Clar\u00eancio, agradecendou pela vida do confrade e a autora pela rapidez\u00a0e zelo na elabora\u00e7\u00e3o do livro. \u201cUm livro que nasceu com rapidez, mas foi &#8216;encharcado&#8217; de respeito\u201d, acrescentou. Frei Clar\u00eancio ainda agradeceu a m\u00e3e de Frei M\u00e1rcio e as irm\u00e3s &#8220;por nos terem entregue t\u00e3o grande homem e nos possibilitar\u00a0tamanho conv\u00edvio&#8221;.<\/p>\n<p><img loading=\"lazy\" src=\"http:\/\/franciscanos.org.br\/wp-content\/uploads\/2018\/05\/livro_300518_1.jpg\" alt=\"livro_300518_1\" width=\"830\" height=\"506\" \/><\/p>\n<p>Tomando a palavra, e muito emocionada, Alexsandra disse que \u201cuma noite \u00e9 pouco para dizer do mestre e pai&#8221;. &#8220;Frei M\u00e1rcio \u00e9 a concretude do pedido de Cristo aos seus para que cuidassem e acolhessem os que sofrem injusti\u00e7as e marginaliza\u00e7\u00e3o. Frei M\u00e1rcio amava os prediletos de Cristo&#8230; Frei M\u00e1rcio salvou vidas por onde passou\u201d, disse Alexsandra.<\/p>\n<p>Segundo Alexsandra, era ainda jovem quando recebeu\u00a0 fez o convite de Frei M\u00e1rcio para acompanh\u00e1-lo no trabalho com meninos de rua. &#8220;Eu estava sentada na igreja da minha comunidade S\u00e3o Francisco de Assis em Boa Vista, Soteco, e meus olhos se encheram de entusiasmo. L\u00e1 fui eu cheia de expectativas, mas sem imaginar que dali surgiria a mais bela e significativa amizade entre n\u00f3s dois e que aquele chamado para atuar com meninos de rua me levaria a definir meus rumos profissionais e acad\u00eamicos&#8221;, revela a autora, capixaba de Vila Velha (nasceu no dia 31\/10\/74).\u00a0Formada em Servi\u00e7o Social na UFES, Alexsandra tamb\u00e9m fez p\u00f3s-gradua\u00e7\u00e3o em Fam\u00edlia e mestrado em Pol\u00edtica Social. Como assistente social, j\u00e1 foi concursada do Poder Judici\u00e1rio do Estado, trabalhou nove anos no\u00a0Tribunal de Justi\u00e7a e, desde 2010, atua como assistente social na 1\u00aa Vara da Inf\u00e2ncia e Juventude de Cariacica.<\/p>\n<p>&#8220;Lembro-me bem que ap\u00f3s a missa de inaugura\u00e7\u00e3o do Projeto Nosso Guri (maio de 1993) na Comunidade Cristo Rei (a casa do Projeto ficava ao lado da igreja, no Bairro Divino Esp\u00edrito Santo e, fora cedida pelos Vicentinos), aproximei-me de Frei M\u00e1rio e disse que eu tinha acabado de me formar em magist\u00e9rio e queria dar aulas aos meninos. Ele disse: &#8216;pode vir amanh\u00e3 mesmo!&#8217; Fui, cheia de livros e joguinhos para dar aulas aos meninos. E claro que a atua\u00e7\u00e3o tomou uma propor\u00e7\u00e3o enorme para al\u00e9m das aulas, para uma viv\u00eancia pr\u00f3xima e afetiva de compromisso com os meninos, at\u00e9 do banho e dos piolhos n\u00f3s cuid\u00e1vamos e, para uma participa\u00e7\u00e3o na defesa dos direitos da crian\u00e7a e do adolescente&#8221;, recordou Alexsandra.<\/p>\n<p>A autora revelou tamb\u00e9m o sonho que tinha, assim como Frei M\u00e1rcio, em escrever sobre a realidade das crian\u00e7as no Brasil. Mas este sonho permaneceu no cora\u00e7\u00e3o de ambos. Alexsandra chamou todas as crian\u00e7as e disse: \u201cEsse era o grande amor de Frei M\u00e1rcio\u201d, disse. Na Miss\u00e3o em Angola, vendo o drama das crian\u00e7as \u00f3rf\u00e3s de guerra, Frei M\u00e1rcio criou o Projeto Nossos Mi\u00fados&#8221;, em atividade at\u00e9 hoje. A noite terminou com aut\u00f3grafos e fotos.<\/p>\n<p>Dentre tantos jovens que foram acolhidos e restaurados em sua dignidade, no ano de 1990, pelas m\u00e3os e minist\u00e9rio de Frei M\u00e1rcio, fez-se presente Emerson Pereira dos Santos, hoje com 34 anos. Casado, deu seu testemunho sobre o frade:<br \/>\n\u201cFrei M\u00e1rcio, com o seu olhar humano e com jeito brincalh\u00e3o, foi um verdadeiro pai, educando-me para a vida. Frei M\u00e1rcio \u00e9 a &#8216;melhor coisa&#8217; que me aconteceu na vida\u201d, disse Emerson, falando tamb\u00e9m em nome de seu irm\u00e3o, outro resgatado.<\/p>\n<p><img loading=\"lazy\" src=\"http:\/\/franciscanos.org.br\/wp-content\/uploads\/2018\/05\/livro_300518_3.jpg\" alt=\"livro_300518_3\" width=\"830\" height=\"506\" \/><\/p>\n<p><strong>Pascom do Santu\u00e1rio<\/strong><\/p>\n","protected":false},"excerpt":{"rendered":"<p>Vila Velha<\/p>\n","protected":false},"author":1,"featured_media":203507,"comment_status":"open","ping_status":"open","sticky":false,"template":"","format":"standard","meta":[],"categories":[1],"tags":[1180],"acf":[],"yoast_head":"<!-- This site is optimized with the Yoast SEO plugin v19.2 - https:\/\/yoast.com\/wordpress\/plugins\/seo\/ -->\n<title>Um ano depois de sua morte, Frei M\u00e1rcio Terra ganha biografia - Not\u00edcias - Franciscanos<\/title>\n<meta name=\"robots\" content=\"index, follow, max-snippet:-1, max-image-preview:large, max-video-preview:-1\" \/>\n<link rel=\"canonical\" href=\"https:\/\/franciscanos.org.br\/noticias\/frei-marcio-de-araujo-terra-o-outro-francisco-no-meio-dos-prediletos-de-deus.html\" \/>\n<meta property=\"og:locale\" content=\"pt_BR\" \/>\n<meta property=\"og:type\" content=\"article\" \/>\n<meta property=\"og:title\" content=\"Um ano depois de sua morte, Frei M\u00e1rcio Terra ganha biografia - Not\u00edcias - Franciscanos\" \/>\n<meta property=\"og:description\" content=\"Vila Velha\" \/>\n<meta property=\"og:url\" content=\"https:\/\/franciscanos.org.br\/noticias\/frei-marcio-de-araujo-terra-o-outro-francisco-no-meio-dos-prediletos-de-deus.html\" \/>\n<meta property=\"og:site_name\" content=\"Not\u00edcias - Franciscanos\" \/>\n<meta property=\"article:published_time\" content=\"2018-05-30T12:13:12+00:00\" \/>\n<meta property=\"article:modified_time\" content=\"2019-04-26T13:13:22+00:00\" \/>\n<meta property=\"og:image\" content=\"https:\/\/franciscanos.org.br\/noticias\/wp-content\/uploads\/2018\/05\/livro_300518-1.jpg\" \/>\n\t<meta property=\"og:image:width\" content=\"273\" \/>\n\t<meta property=\"og:image:height\" content=\"181\" \/>\n\t<meta property=\"og:image:type\" content=\"image\/jpeg\" \/>\n<meta name=\"author\" content=\"admin\" \/>\n<meta name=\"twitter:card\" content=\"summary_large_image\" \/>\n<meta name=\"twitter:label1\" content=\"Escrito por\" \/>\n\t<meta name=\"twitter:data1\" content=\"admin\" \/>\n\t<meta name=\"twitter:label2\" content=\"Est. tempo de leitura\" \/>\n\t<meta name=\"twitter:data2\" content=\"5 minutos\" \/>\n<script type=\"application\/ld+json\" class=\"yoast-schema-graph\">{\"@context\":\"https:\/\/schema.org\",\"@graph\":[{\"@type\":\"WebSite\",\"@id\":\"https:\/\/franciscanos.org.br\/noticias\/#website\",\"url\":\"https:\/\/franciscanos.org.br\/noticias\/\",\"name\":\"Not\u00edcias - Franciscanos\",\"description\":\"Prov\u00edncia Franciscana da Imaculada Concei\u00e7\u00e3o do Brasil - Ordem dos Frades Menores - OFM\",\"potentialAction\":[{\"@type\":\"SearchAction\",\"target\":{\"@type\":\"EntryPoint\",\"urlTemplate\":\"https:\/\/franciscanos.org.br\/noticias\/?s={search_term_string}\"},\"query-input\":\"required name=search_term_string\"}],\"inLanguage\":\"pt-BR\"},{\"@type\":\"ImageObject\",\"inLanguage\":\"pt-BR\",\"@id\":\"https:\/\/franciscanos.org.br\/noticias\/frei-marcio-de-araujo-terra-o-outro-francisco-no-meio-dos-prediletos-de-deus.html#primaryimage\",\"url\":\"https:\/\/franciscanos.org.br\/noticias\/wp-content\/uploads\/2018\/05\/livro_300518-1.jpg\",\"contentUrl\":\"https:\/\/franciscanos.org.br\/noticias\/wp-content\/uploads\/2018\/05\/livro_300518-1.jpg\",\"width\":273,\"height\":181},{\"@type\":\"WebPage\",\"@id\":\"https:\/\/franciscanos.org.br\/noticias\/frei-marcio-de-araujo-terra-o-outro-francisco-no-meio-dos-prediletos-de-deus.html#webpage\",\"url\":\"https:\/\/franciscanos.org.br\/noticias\/frei-marcio-de-araujo-terra-o-outro-francisco-no-meio-dos-prediletos-de-deus.html\",\"name\":\"Um ano depois de sua morte, Frei M\u00e1rcio Terra ganha biografia - Not\u00edcias - Franciscanos\",\"isPartOf\":{\"@id\":\"https:\/\/franciscanos.org.br\/noticias\/#website\"},\"primaryImageOfPage\":{\"@id\":\"https:\/\/franciscanos.org.br\/noticias\/frei-marcio-de-araujo-terra-o-outro-francisco-no-meio-dos-prediletos-de-deus.html#primaryimage\"},\"datePublished\":\"2018-05-30T12:13:12+00:00\",\"dateModified\":\"2019-04-26T13:13:22+00:00\",\"author\":{\"@id\":\"https:\/\/franciscanos.org.br\/noticias\/#\/schema\/person\/b38fbf43118f02820bd932f2e4b14ad3\"},\"breadcrumb\":{\"@id\":\"https:\/\/franciscanos.org.br\/noticias\/frei-marcio-de-araujo-terra-o-outro-francisco-no-meio-dos-prediletos-de-deus.html#breadcrumb\"},\"inLanguage\":\"pt-BR\",\"potentialAction\":[{\"@type\":\"ReadAction\",\"target\":[\"https:\/\/franciscanos.org.br\/noticias\/frei-marcio-de-araujo-terra-o-outro-francisco-no-meio-dos-prediletos-de-deus.html\"]}]},{\"@type\":\"BreadcrumbList\",\"@id\":\"https:\/\/franciscanos.org.br\/noticias\/frei-marcio-de-araujo-terra-o-outro-francisco-no-meio-dos-prediletos-de-deus.html#breadcrumb\",\"itemListElement\":[{\"@type\":\"ListItem\",\"position\":1,\"name\":\"Home\",\"item\":\"https:\/\/franciscanos.org.br\/noticias\"},{\"@type\":\"ListItem\",\"position\":2,\"name\":\"Um ano depois de sua morte, Frei M\u00e1rcio Terra ganha biografia\"}]},{\"@type\":\"Person\",\"@id\":\"https:\/\/franciscanos.org.br\/noticias\/#\/schema\/person\/b38fbf43118f02820bd932f2e4b14ad3\",\"name\":\"admin\",\"image\":{\"@type\":\"ImageObject\",\"inLanguage\":\"pt-BR\",\"@id\":\"https:\/\/franciscanos.org.br\/noticias\/#\/schema\/person\/image\/\",\"url\":\"https:\/\/secure.gravatar.com\/avatar\/e8495742d34d0ba6448ea1c628263b3e?s=96&d=mm&r=g\",\"contentUrl\":\"https:\/\/secure.gravatar.com\/avatar\/e8495742d34d0ba6448ea1c628263b3e?s=96&d=mm&r=g\",\"caption\":\"admin\"},\"url\":\"https:\/\/franciscanos.org.br\/noticias\/author\/admin\"}]}<\/script>\n<!-- \/ Yoast SEO plugin. -->","yoast_head_json":{"title":"Um ano depois de sua morte, Frei M\u00e1rcio Terra ganha biografia - Not\u00edcias - Franciscanos","robots":{"index":"index","follow":"follow","max-snippet":"max-snippet:-1","max-image-preview":"max-image-preview:large","max-video-preview":"max-video-preview:-1"},"canonical":"https:\/\/franciscanos.org.br\/noticias\/frei-marcio-de-araujo-terra-o-outro-francisco-no-meio-dos-prediletos-de-deus.html","og_locale":"pt_BR","og_type":"article","og_title":"Um ano depois de sua morte, Frei M\u00e1rcio Terra ganha biografia - Not\u00edcias - Franciscanos","og_description":"Vila Velha","og_url":"https:\/\/franciscanos.org.br\/noticias\/frei-marcio-de-araujo-terra-o-outro-francisco-no-meio-dos-prediletos-de-deus.html","og_site_name":"Not\u00edcias - Franciscanos","article_published_time":"2018-05-30T12:13:12+00:00","article_modified_time":"2019-04-26T13:13:22+00:00","og_image":[{"width":273,"height":181,"url":"https:\/\/franciscanos.org.br\/noticias\/wp-content\/uploads\/2018\/05\/livro_300518-1.jpg","type":"image\/jpeg"}],"author":"admin","twitter_card":"summary_large_image","twitter_misc":{"Escrito por":"admin","Est. tempo de leitura":"5 minutos"},"schema":{"@context":"https:\/\/schema.org","@graph":[{"@type":"WebSite","@id":"https:\/\/franciscanos.org.br\/noticias\/#website","url":"https:\/\/franciscanos.org.br\/noticias\/","name":"Not\u00edcias - Franciscanos","description":"Prov\u00edncia Franciscana da Imaculada Concei\u00e7\u00e3o do Brasil - Ordem dos Frades Menores - OFM","potentialAction":[{"@type":"SearchAction","target":{"@type":"EntryPoint","urlTemplate":"https:\/\/franciscanos.org.br\/noticias\/?s={search_term_string}"},"query-input":"required name=search_term_string"}],"inLanguage":"pt-BR"},{"@type":"ImageObject","inLanguage":"pt-BR","@id":"https:\/\/franciscanos.org.br\/noticias\/frei-marcio-de-araujo-terra-o-outro-francisco-no-meio-dos-prediletos-de-deus.html#primaryimage","url":"https:\/\/franciscanos.org.br\/noticias\/wp-content\/uploads\/2018\/05\/livro_300518-1.jpg","contentUrl":"https:\/\/franciscanos.org.br\/noticias\/wp-content\/uploads\/2018\/05\/livro_300518-1.jpg","width":273,"height":181},{"@type":"WebPage","@id":"https:\/\/franciscanos.org.br\/noticias\/frei-marcio-de-araujo-terra-o-outro-francisco-no-meio-dos-prediletos-de-deus.html#webpage","url":"https:\/\/franciscanos.org.br\/noticias\/frei-marcio-de-araujo-terra-o-outro-francisco-no-meio-dos-prediletos-de-deus.html","name":"Um ano depois de sua morte, Frei M\u00e1rcio Terra ganha biografia - Not\u00edcias - Franciscanos","isPartOf":{"@id":"https:\/\/franciscanos.org.br\/noticias\/#website"},"primaryImageOfPage":{"@id":"https:\/\/franciscanos.org.br\/noticias\/frei-marcio-de-araujo-terra-o-outro-francisco-no-meio-dos-prediletos-de-deus.html#primaryimage"},"datePublished":"2018-05-30T12:13:12+00:00","dateModified":"2019-04-26T13:13:22+00:00","author":{"@id":"https:\/\/franciscanos.org.br\/noticias\/#\/schema\/person\/b38fbf43118f02820bd932f2e4b14ad3"},"breadcrumb":{"@id":"https:\/\/franciscanos.org.br\/noticias\/frei-marcio-de-araujo-terra-o-outro-francisco-no-meio-dos-prediletos-de-deus.html#breadcrumb"},"inLanguage":"pt-BR","potentialAction":[{"@type":"ReadAction","target":["https:\/\/franciscanos.org.br\/noticias\/frei-marcio-de-araujo-terra-o-outro-francisco-no-meio-dos-prediletos-de-deus.html"]}]},{"@type":"BreadcrumbList","@id":"https:\/\/franciscanos.org.br\/noticias\/frei-marcio-de-araujo-terra-o-outro-francisco-no-meio-dos-prediletos-de-deus.html#breadcrumb","itemListElement":[{"@type":"ListItem","position":1,"name":"Home","item":"https:\/\/franciscanos.org.br\/noticias"},{"@type":"ListItem","position":2,"name":"Um ano depois de sua morte, Frei M\u00e1rcio Terra ganha biografia"}]},{"@type":"Person","@id":"https:\/\/franciscanos.org.br\/noticias\/#\/schema\/person\/b38fbf43118f02820bd932f2e4b14ad3","name":"admin","image":{"@type":"ImageObject","inLanguage":"pt-BR","@id":"https:\/\/franciscanos.org.br\/noticias\/#\/schema\/person\/image\/","url":"https:\/\/secure.gravatar.com\/avatar\/e8495742d34d0ba6448ea1c628263b3e?s=96&d=mm&r=g","contentUrl":"https:\/\/secure.gravatar.com\/avatar\/e8495742d34d0ba6448ea1c628263b3e?s=96&d=mm&r=g","caption":"admin"},"url":"https:\/\/franciscanos.org.br\/noticias\/author\/admin"}]}},"_links":{"self":[{"href":"https:\/\/franciscanos.org.br\/noticias\/wp-json\/wp\/v2\/posts\/160859"}],"collection":[{"href":"https:\/\/franciscanos.org.br\/noticias\/wp-json\/wp\/v2\/posts"}],"about":[{"href":"https:\/\/franciscanos.org.br\/noticias\/wp-json\/wp\/v2\/types\/post"}],"author":[{"embeddable":true,"href":"https:\/\/franciscanos.org.br\/noticias\/wp-json\/wp\/v2\/users\/1"}],"replies":[{"embeddable":true,"href":"https:\/\/franciscanos.org.br\/noticias\/wp-json\/wp\/v2\/comments?post=160859"}],"version-history":[{"count":0,"href":"https:\/\/franciscanos.org.br\/noticias\/wp-json\/wp\/v2\/posts\/160859\/revisions"}],"wp:featuredmedia":[{"embeddable":true,"href":"https:\/\/franciscanos.org.br\/noticias\/wp-json\/wp\/v2\/media\/203507"}],"wp:attachment":[{"href":"https:\/\/franciscanos.org.br\/noticias\/wp-json\/wp\/v2\/media?parent=160859"}],"wp:term":[{"taxonomy":"category","embeddable":true,"href":"https:\/\/franciscanos.org.br\/noticias\/wp-json\/wp\/v2\/categories?post=160859"},{"taxonomy":"post_tag","embeddable":true,"href":"https:\/\/franciscanos.org.br\/noticias\/wp-json\/wp\/v2\/tags?post=160859"}],"curies":[{"name":"wp","href":"https:\/\/api.w.org\/{rel}","templated":true}]}}