{"id":160824,"date":"2018-05-30T07:35:15","date_gmt":"2018-05-30T10:35:15","guid":{"rendered":"http:\/\/franciscanos.org.br\/?p=160824"},"modified":"2020-06-07T15:05:00","modified_gmt":"2020-06-07T18:05:00","slug":"crisma-e-a-marca-indelevel-que-nos-une-a-cristo","status":"publish","type":"post","link":"https:\/\/franciscanos.org.br\/noticias\/crisma-e-a-marca-indelevel-que-nos-une-a-cristo.html","title":{"rendered":"Crisma \u00e9 a marca indel\u00e9vel que nos une a Cristo"},"content":{"rendered":"<p><img loading=\"lazy\" src=\"http:\/\/franciscanos.org.br\/wp-content\/uploads\/2018\/05\/audiencia_300518_1.jpg\" alt=\"audiencia_300518_1\" width=\"820\" height=\"420\" \/><\/p>\n<p><strong>Cidade do Vaticano<\/strong> &#8211; Milhares de fi\u00e9is e peregrinos participaram na manh\u00e3 de quarta-feira (30\/05) da Audi\u00eancia Geral na Pra\u00e7a S\u00e3o Pedro. O Papa prosseguiu sua s\u00e9rie de catequeses sobre a Crisma, falando desta vez do selo do Esp\u00edrito.<\/p>\n<p>Antes de receber a un\u00e7\u00e3o espiritual que confirma e refor\u00e7a a gra\u00e7a do Batismo, explicou Francisco, o crismando \u00e9 chamado a renovar as promessas que um dia foram feitas em seu nome pelos respectivos pais e padrinhos. Agora, \u00e9 o pr\u00f3prio fiel a professar a f\u00e9 da Igreja, pronto a responder \u00abcreio\u00bb \u00e0s perguntas que lhe faz o Bispo, em particular que est\u00e1 disposto a crer \u00abno Esp\u00edrito Santo.<\/p>\n<p>\u201cO \u00fanico Esp\u00edrito distribui os m\u00faltiplos dons que enriquecem a \u00fanica Igreja: \u00e9 Autor da diversidade, mas ao mesmo tempo o Criador da unidade\u201d, recordou o Papa.<\/p>\n<p><strong>\u00d3leo do crisma<\/strong><\/p>\n<p>O sacramento da Confirma\u00e7\u00e3o ou Crisma realiza-se com a imposi\u00e7\u00e3o das m\u00e3os do Bispo sobre os crismandos, enquanto suplica ao Pai do C\u00e9u que infunda neles o Esp\u00edrito Par\u00e1clito. A este gesto b\u00edblico, para melhor expressar a efus\u00e3o do Esp\u00edrito, logo se acrescentou a un\u00e7\u00e3o do \u00f3leo perfumado, chamado crisma, que \u00e9 usado ainda hoje seja no Oriente, seja no Ocidente.<\/p>\n<p><img loading=\"lazy\" src=\"http:\/\/franciscanos.org.br\/wp-content\/uploads\/2018\/05\/audiencia_300518_2.jpg\" alt=\"audiencia_300518_2\" width=\"820\" height=\"545\" \/><\/p>\n<p>O \u00f3leo, acrescentou Francisco, \u00e9 subst\u00e2ncia terap\u00eautica e cosm\u00e9tica, que entra nos tecidos do corpo, cura as feridas e perfuma os membros. Depois da imposi\u00e7\u00e3o das m\u00e3os, a fronte de cada um \u00e9 ungida seguida destas palavras: \u00abRecebe, por este sinal, o Esp\u00edrito Santo, o dom de Deus\u00bb.<\/p>\n<p>\u201cO Esp\u00edrito Santo \u00e9 o dom invis\u00edvel recebido, e a crisma \u00e9 a marca, o selo vis\u00edvel\u201d. Assim, ao receber na fronte o sinal da cruz com o \u00f3leo perfumado do crisma, o crismando recebe uma marca espiritual indel\u00e9vel, o \u00abcar\u00e1ter\u00bb, que o configura mais perfeitamente a Cristo e lhe d\u00e1 a gra\u00e7a de espargir entre os homens o bom perfume de Cristo.<\/p>\n<p>\u201cO Esp\u00edrito \u00e9 um dom imerecido\u201d, concluiu Francisco, a ser acolhido com gratid\u00e3o, fazendo espa\u00e7o \u00e0 sua criatividade inesgot\u00e1vel. \u201c\u00c9 um dom a ser protegido com cuidado e respeitado com docilidade, deixando-se plasmar, como cera, pela sua caridade ardente, para refletir Jesus Cristo no mundo de hoje\u201d.<\/p>\n<p><strong>Coreias<\/strong><br \/>\nDurante as sauda\u00e7\u00f5es em v\u00e1rias l\u00ednguas, houve a apresenta\u00e7\u00e3o de atletas coreanos de taekwondo, que sob as notas da Ave Maria de Schubert simbolizavam a uni\u00e3o dos dois pa\u00edses.<\/p>\n<p><strong>M\u00eas mariano<\/strong><br \/>\nFrancisco recordou tamb\u00e9m que amanh\u00e3 conclu\u00edmos o m\u00eas mariano. \u201cQue a M\u00e3e de Deus seja o ref\u00fagio nos momentos felizes, assim como nos momentos mais dif\u00edceis, e seja a guia de suas fam\u00edlias, para que se tornem um lar de ora\u00e7\u00e3o, de rec\u00edproca compreens\u00e3o e de dom.\u201d<\/p>\n<p><strong>PAPA CELEBRA CORPUS CHRISTI NO DOMINGO EM OSTIA<\/strong><\/p>\n<p>No domingo, 3 de junho, Solenidade do Corpo e Sangue de Cristo, o Papa Francisco ir\u00e1 \u00e0 localidade de Ostia, pr\u00f3ximo a Roma, onde \u00e0s 18 ir\u00e1 presidir a Missa na pra\u00e7a em frente \u00e0 par\u00f3quia de Santa Monica (pra\u00e7a hom\u00f4nima), seguida de prociss\u00e3o com o Sant\u00edssimo Sacramento. O <em>Vatican News<\/em> transmitir\u00e1 a Missa e a Prociss\u00e3o, com coment\u00e1rios em portugu\u00eas, a partir das 12h55, hor\u00e1rio de Bras\u00edlia.<\/p>\n<p>Ir\u00e3o concelebrar o arcebispo Angelo de Donati, vig\u00e1rio do Papa para a Diocese de Roma, os bispos auxiliares e os sacerdotes das par\u00f3quias de Ostia, com um bilhete especial emitido pelo Departamento das Celebra\u00e7\u00f5es Lit\u00fargicas do Sumo Pont\u00edfice. N\u00e3o est\u00e1 prevista a concelebra\u00e7\u00e3o para os outros sacerdotes.<\/p>\n<p>Por mais de quarenta anos, Corpus Christi foi celebrado em S\u00e3o Jo\u00e3o de Latr\u00e3o: &#8220;Quebra-se uma tradi\u00e7\u00e3o, mas se d\u00e1 in\u00edcio a outra &#8211; sublinha o bispo do setor sul, que faz parte de Ostia, Dom Paolo Lojudice, recordando que &#8211; \u201cat\u00e9 1978, com Paulo VI, vi a celebra\u00e7\u00e3o do <em>Corpus Domini<\/em> em v\u00e1rias e diferentes \u00e1reas da cidade\u201d.<\/p>\n<p>\u201cEm 1968, o pr\u00f3prio Papa Montini celebrou o Corpus Christi em Ostia. Creio que faz parte da l\u00f3gica pastoral do Papa Francisco, no seu \u201cmagist\u00e9rio dos sinais&#8221;, que quer levar a Igreja para fora, pelas ruas, \u00e0s periferias, na proximidade dos ambientes e as situa\u00e7\u00f5es mais delicadas&#8221;.<\/p>\n<p>E ainda: &#8220;O pr\u00f3ximo domingo \u00e9 uma grande oportunidade para todo o distrito &#8211; acrescenta o prelado &#8211; n\u00e3o \u00e9 uma visita a uma par\u00f3quia, mas a uma comunidade inteira&#8221;. Os n\u00fameros confirmam isso: participar\u00e3o cerca de 850 crian\u00e7as da Comunh\u00e3o, \u00e0s quais foi pedido para usar a cl\u00e1ssica t\u00fanica branca; 150 os meninos dos orat\u00f3rios, que ser\u00e3o identificados por uma camiseta amarela; 350 jovens da Crisma, com camiseta vermelha.<\/p>\n<hr \/>\n<p><em>Fonte: Vatican News<\/em><\/p>\n","protected":false},"excerpt":{"rendered":"<p>Audi\u00eancia Geral<\/p>\n","protected":false},"author":1,"featured_media":202274,"comment_status":"open","ping_status":"open","sticky":false,"template":"","format":"standard","meta":[],"categories":[1428],"tags":[487],"acf":[],"yoast_head":"<!-- This site is optimized with the Yoast SEO plugin v19.2 - https:\/\/yoast.com\/wordpress\/plugins\/seo\/ -->\n<title>Crisma \u00e9 a marca indel\u00e9vel que nos une a Cristo - Not\u00edcias - Franciscanos<\/title>\n<meta name=\"robots\" content=\"index, follow, max-snippet:-1, max-image-preview:large, max-video-preview:-1\" \/>\n<link rel=\"canonical\" href=\"https:\/\/franciscanos.org.br\/noticias\/crisma-e-a-marca-indelevel-que-nos-une-a-cristo.html\" \/>\n<meta property=\"og:locale\" content=\"pt_BR\" \/>\n<meta property=\"og:type\" content=\"article\" \/>\n<meta property=\"og:title\" content=\"Crisma \u00e9 a marca indel\u00e9vel que nos une a Cristo - Not\u00edcias - Franciscanos\" \/>\n<meta property=\"og:description\" content=\"Audi\u00eancia Geral\" \/>\n<meta property=\"og:url\" content=\"https:\/\/franciscanos.org.br\/noticias\/crisma-e-a-marca-indelevel-que-nos-une-a-cristo.html\" \/>\n<meta property=\"og:site_name\" content=\"Not\u00edcias - Franciscanos\" \/>\n<meta property=\"article:published_time\" content=\"2018-05-30T10:35:15+00:00\" \/>\n<meta property=\"article:modified_time\" content=\"2020-06-07T18:05:00+00:00\" \/>\n<meta property=\"og:image\" content=\"https:\/\/franciscanos.org.br\/noticias\/wp-content\/uploads\/2018\/05\/audiencia_300518_1.jpg\" \/>\n\t<meta property=\"og:image:width\" content=\"273\" \/>\n\t<meta property=\"og:image:height\" content=\"181\" \/>\n\t<meta property=\"og:image:type\" content=\"image\/jpeg\" \/>\n<meta name=\"author\" content=\"admin\" \/>\n<meta name=\"twitter:card\" content=\"summary_large_image\" \/>\n<meta name=\"twitter:label1\" content=\"Escrito por\" \/>\n\t<meta name=\"twitter:data1\" content=\"admin\" \/>\n\t<meta name=\"twitter:label2\" content=\"Est. tempo de leitura\" \/>\n\t<meta name=\"twitter:data2\" content=\"4 minutos\" \/>\n<script type=\"application\/ld+json\" class=\"yoast-schema-graph\">{\"@context\":\"https:\/\/schema.org\",\"@graph\":[{\"@type\":\"WebSite\",\"@id\":\"https:\/\/franciscanos.org.br\/noticias\/#website\",\"url\":\"https:\/\/franciscanos.org.br\/noticias\/\",\"name\":\"Not\u00edcias - Franciscanos\",\"description\":\"Prov\u00edncia Franciscana da Imaculada Concei\u00e7\u00e3o do Brasil - Ordem dos Frades Menores - OFM\",\"potentialAction\":[{\"@type\":\"SearchAction\",\"target\":{\"@type\":\"EntryPoint\",\"urlTemplate\":\"https:\/\/franciscanos.org.br\/noticias\/?s={search_term_string}\"},\"query-input\":\"required name=search_term_string\"}],\"inLanguage\":\"pt-BR\"},{\"@type\":\"ImageObject\",\"inLanguage\":\"pt-BR\",\"@id\":\"https:\/\/franciscanos.org.br\/noticias\/crisma-e-a-marca-indelevel-que-nos-une-a-cristo.html#primaryimage\",\"url\":\"https:\/\/franciscanos.org.br\/noticias\/wp-content\/uploads\/2018\/05\/audiencia_300518_1.jpg\",\"contentUrl\":\"https:\/\/franciscanos.org.br\/noticias\/wp-content\/uploads\/2018\/05\/audiencia_300518_1.jpg\",\"width\":273,\"height\":181},{\"@type\":\"WebPage\",\"@id\":\"https:\/\/franciscanos.org.br\/noticias\/crisma-e-a-marca-indelevel-que-nos-une-a-cristo.html#webpage\",\"url\":\"https:\/\/franciscanos.org.br\/noticias\/crisma-e-a-marca-indelevel-que-nos-une-a-cristo.html\",\"name\":\"Crisma \u00e9 a marca indel\u00e9vel que nos une a Cristo - Not\u00edcias - Franciscanos\",\"isPartOf\":{\"@id\":\"https:\/\/franciscanos.org.br\/noticias\/#website\"},\"primaryImageOfPage\":{\"@id\":\"https:\/\/franciscanos.org.br\/noticias\/crisma-e-a-marca-indelevel-que-nos-une-a-cristo.html#primaryimage\"},\"datePublished\":\"2018-05-30T10:35:15+00:00\",\"dateModified\":\"2020-06-07T18:05:00+00:00\",\"author\":{\"@id\":\"https:\/\/franciscanos.org.br\/noticias\/#\/schema\/person\/b38fbf43118f02820bd932f2e4b14ad3\"},\"breadcrumb\":{\"@id\":\"https:\/\/franciscanos.org.br\/noticias\/crisma-e-a-marca-indelevel-que-nos-une-a-cristo.html#breadcrumb\"},\"inLanguage\":\"pt-BR\",\"potentialAction\":[{\"@type\":\"ReadAction\",\"target\":[\"https:\/\/franciscanos.org.br\/noticias\/crisma-e-a-marca-indelevel-que-nos-une-a-cristo.html\"]}]},{\"@type\":\"BreadcrumbList\",\"@id\":\"https:\/\/franciscanos.org.br\/noticias\/crisma-e-a-marca-indelevel-que-nos-une-a-cristo.html#breadcrumb\",\"itemListElement\":[{\"@type\":\"ListItem\",\"position\":1,\"name\":\"Home\",\"item\":\"https:\/\/franciscanos.org.br\/noticias\"},{\"@type\":\"ListItem\",\"position\":2,\"name\":\"Crisma \u00e9 a marca indel\u00e9vel que nos une a Cristo\"}]},{\"@type\":\"Person\",\"@id\":\"https:\/\/franciscanos.org.br\/noticias\/#\/schema\/person\/b38fbf43118f02820bd932f2e4b14ad3\",\"name\":\"admin\",\"image\":{\"@type\":\"ImageObject\",\"inLanguage\":\"pt-BR\",\"@id\":\"https:\/\/franciscanos.org.br\/noticias\/#\/schema\/person\/image\/\",\"url\":\"https:\/\/secure.gravatar.com\/avatar\/e8495742d34d0ba6448ea1c628263b3e?s=96&d=mm&r=g\",\"contentUrl\":\"https:\/\/secure.gravatar.com\/avatar\/e8495742d34d0ba6448ea1c628263b3e?s=96&d=mm&r=g\",\"caption\":\"admin\"},\"url\":\"https:\/\/franciscanos.org.br\/noticias\/author\/admin\"}]}<\/script>\n<!-- \/ Yoast SEO plugin. -->","yoast_head_json":{"title":"Crisma \u00e9 a marca indel\u00e9vel que nos une a Cristo - Not\u00edcias - Franciscanos","robots":{"index":"index","follow":"follow","max-snippet":"max-snippet:-1","max-image-preview":"max-image-preview:large","max-video-preview":"max-video-preview:-1"},"canonical":"https:\/\/franciscanos.org.br\/noticias\/crisma-e-a-marca-indelevel-que-nos-une-a-cristo.html","og_locale":"pt_BR","og_type":"article","og_title":"Crisma \u00e9 a marca indel\u00e9vel que nos une a Cristo - Not\u00edcias - Franciscanos","og_description":"Audi\u00eancia Geral","og_url":"https:\/\/franciscanos.org.br\/noticias\/crisma-e-a-marca-indelevel-que-nos-une-a-cristo.html","og_site_name":"Not\u00edcias - Franciscanos","article_published_time":"2018-05-30T10:35:15+00:00","article_modified_time":"2020-06-07T18:05:00+00:00","og_image":[{"width":273,"height":181,"url":"https:\/\/franciscanos.org.br\/noticias\/wp-content\/uploads\/2018\/05\/audiencia_300518_1.jpg","type":"image\/jpeg"}],"author":"admin","twitter_card":"summary_large_image","twitter_misc":{"Escrito por":"admin","Est. tempo de leitura":"4 minutos"},"schema":{"@context":"https:\/\/schema.org","@graph":[{"@type":"WebSite","@id":"https:\/\/franciscanos.org.br\/noticias\/#website","url":"https:\/\/franciscanos.org.br\/noticias\/","name":"Not\u00edcias - Franciscanos","description":"Prov\u00edncia Franciscana da Imaculada Concei\u00e7\u00e3o do Brasil - Ordem dos Frades Menores - OFM","potentialAction":[{"@type":"SearchAction","target":{"@type":"EntryPoint","urlTemplate":"https:\/\/franciscanos.org.br\/noticias\/?s={search_term_string}"},"query-input":"required name=search_term_string"}],"inLanguage":"pt-BR"},{"@type":"ImageObject","inLanguage":"pt-BR","@id":"https:\/\/franciscanos.org.br\/noticias\/crisma-e-a-marca-indelevel-que-nos-une-a-cristo.html#primaryimage","url":"https:\/\/franciscanos.org.br\/noticias\/wp-content\/uploads\/2018\/05\/audiencia_300518_1.jpg","contentUrl":"https:\/\/franciscanos.org.br\/noticias\/wp-content\/uploads\/2018\/05\/audiencia_300518_1.jpg","width":273,"height":181},{"@type":"WebPage","@id":"https:\/\/franciscanos.org.br\/noticias\/crisma-e-a-marca-indelevel-que-nos-une-a-cristo.html#webpage","url":"https:\/\/franciscanos.org.br\/noticias\/crisma-e-a-marca-indelevel-que-nos-une-a-cristo.html","name":"Crisma \u00e9 a marca indel\u00e9vel que nos une a Cristo - Not\u00edcias - Franciscanos","isPartOf":{"@id":"https:\/\/franciscanos.org.br\/noticias\/#website"},"primaryImageOfPage":{"@id":"https:\/\/franciscanos.org.br\/noticias\/crisma-e-a-marca-indelevel-que-nos-une-a-cristo.html#primaryimage"},"datePublished":"2018-05-30T10:35:15+00:00","dateModified":"2020-06-07T18:05:00+00:00","author":{"@id":"https:\/\/franciscanos.org.br\/noticias\/#\/schema\/person\/b38fbf43118f02820bd932f2e4b14ad3"},"breadcrumb":{"@id":"https:\/\/franciscanos.org.br\/noticias\/crisma-e-a-marca-indelevel-que-nos-une-a-cristo.html#breadcrumb"},"inLanguage":"pt-BR","potentialAction":[{"@type":"ReadAction","target":["https:\/\/franciscanos.org.br\/noticias\/crisma-e-a-marca-indelevel-que-nos-une-a-cristo.html"]}]},{"@type":"BreadcrumbList","@id":"https:\/\/franciscanos.org.br\/noticias\/crisma-e-a-marca-indelevel-que-nos-une-a-cristo.html#breadcrumb","itemListElement":[{"@type":"ListItem","position":1,"name":"Home","item":"https:\/\/franciscanos.org.br\/noticias"},{"@type":"ListItem","position":2,"name":"Crisma \u00e9 a marca indel\u00e9vel que nos une a Cristo"}]},{"@type":"Person","@id":"https:\/\/franciscanos.org.br\/noticias\/#\/schema\/person\/b38fbf43118f02820bd932f2e4b14ad3","name":"admin","image":{"@type":"ImageObject","inLanguage":"pt-BR","@id":"https:\/\/franciscanos.org.br\/noticias\/#\/schema\/person\/image\/","url":"https:\/\/secure.gravatar.com\/avatar\/e8495742d34d0ba6448ea1c628263b3e?s=96&d=mm&r=g","contentUrl":"https:\/\/secure.gravatar.com\/avatar\/e8495742d34d0ba6448ea1c628263b3e?s=96&d=mm&r=g","caption":"admin"},"url":"https:\/\/franciscanos.org.br\/noticias\/author\/admin"}]}},"_links":{"self":[{"href":"https:\/\/franciscanos.org.br\/noticias\/wp-json\/wp\/v2\/posts\/160824"}],"collection":[{"href":"https:\/\/franciscanos.org.br\/noticias\/wp-json\/wp\/v2\/posts"}],"about":[{"href":"https:\/\/franciscanos.org.br\/noticias\/wp-json\/wp\/v2\/types\/post"}],"author":[{"embeddable":true,"href":"https:\/\/franciscanos.org.br\/noticias\/wp-json\/wp\/v2\/users\/1"}],"replies":[{"embeddable":true,"href":"https:\/\/franciscanos.org.br\/noticias\/wp-json\/wp\/v2\/comments?post=160824"}],"version-history":[{"count":2,"href":"https:\/\/franciscanos.org.br\/noticias\/wp-json\/wp\/v2\/posts\/160824\/revisions"}],"predecessor-version":[{"id":224962,"href":"https:\/\/franciscanos.org.br\/noticias\/wp-json\/wp\/v2\/posts\/160824\/revisions\/224962"}],"wp:featuredmedia":[{"embeddable":true,"href":"https:\/\/franciscanos.org.br\/noticias\/wp-json\/wp\/v2\/media\/202274"}],"wp:attachment":[{"href":"https:\/\/franciscanos.org.br\/noticias\/wp-json\/wp\/v2\/media?parent=160824"}],"wp:term":[{"taxonomy":"category","embeddable":true,"href":"https:\/\/franciscanos.org.br\/noticias\/wp-json\/wp\/v2\/categories?post=160824"},{"taxonomy":"post_tag","embeddable":true,"href":"https:\/\/franciscanos.org.br\/noticias\/wp-json\/wp\/v2\/tags?post=160824"}],"curies":[{"name":"wp","href":"https:\/\/api.w.org\/{rel}","templated":true}]}}