{"id":160543,"date":"2018-05-29T07:42:46","date_gmt":"2018-05-29T10:42:46","guid":{"rendered":"http:\/\/franciscanos.org.br\/?p=160543"},"modified":"2020-06-07T15:05:49","modified_gmt":"2020-06-07T18:05:49","slug":"ser-santo-nao-e-ter-cara-de-santinho-diz-papa","status":"publish","type":"post","link":"https:\/\/franciscanos.org.br\/noticias\/ser-santo-nao-e-ter-cara-de-santinho-diz-papa.html","title":{"rendered":"&#8220;Ser santo n\u00e3o \u00e9 ter cara de santinho&#8221;, diz Papa Francisco"},"content":{"rendered":"<p><img loading=\"lazy\" src=\"http:\/\/franciscanos.org.br\/wp-content\/uploads\/2018\/05\/marta_290518.jpg\" alt=\"marta_290518\" width=\"820\" height=\"461\" \/><\/p>\n<p><strong>Cidade do Vaticano<\/strong> &#8211; Nos momentos de prova\u00e7\u00e3o n\u00e3o voltar aos esquemas do mundo, que tiram a liberdade. \u00c9 preciso, pelo contr\u00e1rio, permanecer no caminho para a santidade. Foi o que afirmou o Papa Francisco na Missa celebrada na manh\u00e3 desta ter\u00e7a-feira (29\/05) na Casa Santa Marta, inspirando-se na primeira leitura (1Pd 1,10-16) do dia, na qual Pedro exorta a caminhar para a santidade: &#8220;E o chamado \u00e0 santidade, que \u00e9 o chamado normal, \u00e9 o chamado a viver como crist\u00e3o, isto \u00e9, viver como crist\u00e3o \u00e9 o mesmo que dizer &#8216;viver como santo&#8217;. Tantas vezes n\u00f3s pensamos na santidade como algo extraordin\u00e1rio, como ter vis\u00f5es ou ora\u00e7\u00f5es elevad\u00edssimas\u2026 ou alguns pensam que ser santo significa ter uma cara de santinho. N\u00e3o! Ser santos \u00e9 outra coisa. \u00c9 caminhar no que o Senhor nos diz sobre a santidade. E, o que \u00e9 caminhar na santidade? E Pedro diz: &#8216;Ponde toda a vossa esperan\u00e7a na gra\u00e7a que vos ser\u00e1 oferecida na revela\u00e7\u00e3o de Jesus Cristo&#8217;.&#8221;<\/p>\n<p>\u201cCaminhar para a santidade\u201d consiste, portanto, no caminhar para aquela gra\u00e7a que vem ao encontro, caminhar para a esperan\u00e7a, estar em tens\u00e3o rumo ao encontro com Jesus Cristo.\u00a0\u00c9 como quando se caminha em dire\u00e7\u00e3o \u00e0 luz: tantas vezes n\u00e3o se v\u00ea bem o caminho porque a luz nos ofusca. \u201cMas n\u00e3o erramos \u2013 observa o Papa \u2013 porque vemos a luz e conhecemos o caminho\u201d.<\/p>\n<p>Quando, ao inv\u00e9s disso, se caminha com a luz nas costas, se v\u00ea bem a estrada, mas na realidade, por\u00e9m, diante de n\u00f3s existe a sombra, n\u00e3o luz.<\/p>\n<p><strong>SER LIVRE<\/strong><\/p>\n<p>Para caminhar para a santidade, depois, \u00e9 necess\u00e1rio \u201cser livres e sentir-se livres\u201d. O Papa adverte por\u00e9m que existem tantas coisas que escravizam. Por isso, Pedro exorta a n\u00e3o conformar-se aos desejos \u201cdo tempo da vossa ignor\u00e2ncia.\u201d Tamb\u00e9m Paulo na Primeira leitura aos Romanos diz: \u201cn\u00e3o conformai-vos\u201d, que significa \u201cn\u00e3o entrem nos esquemas\u201d: \u201cEsta \u00e9 a tradu\u00e7\u00e3o correta destes conselhos &#8211; n\u00e3o entrem nos esquemas do mundo, n\u00e3o entrem nos esquemas, no modo de pensar mundano, no modo de pensar e de julgar que o mundo oferece a voc\u00ea, porque isso tira sua liberdade&#8221;. E para andar na santidade, devemos ser livres: a liberdade de andar olhando a luz, de seguir em frente. E quando voltamos, como diz aqui, ao modo de viver que t\u00ednhamos antes do encontro com Jesus Cristo ou quando n\u00f3s voltamos aos padr\u00f5es do mundo, perdemos a liberdade.<\/p>\n<p>No livro do \u00caxodo vemos, de fato, como tantas vezes o povo de Deus n\u00e3o quis olhar para frente, para a salva\u00e7\u00e3o, mas voltar atr\u00e1s. Lamentavam-se e &#8220;imaginavam a bela vida que passavam no Egito&#8221;, onde comiam cebolas e carne, destaca Francisco.<\/p>\n<p><strong>N\u00c3O OLHAR PARA TR\u00c1S<\/strong><\/p>\n<p>&#8220;Nos momentos de dificuldade, o povo volta atr\u00e1s&#8221;, &#8220;perde a liberdade&#8221;: \u00e9 verdade que comiam coisas boas, mas na &#8220;mesa da escravid\u00e3o&#8221;: &#8220;Nos momentos de prova\u00e7\u00e3o, sempre temos a tenta\u00e7\u00e3o de olhar para tr\u00e1s, de olhar para os esquemas do mundo, para os padr\u00f5es que t\u00ednhamos antes de iniciar o caminho da salva\u00e7\u00e3o: sem liberdade. E sem liberdade n\u00e3o se pode ser santos. A liberdade \u00e9 a condi\u00e7\u00e3o para poder caminhar olhando a luz \u00e0 frente. N\u00e3o entrar nos esquemas da mundanidade: caminhar em frente, olhando para a luz que \u00e9 a promessa, na esperan\u00e7a; essa \u00e9 a promessa como o povo de Deus no deserto: quando olhavam para frente, iam bem; quando vinha a nostalgia porque n\u00e3o podiam comer as coisas boas que lhes davam l\u00e1, erravam e esqueciam que l\u00e1 n\u00e3o tinham liberdade&#8221;.<\/p>\n<p>O Senhor, portanto, chama \u00e0 santidade de todos os dias. E h\u00e1 dois par\u00e2metros para saber se estamos no caminho para a santidade: antes de tudo, se olhamos para a luz do Senhor na esperan\u00e7a de encontr\u00e1-lo e, depois se, quando chegam as prova\u00e7\u00f5es, olhamos em frente e n\u00e3o perdemos a liberdade, refugiando-nos nos esquemas mundanos que &#8220;prometem tudo e n\u00e3o te d\u00e3o nada&#8221;.<\/p>\n<p>&#8220;Sejam santos porque eu sou santo&#8221; \u00e9 o mandamento do Senhor. Francisco recorda isso ao concluir, exortando a pedir a gra\u00e7a de entender bem o que \u00e9 o caminho da santidade: &#8220;Um caminho de liberdade, mas em tens\u00e3o de esperan\u00e7a rumo ao encontro com Jesus&#8221;. E entender bem tamb\u00e9m o que \u00e9 ir em dire\u00e7\u00e3o aos &#8220;esquemas mundanos que todos n\u00f3s t\u00ednhamos antes do encontro com Jesus&#8221;.<\/p>\n<hr \/>\n<p><em>Fonte: Vatican News<\/em><\/p>\n","protected":false},"excerpt":{"rendered":"<p>Missa em Santa Marta <\/p>\n","protected":false},"author":1,"featured_media":221186,"comment_status":"open","ping_status":"open","sticky":false,"template":"","format":"standard","meta":[],"categories":[1428],"tags":[1586],"acf":[],"yoast_head":"<!-- This site is optimized with the Yoast SEO plugin v19.2 - https:\/\/yoast.com\/wordpress\/plugins\/seo\/ -->\n<title>&quot;Ser santo n\u00e3o \u00e9 ter cara de santinho&quot;, diz Papa Francisco - Not\u00edcias - Franciscanos<\/title>\n<meta name=\"robots\" content=\"index, follow, max-snippet:-1, max-image-preview:large, max-video-preview:-1\" \/>\n<link rel=\"canonical\" href=\"https:\/\/franciscanos.org.br\/noticias\/ser-santo-nao-e-ter-cara-de-santinho-diz-papa.html\" \/>\n<meta property=\"og:locale\" content=\"pt_BR\" \/>\n<meta property=\"og:type\" content=\"article\" \/>\n<meta property=\"og:title\" content=\"&quot;Ser santo n\u00e3o \u00e9 ter cara de santinho&quot;, diz Papa Francisco - Not\u00edcias - Franciscanos\" \/>\n<meta property=\"og:description\" content=\"Missa em Santa Marta\" \/>\n<meta property=\"og:url\" content=\"https:\/\/franciscanos.org.br\/noticias\/ser-santo-nao-e-ter-cara-de-santinho-diz-papa.html\" \/>\n<meta property=\"og:site_name\" content=\"Not\u00edcias - Franciscanos\" \/>\n<meta property=\"article:published_time\" content=\"2018-05-29T10:42:46+00:00\" \/>\n<meta property=\"article:modified_time\" content=\"2020-06-07T18:05:49+00:00\" \/>\n<meta property=\"og:image\" content=\"https:\/\/franciscanos.org.br\/noticias\/wp-content\/uploads\/2018\/05\/marta_290518.jpg\" \/>\n\t<meta property=\"og:image:width\" content=\"273\" \/>\n\t<meta property=\"og:image:height\" content=\"181\" \/>\n\t<meta property=\"og:image:type\" content=\"image\/jpeg\" \/>\n<meta name=\"author\" content=\"admin\" \/>\n<meta name=\"twitter:card\" content=\"summary_large_image\" \/>\n<meta name=\"twitter:label1\" content=\"Escrito por\" \/>\n\t<meta name=\"twitter:data1\" content=\"admin\" \/>\n\t<meta name=\"twitter:label2\" content=\"Est. tempo de leitura\" \/>\n\t<meta name=\"twitter:data2\" content=\"4 minutos\" \/>\n<script type=\"application\/ld+json\" class=\"yoast-schema-graph\">{\"@context\":\"https:\/\/schema.org\",\"@graph\":[{\"@type\":\"WebSite\",\"@id\":\"https:\/\/franciscanos.org.br\/noticias\/#website\",\"url\":\"https:\/\/franciscanos.org.br\/noticias\/\",\"name\":\"Not\u00edcias - Franciscanos\",\"description\":\"Prov\u00edncia Franciscana da Imaculada Concei\u00e7\u00e3o do Brasil - Ordem dos Frades Menores - OFM\",\"potentialAction\":[{\"@type\":\"SearchAction\",\"target\":{\"@type\":\"EntryPoint\",\"urlTemplate\":\"https:\/\/franciscanos.org.br\/noticias\/?s={search_term_string}\"},\"query-input\":\"required name=search_term_string\"}],\"inLanguage\":\"pt-BR\"},{\"@type\":\"ImageObject\",\"inLanguage\":\"pt-BR\",\"@id\":\"https:\/\/franciscanos.org.br\/noticias\/ser-santo-nao-e-ter-cara-de-santinho-diz-papa.html#primaryimage\",\"url\":\"https:\/\/franciscanos.org.br\/noticias\/wp-content\/uploads\/2018\/05\/marta_290518.jpg\",\"contentUrl\":\"https:\/\/franciscanos.org.br\/noticias\/wp-content\/uploads\/2018\/05\/marta_290518.jpg\",\"width\":273,\"height\":181},{\"@type\":\"WebPage\",\"@id\":\"https:\/\/franciscanos.org.br\/noticias\/ser-santo-nao-e-ter-cara-de-santinho-diz-papa.html#webpage\",\"url\":\"https:\/\/franciscanos.org.br\/noticias\/ser-santo-nao-e-ter-cara-de-santinho-diz-papa.html\",\"name\":\"\\\"Ser santo n\u00e3o \u00e9 ter cara de santinho\\\", diz Papa Francisco - Not\u00edcias - Franciscanos\",\"isPartOf\":{\"@id\":\"https:\/\/franciscanos.org.br\/noticias\/#website\"},\"primaryImageOfPage\":{\"@id\":\"https:\/\/franciscanos.org.br\/noticias\/ser-santo-nao-e-ter-cara-de-santinho-diz-papa.html#primaryimage\"},\"datePublished\":\"2018-05-29T10:42:46+00:00\",\"dateModified\":\"2020-06-07T18:05:49+00:00\",\"author\":{\"@id\":\"https:\/\/franciscanos.org.br\/noticias\/#\/schema\/person\/b38fbf43118f02820bd932f2e4b14ad3\"},\"breadcrumb\":{\"@id\":\"https:\/\/franciscanos.org.br\/noticias\/ser-santo-nao-e-ter-cara-de-santinho-diz-papa.html#breadcrumb\"},\"inLanguage\":\"pt-BR\",\"potentialAction\":[{\"@type\":\"ReadAction\",\"target\":[\"https:\/\/franciscanos.org.br\/noticias\/ser-santo-nao-e-ter-cara-de-santinho-diz-papa.html\"]}]},{\"@type\":\"BreadcrumbList\",\"@id\":\"https:\/\/franciscanos.org.br\/noticias\/ser-santo-nao-e-ter-cara-de-santinho-diz-papa.html#breadcrumb\",\"itemListElement\":[{\"@type\":\"ListItem\",\"position\":1,\"name\":\"Home\",\"item\":\"https:\/\/franciscanos.org.br\/noticias\"},{\"@type\":\"ListItem\",\"position\":2,\"name\":\"&#8220;Ser santo n\u00e3o \u00e9 ter cara de santinho&#8221;, diz Papa Francisco\"}]},{\"@type\":\"Person\",\"@id\":\"https:\/\/franciscanos.org.br\/noticias\/#\/schema\/person\/b38fbf43118f02820bd932f2e4b14ad3\",\"name\":\"admin\",\"image\":{\"@type\":\"ImageObject\",\"inLanguage\":\"pt-BR\",\"@id\":\"https:\/\/franciscanos.org.br\/noticias\/#\/schema\/person\/image\/\",\"url\":\"https:\/\/secure.gravatar.com\/avatar\/e8495742d34d0ba6448ea1c628263b3e?s=96&d=mm&r=g\",\"contentUrl\":\"https:\/\/secure.gravatar.com\/avatar\/e8495742d34d0ba6448ea1c628263b3e?s=96&d=mm&r=g\",\"caption\":\"admin\"},\"url\":\"https:\/\/franciscanos.org.br\/noticias\/author\/admin\"}]}<\/script>\n<!-- \/ Yoast SEO plugin. -->","yoast_head_json":{"title":"\"Ser santo n\u00e3o \u00e9 ter cara de santinho\", diz Papa Francisco - Not\u00edcias - Franciscanos","robots":{"index":"index","follow":"follow","max-snippet":"max-snippet:-1","max-image-preview":"max-image-preview:large","max-video-preview":"max-video-preview:-1"},"canonical":"https:\/\/franciscanos.org.br\/noticias\/ser-santo-nao-e-ter-cara-de-santinho-diz-papa.html","og_locale":"pt_BR","og_type":"article","og_title":"\"Ser santo n\u00e3o \u00e9 ter cara de santinho\", diz Papa Francisco - Not\u00edcias - Franciscanos","og_description":"Missa em Santa Marta","og_url":"https:\/\/franciscanos.org.br\/noticias\/ser-santo-nao-e-ter-cara-de-santinho-diz-papa.html","og_site_name":"Not\u00edcias - Franciscanos","article_published_time":"2018-05-29T10:42:46+00:00","article_modified_time":"2020-06-07T18:05:49+00:00","og_image":[{"width":273,"height":181,"url":"https:\/\/franciscanos.org.br\/noticias\/wp-content\/uploads\/2018\/05\/marta_290518.jpg","type":"image\/jpeg"}],"author":"admin","twitter_card":"summary_large_image","twitter_misc":{"Escrito por":"admin","Est. tempo de leitura":"4 minutos"},"schema":{"@context":"https:\/\/schema.org","@graph":[{"@type":"WebSite","@id":"https:\/\/franciscanos.org.br\/noticias\/#website","url":"https:\/\/franciscanos.org.br\/noticias\/","name":"Not\u00edcias - Franciscanos","description":"Prov\u00edncia Franciscana da Imaculada Concei\u00e7\u00e3o do Brasil - Ordem dos Frades Menores - OFM","potentialAction":[{"@type":"SearchAction","target":{"@type":"EntryPoint","urlTemplate":"https:\/\/franciscanos.org.br\/noticias\/?s={search_term_string}"},"query-input":"required name=search_term_string"}],"inLanguage":"pt-BR"},{"@type":"ImageObject","inLanguage":"pt-BR","@id":"https:\/\/franciscanos.org.br\/noticias\/ser-santo-nao-e-ter-cara-de-santinho-diz-papa.html#primaryimage","url":"https:\/\/franciscanos.org.br\/noticias\/wp-content\/uploads\/2018\/05\/marta_290518.jpg","contentUrl":"https:\/\/franciscanos.org.br\/noticias\/wp-content\/uploads\/2018\/05\/marta_290518.jpg","width":273,"height":181},{"@type":"WebPage","@id":"https:\/\/franciscanos.org.br\/noticias\/ser-santo-nao-e-ter-cara-de-santinho-diz-papa.html#webpage","url":"https:\/\/franciscanos.org.br\/noticias\/ser-santo-nao-e-ter-cara-de-santinho-diz-papa.html","name":"\"Ser santo n\u00e3o \u00e9 ter cara de santinho\", diz Papa Francisco - Not\u00edcias - Franciscanos","isPartOf":{"@id":"https:\/\/franciscanos.org.br\/noticias\/#website"},"primaryImageOfPage":{"@id":"https:\/\/franciscanos.org.br\/noticias\/ser-santo-nao-e-ter-cara-de-santinho-diz-papa.html#primaryimage"},"datePublished":"2018-05-29T10:42:46+00:00","dateModified":"2020-06-07T18:05:49+00:00","author":{"@id":"https:\/\/franciscanos.org.br\/noticias\/#\/schema\/person\/b38fbf43118f02820bd932f2e4b14ad3"},"breadcrumb":{"@id":"https:\/\/franciscanos.org.br\/noticias\/ser-santo-nao-e-ter-cara-de-santinho-diz-papa.html#breadcrumb"},"inLanguage":"pt-BR","potentialAction":[{"@type":"ReadAction","target":["https:\/\/franciscanos.org.br\/noticias\/ser-santo-nao-e-ter-cara-de-santinho-diz-papa.html"]}]},{"@type":"BreadcrumbList","@id":"https:\/\/franciscanos.org.br\/noticias\/ser-santo-nao-e-ter-cara-de-santinho-diz-papa.html#breadcrumb","itemListElement":[{"@type":"ListItem","position":1,"name":"Home","item":"https:\/\/franciscanos.org.br\/noticias"},{"@type":"ListItem","position":2,"name":"&#8220;Ser santo n\u00e3o \u00e9 ter cara de santinho&#8221;, diz Papa Francisco"}]},{"@type":"Person","@id":"https:\/\/franciscanos.org.br\/noticias\/#\/schema\/person\/b38fbf43118f02820bd932f2e4b14ad3","name":"admin","image":{"@type":"ImageObject","inLanguage":"pt-BR","@id":"https:\/\/franciscanos.org.br\/noticias\/#\/schema\/person\/image\/","url":"https:\/\/secure.gravatar.com\/avatar\/e8495742d34d0ba6448ea1c628263b3e?s=96&d=mm&r=g","contentUrl":"https:\/\/secure.gravatar.com\/avatar\/e8495742d34d0ba6448ea1c628263b3e?s=96&d=mm&r=g","caption":"admin"},"url":"https:\/\/franciscanos.org.br\/noticias\/author\/admin"}]}},"_links":{"self":[{"href":"https:\/\/franciscanos.org.br\/noticias\/wp-json\/wp\/v2\/posts\/160543"}],"collection":[{"href":"https:\/\/franciscanos.org.br\/noticias\/wp-json\/wp\/v2\/posts"}],"about":[{"href":"https:\/\/franciscanos.org.br\/noticias\/wp-json\/wp\/v2\/types\/post"}],"author":[{"embeddable":true,"href":"https:\/\/franciscanos.org.br\/noticias\/wp-json\/wp\/v2\/users\/1"}],"replies":[{"embeddable":true,"href":"https:\/\/franciscanos.org.br\/noticias\/wp-json\/wp\/v2\/comments?post=160543"}],"version-history":[{"count":1,"href":"https:\/\/franciscanos.org.br\/noticias\/wp-json\/wp\/v2\/posts\/160543\/revisions"}],"predecessor-version":[{"id":224963,"href":"https:\/\/franciscanos.org.br\/noticias\/wp-json\/wp\/v2\/posts\/160543\/revisions\/224963"}],"wp:featuredmedia":[{"embeddable":true,"href":"https:\/\/franciscanos.org.br\/noticias\/wp-json\/wp\/v2\/media\/221186"}],"wp:attachment":[{"href":"https:\/\/franciscanos.org.br\/noticias\/wp-json\/wp\/v2\/media?parent=160543"}],"wp:term":[{"taxonomy":"category","embeddable":true,"href":"https:\/\/franciscanos.org.br\/noticias\/wp-json\/wp\/v2\/categories?post=160543"},{"taxonomy":"post_tag","embeddable":true,"href":"https:\/\/franciscanos.org.br\/noticias\/wp-json\/wp\/v2\/tags?post=160543"}],"curies":[{"name":"wp","href":"https:\/\/api.w.org\/{rel}","templated":true}]}}