{"id":160504,"date":"2018-05-28T13:50:30","date_gmt":"2018-05-28T16:50:30","guid":{"rendered":"http:\/\/franciscanos.org.br\/?p=160504"},"modified":"2020-08-10T14:59:39","modified_gmt":"2020-08-10T17:59:39","slug":"provincia-santo-antonio-emite-carta-sobre-situacao-atual","status":"publish","type":"post","link":"https:\/\/franciscanos.org.br\/noticias\/provincia-santo-antonio-emite-carta-sobre-situacao-atual.html","title":{"rendered":"Prov\u00edncia Santo Ant\u00f4nio lan\u00e7a carta sobre situa\u00e7\u00e3o pol\u00edtica e econ\u00f4mica"},"content":{"rendered":"<p><img loading=\"lazy\" src=\"http:\/\/franciscanos.org.br\/wp-content\/uploads\/2018\/05\/cartasantonio_280518G.jpg\" alt=\"cartasantonio_280518G\" width=\"830\" height=\"451\" \/><\/p>\n<blockquote><p>A\u00a0Prov\u00edncia Franciscana Santo Ant\u00f4nio, que atua nos estados da\u00a0Bahia, Sergipe, Alagoas, Pernambuco, Para\u00edba, Rio Grande do Norte e Cear\u00e1, divulgou em seu site e redes sociais uma carta, intitulada &#8220;Carta do povo de Deus&#8221;, onde se solidariza com os brasileiros diante do atual cen\u00e1rio econ\u00f4mico, pol\u00edtico e social do pa\u00eds.<\/p>\n<p>Assinada pelo Ministro Provincial, Frei Jo\u00e3o Amilton dos Santos, em nome do Governo Provincial, a carta aponta um cen\u00e1rio de perda de direitos e aumento da desigualdade e da viol\u00eancia.<\/p>\n<p>Ao final, o manifesto reitera a presen\u00e7a dos frades junto ao povo de Deus, confirmando a op\u00e7\u00e3o preferencial pelos pobres e, a partir de uma releitura da situa\u00e7\u00e3o a partir da \u00f3tica da f\u00e9 e do carisma franciscano, pede a tomada de iniciativas de colaborem na constru\u00e7\u00e3o de uma sociedade justa e fraterna.<\/p><\/blockquote>\n<p>Leia na \u00edntegra:<\/p>\n<p><strong>Carta ao povo de Deus<\/strong><br \/>\n<em>\u201cNenhuma fam\u00edlia sem casa, nenhum campon\u00eas sem terra, nenhum trabalhador sem direitos\u201d.<\/em><\/p>\n<p><em>(Papa Francisco)<\/em><\/p>\n<p>A Prov\u00edncia Franciscana de Santo Ant\u00f4nio do Brasil, atrav\u00e9s do seu Ministro Provincial e do seu Definit\u00f3rio, que esteve reunido no Santu\u00e1rio de S\u00e3o Francisco das Chagas, em Canind\u00e9 \u2013 Cear\u00e1, em comunh\u00e3o com o Carisma Franciscano e em solidariedade para com os pobres e trabalhadores do Brasil, decidiu manifestar ao povo de Deus e \u00e0 sociedade civil onde estamos inseridos, o nosso olhar sobre o momento em que o Brasil e seus brasileiros vivem.<\/p>\n<p>O Brasil, assim como o mundo, passa por um momento de grande confus\u00e3o social: guerra, intoler\u00e2ncia pol\u00edtica e religiosa, empobrecimento mundial, fragiliza\u00e7\u00e3o das institui\u00e7\u00f5es democr\u00e1ticas, perda de direitos, crise migrat\u00f3ria e tr\u00e1fico humano, desrespeito \u00e0 dignidade da vida humana nos seus mais variados aspectos, destrui\u00e7\u00e3o ambiental, corrup\u00e7\u00e3o pol\u00edtica e enriquecimento il\u00edcito de uma minoria em detrimento da mis\u00e9ria de milh\u00f5es de irm\u00e3os e irm\u00e3s.<\/p>\n<p>Em nosso pa\u00eds estamos assistindo a um dos cen\u00e1rios mais obscuros da nossa jovem democracia: a perda dos diretos dos trabalhadores e trabalhadoras, o aumento da pobreza e da desigualdade social, a viol\u00eancia generalizada atingindo sobretudo os mais pobres, as mulheres, os negros e os jovens, o descr\u00e9dito da popula\u00e7\u00e3o na institui\u00e7\u00e3o pol\u00edtica brasileira, a p\u00e9ssima influ\u00eancia da grande m\u00eddia como fonte de verdade e manipula\u00e7\u00e3o a servi\u00e7o dos interesses do mercado e do capital.<\/p>\n<p>H\u00e1 uma desconfian\u00e7a quase generalizada no modo como o Estado brasileiro manobra a justi\u00e7a, dos artif\u00edcios que se utiliza na busca de solu\u00e7\u00f5es para que se promova a paz social no pa\u00eds. H\u00e1 um contexto de divis\u00e3o expl\u00edcita de classe social, de polariza\u00e7\u00e3o de interesses, de agress\u00e3o ao espa\u00e7o democr\u00e1tico, junto \u00e0 aus\u00eancia da profecia religiosa, da apatia e do comodismo social.<\/p>\n<p>Diante deste quadro podemos nos perguntar: \u201cquem est\u00e1 pagando o pato?\u201d. Sem d\u00favida s\u00e3o os mais pobres deste pa\u00eds: sem casa, sem trabalho, sem educa\u00e7\u00e3o, sem sa\u00fade e seguran\u00e7a. S\u00e3o os estudantes: sem acesso \u00e0 escola p\u00fablica e aos financiamentos que os inseriam nas universidades. H\u00e1 perda do direito \u00e0 mobilidade dos brasileiros, sem transporte p\u00fablico de qualidade e a merc\u00ea do aumento abusivo dos combust\u00edveis, gerando elevado pre\u00e7o da cesta b\u00e1sica, onerando assim o bolso dos cidad\u00e3os.<\/p>\n<p>Apesar de tudo isso, n\u00f3s, brasileiros, pela for\u00e7a das nossas lutas e resist\u00eancias, n\u00e3o podemos perder a esperan\u00e7a. Enquanto Irm\u00e3os Menores, queremos ser portadores da esperan\u00e7a evang\u00e9lica que \u00e0 luz do nosso carisma nos convoca a ser uma presen\u00e7a prof\u00e9tica entre os pobres e a defender os direitos humanos e a justi\u00e7a social.<\/p>\n<p>Por isso, convocamos em primeiro lugar os nossos frades para que, junto com o povo de Deus, possam mais uma vez fazer uma clara op\u00e7\u00e3o pelos pobres, sendo uma presen\u00e7a junto aos movimentos sociais, pastorais, grupos paroquiais e Fam\u00edlia Franciscana que lutam pelo direito \u00e0 justi\u00e7a e \u00e0 paz.<\/p>\n<p>Convidamos a todos a fazerem uma releitura da situa\u00e7\u00e3o atual a partir da \u00f3tica de nossa f\u00e9 e do nosso carisma franciscano, tomando iniciativas concretas que ajudem na constru\u00e7\u00e3o de uma sociedade mais justa e fraterna como sinal do Reino de Deus.<\/p>\n<p>Canind\u00e9, 25 de maio de 2018.<br \/>\n<strong>Fr. Jo\u00e3o Amilton dos Santos<\/strong><br \/>\n<strong> Ministro Provincial<\/strong><\/p>\n<p>Fonte:\u00a0<a href=\"http:\/\/ofmsantoantonio.org\/\" target=\"_blank\" rel=\"noopener noreferrer\">ofmsantoantonio.org<\/a><\/p>\n","protected":false},"excerpt":{"rendered":"<p>CFMB<\/p>\n","protected":false},"author":1,"featured_media":212519,"comment_status":"open","ping_status":"open","sticky":false,"template":"","format":"standard","meta":[],"categories":[1],"tags":[240],"acf":[],"yoast_head":"<!-- This site is optimized with the Yoast SEO plugin v19.2 - https:\/\/yoast.com\/wordpress\/plugins\/seo\/ -->\n<title>Prov\u00edncia Santo Ant\u00f4nio lan\u00e7a carta sobre situa\u00e7\u00e3o pol\u00edtica e econ\u00f4mica - Not\u00edcias - Franciscanos<\/title>\n<meta name=\"robots\" content=\"index, follow, max-snippet:-1, max-image-preview:large, max-video-preview:-1\" \/>\n<link rel=\"canonical\" href=\"https:\/\/franciscanos.org.br\/noticias\/provincia-santo-antonio-emite-carta-sobre-situacao-atual.html\" \/>\n<meta property=\"og:locale\" content=\"pt_BR\" \/>\n<meta property=\"og:type\" content=\"article\" \/>\n<meta property=\"og:title\" content=\"Prov\u00edncia Santo Ant\u00f4nio lan\u00e7a carta sobre situa\u00e7\u00e3o pol\u00edtica e econ\u00f4mica - Not\u00edcias - Franciscanos\" \/>\n<meta property=\"og:description\" content=\"CFMB\" \/>\n<meta property=\"og:url\" content=\"https:\/\/franciscanos.org.br\/noticias\/provincia-santo-antonio-emite-carta-sobre-situacao-atual.html\" \/>\n<meta property=\"og:site_name\" content=\"Not\u00edcias - Franciscanos\" \/>\n<meta property=\"article:published_time\" content=\"2018-05-28T16:50:30+00:00\" \/>\n<meta property=\"article:modified_time\" content=\"2020-08-10T17:59:39+00:00\" \/>\n<meta property=\"og:image\" content=\"https:\/\/franciscanos.org.br\/noticias\/wp-content\/uploads\/2018\/05\/cartasantonio_280518G.jpg\" \/>\n\t<meta property=\"og:image:width\" content=\"273\" \/>\n\t<meta property=\"og:image:height\" content=\"181\" \/>\n\t<meta property=\"og:image:type\" content=\"image\/jpeg\" \/>\n<meta name=\"author\" content=\"admin\" \/>\n<meta name=\"twitter:card\" content=\"summary_large_image\" \/>\n<meta name=\"twitter:label1\" content=\"Escrito por\" \/>\n\t<meta name=\"twitter:data1\" content=\"admin\" \/>\n\t<meta name=\"twitter:label2\" content=\"Est. tempo de leitura\" \/>\n\t<meta name=\"twitter:data2\" content=\"4 minutos\" \/>\n<script type=\"application\/ld+json\" class=\"yoast-schema-graph\">{\"@context\":\"https:\/\/schema.org\",\"@graph\":[{\"@type\":\"WebSite\",\"@id\":\"https:\/\/franciscanos.org.br\/noticias\/#website\",\"url\":\"https:\/\/franciscanos.org.br\/noticias\/\",\"name\":\"Not\u00edcias - Franciscanos\",\"description\":\"Prov\u00edncia Franciscana da Imaculada Concei\u00e7\u00e3o do Brasil - Ordem dos Frades Menores - OFM\",\"potentialAction\":[{\"@type\":\"SearchAction\",\"target\":{\"@type\":\"EntryPoint\",\"urlTemplate\":\"https:\/\/franciscanos.org.br\/noticias\/?s={search_term_string}\"},\"query-input\":\"required name=search_term_string\"}],\"inLanguage\":\"pt-BR\"},{\"@type\":\"ImageObject\",\"inLanguage\":\"pt-BR\",\"@id\":\"https:\/\/franciscanos.org.br\/noticias\/provincia-santo-antonio-emite-carta-sobre-situacao-atual.html#primaryimage\",\"url\":\"https:\/\/franciscanos.org.br\/noticias\/wp-content\/uploads\/2018\/05\/cartasantonio_280518G.jpg\",\"contentUrl\":\"https:\/\/franciscanos.org.br\/noticias\/wp-content\/uploads\/2018\/05\/cartasantonio_280518G.jpg\",\"width\":273,\"height\":181},{\"@type\":\"WebPage\",\"@id\":\"https:\/\/franciscanos.org.br\/noticias\/provincia-santo-antonio-emite-carta-sobre-situacao-atual.html#webpage\",\"url\":\"https:\/\/franciscanos.org.br\/noticias\/provincia-santo-antonio-emite-carta-sobre-situacao-atual.html\",\"name\":\"Prov\u00edncia Santo Ant\u00f4nio lan\u00e7a carta sobre situa\u00e7\u00e3o pol\u00edtica e econ\u00f4mica - Not\u00edcias - Franciscanos\",\"isPartOf\":{\"@id\":\"https:\/\/franciscanos.org.br\/noticias\/#website\"},\"primaryImageOfPage\":{\"@id\":\"https:\/\/franciscanos.org.br\/noticias\/provincia-santo-antonio-emite-carta-sobre-situacao-atual.html#primaryimage\"},\"datePublished\":\"2018-05-28T16:50:30+00:00\",\"dateModified\":\"2020-08-10T17:59:39+00:00\",\"author\":{\"@id\":\"https:\/\/franciscanos.org.br\/noticias\/#\/schema\/person\/b38fbf43118f02820bd932f2e4b14ad3\"},\"breadcrumb\":{\"@id\":\"https:\/\/franciscanos.org.br\/noticias\/provincia-santo-antonio-emite-carta-sobre-situacao-atual.html#breadcrumb\"},\"inLanguage\":\"pt-BR\",\"potentialAction\":[{\"@type\":\"ReadAction\",\"target\":[\"https:\/\/franciscanos.org.br\/noticias\/provincia-santo-antonio-emite-carta-sobre-situacao-atual.html\"]}]},{\"@type\":\"BreadcrumbList\",\"@id\":\"https:\/\/franciscanos.org.br\/noticias\/provincia-santo-antonio-emite-carta-sobre-situacao-atual.html#breadcrumb\",\"itemListElement\":[{\"@type\":\"ListItem\",\"position\":1,\"name\":\"Home\",\"item\":\"https:\/\/franciscanos.org.br\/noticias\"},{\"@type\":\"ListItem\",\"position\":2,\"name\":\"Prov\u00edncia Santo Ant\u00f4nio lan\u00e7a carta sobre situa\u00e7\u00e3o pol\u00edtica e econ\u00f4mica\"}]},{\"@type\":\"Person\",\"@id\":\"https:\/\/franciscanos.org.br\/noticias\/#\/schema\/person\/b38fbf43118f02820bd932f2e4b14ad3\",\"name\":\"admin\",\"image\":{\"@type\":\"ImageObject\",\"inLanguage\":\"pt-BR\",\"@id\":\"https:\/\/franciscanos.org.br\/noticias\/#\/schema\/person\/image\/\",\"url\":\"https:\/\/secure.gravatar.com\/avatar\/e8495742d34d0ba6448ea1c628263b3e?s=96&d=mm&r=g\",\"contentUrl\":\"https:\/\/secure.gravatar.com\/avatar\/e8495742d34d0ba6448ea1c628263b3e?s=96&d=mm&r=g\",\"caption\":\"admin\"},\"url\":\"https:\/\/franciscanos.org.br\/noticias\/author\/admin\"}]}<\/script>\n<!-- \/ Yoast SEO plugin. -->","yoast_head_json":{"title":"Prov\u00edncia Santo Ant\u00f4nio lan\u00e7a carta sobre situa\u00e7\u00e3o pol\u00edtica e econ\u00f4mica - Not\u00edcias - Franciscanos","robots":{"index":"index","follow":"follow","max-snippet":"max-snippet:-1","max-image-preview":"max-image-preview:large","max-video-preview":"max-video-preview:-1"},"canonical":"https:\/\/franciscanos.org.br\/noticias\/provincia-santo-antonio-emite-carta-sobre-situacao-atual.html","og_locale":"pt_BR","og_type":"article","og_title":"Prov\u00edncia Santo Ant\u00f4nio lan\u00e7a carta sobre situa\u00e7\u00e3o pol\u00edtica e econ\u00f4mica - Not\u00edcias - Franciscanos","og_description":"CFMB","og_url":"https:\/\/franciscanos.org.br\/noticias\/provincia-santo-antonio-emite-carta-sobre-situacao-atual.html","og_site_name":"Not\u00edcias - Franciscanos","article_published_time":"2018-05-28T16:50:30+00:00","article_modified_time":"2020-08-10T17:59:39+00:00","og_image":[{"width":273,"height":181,"url":"https:\/\/franciscanos.org.br\/noticias\/wp-content\/uploads\/2018\/05\/cartasantonio_280518G.jpg","type":"image\/jpeg"}],"author":"admin","twitter_card":"summary_large_image","twitter_misc":{"Escrito por":"admin","Est. tempo de leitura":"4 minutos"},"schema":{"@context":"https:\/\/schema.org","@graph":[{"@type":"WebSite","@id":"https:\/\/franciscanos.org.br\/noticias\/#website","url":"https:\/\/franciscanos.org.br\/noticias\/","name":"Not\u00edcias - Franciscanos","description":"Prov\u00edncia Franciscana da Imaculada Concei\u00e7\u00e3o do Brasil - Ordem dos Frades Menores - OFM","potentialAction":[{"@type":"SearchAction","target":{"@type":"EntryPoint","urlTemplate":"https:\/\/franciscanos.org.br\/noticias\/?s={search_term_string}"},"query-input":"required name=search_term_string"}],"inLanguage":"pt-BR"},{"@type":"ImageObject","inLanguage":"pt-BR","@id":"https:\/\/franciscanos.org.br\/noticias\/provincia-santo-antonio-emite-carta-sobre-situacao-atual.html#primaryimage","url":"https:\/\/franciscanos.org.br\/noticias\/wp-content\/uploads\/2018\/05\/cartasantonio_280518G.jpg","contentUrl":"https:\/\/franciscanos.org.br\/noticias\/wp-content\/uploads\/2018\/05\/cartasantonio_280518G.jpg","width":273,"height":181},{"@type":"WebPage","@id":"https:\/\/franciscanos.org.br\/noticias\/provincia-santo-antonio-emite-carta-sobre-situacao-atual.html#webpage","url":"https:\/\/franciscanos.org.br\/noticias\/provincia-santo-antonio-emite-carta-sobre-situacao-atual.html","name":"Prov\u00edncia Santo Ant\u00f4nio lan\u00e7a carta sobre situa\u00e7\u00e3o pol\u00edtica e econ\u00f4mica - Not\u00edcias - Franciscanos","isPartOf":{"@id":"https:\/\/franciscanos.org.br\/noticias\/#website"},"primaryImageOfPage":{"@id":"https:\/\/franciscanos.org.br\/noticias\/provincia-santo-antonio-emite-carta-sobre-situacao-atual.html#primaryimage"},"datePublished":"2018-05-28T16:50:30+00:00","dateModified":"2020-08-10T17:59:39+00:00","author":{"@id":"https:\/\/franciscanos.org.br\/noticias\/#\/schema\/person\/b38fbf43118f02820bd932f2e4b14ad3"},"breadcrumb":{"@id":"https:\/\/franciscanos.org.br\/noticias\/provincia-santo-antonio-emite-carta-sobre-situacao-atual.html#breadcrumb"},"inLanguage":"pt-BR","potentialAction":[{"@type":"ReadAction","target":["https:\/\/franciscanos.org.br\/noticias\/provincia-santo-antonio-emite-carta-sobre-situacao-atual.html"]}]},{"@type":"BreadcrumbList","@id":"https:\/\/franciscanos.org.br\/noticias\/provincia-santo-antonio-emite-carta-sobre-situacao-atual.html#breadcrumb","itemListElement":[{"@type":"ListItem","position":1,"name":"Home","item":"https:\/\/franciscanos.org.br\/noticias"},{"@type":"ListItem","position":2,"name":"Prov\u00edncia Santo Ant\u00f4nio lan\u00e7a carta sobre situa\u00e7\u00e3o pol\u00edtica e econ\u00f4mica"}]},{"@type":"Person","@id":"https:\/\/franciscanos.org.br\/noticias\/#\/schema\/person\/b38fbf43118f02820bd932f2e4b14ad3","name":"admin","image":{"@type":"ImageObject","inLanguage":"pt-BR","@id":"https:\/\/franciscanos.org.br\/noticias\/#\/schema\/person\/image\/","url":"https:\/\/secure.gravatar.com\/avatar\/e8495742d34d0ba6448ea1c628263b3e?s=96&d=mm&r=g","contentUrl":"https:\/\/secure.gravatar.com\/avatar\/e8495742d34d0ba6448ea1c628263b3e?s=96&d=mm&r=g","caption":"admin"},"url":"https:\/\/franciscanos.org.br\/noticias\/author\/admin"}]}},"_links":{"self":[{"href":"https:\/\/franciscanos.org.br\/noticias\/wp-json\/wp\/v2\/posts\/160504"}],"collection":[{"href":"https:\/\/franciscanos.org.br\/noticias\/wp-json\/wp\/v2\/posts"}],"about":[{"href":"https:\/\/franciscanos.org.br\/noticias\/wp-json\/wp\/v2\/types\/post"}],"author":[{"embeddable":true,"href":"https:\/\/franciscanos.org.br\/noticias\/wp-json\/wp\/v2\/users\/1"}],"replies":[{"embeddable":true,"href":"https:\/\/franciscanos.org.br\/noticias\/wp-json\/wp\/v2\/comments?post=160504"}],"version-history":[{"count":1,"href":"https:\/\/franciscanos.org.br\/noticias\/wp-json\/wp\/v2\/posts\/160504\/revisions"}],"predecessor-version":[{"id":227730,"href":"https:\/\/franciscanos.org.br\/noticias\/wp-json\/wp\/v2\/posts\/160504\/revisions\/227730"}],"wp:featuredmedia":[{"embeddable":true,"href":"https:\/\/franciscanos.org.br\/noticias\/wp-json\/wp\/v2\/media\/212519"}],"wp:attachment":[{"href":"https:\/\/franciscanos.org.br\/noticias\/wp-json\/wp\/v2\/media?parent=160504"}],"wp:term":[{"taxonomy":"category","embeddable":true,"href":"https:\/\/franciscanos.org.br\/noticias\/wp-json\/wp\/v2\/categories?post=160504"},{"taxonomy":"post_tag","embeddable":true,"href":"https:\/\/franciscanos.org.br\/noticias\/wp-json\/wp\/v2\/tags?post=160504"}],"curies":[{"name":"wp","href":"https:\/\/api.w.org\/{rel}","templated":true}]}}