{"id":160286,"date":"2018-05-28T08:02:18","date_gmt":"2018-05-28T11:02:18","guid":{"rendered":"http:\/\/franciscanos.org.br\/?p=160286"},"modified":"2020-06-07T15:06:54","modified_gmt":"2020-06-07T18:06:54","slug":"a-alegria-nao-e-ser-engracado-nao-nao-e-isso-a-alegria-crista-e-a-paz","status":"publish","type":"post","link":"https:\/\/franciscanos.org.br\/noticias\/a-alegria-nao-e-ser-engracado-nao-nao-e-isso-a-alegria-crista-e-a-paz.html","title":{"rendered":"&#8220;A alegria n\u00e3o \u00e9 ser engra\u00e7ado.  A alegria crist\u00e3 \u00e9 a paz.&#8221;"},"content":{"rendered":"<p><img loading=\"lazy\" src=\"http:\/\/franciscanos.org.br\/wp-content\/uploads\/2018\/05\/marta_280518.jpg\" alt=\"marta_280518\" width=\"820\" height=\"461\" \/><\/p>\n<p><strong>Cidade do Vaticano<\/strong> &#8211; A alegria \u201c\u00e9 o respiro do crist\u00e3o\u201d, uma alegria feita de verdadeira paz e n\u00e3o falsa como aquela que a cultura de hoje oferece, que \u201cinventa tantas coisas para nos divertir\u201d, in\u00fameros \u201cmomentos de dolce vita\u201d. Na Missa celebrada na manh\u00e3 de segunda-feira (28\/05) na capela da Casa Santa Marta, o Papa voltou a falar de uma das caracter\u00edsticas do crist\u00e3o: a alegria, n\u00e3o obstante as prova\u00e7\u00f5es e as dificuldades.<\/p>\n<p>Na homilia, comentando um trecho da primeira carta de S\u00e3o Pedro ap\u00f3stolo e do Evangelho de S\u00e3o Marcos, em que se fala de um jovem rico que n\u00e3o consegue renunciar aos pr\u00f3prios interesses, o Pont\u00edfice destaca que um verdadeiro crist\u00e3o n\u00e3o pode ser \u201ctenebroso\u201d ou \u201ctriste\u201d. \u201cSer homem e mulher de alegria\u201d, insiste, significa \u201cser homem e mulher de paz, significa ser homem e mulher de consola\u00e7\u00e3o\u201d.<\/p>\n<p>\u201cA alegria crist\u00e3 \u00e9 o respiro do crist\u00e3o, um crist\u00e3o que n\u00e3o \u00e9 alegre no cora\u00e7\u00e3o n\u00e3o \u00e9 um bom crist\u00e3o. \u00c9 o respiro, o modo de se expressar do crist\u00e3o, a alegria. N\u00e3o \u00e9 algo que se compra ou que fa\u00e7o com esfor\u00e7o, n\u00e3o: \u00e9 um fruto do Esp\u00edrito Santo. Quem faz a alegria no cora\u00e7\u00e3o \u00e9 o Esp\u00edrito Santo\u201d.<\/p>\n<p><strong>O primeiro passo da alegria \u00e9 a paz<\/strong><\/p>\n<p>A rocha s\u00f3lida sobre a qual se apoia a alegria crist\u00e3 \u00e9 a mem\u00f3ria: n\u00e3 podemos de fato esquecer \u201caquilo que o Senhor fez por n\u00f3s\u201d, \u201cregenerando-nos\u201d a uma nova vida; assim como a esperan\u00e7a daquilo que nos aguarda, o encontro com o Filho de Deus. Mem\u00f3ria e esperan\u00e7a s\u00e3o os dois elementos que permitem aos crist\u00e3o viver na alegria, n\u00e3o uma alegria vazia, mas uma alegria cujo \u201cprimeiro grau\u201d \u00e9 a paz.<\/p>\n<p>\u201cA alegria n\u00e3o \u00e9 viver de risada em risada. N\u00e3o, n\u00e3o \u00e9 isso. A alegria n\u00e3o \u00e8 ser engra\u00e7ado. N\u00e3o, n\u00e3o \u00e9 isso. \u00c9 outra coisa. A alegria crist\u00e3 \u00e9 a paz. A paz que est\u00e1 nas ra\u00edzes, a paz do cora\u00e7\u00e3o, a paz que somente Deus pode nos dar. Esta \u00e9 a alegria crist\u00e3. N\u00e3o \u00e9 f\u00e1cil preservar esta alegria\u201d.<\/p>\n<p><strong>A cultura dos \u201cmomentos de dolce vita\u201d<\/strong><\/p>\n<p>No mundo contempor\u00e2neo, prossegue o Papa, infelizmente nos contentamos de uma \u201ccultura pouco alegre\u201d, \u201cuma cultura onde inventam tantas coisas para nos divertir\u201d, tantos \u201cmomentos de dolce vita\u201d, mas que n\u00e3o satisfazem plenamente. A alegria, de fato, \u201cn\u00e3o \u00e9 algo que se compra no mercado\u201d, \u201c\u00e9 um dom do Esp\u00edrito\u201d e vibra tamb\u00e9m no \u201cmomento do turbamento, no momento da prova\u00e7\u00e3o\u201d.<\/p>\n<p>\u201cH\u00e1 uma inquieta\u00e7\u00e3o positiva, mas outra que n\u00e3o \u00e9 positiva, a de buscar as seguran\u00e7as em qualquer lugar, de buscar o prazer em qualquer lugar. O jovem do Evangelho tinha medo de que se abandonasse as riquezas n\u00e3o poderia ser feliz. A alegria, a consola\u00e7\u00e3o: o nosso respiro de crist\u00e3os\u201d.<\/p>\n<hr \/>\n<p><em>Fonte: Vatican News<\/em><\/p>\n","protected":false},"excerpt":{"rendered":"<p>Missa em Santa Marta<\/p>\n","protected":false},"author":1,"featured_media":187383,"comment_status":"open","ping_status":"open","sticky":false,"template":"","format":"standard","meta":[],"categories":[1428],"tags":[1586],"acf":[],"yoast_head":"<!-- This site is optimized with the Yoast SEO plugin v19.2 - https:\/\/yoast.com\/wordpress\/plugins\/seo\/ -->\n<title>&quot;A alegria n\u00e3o \u00e9 ser engra\u00e7ado. A alegria crist\u00e3 \u00e9 a paz.&quot; - Not\u00edcias - Franciscanos<\/title>\n<meta name=\"robots\" content=\"index, follow, max-snippet:-1, max-image-preview:large, max-video-preview:-1\" \/>\n<link rel=\"canonical\" href=\"https:\/\/franciscanos.org.br\/noticias\/a-alegria-nao-e-ser-engracado-nao-nao-e-isso-a-alegria-crista-e-a-paz.html\" \/>\n<meta property=\"og:locale\" content=\"pt_BR\" \/>\n<meta property=\"og:type\" content=\"article\" \/>\n<meta property=\"og:title\" content=\"&quot;A alegria n\u00e3o \u00e9 ser engra\u00e7ado. A alegria crist\u00e3 \u00e9 a paz.&quot; - Not\u00edcias - Franciscanos\" \/>\n<meta property=\"og:description\" content=\"Missa em Santa Marta\" \/>\n<meta property=\"og:url\" content=\"https:\/\/franciscanos.org.br\/noticias\/a-alegria-nao-e-ser-engracado-nao-nao-e-isso-a-alegria-crista-e-a-paz.html\" \/>\n<meta property=\"og:site_name\" content=\"Not\u00edcias - Franciscanos\" \/>\n<meta property=\"article:published_time\" content=\"2018-05-28T11:02:18+00:00\" \/>\n<meta property=\"article:modified_time\" content=\"2020-06-07T18:06:54+00:00\" \/>\n<meta property=\"og:image\" content=\"https:\/\/franciscanos.org.br\/noticias\/wp-content\/uploads\/2018\/11\/marta_280518-3.jpg\" \/>\n\t<meta property=\"og:image:width\" content=\"820\" \/>\n\t<meta property=\"og:image:height\" content=\"461\" \/>\n\t<meta property=\"og:image:type\" content=\"image\/jpeg\" \/>\n<meta name=\"author\" content=\"admin\" \/>\n<meta name=\"twitter:card\" content=\"summary_large_image\" \/>\n<meta name=\"twitter:label1\" content=\"Escrito por\" \/>\n\t<meta name=\"twitter:data1\" content=\"admin\" \/>\n\t<meta name=\"twitter:label2\" content=\"Est. tempo de leitura\" \/>\n\t<meta name=\"twitter:data2\" content=\"3 minutos\" \/>\n<script type=\"application\/ld+json\" class=\"yoast-schema-graph\">{\"@context\":\"https:\/\/schema.org\",\"@graph\":[{\"@type\":\"WebSite\",\"@id\":\"https:\/\/franciscanos.org.br\/noticias\/#website\",\"url\":\"https:\/\/franciscanos.org.br\/noticias\/\",\"name\":\"Not\u00edcias - Franciscanos\",\"description\":\"Prov\u00edncia Franciscana da Imaculada Concei\u00e7\u00e3o do Brasil - Ordem dos Frades Menores - OFM\",\"potentialAction\":[{\"@type\":\"SearchAction\",\"target\":{\"@type\":\"EntryPoint\",\"urlTemplate\":\"https:\/\/franciscanos.org.br\/noticias\/?s={search_term_string}\"},\"query-input\":\"required name=search_term_string\"}],\"inLanguage\":\"pt-BR\"},{\"@type\":\"ImageObject\",\"inLanguage\":\"pt-BR\",\"@id\":\"https:\/\/franciscanos.org.br\/noticias\/a-alegria-nao-e-ser-engracado-nao-nao-e-isso-a-alegria-crista-e-a-paz.html#primaryimage\",\"url\":\"https:\/\/franciscanos.org.br\/noticias\/wp-content\/uploads\/2018\/11\/marta_280518-3.jpg\",\"contentUrl\":\"https:\/\/franciscanos.org.br\/noticias\/wp-content\/uploads\/2018\/11\/marta_280518-3.jpg\",\"width\":820,\"height\":461},{\"@type\":\"WebPage\",\"@id\":\"https:\/\/franciscanos.org.br\/noticias\/a-alegria-nao-e-ser-engracado-nao-nao-e-isso-a-alegria-crista-e-a-paz.html#webpage\",\"url\":\"https:\/\/franciscanos.org.br\/noticias\/a-alegria-nao-e-ser-engracado-nao-nao-e-isso-a-alegria-crista-e-a-paz.html\",\"name\":\"\\\"A alegria n\u00e3o \u00e9 ser engra\u00e7ado. A alegria crist\u00e3 \u00e9 a paz.\\\" - Not\u00edcias - Franciscanos\",\"isPartOf\":{\"@id\":\"https:\/\/franciscanos.org.br\/noticias\/#website\"},\"primaryImageOfPage\":{\"@id\":\"https:\/\/franciscanos.org.br\/noticias\/a-alegria-nao-e-ser-engracado-nao-nao-e-isso-a-alegria-crista-e-a-paz.html#primaryimage\"},\"datePublished\":\"2018-05-28T11:02:18+00:00\",\"dateModified\":\"2020-06-07T18:06:54+00:00\",\"author\":{\"@id\":\"https:\/\/franciscanos.org.br\/noticias\/#\/schema\/person\/b38fbf43118f02820bd932f2e4b14ad3\"},\"breadcrumb\":{\"@id\":\"https:\/\/franciscanos.org.br\/noticias\/a-alegria-nao-e-ser-engracado-nao-nao-e-isso-a-alegria-crista-e-a-paz.html#breadcrumb\"},\"inLanguage\":\"pt-BR\",\"potentialAction\":[{\"@type\":\"ReadAction\",\"target\":[\"https:\/\/franciscanos.org.br\/noticias\/a-alegria-nao-e-ser-engracado-nao-nao-e-isso-a-alegria-crista-e-a-paz.html\"]}]},{\"@type\":\"BreadcrumbList\",\"@id\":\"https:\/\/franciscanos.org.br\/noticias\/a-alegria-nao-e-ser-engracado-nao-nao-e-isso-a-alegria-crista-e-a-paz.html#breadcrumb\",\"itemListElement\":[{\"@type\":\"ListItem\",\"position\":1,\"name\":\"Home\",\"item\":\"https:\/\/franciscanos.org.br\/noticias\"},{\"@type\":\"ListItem\",\"position\":2,\"name\":\"&#8220;A alegria n\u00e3o \u00e9 ser engra\u00e7ado. A alegria crist\u00e3 \u00e9 a paz.&#8221;\"}]},{\"@type\":\"Person\",\"@id\":\"https:\/\/franciscanos.org.br\/noticias\/#\/schema\/person\/b38fbf43118f02820bd932f2e4b14ad3\",\"name\":\"admin\",\"image\":{\"@type\":\"ImageObject\",\"inLanguage\":\"pt-BR\",\"@id\":\"https:\/\/franciscanos.org.br\/noticias\/#\/schema\/person\/image\/\",\"url\":\"https:\/\/secure.gravatar.com\/avatar\/e8495742d34d0ba6448ea1c628263b3e?s=96&d=mm&r=g\",\"contentUrl\":\"https:\/\/secure.gravatar.com\/avatar\/e8495742d34d0ba6448ea1c628263b3e?s=96&d=mm&r=g\",\"caption\":\"admin\"},\"url\":\"https:\/\/franciscanos.org.br\/noticias\/author\/admin\"}]}<\/script>\n<!-- \/ Yoast SEO plugin. -->","yoast_head_json":{"title":"\"A alegria n\u00e3o \u00e9 ser engra\u00e7ado. A alegria crist\u00e3 \u00e9 a paz.\" - Not\u00edcias - Franciscanos","robots":{"index":"index","follow":"follow","max-snippet":"max-snippet:-1","max-image-preview":"max-image-preview:large","max-video-preview":"max-video-preview:-1"},"canonical":"https:\/\/franciscanos.org.br\/noticias\/a-alegria-nao-e-ser-engracado-nao-nao-e-isso-a-alegria-crista-e-a-paz.html","og_locale":"pt_BR","og_type":"article","og_title":"\"A alegria n\u00e3o \u00e9 ser engra\u00e7ado. A alegria crist\u00e3 \u00e9 a paz.\" - Not\u00edcias - Franciscanos","og_description":"Missa em Santa Marta","og_url":"https:\/\/franciscanos.org.br\/noticias\/a-alegria-nao-e-ser-engracado-nao-nao-e-isso-a-alegria-crista-e-a-paz.html","og_site_name":"Not\u00edcias - Franciscanos","article_published_time":"2018-05-28T11:02:18+00:00","article_modified_time":"2020-06-07T18:06:54+00:00","og_image":[{"width":820,"height":461,"url":"https:\/\/franciscanos.org.br\/noticias\/wp-content\/uploads\/2018\/11\/marta_280518-3.jpg","type":"image\/jpeg"}],"author":"admin","twitter_card":"summary_large_image","twitter_misc":{"Escrito por":"admin","Est. tempo de leitura":"3 minutos"},"schema":{"@context":"https:\/\/schema.org","@graph":[{"@type":"WebSite","@id":"https:\/\/franciscanos.org.br\/noticias\/#website","url":"https:\/\/franciscanos.org.br\/noticias\/","name":"Not\u00edcias - Franciscanos","description":"Prov\u00edncia Franciscana da Imaculada Concei\u00e7\u00e3o do Brasil - Ordem dos Frades Menores - OFM","potentialAction":[{"@type":"SearchAction","target":{"@type":"EntryPoint","urlTemplate":"https:\/\/franciscanos.org.br\/noticias\/?s={search_term_string}"},"query-input":"required name=search_term_string"}],"inLanguage":"pt-BR"},{"@type":"ImageObject","inLanguage":"pt-BR","@id":"https:\/\/franciscanos.org.br\/noticias\/a-alegria-nao-e-ser-engracado-nao-nao-e-isso-a-alegria-crista-e-a-paz.html#primaryimage","url":"https:\/\/franciscanos.org.br\/noticias\/wp-content\/uploads\/2018\/11\/marta_280518-3.jpg","contentUrl":"https:\/\/franciscanos.org.br\/noticias\/wp-content\/uploads\/2018\/11\/marta_280518-3.jpg","width":820,"height":461},{"@type":"WebPage","@id":"https:\/\/franciscanos.org.br\/noticias\/a-alegria-nao-e-ser-engracado-nao-nao-e-isso-a-alegria-crista-e-a-paz.html#webpage","url":"https:\/\/franciscanos.org.br\/noticias\/a-alegria-nao-e-ser-engracado-nao-nao-e-isso-a-alegria-crista-e-a-paz.html","name":"\"A alegria n\u00e3o \u00e9 ser engra\u00e7ado. A alegria crist\u00e3 \u00e9 a paz.\" - Not\u00edcias - Franciscanos","isPartOf":{"@id":"https:\/\/franciscanos.org.br\/noticias\/#website"},"primaryImageOfPage":{"@id":"https:\/\/franciscanos.org.br\/noticias\/a-alegria-nao-e-ser-engracado-nao-nao-e-isso-a-alegria-crista-e-a-paz.html#primaryimage"},"datePublished":"2018-05-28T11:02:18+00:00","dateModified":"2020-06-07T18:06:54+00:00","author":{"@id":"https:\/\/franciscanos.org.br\/noticias\/#\/schema\/person\/b38fbf43118f02820bd932f2e4b14ad3"},"breadcrumb":{"@id":"https:\/\/franciscanos.org.br\/noticias\/a-alegria-nao-e-ser-engracado-nao-nao-e-isso-a-alegria-crista-e-a-paz.html#breadcrumb"},"inLanguage":"pt-BR","potentialAction":[{"@type":"ReadAction","target":["https:\/\/franciscanos.org.br\/noticias\/a-alegria-nao-e-ser-engracado-nao-nao-e-isso-a-alegria-crista-e-a-paz.html"]}]},{"@type":"BreadcrumbList","@id":"https:\/\/franciscanos.org.br\/noticias\/a-alegria-nao-e-ser-engracado-nao-nao-e-isso-a-alegria-crista-e-a-paz.html#breadcrumb","itemListElement":[{"@type":"ListItem","position":1,"name":"Home","item":"https:\/\/franciscanos.org.br\/noticias"},{"@type":"ListItem","position":2,"name":"&#8220;A alegria n\u00e3o \u00e9 ser engra\u00e7ado. A alegria crist\u00e3 \u00e9 a paz.&#8221;"}]},{"@type":"Person","@id":"https:\/\/franciscanos.org.br\/noticias\/#\/schema\/person\/b38fbf43118f02820bd932f2e4b14ad3","name":"admin","image":{"@type":"ImageObject","inLanguage":"pt-BR","@id":"https:\/\/franciscanos.org.br\/noticias\/#\/schema\/person\/image\/","url":"https:\/\/secure.gravatar.com\/avatar\/e8495742d34d0ba6448ea1c628263b3e?s=96&d=mm&r=g","contentUrl":"https:\/\/secure.gravatar.com\/avatar\/e8495742d34d0ba6448ea1c628263b3e?s=96&d=mm&r=g","caption":"admin"},"url":"https:\/\/franciscanos.org.br\/noticias\/author\/admin"}]}},"_links":{"self":[{"href":"https:\/\/franciscanos.org.br\/noticias\/wp-json\/wp\/v2\/posts\/160286"}],"collection":[{"href":"https:\/\/franciscanos.org.br\/noticias\/wp-json\/wp\/v2\/posts"}],"about":[{"href":"https:\/\/franciscanos.org.br\/noticias\/wp-json\/wp\/v2\/types\/post"}],"author":[{"embeddable":true,"href":"https:\/\/franciscanos.org.br\/noticias\/wp-json\/wp\/v2\/users\/1"}],"replies":[{"embeddable":true,"href":"https:\/\/franciscanos.org.br\/noticias\/wp-json\/wp\/v2\/comments?post=160286"}],"version-history":[{"count":1,"href":"https:\/\/franciscanos.org.br\/noticias\/wp-json\/wp\/v2\/posts\/160286\/revisions"}],"predecessor-version":[{"id":224964,"href":"https:\/\/franciscanos.org.br\/noticias\/wp-json\/wp\/v2\/posts\/160286\/revisions\/224964"}],"wp:featuredmedia":[{"embeddable":true,"href":"https:\/\/franciscanos.org.br\/noticias\/wp-json\/wp\/v2\/media\/187383"}],"wp:attachment":[{"href":"https:\/\/franciscanos.org.br\/noticias\/wp-json\/wp\/v2\/media?parent=160286"}],"wp:term":[{"taxonomy":"category","embeddable":true,"href":"https:\/\/franciscanos.org.br\/noticias\/wp-json\/wp\/v2\/categories?post=160286"},{"taxonomy":"post_tag","embeddable":true,"href":"https:\/\/franciscanos.org.br\/noticias\/wp-json\/wp\/v2\/tags?post=160286"}],"curies":[{"name":"wp","href":"https:\/\/api.w.org\/{rel}","templated":true}]}}