{"id":160276,"date":"2018-05-27T13:39:20","date_gmt":"2018-05-27T16:39:20","guid":{"rendered":"http:\/\/franciscanos.org.br\/?p=160276"},"modified":"2020-06-07T15:08:32","modified_gmt":"2020-06-07T18:08:32","slug":"deus-e-pai-ou-melhor-deus-e-papai-diz-o-papa","status":"publish","type":"post","link":"https:\/\/franciscanos.org.br\/noticias\/deus-e-pai-ou-melhor-deus-e-papai-diz-o-papa.html","title":{"rendered":"&#8220;Deus \u00e9 Pai; ou melhor, Deus \u00e9 papai&#8221;, diz o Papa"},"content":{"rendered":"<p><img loading=\"lazy\" src=\"http:\/\/franciscanos.org.br\/wp-content\/uploads\/2018\/05\/angelus_270518.jpg\" alt=\"angelus_270518\" width=\"830\" height=\"437\" \/><\/p>\n<p><strong>Cidade do Vaticano<\/strong> &#8211;\u00a0 \u201cO crist\u00e3o n\u00e3o \u00e9 uma pessoa isolada, pertence a um povo, esse povo que forma Deus. N\u00e3o se pode ser um crist\u00e3o sem tal perten\u00e7a e comunh\u00e3o: somos povo, o povo de Deus\u201d. Foi o que afirmou o Papa Francisco na alocu\u00e7\u00e3o que precedeu a ora\u00e7\u00e3o mariana do Angelus neste domingo (27\/05), na Pra\u00e7a S\u00e3o Pedro, na festa da Sant\u00edssima Trindade.<\/p>\n<p>As leituras b\u00edblicas de hoje \u2013 explicou o Santo Padre &#8211; nos fazem entender que Deus n\u00e3o queria tanto revelar que Ele existe, mas sim que \u00e9 o &#8216;Deus conosco\u2019, perto de n\u00f3s, que nos ama, que caminha conosco, \u00e9 interessado em nossa hist\u00f3ria pessoal e cuida de cada um, desde os pequeninos at\u00e9 aos mais necessitados.<\/p>\n<p><strong>O Esp\u00edrito Santo tudo transforma<\/strong><\/p>\n<p>&#8220;Ele \u00e9 &#8216;Deus l\u00e1 no c\u00e9u&#8217; mas tamb\u00e9m &#8216;aqui embaixo na terra&#8217;. Portanto, n\u00e3o acreditamos em uma entidade distante, n\u00e3o, em uma entidade indiferente, n\u00e3o, mas ao contr\u00e1rio no Amor que criou o universo e gerou um povo, e se fez carne, morreu e ressuscitou por n\u00f3s, e como o Esp\u00edrito Santo tudo transforma e leva \u00e0 plenitude &#8220;.<\/p>\n<p>&#8220;S\u00e3o Paulo, que primeiro experimentou essa transforma\u00e7\u00e3o realizada por Deus-Amor, nos comunica seu desejo de ser chamado Pai, ou melhor, &#8216;papai&#8217;, Deus \u00e9 papai &#8211; disse o Papa -, com a total confian\u00e7a de uma crian\u00e7a que se abandona nos bra\u00e7os de quem lhe deu a vida. O Esp\u00edrito Santo &#8211; recorda o Ap\u00f3stolo &#8211; agindo em n\u00f3s faz com que Jesus Cristo n\u00e3o seja reduzido a um personagem do passado, mas que nos o sintamos pr\u00f3ximo, nosso contempor\u00e2neo, e experimentemos a alegria de sermos filhos amados por Deus&#8221;.<\/p>\n<p><strong>Ele sempre escolheu caminhar com a humanidade<\/strong><\/p>\n<p>&#8220;Deus caminhando conosco nos enche de alegria e a alegria \u00e9 um pouco a primeira linguagem do crist\u00e3o&#8221;, disse o Pont\u00edfice. Ent\u00e3o, a festa da Sant\u00edssima Trindade &#8220;nos faz contemplar o mist\u00e9rio de um Deus que incessantemente cria, redime e santifica, sempre com amor e por amor, e a cada criatura que o acolhe faz refletir um raio de sua beleza, bondade e verdade. Ele sempre escolheu caminhar com a humanidade e formar um povo que \u00e9 b\u00ean\u00e7\u00e3o para todas as na\u00e7\u00f5es e para todas as pessoas, nenhuma exclu\u00edda&#8221;.<\/p>\n<p>O Papa concluiu suas palavras pedindo a Nossa Senhora que \u201cnos ajude a cumprir com alegria a miss\u00e3o de testemunhar ao mundo, sedento de amor, que o sentido da vida \u00e9 precisamente o amor infinito, o amor concreto do Pai, do Filho e do Esp\u00edrito Santo\u201d.<\/p>\n<hr \/>\n<p><em>Fonte: Vatican News<\/em><\/p>\n","protected":false},"excerpt":{"rendered":"<p>Angelus<\/p>\n","protected":false},"author":1,"featured_media":205921,"comment_status":"open","ping_status":"open","sticky":false,"template":"","format":"standard","meta":[],"categories":[1428],"tags":[403],"acf":[],"yoast_head":"<!-- This site is optimized with the Yoast SEO plugin v19.2 - https:\/\/yoast.com\/wordpress\/plugins\/seo\/ -->\n<title>&quot;Deus \u00e9 Pai; ou melhor, Deus \u00e9 papai&quot;, diz o Papa - Not\u00edcias - Franciscanos<\/title>\n<meta name=\"robots\" content=\"index, follow, max-snippet:-1, max-image-preview:large, max-video-preview:-1\" \/>\n<link rel=\"canonical\" href=\"https:\/\/franciscanos.org.br\/noticias\/deus-e-pai-ou-melhor-deus-e-papai-diz-o-papa.html\" \/>\n<meta property=\"og:locale\" content=\"pt_BR\" \/>\n<meta property=\"og:type\" content=\"article\" \/>\n<meta property=\"og:title\" content=\"&quot;Deus \u00e9 Pai; ou melhor, Deus \u00e9 papai&quot;, diz o Papa - Not\u00edcias - Franciscanos\" \/>\n<meta property=\"og:description\" content=\"Angelus\" \/>\n<meta property=\"og:url\" content=\"https:\/\/franciscanos.org.br\/noticias\/deus-e-pai-ou-melhor-deus-e-papai-diz-o-papa.html\" \/>\n<meta property=\"og:site_name\" content=\"Not\u00edcias - Franciscanos\" \/>\n<meta property=\"article:published_time\" content=\"2018-05-27T16:39:20+00:00\" \/>\n<meta property=\"article:modified_time\" content=\"2020-06-07T18:08:32+00:00\" \/>\n<meta property=\"og:image\" content=\"https:\/\/franciscanos.org.br\/noticias\/wp-content\/uploads\/2018\/05\/angelus_270518.jpg\" \/>\n\t<meta property=\"og:image:width\" content=\"273\" \/>\n\t<meta property=\"og:image:height\" content=\"181\" \/>\n\t<meta property=\"og:image:type\" content=\"image\/jpeg\" \/>\n<meta name=\"author\" content=\"admin\" \/>\n<meta name=\"twitter:card\" content=\"summary_large_image\" \/>\n<meta name=\"twitter:label1\" content=\"Escrito por\" \/>\n\t<meta name=\"twitter:data1\" content=\"admin\" \/>\n\t<meta name=\"twitter:label2\" content=\"Est. tempo de leitura\" \/>\n\t<meta name=\"twitter:data2\" content=\"2 minutos\" \/>\n<script type=\"application\/ld+json\" class=\"yoast-schema-graph\">{\"@context\":\"https:\/\/schema.org\",\"@graph\":[{\"@type\":\"WebSite\",\"@id\":\"https:\/\/franciscanos.org.br\/noticias\/#website\",\"url\":\"https:\/\/franciscanos.org.br\/noticias\/\",\"name\":\"Not\u00edcias - Franciscanos\",\"description\":\"Prov\u00edncia Franciscana da Imaculada Concei\u00e7\u00e3o do Brasil - Ordem dos Frades Menores - OFM\",\"potentialAction\":[{\"@type\":\"SearchAction\",\"target\":{\"@type\":\"EntryPoint\",\"urlTemplate\":\"https:\/\/franciscanos.org.br\/noticias\/?s={search_term_string}\"},\"query-input\":\"required name=search_term_string\"}],\"inLanguage\":\"pt-BR\"},{\"@type\":\"ImageObject\",\"inLanguage\":\"pt-BR\",\"@id\":\"https:\/\/franciscanos.org.br\/noticias\/deus-e-pai-ou-melhor-deus-e-papai-diz-o-papa.html#primaryimage\",\"url\":\"https:\/\/franciscanos.org.br\/noticias\/wp-content\/uploads\/2018\/05\/angelus_270518.jpg\",\"contentUrl\":\"https:\/\/franciscanos.org.br\/noticias\/wp-content\/uploads\/2018\/05\/angelus_270518.jpg\",\"width\":273,\"height\":181},{\"@type\":\"WebPage\",\"@id\":\"https:\/\/franciscanos.org.br\/noticias\/deus-e-pai-ou-melhor-deus-e-papai-diz-o-papa.html#webpage\",\"url\":\"https:\/\/franciscanos.org.br\/noticias\/deus-e-pai-ou-melhor-deus-e-papai-diz-o-papa.html\",\"name\":\"\\\"Deus \u00e9 Pai; ou melhor, Deus \u00e9 papai\\\", diz o Papa - Not\u00edcias - Franciscanos\",\"isPartOf\":{\"@id\":\"https:\/\/franciscanos.org.br\/noticias\/#website\"},\"primaryImageOfPage\":{\"@id\":\"https:\/\/franciscanos.org.br\/noticias\/deus-e-pai-ou-melhor-deus-e-papai-diz-o-papa.html#primaryimage\"},\"datePublished\":\"2018-05-27T16:39:20+00:00\",\"dateModified\":\"2020-06-07T18:08:32+00:00\",\"author\":{\"@id\":\"https:\/\/franciscanos.org.br\/noticias\/#\/schema\/person\/b38fbf43118f02820bd932f2e4b14ad3\"},\"breadcrumb\":{\"@id\":\"https:\/\/franciscanos.org.br\/noticias\/deus-e-pai-ou-melhor-deus-e-papai-diz-o-papa.html#breadcrumb\"},\"inLanguage\":\"pt-BR\",\"potentialAction\":[{\"@type\":\"ReadAction\",\"target\":[\"https:\/\/franciscanos.org.br\/noticias\/deus-e-pai-ou-melhor-deus-e-papai-diz-o-papa.html\"]}]},{\"@type\":\"BreadcrumbList\",\"@id\":\"https:\/\/franciscanos.org.br\/noticias\/deus-e-pai-ou-melhor-deus-e-papai-diz-o-papa.html#breadcrumb\",\"itemListElement\":[{\"@type\":\"ListItem\",\"position\":1,\"name\":\"Home\",\"item\":\"https:\/\/franciscanos.org.br\/noticias\"},{\"@type\":\"ListItem\",\"position\":2,\"name\":\"&#8220;Deus \u00e9 Pai; ou melhor, Deus \u00e9 papai&#8221;, diz o Papa\"}]},{\"@type\":\"Person\",\"@id\":\"https:\/\/franciscanos.org.br\/noticias\/#\/schema\/person\/b38fbf43118f02820bd932f2e4b14ad3\",\"name\":\"admin\",\"image\":{\"@type\":\"ImageObject\",\"inLanguage\":\"pt-BR\",\"@id\":\"https:\/\/franciscanos.org.br\/noticias\/#\/schema\/person\/image\/\",\"url\":\"https:\/\/secure.gravatar.com\/avatar\/e8495742d34d0ba6448ea1c628263b3e?s=96&d=mm&r=g\",\"contentUrl\":\"https:\/\/secure.gravatar.com\/avatar\/e8495742d34d0ba6448ea1c628263b3e?s=96&d=mm&r=g\",\"caption\":\"admin\"},\"url\":\"https:\/\/franciscanos.org.br\/noticias\/author\/admin\"}]}<\/script>\n<!-- \/ Yoast SEO plugin. -->","yoast_head_json":{"title":"\"Deus \u00e9 Pai; ou melhor, Deus \u00e9 papai\", diz o Papa - Not\u00edcias - Franciscanos","robots":{"index":"index","follow":"follow","max-snippet":"max-snippet:-1","max-image-preview":"max-image-preview:large","max-video-preview":"max-video-preview:-1"},"canonical":"https:\/\/franciscanos.org.br\/noticias\/deus-e-pai-ou-melhor-deus-e-papai-diz-o-papa.html","og_locale":"pt_BR","og_type":"article","og_title":"\"Deus \u00e9 Pai; ou melhor, Deus \u00e9 papai\", diz o Papa - Not\u00edcias - Franciscanos","og_description":"Angelus","og_url":"https:\/\/franciscanos.org.br\/noticias\/deus-e-pai-ou-melhor-deus-e-papai-diz-o-papa.html","og_site_name":"Not\u00edcias - Franciscanos","article_published_time":"2018-05-27T16:39:20+00:00","article_modified_time":"2020-06-07T18:08:32+00:00","og_image":[{"width":273,"height":181,"url":"https:\/\/franciscanos.org.br\/noticias\/wp-content\/uploads\/2018\/05\/angelus_270518.jpg","type":"image\/jpeg"}],"author":"admin","twitter_card":"summary_large_image","twitter_misc":{"Escrito por":"admin","Est. tempo de leitura":"2 minutos"},"schema":{"@context":"https:\/\/schema.org","@graph":[{"@type":"WebSite","@id":"https:\/\/franciscanos.org.br\/noticias\/#website","url":"https:\/\/franciscanos.org.br\/noticias\/","name":"Not\u00edcias - Franciscanos","description":"Prov\u00edncia Franciscana da Imaculada Concei\u00e7\u00e3o do Brasil - Ordem dos Frades Menores - OFM","potentialAction":[{"@type":"SearchAction","target":{"@type":"EntryPoint","urlTemplate":"https:\/\/franciscanos.org.br\/noticias\/?s={search_term_string}"},"query-input":"required name=search_term_string"}],"inLanguage":"pt-BR"},{"@type":"ImageObject","inLanguage":"pt-BR","@id":"https:\/\/franciscanos.org.br\/noticias\/deus-e-pai-ou-melhor-deus-e-papai-diz-o-papa.html#primaryimage","url":"https:\/\/franciscanos.org.br\/noticias\/wp-content\/uploads\/2018\/05\/angelus_270518.jpg","contentUrl":"https:\/\/franciscanos.org.br\/noticias\/wp-content\/uploads\/2018\/05\/angelus_270518.jpg","width":273,"height":181},{"@type":"WebPage","@id":"https:\/\/franciscanos.org.br\/noticias\/deus-e-pai-ou-melhor-deus-e-papai-diz-o-papa.html#webpage","url":"https:\/\/franciscanos.org.br\/noticias\/deus-e-pai-ou-melhor-deus-e-papai-diz-o-papa.html","name":"\"Deus \u00e9 Pai; ou melhor, Deus \u00e9 papai\", diz o Papa - Not\u00edcias - Franciscanos","isPartOf":{"@id":"https:\/\/franciscanos.org.br\/noticias\/#website"},"primaryImageOfPage":{"@id":"https:\/\/franciscanos.org.br\/noticias\/deus-e-pai-ou-melhor-deus-e-papai-diz-o-papa.html#primaryimage"},"datePublished":"2018-05-27T16:39:20+00:00","dateModified":"2020-06-07T18:08:32+00:00","author":{"@id":"https:\/\/franciscanos.org.br\/noticias\/#\/schema\/person\/b38fbf43118f02820bd932f2e4b14ad3"},"breadcrumb":{"@id":"https:\/\/franciscanos.org.br\/noticias\/deus-e-pai-ou-melhor-deus-e-papai-diz-o-papa.html#breadcrumb"},"inLanguage":"pt-BR","potentialAction":[{"@type":"ReadAction","target":["https:\/\/franciscanos.org.br\/noticias\/deus-e-pai-ou-melhor-deus-e-papai-diz-o-papa.html"]}]},{"@type":"BreadcrumbList","@id":"https:\/\/franciscanos.org.br\/noticias\/deus-e-pai-ou-melhor-deus-e-papai-diz-o-papa.html#breadcrumb","itemListElement":[{"@type":"ListItem","position":1,"name":"Home","item":"https:\/\/franciscanos.org.br\/noticias"},{"@type":"ListItem","position":2,"name":"&#8220;Deus \u00e9 Pai; ou melhor, Deus \u00e9 papai&#8221;, diz o Papa"}]},{"@type":"Person","@id":"https:\/\/franciscanos.org.br\/noticias\/#\/schema\/person\/b38fbf43118f02820bd932f2e4b14ad3","name":"admin","image":{"@type":"ImageObject","inLanguage":"pt-BR","@id":"https:\/\/franciscanos.org.br\/noticias\/#\/schema\/person\/image\/","url":"https:\/\/secure.gravatar.com\/avatar\/e8495742d34d0ba6448ea1c628263b3e?s=96&d=mm&r=g","contentUrl":"https:\/\/secure.gravatar.com\/avatar\/e8495742d34d0ba6448ea1c628263b3e?s=96&d=mm&r=g","caption":"admin"},"url":"https:\/\/franciscanos.org.br\/noticias\/author\/admin"}]}},"_links":{"self":[{"href":"https:\/\/franciscanos.org.br\/noticias\/wp-json\/wp\/v2\/posts\/160276"}],"collection":[{"href":"https:\/\/franciscanos.org.br\/noticias\/wp-json\/wp\/v2\/posts"}],"about":[{"href":"https:\/\/franciscanos.org.br\/noticias\/wp-json\/wp\/v2\/types\/post"}],"author":[{"embeddable":true,"href":"https:\/\/franciscanos.org.br\/noticias\/wp-json\/wp\/v2\/users\/1"}],"replies":[{"embeddable":true,"href":"https:\/\/franciscanos.org.br\/noticias\/wp-json\/wp\/v2\/comments?post=160276"}],"version-history":[{"count":2,"href":"https:\/\/franciscanos.org.br\/noticias\/wp-json\/wp\/v2\/posts\/160276\/revisions"}],"predecessor-version":[{"id":224966,"href":"https:\/\/franciscanos.org.br\/noticias\/wp-json\/wp\/v2\/posts\/160276\/revisions\/224966"}],"wp:featuredmedia":[{"embeddable":true,"href":"https:\/\/franciscanos.org.br\/noticias\/wp-json\/wp\/v2\/media\/205921"}],"wp:attachment":[{"href":"https:\/\/franciscanos.org.br\/noticias\/wp-json\/wp\/v2\/media?parent=160276"}],"wp:term":[{"taxonomy":"category","embeddable":true,"href":"https:\/\/franciscanos.org.br\/noticias\/wp-json\/wp\/v2\/categories?post=160276"},{"taxonomy":"post_tag","embeddable":true,"href":"https:\/\/franciscanos.org.br\/noticias\/wp-json\/wp\/v2\/tags?post=160276"}],"curies":[{"name":"wp","href":"https:\/\/api.w.org\/{rel}","templated":true}]}}