{"id":160259,"date":"2018-05-25T16:40:58","date_gmt":"2018-05-25T19:40:58","guid":{"rendered":"http:\/\/franciscanos.org.br\/?p=160259"},"modified":"2019-03-29T12:26:09","modified_gmt":"2019-03-29T15:26:09","slug":"frente-das-paroquias-e-santuarios-se-reune-em-rondinha","status":"publish","type":"post","link":"https:\/\/franciscanos.org.br\/noticias\/frente-das-paroquias-e-santuarios-se-reune-em-rondinha.html","title":{"rendered":"Frente das Par\u00f3quias e Santu\u00e1rios se re\u00fane em Rondinha"},"content":{"rendered":"<p><img loading=\"lazy\" src=\"http:\/\/franciscanos.org.br\/wp-content\/uploads\/2018\/05\/frente_260518.jpg\" alt=\"frente_260518\" width=\"830\" height=\"500\" \/><\/p>\n<p><strong>Frei Clauzemir Makximovitz<\/strong><\/p>\n<p>Os frades que atuam na maior Frente de Evangeliza\u00e7\u00e3o da Prov\u00edncia da Imaculada Concei\u00e7\u00e3o, a das Par\u00f3quias, Santu\u00e1rios e Centros de Acolhimento, reuniram-se na Fraternidade S\u00e3o Boaventura, em Rondinha (PR), no come\u00e7o da tarde de quarta-feira (23\/5) at\u00e9 ontem (24\/5), para uma partilha dos trabalhos neste in\u00edcio de ano. Motivados por Frei Germano Guesser, animador desta Frente de Evangeliza\u00e7\u00e3o, e por Frei C\u00e9sar K\u00fclkamp, secret\u00e1rio de Evangeliza\u00e7\u00e3o e Vig\u00e1rio Provincial, a troca de experi\u00eancias teve como objetivos as prioridades assumidas no tri\u00eanio, al\u00e9m dos crit\u00e9rios de uma Igreja em sa\u00edda, a participa\u00e7\u00e3o ativa dos leigos em nossos trabalhos e o testemunho franciscano. Um n\u00famero expressivo de 38 frades participou deste encontro.<\/p>\n<p>A partilha foi bastante rica. Muitas s\u00e3o as iniciativas a partir dos lugares de nossas presen\u00e7as em resposta \u00e0s indaga\u00e7\u00f5es do nosso tempo, com carinho e acolhida \u00e0 diversidade cada vez maior do povo de Deus. Como Igreja e enquanto franciscanos, esteve tamb\u00e9m presente a preocupa\u00e7\u00e3o em procurar resposta \u00e0 forma\u00e7\u00e3o de consci\u00eancia atual, por vezes m\u00edope e at\u00e9 com toques de fundamentalismo, veiculada pelas m\u00eddias e pelos meios de comunica\u00e7\u00e3o de massa. As realidades em sa\u00edda se mostraram bem concretas, com a\u00e7\u00f5es visando acolher e ajudar os menos favorecidos, com enfoque especial aos trabalhos de acolhida de v\u00e1rias minorias, entre elas moradores de rua e imigrantes \u2013 cada vez mais uma realidade, mesmo nas cidades pequenas. De um modo geral, nessas atividades, tornamo-nos refer\u00eancia da Igreja dos pobres. Nossos trabalhos t\u00eam bastante enfoque no acolhimento e na escuta. O trabalho com as juventudes \u00e9 sempre uma preocupa\u00e7\u00e3o. Nesse campo enfrentamos desafios, mas os avan\u00e7os s\u00e3o sinais concretos de esperan\u00e7a. H\u00e1 uma clareza de que \u00e9 necess\u00e1rio criar consci\u00eancia entre os leigos para que eles assumam um papel de lideran\u00e7a, principalmente nas par\u00f3quias, onde os Conselhos e Assembleias devem ser valorizados como autoridade colegiada. Al\u00e9m disso, foram partilhados tamb\u00e9m v\u00e1rios desafios enfrentados de car\u00e1ter pr\u00e1tico, administrativo e organizacional. Ao final, foram discutidos os pontos mais comuns de nossas presen\u00e7as, especialmente a acolhida, tamb\u00e9m nos sacramentos de forma misericordiosa, que tem sido nosso diferencial na miss\u00e3o evangelizadora.<\/p>\n<p>Ressaltou-se algumas iniciativas e preocupa\u00e7\u00f5es, como as atividades com as juventudes, a possibilidade de se ter leigos liberados para o servi\u00e7o pastoral, estabelecer um m\u00eas mission\u00e1rio nas par\u00f3quias, a import\u00e2ncia de se trabalhar com um fundo comum entre as comunidades, assumir o catecumenato como modelo de forma\u00e7\u00e3o para os sacramentos da inicia\u00e7\u00e3o crist\u00e3 etc., e a possibilidade de se dedicar a um espa\u00e7o, mesmo nas &#8220;Comunica\u00e7\u00f5es&#8221; da Prov\u00edncia, para essa troca de experi\u00eancias e de ideias de atividades.<\/p>\n<p>Num segundo momento, continuando numa metodologia \u201cVer-Julgar-Agir\u201d para o encontro, seguiu-se \u00e0 leitura de alguns pontos extra\u00eddos da Exorta\u00e7\u00e3o Apost\u00f3lica <em>Evangelli Gaudium<\/em> do Papa Francisco. A reflex\u00e3o reconheceu as provoca\u00e7\u00f5es bem diretas do texto \u00e0 nossa caminhada e ao nosso modo de proceder. Lembrou-se que o Papa, no documento completo, apresenta, ap\u00f3s cada an\u00e1lise cr\u00edtica, um par\u00e1grafo mais propositivo, com a\u00e7\u00f5es concretas a partir do Evangelho. Causa admira\u00e7\u00e3o tamb\u00e9m a linguagem clara e direta que Francisco usa num documento oficial, que nos toca de forma direta. Por vezes, a preocupa\u00e7\u00e3o com exig\u00eancias legalistas de pastoral n\u00e3o atinge as \u00a0realidades mais empobrecidas. \u201cQuem pode participar de onze ou doze encontros de forma\u00e7\u00e3o de noivos se eles t\u00eam que trabalhar?\u201d.<\/p>\n<p><img loading=\"lazy\" src=\"http:\/\/franciscanos.org.br\/wp-content\/uploads\/2018\/05\/frente_250518.jpg\" alt=\"frente_250518\" width=\"830\" height=\"361\" \/><\/p>\n<p>Lembrou-se que, muitas vezes, nos voltamos a uma elite preconceituosa, que v\u00ea no discurso pelos pobres uma amea\u00e7a. Falar de pobre hoje \u00e9 ser tachado de comunista! At\u00e9 o Papa \u00e9 acusado de comunismo! E os pobres s\u00e3o o nosso maior patrim\u00f4nio. O desafio nosso \u00e9, enquanto frades, superar as burocracias e tudo aquilo que cria barreiras ao inv\u00e9s de agregar. Ao mesmo tempo em que as exig\u00eancias pastorais e can\u00f4nicas continuam as mesmas, somos chamados ao discernimento do que o Senhor verdadeiramente nos pede.<\/p>\n<p>Frei C\u00e9sar fez um repasse do encontro do \u201cConselho Internacional de Miss\u00f5es e Evangeliza\u00e7\u00e3o\u201d da Ordem, do qual ele participou como delegado de evangeliza\u00e7\u00e3o pela Confer\u00eancia Brasileira. Foi uma grande troca de experi\u00eancias, segundo Frei C\u00e9sar, pois as realidades bem diversas da Terra Santa, no tocante \u00e0 acolhida e mesmo nos esfor\u00e7os de comunica\u00e7\u00e3o, t\u00eam muito a iluminar nossas realidades e caminhada local. Nesse Conselho ocorreu ainda uma reflex\u00e3o central sobre a identidade original da Ordem Franciscana\u00a0 e sua m\u00edstica laical diante do processo hist\u00f3rico de clericaliza\u00e7\u00e3o dos religiosos, como ocorreu, mais tarde, na tarefa mission\u00e1ria\u00a0 de implanta\u00e7\u00e3o da Igreja em campos onde ela n\u00e3o chegava. \u00a0Esse apelo da Igreja e v\u00e1rios outros fatores (Conc\u00edlio de Trento e a Contra-Reforma, Conc\u00edlio Vaticano I e a import\u00e2ncia dada ao sacerd\u00f3cio ministerial, etc.), colaboraram para a clericaliza\u00e7\u00e3o tamb\u00e9m da nossa Ordem. E, contra isso, desde o Conc\u00edlio Vaticano II, h\u00e1 um apelo pelo retorno \u00e0 origem de nosso carisma. Al\u00e9m disso, a Igreja, na voz prof\u00e9tica do Papa Francisco, pede a superara\u00e7\u00e3o do \u201ccomportamento clerical\u201d, tanto por parte do clero em geral como at\u00e9\u00a0 dos leigos. Como rever nossa postura nessas realidades sem necessariamente abrir m\u00e3o das atividades que temos, pois a par\u00f3quia n\u00e3o \u00e9 uma estrutura caduca em si. Trata-se de fazer do nosso lugar uma nova forma de vida e evangeliza\u00e7\u00e3o. S\u00e3o Francisco n\u00e3o assumiu um trabalho ou uma a\u00e7\u00e3o espec\u00edfica, mas sim uma forma de vida. Tal forma funda-se na integra\u00e7\u00e3o entre contempla\u00e7\u00e3o e a\u00e7\u00e3o. Da\u00ed, um modo pr\u00f3prio de evangelizar \u00e9 o testemunho e a voca\u00e7\u00e3o do franciscano. Devemos apresentar nossos valores, entre eles a Fraternidade, como uma proposta para o nosso tempo, em rea\u00e7\u00e3o ao individualismo, personalismo e a uma poss\u00edvel \u201cclericaliza\u00e7\u00e3o at\u00e9 de nossa vida\u201d. Foram abordados temas neste Conselho de diversas atividades e possibilidades de a\u00e7\u00e3o, que foram partilhadas e postas \u00e0 reflex\u00e3o, sempre a partir da preocupa\u00e7\u00e3o em retomar nosso modo pr\u00f3prio de ser franciscano.<\/p>\n<p>O terceiro momento dedicou um tempo para a reelabora\u00e7\u00e3o do Plano de A\u00e7\u00e3o da Frente das Par\u00f3quias, Santu\u00e1rios e Centros de Acolhimento, que se constitui a partir de cinco pontos ou objetivos:<\/p>\n<p><strong>1) Garantir que a Evangeliza\u00e7\u00e3o nesta Frente expresse a eclesialidade (comunh\u00e3o com a Igreja) e o carisma franciscano;<\/strong><\/p>\n<p style=\"padding-left: 30px;\"><strong>&gt;&gt;<\/strong> Um pedido, j\u00e1 presente em nosso Plano de Evangeliza\u00e7\u00e3o, \u00e9 o de valorizar, na posse can\u00f4nica das par\u00f3quias, a fraternidade toda, n\u00e3o apenas o p\u00e1roco, mas todos os frades e tamb\u00e9m os leigos enquanto lideran\u00e7as que assumem a par\u00f3quia juntos.<\/p>\n<p style=\"padding-left: 30px;\"><strong>&gt;&gt;<\/strong> Estar em comunh\u00e3o com a Igreja universal e local e, ao mesmo tempo, valorizar o nosso pr\u00f3prio, como celebra\u00e7\u00f5es franciscanas, Fraternidades com frades leigos, formandos e idosos.<br \/>\nNa op\u00e7\u00e3o como \u201cIgreja em sa\u00edda\u201d e com nossa itiner\u00e2ncia e missionariedade, estar desapegados dos lugares em que estamos.<\/p>\n<p style=\"padding-left: 30px;\"><strong>&gt;&gt;<\/strong> Conversar com os bispos sobre nossa forma de vida e de miss\u00e3o e estabelecer \u201cconv\u00eanios\u201d com as Dioceses para garantir este pr\u00f3prio e tamb\u00e9m nos aspectos de patrim\u00f4nio e economia.<\/p>\n<p><strong>2) Garantir que a Evangeliza\u00e7\u00e3o nesta frente seja express\u00e3o da comunh\u00e3o fraterna<\/strong>;<\/p>\n<p style=\"padding-left: 30px;\"><strong>&gt;&gt;<\/strong> Valorizar o Projeto Fraterno a fim de contemplar a miss\u00e3o evangelizadora de toda a Fraternidade. Estender esse n\u00edvel de comunh\u00e3o aos leigos, \u00e0 OFS e Jufra em especial.<\/p>\n<p style=\"padding-left: 30px;\"><strong>&gt;&gt;<\/strong> A miss\u00e3o evangelizadora \u00e9 um \u201cenvio\u201d de toda a Fraternidade no apostolado paroquial ou de santu\u00e1rio. Que este espa\u00e7o n\u00e3o se torne palco de projetos particulares e personalistas, mas do projeto comum da fraternidade.<\/p>\n<p><strong>3) Garantir que a evangeliza\u00e7\u00e3o nesta Frente promova o protagonismo dos leigos (evangeliza\u00e7\u00e3o compartilhada);<\/strong><\/p>\n<p style=\"padding-left: 30px;\"><strong>&gt;&gt;<\/strong> Os encontros que temos com os leigos devem ser valorizados como espa\u00e7o privilegiado de forma\u00e7\u00e3o pastoral e sobre a nossa forma de vida e seus valores, a estarem presentes tamb\u00e9m nos meios e modalidades evangelizadoras.<\/p>\n<p style=\"padding-left: 30px;\"><strong>&gt;&gt;<\/strong> Assumir a colabora\u00e7\u00e3o dos leigos em seu protagonismo para, entre outras quest\u00f5es, garantir a continuidade dos projetos pastorais e da caminhada de Igreja naquela presen\u00e7a. Para tanto, novamente, investir na forma\u00e7\u00e3o deles e nossa.<\/p>\n<p><strong>4) Garantir que a Evangeliza\u00e7\u00e3o nesta frente se constitua em rede;<\/strong><\/p>\n<p style=\"padding-left: 30px;\"><strong>&gt;&gt;<\/strong> Partilhar materiais e subs\u00eddios j\u00e1 produzidos pelas fraternidades.<\/p>\n<p style=\"padding-left: 30px;\"><strong>&gt;&gt;<\/strong> Comunicar pelos meios que temos &#8211; site, m\u00eddias sociais &#8211; os eventos e atividades que desenvolvemos.<\/p>\n<p style=\"padding-left: 30px;\"><strong>&gt;&gt;<\/strong> Criar algo como uma &#8216;intranet&#8217; para partilha de materiais pr\u00f3prios dos frades (n\u00e3o acess\u00edvel ao p\u00fablico em geral), para conte\u00fados mais voltados aos nossos assuntos de discuss\u00e3o tamb\u00e9m. Valorizar os Regionais como espa\u00e7o de m\u00fatua ajuda e troca de experi\u00eancias.<\/p>\n<p><strong>5) Garantir que esta Frente avalie e redimensione suas presen\u00e7as em vista de qualific\u00e1-las (onde fortalecer nossa presen\u00e7a?);<\/strong><\/p>\n<p style=\"padding-left: 30px;\"><strong>&gt;&gt;<\/strong> Possibilitar uma equipe itinerante a servi\u00e7o das Dioceses para prestar servi\u00e7os por um tempo determinado e n\u00e3o ficar fixados numa par\u00f3quia determinada.<\/p>\n<p style=\"padding-left: 30px;\"><strong>&gt;&gt;<\/strong> Na dimens\u00e3o da acolhida, qualificar frades e colaboradores em geral.<\/p>\n<p style=\"padding-left: 30px;\"><strong>&gt;&gt;<\/strong> Levar a cabo as entregas j\u00e1 discutidas e encaminhadas, mesmo que haja resist\u00eancias. Todos os lugares s\u00e3o bons, mas n\u00e3o temos condi\u00e7\u00f5es de cuidar de todos os lugares.<\/p>\n<p>Na parte final, o encontro fez indica\u00e7\u00f5es para a Comiss\u00e3o Preparat\u00f3ria do Cap\u00edtulo, especialmente sobre o redimensionamento. Um enfoque foi quanto \u00e0 nossa postura pessoal enquanto frades: muitas vezes, os projetos pessoais ofuscam a miss\u00e3o da fraternidade. Isso deve ser enfrentado.<\/p>\n<p>O Regional do Vale do Para\u00edba prop\u00f4s que a Prov\u00edncia assuma o santu\u00e1rio de Frei Galv\u00e3o, em Guaratinguet\u00e1, hoje aos cuidados da Arquidiocese de Aparecida. Foi feito um resumo hist\u00f3rico da situa\u00e7\u00e3o e um relat\u00f3rio maior ser\u00e1 enviado para cada frade desta Frente, a fim de se encaminhar a discuss\u00e3o para o Cap\u00edtulo Provincial. Ao mesmo tempo em que temos dificuldades quanto ao n\u00famero de frades, este apelo, por se tratar de um santo franciscano e de nossa Prov\u00edncia, e por estar num centro de peregrina\u00e7\u00e3o, etc., deve ser considerado.<\/p>\n<p>Outro ponto de discuss\u00e3o foi o da Anima\u00e7\u00e3o Vocacional, uma de nossas prioridades e, portanto, a ser mais contemplada na a\u00e7\u00e3o desta Frente. Esta prioridade pode contribuir em grande parte para um colorido mais franciscano em nossa evangeliza\u00e7\u00e3o nas par\u00f3quias e santu\u00e1rios. N\u00e3o se trata apenas de um proselitismo vocacional, mas n\u00e3o podemos nos furtar a convidar os jovens para assumirem nossa forma de vida. Este convite, hoje, deve ser mais personalizado. Passamos por um momento de grande diminui\u00e7\u00e3o no n\u00famero de nossos formandos e se constata, ainda, que nossos candidatos n\u00e3o prov\u00e9m dos lugares onde estamos presentes.<\/p>\n<p>Quanto \u00e0 assembleia da Frente, ampliada com a presen\u00e7a dos leigos, decidiu-se realiz\u00e1-la em dois centros: em Rondinha e S\u00e3o Paulo (S\u00e3o Francisco), acontecendo na mesma data, 27 e 28 de agosto, com in\u00edcio ao meio-dia do dia 27 at\u00e9 o fim da tarde de 28. O estudo proposto foi o do Documento da Ordem \u201cChamados a Evangelizar nas Par\u00f3quias\u201d. Frei Alex Ciarnoscki e Frei Jos\u00e9 Idair Ferreira, em Rondinha; e Frei Ant\u00f4nio Michels e Frei Jo\u00e3o Reinert, em S\u00e3o Paulo, ser\u00e3o os animadores deste estudo.<\/p>\n<p>Ao final, fez-se uma avalia\u00e7\u00e3o que elogiou a metodologia deste encontro, o espa\u00e7o para as partilhas dos lugares, a positividade dos relatos, com experi\u00eancias significativas, a acolhida fraterna dos confrades de Rondinha e a busca sincera e empenhada por responder cada vez mais de acordo com a voca\u00e7\u00e3o franciscana em nossa miss\u00e3o evangelizadora.<\/p>\n","protected":false},"excerpt":{"rendered":"<p>Frentes de Evangeliza\u00e7\u00e3o da Prov\u00edncia<\/p>\n","protected":false},"author":1,"featured_media":201914,"comment_status":"open","ping_status":"open","sticky":false,"template":"","format":"standard","meta":[],"categories":[1],"tags":[1145],"acf":[],"yoast_head":"<!-- This site is optimized with the Yoast SEO plugin v19.2 - https:\/\/yoast.com\/wordpress\/plugins\/seo\/ -->\n<title>Frente das Par\u00f3quias e Santu\u00e1rios se re\u00fane em Rondinha - Not\u00edcias - Franciscanos<\/title>\n<meta name=\"robots\" content=\"index, follow, max-snippet:-1, max-image-preview:large, max-video-preview:-1\" \/>\n<link rel=\"canonical\" href=\"https:\/\/franciscanos.org.br\/noticias\/frente-das-paroquias-e-santuarios-se-reune-em-rondinha.html\" \/>\n<meta property=\"og:locale\" content=\"pt_BR\" \/>\n<meta property=\"og:type\" content=\"article\" \/>\n<meta property=\"og:title\" content=\"Frente das Par\u00f3quias e Santu\u00e1rios se re\u00fane em Rondinha - Not\u00edcias - Franciscanos\" \/>\n<meta property=\"og:description\" content=\"Frentes de Evangeliza\u00e7\u00e3o da Prov\u00edncia\" \/>\n<meta property=\"og:url\" content=\"https:\/\/franciscanos.org.br\/noticias\/frente-das-paroquias-e-santuarios-se-reune-em-rondinha.html\" \/>\n<meta property=\"og:site_name\" content=\"Not\u00edcias - Franciscanos\" \/>\n<meta property=\"article:published_time\" content=\"2018-05-25T19:40:58+00:00\" \/>\n<meta property=\"article:modified_time\" content=\"2019-03-29T15:26:09+00:00\" \/>\n<meta property=\"og:image\" content=\"https:\/\/franciscanos.org.br\/noticias\/wp-content\/uploads\/2018\/05\/frente_260518.jpg\" \/>\n\t<meta property=\"og:image:width\" content=\"273\" \/>\n\t<meta property=\"og:image:height\" content=\"181\" \/>\n\t<meta property=\"og:image:type\" content=\"image\/jpeg\" \/>\n<meta name=\"author\" content=\"admin\" \/>\n<meta name=\"twitter:card\" content=\"summary_large_image\" \/>\n<meta name=\"twitter:label1\" content=\"Escrito por\" \/>\n\t<meta name=\"twitter:data1\" content=\"admin\" \/>\n\t<meta name=\"twitter:label2\" content=\"Est. tempo de leitura\" \/>\n\t<meta name=\"twitter:data2\" content=\"10 minutos\" \/>\n<script type=\"application\/ld+json\" class=\"yoast-schema-graph\">{\"@context\":\"https:\/\/schema.org\",\"@graph\":[{\"@type\":\"WebSite\",\"@id\":\"https:\/\/franciscanos.org.br\/noticias\/#website\",\"url\":\"https:\/\/franciscanos.org.br\/noticias\/\",\"name\":\"Not\u00edcias - Franciscanos\",\"description\":\"Prov\u00edncia Franciscana da Imaculada Concei\u00e7\u00e3o do Brasil - Ordem dos Frades Menores - OFM\",\"potentialAction\":[{\"@type\":\"SearchAction\",\"target\":{\"@type\":\"EntryPoint\",\"urlTemplate\":\"https:\/\/franciscanos.org.br\/noticias\/?s={search_term_string}\"},\"query-input\":\"required name=search_term_string\"}],\"inLanguage\":\"pt-BR\"},{\"@type\":\"ImageObject\",\"inLanguage\":\"pt-BR\",\"@id\":\"https:\/\/franciscanos.org.br\/noticias\/frente-das-paroquias-e-santuarios-se-reune-em-rondinha.html#primaryimage\",\"url\":\"https:\/\/franciscanos.org.br\/noticias\/wp-content\/uploads\/2018\/05\/frente_260518.jpg\",\"contentUrl\":\"https:\/\/franciscanos.org.br\/noticias\/wp-content\/uploads\/2018\/05\/frente_260518.jpg\",\"width\":273,\"height\":181},{\"@type\":\"WebPage\",\"@id\":\"https:\/\/franciscanos.org.br\/noticias\/frente-das-paroquias-e-santuarios-se-reune-em-rondinha.html#webpage\",\"url\":\"https:\/\/franciscanos.org.br\/noticias\/frente-das-paroquias-e-santuarios-se-reune-em-rondinha.html\",\"name\":\"Frente das Par\u00f3quias e Santu\u00e1rios se re\u00fane em Rondinha - Not\u00edcias - Franciscanos\",\"isPartOf\":{\"@id\":\"https:\/\/franciscanos.org.br\/noticias\/#website\"},\"primaryImageOfPage\":{\"@id\":\"https:\/\/franciscanos.org.br\/noticias\/frente-das-paroquias-e-santuarios-se-reune-em-rondinha.html#primaryimage\"},\"datePublished\":\"2018-05-25T19:40:58+00:00\",\"dateModified\":\"2019-03-29T15:26:09+00:00\",\"author\":{\"@id\":\"https:\/\/franciscanos.org.br\/noticias\/#\/schema\/person\/b38fbf43118f02820bd932f2e4b14ad3\"},\"breadcrumb\":{\"@id\":\"https:\/\/franciscanos.org.br\/noticias\/frente-das-paroquias-e-santuarios-se-reune-em-rondinha.html#breadcrumb\"},\"inLanguage\":\"pt-BR\",\"potentialAction\":[{\"@type\":\"ReadAction\",\"target\":[\"https:\/\/franciscanos.org.br\/noticias\/frente-das-paroquias-e-santuarios-se-reune-em-rondinha.html\"]}]},{\"@type\":\"BreadcrumbList\",\"@id\":\"https:\/\/franciscanos.org.br\/noticias\/frente-das-paroquias-e-santuarios-se-reune-em-rondinha.html#breadcrumb\",\"itemListElement\":[{\"@type\":\"ListItem\",\"position\":1,\"name\":\"Home\",\"item\":\"https:\/\/franciscanos.org.br\/noticias\"},{\"@type\":\"ListItem\",\"position\":2,\"name\":\"Frente das Par\u00f3quias e Santu\u00e1rios se re\u00fane em Rondinha\"}]},{\"@type\":\"Person\",\"@id\":\"https:\/\/franciscanos.org.br\/noticias\/#\/schema\/person\/b38fbf43118f02820bd932f2e4b14ad3\",\"name\":\"admin\",\"image\":{\"@type\":\"ImageObject\",\"inLanguage\":\"pt-BR\",\"@id\":\"https:\/\/franciscanos.org.br\/noticias\/#\/schema\/person\/image\/\",\"url\":\"https:\/\/secure.gravatar.com\/avatar\/e8495742d34d0ba6448ea1c628263b3e?s=96&d=mm&r=g\",\"contentUrl\":\"https:\/\/secure.gravatar.com\/avatar\/e8495742d34d0ba6448ea1c628263b3e?s=96&d=mm&r=g\",\"caption\":\"admin\"},\"url\":\"https:\/\/franciscanos.org.br\/noticias\/author\/admin\"}]}<\/script>\n<!-- \/ Yoast SEO plugin. -->","yoast_head_json":{"title":"Frente das Par\u00f3quias e Santu\u00e1rios se re\u00fane em Rondinha - Not\u00edcias - Franciscanos","robots":{"index":"index","follow":"follow","max-snippet":"max-snippet:-1","max-image-preview":"max-image-preview:large","max-video-preview":"max-video-preview:-1"},"canonical":"https:\/\/franciscanos.org.br\/noticias\/frente-das-paroquias-e-santuarios-se-reune-em-rondinha.html","og_locale":"pt_BR","og_type":"article","og_title":"Frente das Par\u00f3quias e Santu\u00e1rios se re\u00fane em Rondinha - Not\u00edcias - Franciscanos","og_description":"Frentes de Evangeliza\u00e7\u00e3o da Prov\u00edncia","og_url":"https:\/\/franciscanos.org.br\/noticias\/frente-das-paroquias-e-santuarios-se-reune-em-rondinha.html","og_site_name":"Not\u00edcias - Franciscanos","article_published_time":"2018-05-25T19:40:58+00:00","article_modified_time":"2019-03-29T15:26:09+00:00","og_image":[{"width":273,"height":181,"url":"https:\/\/franciscanos.org.br\/noticias\/wp-content\/uploads\/2018\/05\/frente_260518.jpg","type":"image\/jpeg"}],"author":"admin","twitter_card":"summary_large_image","twitter_misc":{"Escrito por":"admin","Est. tempo de leitura":"10 minutos"},"schema":{"@context":"https:\/\/schema.org","@graph":[{"@type":"WebSite","@id":"https:\/\/franciscanos.org.br\/noticias\/#website","url":"https:\/\/franciscanos.org.br\/noticias\/","name":"Not\u00edcias - Franciscanos","description":"Prov\u00edncia Franciscana da Imaculada Concei\u00e7\u00e3o do Brasil - Ordem dos Frades Menores - OFM","potentialAction":[{"@type":"SearchAction","target":{"@type":"EntryPoint","urlTemplate":"https:\/\/franciscanos.org.br\/noticias\/?s={search_term_string}"},"query-input":"required name=search_term_string"}],"inLanguage":"pt-BR"},{"@type":"ImageObject","inLanguage":"pt-BR","@id":"https:\/\/franciscanos.org.br\/noticias\/frente-das-paroquias-e-santuarios-se-reune-em-rondinha.html#primaryimage","url":"https:\/\/franciscanos.org.br\/noticias\/wp-content\/uploads\/2018\/05\/frente_260518.jpg","contentUrl":"https:\/\/franciscanos.org.br\/noticias\/wp-content\/uploads\/2018\/05\/frente_260518.jpg","width":273,"height":181},{"@type":"WebPage","@id":"https:\/\/franciscanos.org.br\/noticias\/frente-das-paroquias-e-santuarios-se-reune-em-rondinha.html#webpage","url":"https:\/\/franciscanos.org.br\/noticias\/frente-das-paroquias-e-santuarios-se-reune-em-rondinha.html","name":"Frente das Par\u00f3quias e Santu\u00e1rios se re\u00fane em Rondinha - Not\u00edcias - Franciscanos","isPartOf":{"@id":"https:\/\/franciscanos.org.br\/noticias\/#website"},"primaryImageOfPage":{"@id":"https:\/\/franciscanos.org.br\/noticias\/frente-das-paroquias-e-santuarios-se-reune-em-rondinha.html#primaryimage"},"datePublished":"2018-05-25T19:40:58+00:00","dateModified":"2019-03-29T15:26:09+00:00","author":{"@id":"https:\/\/franciscanos.org.br\/noticias\/#\/schema\/person\/b38fbf43118f02820bd932f2e4b14ad3"},"breadcrumb":{"@id":"https:\/\/franciscanos.org.br\/noticias\/frente-das-paroquias-e-santuarios-se-reune-em-rondinha.html#breadcrumb"},"inLanguage":"pt-BR","potentialAction":[{"@type":"ReadAction","target":["https:\/\/franciscanos.org.br\/noticias\/frente-das-paroquias-e-santuarios-se-reune-em-rondinha.html"]}]},{"@type":"BreadcrumbList","@id":"https:\/\/franciscanos.org.br\/noticias\/frente-das-paroquias-e-santuarios-se-reune-em-rondinha.html#breadcrumb","itemListElement":[{"@type":"ListItem","position":1,"name":"Home","item":"https:\/\/franciscanos.org.br\/noticias"},{"@type":"ListItem","position":2,"name":"Frente das Par\u00f3quias e Santu\u00e1rios se re\u00fane em Rondinha"}]},{"@type":"Person","@id":"https:\/\/franciscanos.org.br\/noticias\/#\/schema\/person\/b38fbf43118f02820bd932f2e4b14ad3","name":"admin","image":{"@type":"ImageObject","inLanguage":"pt-BR","@id":"https:\/\/franciscanos.org.br\/noticias\/#\/schema\/person\/image\/","url":"https:\/\/secure.gravatar.com\/avatar\/e8495742d34d0ba6448ea1c628263b3e?s=96&d=mm&r=g","contentUrl":"https:\/\/secure.gravatar.com\/avatar\/e8495742d34d0ba6448ea1c628263b3e?s=96&d=mm&r=g","caption":"admin"},"url":"https:\/\/franciscanos.org.br\/noticias\/author\/admin"}]}},"_links":{"self":[{"href":"https:\/\/franciscanos.org.br\/noticias\/wp-json\/wp\/v2\/posts\/160259"}],"collection":[{"href":"https:\/\/franciscanos.org.br\/noticias\/wp-json\/wp\/v2\/posts"}],"about":[{"href":"https:\/\/franciscanos.org.br\/noticias\/wp-json\/wp\/v2\/types\/post"}],"author":[{"embeddable":true,"href":"https:\/\/franciscanos.org.br\/noticias\/wp-json\/wp\/v2\/users\/1"}],"replies":[{"embeddable":true,"href":"https:\/\/franciscanos.org.br\/noticias\/wp-json\/wp\/v2\/comments?post=160259"}],"version-history":[{"count":0,"href":"https:\/\/franciscanos.org.br\/noticias\/wp-json\/wp\/v2\/posts\/160259\/revisions"}],"wp:featuredmedia":[{"embeddable":true,"href":"https:\/\/franciscanos.org.br\/noticias\/wp-json\/wp\/v2\/media\/201914"}],"wp:attachment":[{"href":"https:\/\/franciscanos.org.br\/noticias\/wp-json\/wp\/v2\/media?parent=160259"}],"wp:term":[{"taxonomy":"category","embeddable":true,"href":"https:\/\/franciscanos.org.br\/noticias\/wp-json\/wp\/v2\/categories?post=160259"},{"taxonomy":"post_tag","embeddable":true,"href":"https:\/\/franciscanos.org.br\/noticias\/wp-json\/wp\/v2\/tags?post=160259"}],"curies":[{"name":"wp","href":"https:\/\/api.w.org\/{rel}","templated":true}]}}